{"id":1944,"date":"2014-10-30T00:00:00","date_gmt":"2014-10-29T23:00:00","guid":{"rendered":"http:\/\/arteeluoghi.it\/index.php\/2014\/10\/30\/leopardi-vs-leopardi\/"},"modified":"2014-10-30T00:00:00","modified_gmt":"2014-10-29T23:00:00","slug":"leopardi-vs-leopardi","status":"publish","type":"post","link":"https:\/\/arteeluoghi.it\/index.php\/2014\/10\/30\/leopardi-vs-leopardi\/","title":{"rendered":"Leopardi vs Leopardi"},"content":{"rendered":"<p><strong><img src=\"\/images\/Leopardi_Giacomo_1798-1837_-_ritr._A_Ferrazzi_Recanati_casa_Leopardi.jpg\" border=\"0\" title=\"Giacomo Leopardi (1798-1837)- ritratto di A.Ferrazzi, Recanati, casa Leopardi\" width=\"300\" style=\"margin: 21px; float: left;\" \/>Luoghi d&#8217;autore<\/strong><\/p>\n<p><strong>Pisa, il Lungarno e l&#8217;appetito del \u201cgiovane favoloso\u201d<\/strong><\/p>\n<p><strong>\u00a0di <a href=\"http:\/\/ivanomugnainidedalus.wordpress.com\/\">Ivano Mugnaini<\/a><br \/><\/strong><\/p>\n<p> Ci sono luoghi che ti entrano dentro, e senza accorgertene, ti trasformano. Fu cos\u00ec anche per Leopardi che a Pisa si trov\u00f2 a vivere un periodo del tutto nuovo, un&#8217;epoca diversa, sia a livello creativo che sul piano esistenziale.<\/p>\n<p> <em>&#8220;Ho qui in Pisa una certa strada deliziosa, che io chiamo Via delle Rimembranze: l\u00e0 vo a passeggiare quando voglio sognare ad occhi aperti&#8221;<\/em>, scriveva il poeta.<\/p>\n<p>Una distanza minima quella di Pisa rispetto a Firenze, la citt\u00e0 dove risiedeva in precedenza, ma resta comunque grande la distanza tra il Leopardi fiorentino da quello pisano. La domanda, <em>the question<\/em>, \u00e8 pertanto la seguente: fu la citt\u00e0 di Pisa a trasformare il poeta, oppure, semplicemente, gli consent\u00ec di manifestare ci\u00f2 che aveva sempre avuto dentro, una componente essenziale del suo modo di essere e di sentire, una sua natura alternativa, se non, addirittura, preponderante? Ai posteri l&#8217;ardua sentenza, avrebbe detto un illustre collega di Leopardi. Il problema \u00e8 che noi, <em>hic et nunc<\/em>, ampiamente posteri, siamo anche ampiamente incerti riguardo ad una possibile risposta.<\/p>\n<p>  <!--more-->  <\/p>\n<p>\u00a0<\/p>\n<p>Parafrasando Montale potremmo dire che tutto ci\u00f2 che sappiamo \u00e8 quello che non abbiamo, quello che non \u00e8.<\/p>\n<p>Di sicuro Leopardi non era e non \u00e8 la figura deforme e monocorde stigmatizzata in molti libri scolastici in stile Bignami.<\/p>\n<p>Non era e non \u00e8, Leopardi, il pessimista che esalta la fugace bellezza del sabato per poi ripiegarsi frustrato nel disincanto della domenica. Non \u00e8 quello che gli adolescenti di oggi, con una definizione sbrigativa ma efficace, definirebbero un \u201cgobbetto sfigato\u201d.<\/p>\n<p>Non era e non \u00e8, Leopardi, solamente l&#8217;omino chino sulle sudate carte o recluso nella biblioteca del padre gi\u00e0 del tutto assimilata e metabolizzata in tenera et\u00e0. Leopardi \u00e8 questo, ma \u00e8 anche e forse soprattutto un uomo vorace di vita, quella stessa vita che ha scrutato con occhio filosofico e rigoroso, senza mai per\u00f2 smettere di guardarla con profondo interesse e naturale curiosit\u00e0.<\/p>\n<p>E&#8217; anche l&#8217;uomo che mentre traduce dal greco e dall&#8217;ebraico disegna vignette corredate da didascalie, volutamente infantili, dedicate alla saggezza popolare o a freddure dense di spirito lieve. E&#8217; l&#8217;uomo di origine nobile che ascolta i rumori del villaggio, i suoni, i canti, la musica, percependo il lusso di una semplicit\u00e0 d&#8217;animo che a lui non \u00e8 toccata in sorte ma di cui subisce la fascinazione. Lo stesso fascino enigmatico e vitale che percepisce nelle donne, da sempre corteggiate e inseguite per la loro sfuggente e imprescindibile malia.<\/p>\n<p><img src=\"\/images\/Santa_maria_della_spina%20pisa.JPG\" border=\"0\" title=\"Pisa, Chiesa di Santa Maria della Spina\" width=\"300\" style=\"margin: 21px; float: left;\" \/>Il poeta di Recanati era immerso nel passato ma anche estremamente attento al suo tempo, quello personale e quello dell&#8217;epoca storica in cui visse. Impegnato nella ricerca di un cambiamento, anche quello della nazione, afflitta da schiavit\u00f9, ingiustizie, squilibri e miserie rispetto a cui sarebbe bello poterci dire postumi.<\/p>\n<p>Questa creatura complessa e multiforme, arriv\u00f2 al momento giusto, nella giusta stagione, in una citt\u00e0 che forse gli somigliava: radicata nel territorio ma anche punto d&#8217;incontro di viaggiatori, scrittori, filosofi, scienziati, fervida di salotti colti ma non ingessati, aperti alle idee nuove, anche rivoluzionarie. Citt\u00e0 famosa per gli studi, ma ben lungi dall&#8217;essere un museo, avvolta semmai da una bellezza vibrante, come quella che scorre nell&#8217;alveo del fiume e nei viali che lo circondano come in un abbraccio, i Lungarni.<\/p>\n<p>A Pisa Leopardi trova il modo di armonizzare la sua sete di vita con la sua necessit\u00e0 di dare ordine al suo patrimonio di ricordi ed emozioni. Trova stimoli ma anche lo spazio per riflettere ulteriormente, facendo nuovi progetti, nuove ipotesi di ponti tra s\u00e9 e l&#8217;esistere.<br \/> Partendo da questo presupposto, si fa meno fatica a pensare che il passeggiatore trasognato di via delle Rimembranze sia lo stesso autore che definiva la vita come sventura e inganno. Si fa meno fatica a immaginare il sorriso del poeta lungo le strade che risuonano di voci.<br \/> Per Leopardi Pisa fu lo sbocciare di una primavera nel pieno dell&#8217;inverno. Egli vi arriv\u00f2 nel novembre 1827 per sfuggire ai rigori dell\u2019inverno fiorentino, e vi si trattenne fino al giugno \u201928.<br \/> In una delle lettere inviate dalla citt\u00e0 toscana alla sorella Paolina ebbe a scrivere:<br \/> &#8220;<em>Sono rimasto incantato di Pisa per il clima: se dura cos\u00ec, sar\u00e0 una beatitudine. L\u2019aspetto di Pisa mi piace assai pi\u00f9 di quel di Firenze. Questo Lungarno \u00e8 uno spettacolo cos\u00ec bello, cos\u00ec ampio, cos\u00ec magnifico, cos\u00ec gaio, cos\u00ec ridente, che innamora: non ho veduto niente di simile n\u00e9 a Firenze n\u00e9 a Milano n\u00e9 a Roma, veramente non so se in tutta l&#8217;Europa si trovino vedute di questa sorta. In certe ore del giorno quella contrada \u00e8 piena di mondo, piena di carrozze e di pedoni; vi si sentono parlare dieci o venti lingue, vi brilla un sole bellissimo tra le dorature dei caff\u00e8, delle botteghe piene di galanterie, e nelle invetriate dei palazzi e delle case, tutte di bella architettura. Nel resto poi, Pisa \u00e8 un misto di citt\u00e0 grande e citt\u00e0 piccola, di cittadino e di villereccio, un misto cos\u00ec romantico, che non ho mai veduto altrettanto. A tutte le altre bellezze, si aggiunge la bella lingua. E poi vi si aggiunge che io, grazie a Dio, sto bene; che mangio con appetito<\/em>\u201d. (12 novembre 1827).<\/p>\n<p>Non sarebbe pertanto un paradosso suggerire agli odierni amministratori della citt\u00e0 di apporre una postilla all&#8217;iscrizione sul Lungarno dedicato a Leopardi sottolineando che a Pisa oltre che a ritrovare la vena ispiratrice il poeta ritrov\u00f2 anche l&#8217;appetito. Perch\u00e9 in questa annotazione, apparentemente banale e prosaica, in realt\u00e0 c&#8217;\u00e8 moltissima poesia e la sintesi tra grandezza e umanit\u00e0, natura eterea e carnalit\u00e0.<\/p>\n<p>In quest&#8217;epoca che tende a \u201csmaterializzarci\u201d, a ridurci a icone di smartphone, sorridiamo a nostra volta immaginando gli impulsi genuini di un uomo che aveva fatto della parola e del pensiero, del ragionamento poetico-filosofico, la sua essenza. Pisa gli conferma ci\u00f2 che ha gi\u00e0 insito: la sua fame di vita. Gli permette di osservare la bellezza senza essere soffocato dal gelo della riflessione.\u00a0 La mescolanza dell\u2019urbano e del contadino, della Pisa mondana e della Pisa intimista, lo affascina e lo coinvolge. In questo clima potr\u00e0 scrivere due delle sue pi\u00f9 importanti composizioni, cos\u00ec apparentemente distanti l&#8217;una dall&#8217;altra, ma in fondo accomunate dal filo di un sentimento identico declinato in forme diverse, l&#8217;amore: \u201cA Silvia\u201d e \u201cRisorgimento\u201d.<\/p>\n<p>Pisa dunque, come zona franca, opportunit\u00e0 rara e preziosa per il lusso di dialogare con il vero se stesso. Forse anche Leopardi avrebbe condiviso le parole scritte molti decenni dopo da Albert Camus: \u201c Solitudine e sete d\u2019amare. Pisa, finalmente, viva e austera, coi suoi palazzi verdi e gialli, le sue cupole e, lungo l\u2019Arno, la sua grazia. Citt\u00e0 pudica e sensibile. E cos\u00ec vicina a me di notte nelle strade deserte che passeggiandovi solo, la mia voglia di lacrime finalmente si sfoga. Qualcosa di aperto in me incomincia a cicatrizzarsi\u201d.<\/p>\n<p>Con le parole di un altro scrittore, Gianni Rodari, si pu\u00f2 arrivare forse ad una conclusione che, pur nella sua forzata semplicit\u00e0, ci avvicina di un passo, come in una marcia infantile e sorridente a un&#8217;ipotesi: \u201cGli errori sono necessari, utili come il pane e spesso anche belli: per esempio la torre di Pisa\u201d. A Pisa Leopardi scopre che nell&#8217;errore della vita, cos\u00ec storta e asimmetrica, c&#8217;\u00e8 la tenacia della bellezza e la bellezza di una tenacia che ha in s\u00e9 qualcosa di semplice e arcano, ostinatamente ammaliante.<\/p>\n<p>O magari siamo noi, proprio noi, a scoprire o riscoprire nelle nostre rispettive citt\u00e0, nelle nostre affollatissime solitudini, che ci sono \u201cerrori\u201d, persone fuori da ogni schema, che contengono in s\u00e9 tutta la complessit\u00e0 e la ricchezza della natura umana, persone non riducibili a formule univoche, connotate dalla sola costante di una cangiante ma ininterrotta ricerca di territori adatti alla bellezza e alla poesia.<\/p>\n","protected":false},"excerpt":{"rendered":"<p>Luoghi d&#8217;autore Pisa, il Lungarno e l&#8217;appetito del \u201cgiovane favoloso\u201d \u00a0di Ivano Mugnaini Ci sono luoghi che ti entrano dentro,<\/p>\n","protected":false},"author":1,"featured_media":0,"comment_status":"open","ping_status":"open","sticky":false,"template":"","format":"standard","meta":[],"categories":[46],"tags":[],"yoast_head":"<!-- This site is optimized with the Yoast SEO plugin v18.0 - https:\/\/yoast.com\/wordpress\/plugins\/seo\/ -->\n<title>Leopardi vs Leopardi | Arte e Luoghi<\/title>\n<meta name=\"robots\" content=\"index, follow, max-snippet:-1, max-image-preview:large, max-video-preview:-1\" \/>\n<link rel=\"canonical\" href=\"https:\/\/arteeluoghi.it\/index.php\/2014\/10\/30\/leopardi-vs-leopardi\/\" \/>\n<meta property=\"og:locale\" content=\"it_IT\" \/>\n<meta property=\"og:type\" content=\"article\" \/>\n<meta property=\"og:title\" content=\"Leopardi vs Leopardi | Arte e Luoghi\" \/>\n<meta property=\"og:description\" content=\"Luoghi d&#8217;autore Pisa, il Lungarno e l&#8217;appetito del \u201cgiovane favoloso\u201d \u00a0di Ivano Mugnaini Ci sono luoghi che ti entrano dentro,\" \/>\n<meta property=\"og:url\" content=\"https:\/\/arteeluoghi.it\/index.php\/2014\/10\/30\/leopardi-vs-leopardi\/\" \/>\n<meta property=\"og:site_name\" content=\"Arte e Luoghi\" \/>\n<meta property=\"article:publisher\" content=\"https:\/\/www.facebook.com\/ArteELuoghi\/\" \/>\n<meta property=\"article:published_time\" content=\"2014-10-29T23:00:00+00:00\" \/>\n<meta property=\"og:image\" content=\"https:\/\/arteeluoghi.it\/images\/Leopardi_Giacomo_1798-1837_-_ritr._A_Ferrazzi_Recanati_casa_Leopardi.jpg\" \/>\n<meta name=\"twitter:card\" content=\"summary\" \/>\n<meta name=\"twitter:creator\" content=\"@arteeluoghi\" \/>\n<meta name=\"twitter:site\" content=\"@arteeluoghi\" \/>\n<meta name=\"twitter:label1\" content=\"Scritto da\" \/>\n\t<meta name=\"twitter:data1\" content=\"Staff\" \/>\n\t<meta name=\"twitter:label2\" content=\"Tempo di lettura stimato\" \/>\n\t<meta name=\"twitter:data2\" content=\"6 minuti\" \/>\n<script type=\"application\/ld+json\" class=\"yoast-schema-graph\">{\"@context\":\"https:\/\/schema.org\",\"@graph\":[{\"@type\":\"Organization\",\"@id\":\"https:\/\/arteeluoghi.it\/#organization\",\"name\":\"Arte e Luoghi\",\"url\":\"https:\/\/arteeluoghi.it\/\",\"sameAs\":[\"https:\/\/www.facebook.com\/ArteELuoghi\/\",\"https:\/\/www.instagram.com\/arteeluoghi\/?hl=it\",\"https:\/\/www.youtube.com\/channel\/UCuRVc4JW4-C5sg9rQB-srkw?view_as=subscriber\",\"https:\/\/twitter.com\/arteeluoghi\"],\"logo\":{\"@type\":\"ImageObject\",\"@id\":\"https:\/\/arteeluoghi.it\/#logo\",\"inLanguage\":\"it-IT\",\"url\":\"https:\/\/arteeluoghi.it\/wp-content\/uploads\/2018\/08\/logoinstagramarte.jpg\",\"contentUrl\":\"https:\/\/arteeluoghi.it\/wp-content\/uploads\/2018\/08\/logoinstagramarte.jpg\",\"width\":150,\"height\":150,\"caption\":\"Arte e Luoghi\"},\"image\":{\"@id\":\"https:\/\/arteeluoghi.it\/#logo\"}},{\"@type\":\"WebSite\",\"@id\":\"https:\/\/arteeluoghi.it\/#website\",\"url\":\"https:\/\/arteeluoghi.it\/\",\"name\":\"Arte e Luoghi\",\"description\":\"Mensile di arte, cultura, turismo e curiosit\u00e0\",\"publisher\":{\"@id\":\"https:\/\/arteeluoghi.it\/#organization\"},\"potentialAction\":[{\"@type\":\"SearchAction\",\"target\":{\"@type\":\"EntryPoint\",\"urlTemplate\":\"https:\/\/arteeluoghi.it\/?s={search_term_string}\"},\"query-input\":\"required name=search_term_string\"}],\"inLanguage\":\"it-IT\"},{\"@type\":\"ImageObject\",\"@id\":\"https:\/\/arteeluoghi.it\/index.php\/2014\/10\/30\/leopardi-vs-leopardi\/#primaryimage\",\"inLanguage\":\"it-IT\",\"url\":\"\/images\/Leopardi_Giacomo_1798-1837_-_ritr._A_Ferrazzi_Recanati_casa_Leopardi.jpg\",\"contentUrl\":\"\/images\/Leopardi_Giacomo_1798-1837_-_ritr._A_Ferrazzi_Recanati_casa_Leopardi.jpg\"},{\"@type\":\"WebPage\",\"@id\":\"https:\/\/arteeluoghi.it\/index.php\/2014\/10\/30\/leopardi-vs-leopardi\/#webpage\",\"url\":\"https:\/\/arteeluoghi.it\/index.php\/2014\/10\/30\/leopardi-vs-leopardi\/\",\"name\":\"Leopardi vs Leopardi | Arte e Luoghi\",\"isPartOf\":{\"@id\":\"https:\/\/arteeluoghi.it\/#website\"},\"primaryImageOfPage\":{\"@id\":\"https:\/\/arteeluoghi.it\/index.php\/2014\/10\/30\/leopardi-vs-leopardi\/#primaryimage\"},\"datePublished\":\"2014-10-29T23:00:00+00:00\",\"dateModified\":\"2014-10-29T23:00:00+00:00\",\"breadcrumb\":{\"@id\":\"https:\/\/arteeluoghi.it\/index.php\/2014\/10\/30\/leopardi-vs-leopardi\/#breadcrumb\"},\"inLanguage\":\"it-IT\",\"potentialAction\":[{\"@type\":\"ReadAction\",\"target\":[\"https:\/\/arteeluoghi.it\/index.php\/2014\/10\/30\/leopardi-vs-leopardi\/\"]}]},{\"@type\":\"BreadcrumbList\",\"@id\":\"https:\/\/arteeluoghi.it\/index.php\/2014\/10\/30\/leopardi-vs-leopardi\/#breadcrumb\",\"itemListElement\":[{\"@type\":\"ListItem\",\"position\":1,\"name\":\"Home\",\"item\":\"https:\/\/arteeluoghi.it\/\"},{\"@type\":\"ListItem\",\"position\":2,\"name\":\"Leopardi vs Leopardi\"}]},{\"@type\":\"Article\",\"@id\":\"https:\/\/arteeluoghi.it\/index.php\/2014\/10\/30\/leopardi-vs-leopardi\/#article\",\"isPartOf\":{\"@id\":\"https:\/\/arteeluoghi.it\/index.php\/2014\/10\/30\/leopardi-vs-leopardi\/#webpage\"},\"author\":{\"@id\":\"https:\/\/arteeluoghi.it\/#\/schema\/person\/f84e814e36e91e01448ee07eaadd41d4\"},\"headline\":\"Leopardi vs Leopardi\",\"datePublished\":\"2014-10-29T23:00:00+00:00\",\"dateModified\":\"2014-10-29T23:00:00+00:00\",\"mainEntityOfPage\":{\"@id\":\"https:\/\/arteeluoghi.it\/index.php\/2014\/10\/30\/leopardi-vs-leopardi\/#webpage\"},\"wordCount\":1274,\"commentCount\":0,\"publisher\":{\"@id\":\"https:\/\/arteeluoghi.it\/#organization\"},\"image\":{\"@id\":\"https:\/\/arteeluoghi.it\/index.php\/2014\/10\/30\/leopardi-vs-leopardi\/#primaryimage\"},\"thumbnailUrl\":\"\/images\/Leopardi_Giacomo_1798-1837_-_ritr._A_Ferrazzi_Recanati_casa_Leopardi.jpg\",\"articleSection\":[\"luoghi d'autore\"],\"inLanguage\":\"it-IT\",\"potentialAction\":[{\"@type\":\"CommentAction\",\"name\":\"Comment\",\"target\":[\"https:\/\/arteeluoghi.it\/index.php\/2014\/10\/30\/leopardi-vs-leopardi\/#respond\"]}]},{\"@type\":\"Person\",\"@id\":\"https:\/\/arteeluoghi.it\/#\/schema\/person\/f84e814e36e91e01448ee07eaadd41d4\",\"name\":\"Staff\",\"image\":{\"@type\":\"ImageObject\",\"@id\":\"https:\/\/arteeluoghi.it\/#personlogo\",\"inLanguage\":\"it-IT\",\"url\":\"https:\/\/secure.gravatar.com\/avatar\/49d2f9e46271bb04e19cebfaf141313a?s=96&d=blank&r=g\",\"contentUrl\":\"https:\/\/secure.gravatar.com\/avatar\/49d2f9e46271bb04e19cebfaf141313a?s=96&d=blank&r=g\",\"caption\":\"Staff\"}}]}<\/script>\n<!-- \/ Yoast SEO plugin. -->","yoast_head_json":{"title":"Leopardi vs Leopardi | Arte e Luoghi","robots":{"index":"index","follow":"follow","max-snippet":"max-snippet:-1","max-image-preview":"max-image-preview:large","max-video-preview":"max-video-preview:-1"},"canonical":"https:\/\/arteeluoghi.it\/index.php\/2014\/10\/30\/leopardi-vs-leopardi\/","og_locale":"it_IT","og_type":"article","og_title":"Leopardi vs Leopardi | Arte e Luoghi","og_description":"Luoghi d&#8217;autore Pisa, il Lungarno e l&#8217;appetito del \u201cgiovane favoloso\u201d \u00a0di Ivano Mugnaini Ci sono luoghi che ti entrano dentro,","og_url":"https:\/\/arteeluoghi.it\/index.php\/2014\/10\/30\/leopardi-vs-leopardi\/","og_site_name":"Arte e Luoghi","article_publisher":"https:\/\/www.facebook.com\/ArteELuoghi\/","article_published_time":"2014-10-29T23:00:00+00:00","og_image":[{"url":"https:\/\/arteeluoghi.it\/images\/Leopardi_Giacomo_1798-1837_-_ritr._A_Ferrazzi_Recanati_casa_Leopardi.jpg"}],"twitter_card":"summary","twitter_creator":"@arteeluoghi","twitter_site":"@arteeluoghi","twitter_misc":{"Scritto da":"Staff","Tempo di lettura stimato":"6 minuti"},"schema":{"@context":"https:\/\/schema.org","@graph":[{"@type":"Organization","@id":"https:\/\/arteeluoghi.it\/#organization","name":"Arte e Luoghi","url":"https:\/\/arteeluoghi.it\/","sameAs":["https:\/\/www.facebook.com\/ArteELuoghi\/","https:\/\/www.instagram.com\/arteeluoghi\/?hl=it","https:\/\/www.youtube.com\/channel\/UCuRVc4JW4-C5sg9rQB-srkw?view_as=subscriber","https:\/\/twitter.com\/arteeluoghi"],"logo":{"@type":"ImageObject","@id":"https:\/\/arteeluoghi.it\/#logo","inLanguage":"it-IT","url":"https:\/\/arteeluoghi.it\/wp-content\/uploads\/2018\/08\/logoinstagramarte.jpg","contentUrl":"https:\/\/arteeluoghi.it\/wp-content\/uploads\/2018\/08\/logoinstagramarte.jpg","width":150,"height":150,"caption":"Arte e Luoghi"},"image":{"@id":"https:\/\/arteeluoghi.it\/#logo"}},{"@type":"WebSite","@id":"https:\/\/arteeluoghi.it\/#website","url":"https:\/\/arteeluoghi.it\/","name":"Arte e Luoghi","description":"Mensile di arte, cultura, turismo e curiosit\u00e0","publisher":{"@id":"https:\/\/arteeluoghi.it\/#organization"},"potentialAction":[{"@type":"SearchAction","target":{"@type":"EntryPoint","urlTemplate":"https:\/\/arteeluoghi.it\/?s={search_term_string}"},"query-input":"required name=search_term_string"}],"inLanguage":"it-IT"},{"@type":"ImageObject","@id":"https:\/\/arteeluoghi.it\/index.php\/2014\/10\/30\/leopardi-vs-leopardi\/#primaryimage","inLanguage":"it-IT","url":"\/images\/Leopardi_Giacomo_1798-1837_-_ritr._A_Ferrazzi_Recanati_casa_Leopardi.jpg","contentUrl":"\/images\/Leopardi_Giacomo_1798-1837_-_ritr._A_Ferrazzi_Recanati_casa_Leopardi.jpg"},{"@type":"WebPage","@id":"https:\/\/arteeluoghi.it\/index.php\/2014\/10\/30\/leopardi-vs-leopardi\/#webpage","url":"https:\/\/arteeluoghi.it\/index.php\/2014\/10\/30\/leopardi-vs-leopardi\/","name":"Leopardi vs Leopardi | Arte e Luoghi","isPartOf":{"@id":"https:\/\/arteeluoghi.it\/#website"},"primaryImageOfPage":{"@id":"https:\/\/arteeluoghi.it\/index.php\/2014\/10\/30\/leopardi-vs-leopardi\/#primaryimage"},"datePublished":"2014-10-29T23:00:00+00:00","dateModified":"2014-10-29T23:00:00+00:00","breadcrumb":{"@id":"https:\/\/arteeluoghi.it\/index.php\/2014\/10\/30\/leopardi-vs-leopardi\/#breadcrumb"},"inLanguage":"it-IT","potentialAction":[{"@type":"ReadAction","target":["https:\/\/arteeluoghi.it\/index.php\/2014\/10\/30\/leopardi-vs-leopardi\/"]}]},{"@type":"BreadcrumbList","@id":"https:\/\/arteeluoghi.it\/index.php\/2014\/10\/30\/leopardi-vs-leopardi\/#breadcrumb","itemListElement":[{"@type":"ListItem","position":1,"name":"Home","item":"https:\/\/arteeluoghi.it\/"},{"@type":"ListItem","position":2,"name":"Leopardi vs Leopardi"}]},{"@type":"Article","@id":"https:\/\/arteeluoghi.it\/index.php\/2014\/10\/30\/leopardi-vs-leopardi\/#article","isPartOf":{"@id":"https:\/\/arteeluoghi.it\/index.php\/2014\/10\/30\/leopardi-vs-leopardi\/#webpage"},"author":{"@id":"https:\/\/arteeluoghi.it\/#\/schema\/person\/f84e814e36e91e01448ee07eaadd41d4"},"headline":"Leopardi vs Leopardi","datePublished":"2014-10-29T23:00:00+00:00","dateModified":"2014-10-29T23:00:00+00:00","mainEntityOfPage":{"@id":"https:\/\/arteeluoghi.it\/index.php\/2014\/10\/30\/leopardi-vs-leopardi\/#webpage"},"wordCount":1274,"commentCount":0,"publisher":{"@id":"https:\/\/arteeluoghi.it\/#organization"},"image":{"@id":"https:\/\/arteeluoghi.it\/index.php\/2014\/10\/30\/leopardi-vs-leopardi\/#primaryimage"},"thumbnailUrl":"\/images\/Leopardi_Giacomo_1798-1837_-_ritr._A_Ferrazzi_Recanati_casa_Leopardi.jpg","articleSection":["luoghi d'autore"],"inLanguage":"it-IT","potentialAction":[{"@type":"CommentAction","name":"Comment","target":["https:\/\/arteeluoghi.it\/index.php\/2014\/10\/30\/leopardi-vs-leopardi\/#respond"]}]},{"@type":"Person","@id":"https:\/\/arteeluoghi.it\/#\/schema\/person\/f84e814e36e91e01448ee07eaadd41d4","name":"Staff","image":{"@type":"ImageObject","@id":"https:\/\/arteeluoghi.it\/#personlogo","inLanguage":"it-IT","url":"https:\/\/secure.gravatar.com\/avatar\/49d2f9e46271bb04e19cebfaf141313a?s=96&d=blank&r=g","contentUrl":"https:\/\/secure.gravatar.com\/avatar\/49d2f9e46271bb04e19cebfaf141313a?s=96&d=blank&r=g","caption":"Staff"}}]}},"_links":{"self":[{"href":"https:\/\/arteeluoghi.it\/index.php\/wp-json\/wp\/v2\/posts\/1944"}],"collection":[{"href":"https:\/\/arteeluoghi.it\/index.php\/wp-json\/wp\/v2\/posts"}],"about":[{"href":"https:\/\/arteeluoghi.it\/index.php\/wp-json\/wp\/v2\/types\/post"}],"author":[{"embeddable":true,"href":"https:\/\/arteeluoghi.it\/index.php\/wp-json\/wp\/v2\/users\/1"}],"replies":[{"embeddable":true,"href":"https:\/\/arteeluoghi.it\/index.php\/wp-json\/wp\/v2\/comments?post=1944"}],"version-history":[{"count":0,"href":"https:\/\/arteeluoghi.it\/index.php\/wp-json\/wp\/v2\/posts\/1944\/revisions"}],"wp:attachment":[{"href":"https:\/\/arteeluoghi.it\/index.php\/wp-json\/wp\/v2\/media?parent=1944"}],"wp:term":[{"taxonomy":"category","embeddable":true,"href":"https:\/\/arteeluoghi.it\/index.php\/wp-json\/wp\/v2\/categories?post=1944"},{"taxonomy":"post_tag","embeddable":true,"href":"https:\/\/arteeluoghi.it\/index.php\/wp-json\/wp\/v2\/tags?post=1944"}],"curies":[{"name":"wp","href":"https:\/\/api.w.org\/{rel}","templated":true}]}}