{"id":195,"date":"2010-06-12T23:00:00","date_gmt":"2010-06-12T21:00:00","guid":{"rendered":"http:\/\/arteeluoghi.it\/index.php\/2010\/06\/12\/gli-studenti-alla-biblioteca-qbernardiniq-di-lecce\/"},"modified":"2010-06-12T23:00:00","modified_gmt":"2010-06-12T21:00:00","slug":"gli-studenti-alla-biblioteca-qbernardiniq-di-lecce","status":"publish","type":"post","link":"https:\/\/arteeluoghi.it\/index.php\/2010\/06\/12\/gli-studenti-alla-biblioteca-qbernardiniq-di-lecce\/","title":{"rendered":"Gli studenti alla Biblioteca &#8220;Bernardini&#8221; di Lecce"},"content":{"rendered":"<p>Per il nono anno consecutivo la storica istituzione culturale si \u00e8 aperta alla curiosit\u00e0 e all\u2019interesse dei bambini e dei ragazzi delle scuole<br \/>GLI STUDENTI SALENTINI IN VISITA ALLA BIBLIOTECA PROVINCIALE \u201cN. BERNARDINI\u201d<br \/>Seicentocinquanta ospiti in venticinque giornate di attivit\u00e0 didattica<\/p>\n<p>Anche quest\u2019anno l\u2019iniziativa delle visite didattiche presso la Biblioteca Provinciale \u201cN. Bernardini\u201d di Lecce ha avuto il consueto successo. Per il nono anno consecutivo, sono stati centinaia i bambini e i ragazzi che hanno avuto l\u2019opportunit\u00e0 di visitare e conoscere la storica istituzione culturale leccese. Nel dettaglio, sono state organizzate venticinque visite didattiche, mentre gli studenti in visita sono stati quasi 650. Cinque le scuole elementari: l\u2019Istituto comprensivo \u201cS. Giuseppe da Copertino\u201d, quello di S. Pietro in Lama, la Scuola \u201cG.B. Saponaro\u201d di S. Cesario, oltre alle scuole \u201cS. Domenico Savio\u201d e \u201cN. Lefons\u201d di Lecce. Come avviene ogni anno, la Scuola Media \u201cA. Galateo\u201d di Lecce ha partecipato all\u2019iniziativa con diverse sue classi. Tra le scuole superiori, hanno aderito il Liceo Scientifico \u201cC. De Giorgi\u201d di Lecce e il Liceo \u201cP. Colonna\u201d di Galatina. A quest\u2019elenco occorre aggiungere le visite organizzate per l\u2019\u201dAssociazione Nazionale Educatori Benemeriti\u201d, per gli studenti dell\u2019\u201dInsegnamento di Storia Contemporanea\u201d della Facolt\u00e0 di Beni Culturali dell\u2019Universit\u00e0 del Salento e per i bambini del Consiglio Comunale dei Ragazzi di Matino. Quest\u2019anno, inoltre, l\u2019attivit\u00e0 didattica \u00e8 stata ulteriormente arricchita dall\u2019iniziativa \u201cUna mattina in Biblioteca\u201d, una serie di lezioni, recital e concerti, curati dal \u201cFondo Verri\u201d e rivolti a valorizzare il nostro patrimonio letterario, locale e nazionale, per renderlo pi\u00f9 fruibile ad un pubblico che si vuole avvicinare alla lettura.<\/p>\n<p>\u00a0<\/p>\n<p>  <!--more-->  Soddisfatta, naturalmente, l\u2019assessore provinciale alla cultura della Provincia di Lecce, Simona Manca, che ha sottolineato l\u2019\u201dimportanza per tutti gli studenti salentini di conoscere e soprattutto utilizzare una risorsa culturale estremamente preziosa, qual \u00e8 la Biblioteca Provinciale\u201d. Anche Alessandro Laporta, direttore della \u201cBernardini\u201d, ha espresso la sua soddisfazione per il costante successo dell\u2019iniziativa: \u201cTra l\u2019altro\u201d, ha aggiunto, \u201cda quest\u2019anno abbiamo avuto l\u2019opportunit\u00e0 di poter ospitare gli studenti salentini nella rinnovata e ristrutturata struttura del Convitto Palmieri, sede storica della nostra Biblioteca\u201d. Le visite didattiche sono curate, da nove anni a questa parte, da Gabriele De Blasi: \u201cE\u2019 bello continuare a vedere come moltissimi studenti continuino a frequentare la nostra Biblioteca; particolare soddisfazione, comunque, la danno soprattutto i pi\u00f9 piccoli, i bambini delle elementari, che continuano a rimanere sensibili al fascino del libro\u201d. <br \/>La Biblioteca Provinciale \u201cN. Bernardini\u201d di Lecce, comunque, conferma ancora di essere uno dei luoghi pi\u00f9 frequentati da coloro che svolgono una qualsiasi attivit\u00e0 di studio o di ricerca. Ogni anno, la Biblioteca \u00e8 visitata da oltre quattromila persone; vengono consultati oltre ottomila testi, pi\u00f9 di mille giornali dell\u2019Emeroteca Storica Salentina e almeno cento manoscritti. Un successo \u201cnumerico\u201d che dimostra come la Biblioteca Provinciale di Lecce riesca tranquillamente a confermarsi come una tappa praticamente obbligata per quanti vogliano condurre attivit\u00e0 di studio o ricerca a qualsiasi livello. D\u2019altronde, proprio la presenza, costante e continua, di giovani e giovanissimi continua ad essere una delle caratteristiche dell\u2019utenza della Biblioteca. Anche gli studenti, infatti, sembrano comprendere appieno le enormi potenzialit\u00e0 che un\u2019istituzione come la \u201cBernardini\u201d mette a disposizione di chiunque sappia e voglia utilizzarla. Un successo che premia, in qualche modo, anche coloro che nella Biblioteca lavorano, con competenza e passione. \u00a0<br \/>Questi dati, dunque, rappresentano, di fatto, uno dei pi\u00f9 significativi \u201cbiglietti da visita\u201d della Biblioteca Provinciale, che nacque il 20 marzo del 1863, giorno in cui il Consiglio Provinciale di Pubblica Istruzione deliber\u00f2 di rendere fruibile al pubblico la biblioteca gi\u00e0 esistente nel Convitto Nazionale di Lecce. La sede fu allestita dall\u2019architetto Oronzo Torsello ed il primo bibliotecario fu l\u2019avvocato Oronzo Cipolla. Il patrimonio librario esistente fu notevolmente arricchito grazie ai fondi provenienti dalla soppressione di alcuni conventi: Teatini di Lecce (1864), Liguorini di Francavilla Fontana (1865), Riformati di Gallipoli (1865). Nel 1874 la Biblioteca fu visitata dal ministro della Pubblica Istruzione Ruggero Bonghi e, nell\u2019anno successivo, da Ferdinando Gregorovius, che ne fece menzione nelle sue \u201cPasseggiate per l\u2019Italia\u201d. Nella costruzione e nel consolidamento del prestigio della Biblioteca, fondamentale fu l\u2019impegno dei bibliotecari succedutisi al Cipolla, tra i quali Gaetano Andriani (dal 1873), Leonardo Stampacchia (dal 1890), Trifone Nutricati Briganti (dal 1893), Giovanni De Michele (dal 1894) e Nicola Bernardini (dal 1902). Il patrimonio della Biblioteca, che oggi sta riprendendo \u201cpossesso\u201d della sua sede storica, all\u2019interno del Convitto Palmieri, ha superato i 130.000 volumi e comprende anche 486 manoscritti, 31 incunaboli, 435 edizioni del XVI secolo. Di notevole importanza anche le 275 pergamene, gli atlanti, le carte geografiche della provincia e la fototeca. La Biblioteca, come noto, comprende anche una sezione degli scrittori salentini ed un\u2019emeroteca storica che raccoglie pi\u00f9 di cento testate locali. Da considerare, inoltre, i quattromila volumi appartenuti al poeta salentino Girolamo Comi (1890-1966), attualmente custoditi nella sua casa museo di Lucugnano, che rappresentano una sezione distaccata della Biblioteca Provinciale.<\/p>\n<p>Gabriele De Blasi<\/p>\n<p>\u00a0<\/p>\n<p>Info: Biblioteca Provinciale \u201cN. Bernardini\u201d, v.le Gallipoli 28, Lecce, 0832 683524, biblioteca@provincia.le.it<\/p>\n","protected":false},"excerpt":{"rendered":"<p>Per il nono anno consecutivo la storica istituzione culturale si \u00e8 aperta alla curiosit\u00e0 e all\u2019interesse dei bambini e dei<\/p>\n","protected":false},"author":1,"featured_media":0,"comment_status":"open","ping_status":"open","sticky":false,"template":"","format":"standard","meta":[],"categories":[16],"tags":[],"yoast_head":"<!-- This site is optimized with the Yoast SEO plugin v18.0 - https:\/\/yoast.com\/wordpress\/plugins\/seo\/ -->\n<title>Gli studenti alla Biblioteca &quot;Bernardini&quot; di Lecce | Arte e Luoghi<\/title>\n<meta name=\"robots\" content=\"index, follow, max-snippet:-1, max-image-preview:large, max-video-preview:-1\" \/>\n<link rel=\"canonical\" href=\"https:\/\/arteeluoghi.it\/index.php\/2010\/06\/12\/gli-studenti-alla-biblioteca-qbernardiniq-di-lecce\/\" \/>\n<meta property=\"og:locale\" content=\"it_IT\" \/>\n<meta property=\"og:type\" content=\"article\" \/>\n<meta property=\"og:title\" content=\"Gli studenti alla Biblioteca &quot;Bernardini&quot; di Lecce | Arte e Luoghi\" \/>\n<meta property=\"og:description\" content=\"Per il nono anno consecutivo la storica istituzione culturale si \u00e8 aperta alla curiosit\u00e0 e all\u2019interesse dei bambini e dei\" \/>\n<meta property=\"og:url\" content=\"https:\/\/arteeluoghi.it\/index.php\/2010\/06\/12\/gli-studenti-alla-biblioteca-qbernardiniq-di-lecce\/\" \/>\n<meta property=\"og:site_name\" content=\"Arte e Luoghi\" \/>\n<meta property=\"article:publisher\" content=\"https:\/\/www.facebook.com\/ArteELuoghi\/\" \/>\n<meta property=\"article:published_time\" content=\"2010-06-12T21:00:00+00:00\" \/>\n<meta name=\"twitter:card\" content=\"summary\" \/>\n<meta name=\"twitter:creator\" content=\"@arteeluoghi\" \/>\n<meta name=\"twitter:site\" content=\"@arteeluoghi\" \/>\n<meta name=\"twitter:label1\" content=\"Scritto da\" \/>\n\t<meta name=\"twitter:data1\" content=\"Staff\" \/>\n\t<meta name=\"twitter:label2\" content=\"Tempo di lettura stimato\" \/>\n\t<meta name=\"twitter:data2\" content=\"4 minuti\" \/>\n<script type=\"application\/ld+json\" class=\"yoast-schema-graph\">{\"@context\":\"https:\/\/schema.org\",\"@graph\":[{\"@type\":\"Organization\",\"@id\":\"https:\/\/arteeluoghi.it\/#organization\",\"name\":\"Arte e Luoghi\",\"url\":\"https:\/\/arteeluoghi.it\/\",\"sameAs\":[\"https:\/\/www.facebook.com\/ArteELuoghi\/\",\"https:\/\/www.instagram.com\/arteeluoghi\/?hl=it\",\"https:\/\/www.youtube.com\/channel\/UCuRVc4JW4-C5sg9rQB-srkw?view_as=subscriber\",\"https:\/\/twitter.com\/arteeluoghi\"],\"logo\":{\"@type\":\"ImageObject\",\"@id\":\"https:\/\/arteeluoghi.it\/#logo\",\"inLanguage\":\"it-IT\",\"url\":\"https:\/\/arteeluoghi.it\/wp-content\/uploads\/2018\/08\/logoinstagramarte.jpg\",\"contentUrl\":\"https:\/\/arteeluoghi.it\/wp-content\/uploads\/2018\/08\/logoinstagramarte.jpg\",\"width\":150,\"height\":150,\"caption\":\"Arte e Luoghi\"},\"image\":{\"@id\":\"https:\/\/arteeluoghi.it\/#logo\"}},{\"@type\":\"WebSite\",\"@id\":\"https:\/\/arteeluoghi.it\/#website\",\"url\":\"https:\/\/arteeluoghi.it\/\",\"name\":\"Arte e Luoghi\",\"description\":\"Mensile di arte, cultura, turismo e curiosit\u00e0\",\"publisher\":{\"@id\":\"https:\/\/arteeluoghi.it\/#organization\"},\"potentialAction\":[{\"@type\":\"SearchAction\",\"target\":{\"@type\":\"EntryPoint\",\"urlTemplate\":\"https:\/\/arteeluoghi.it\/?s={search_term_string}\"},\"query-input\":\"required name=search_term_string\"}],\"inLanguage\":\"it-IT\"},{\"@type\":\"WebPage\",\"@id\":\"https:\/\/arteeluoghi.it\/index.php\/2010\/06\/12\/gli-studenti-alla-biblioteca-qbernardiniq-di-lecce\/#webpage\",\"url\":\"https:\/\/arteeluoghi.it\/index.php\/2010\/06\/12\/gli-studenti-alla-biblioteca-qbernardiniq-di-lecce\/\",\"name\":\"Gli studenti alla Biblioteca \\\"Bernardini\\\" di Lecce | Arte e Luoghi\",\"isPartOf\":{\"@id\":\"https:\/\/arteeluoghi.it\/#website\"},\"datePublished\":\"2010-06-12T21:00:00+00:00\",\"dateModified\":\"2010-06-12T21:00:00+00:00\",\"breadcrumb\":{\"@id\":\"https:\/\/arteeluoghi.it\/index.php\/2010\/06\/12\/gli-studenti-alla-biblioteca-qbernardiniq-di-lecce\/#breadcrumb\"},\"inLanguage\":\"it-IT\",\"potentialAction\":[{\"@type\":\"ReadAction\",\"target\":[\"https:\/\/arteeluoghi.it\/index.php\/2010\/06\/12\/gli-studenti-alla-biblioteca-qbernardiniq-di-lecce\/\"]}]},{\"@type\":\"BreadcrumbList\",\"@id\":\"https:\/\/arteeluoghi.it\/index.php\/2010\/06\/12\/gli-studenti-alla-biblioteca-qbernardiniq-di-lecce\/#breadcrumb\",\"itemListElement\":[{\"@type\":\"ListItem\",\"position\":1,\"name\":\"Home\",\"item\":\"https:\/\/arteeluoghi.it\/\"},{\"@type\":\"ListItem\",\"position\":2,\"name\":\"Gli studenti alla Biblioteca &#8220;Bernardini&#8221; di Lecce\"}]},{\"@type\":\"Article\",\"@id\":\"https:\/\/arteeluoghi.it\/index.php\/2010\/06\/12\/gli-studenti-alla-biblioteca-qbernardiniq-di-lecce\/#article\",\"isPartOf\":{\"@id\":\"https:\/\/arteeluoghi.it\/index.php\/2010\/06\/12\/gli-studenti-alla-biblioteca-qbernardiniq-di-lecce\/#webpage\"},\"author\":{\"@id\":\"https:\/\/arteeluoghi.it\/#\/schema\/person\/f84e814e36e91e01448ee07eaadd41d4\"},\"headline\":\"Gli studenti alla Biblioteca &#8220;Bernardini&#8221; di Lecce\",\"datePublished\":\"2010-06-12T21:00:00+00:00\",\"dateModified\":\"2010-06-12T21:00:00+00:00\",\"mainEntityOfPage\":{\"@id\":\"https:\/\/arteeluoghi.it\/index.php\/2010\/06\/12\/gli-studenti-alla-biblioteca-qbernardiniq-di-lecce\/#webpage\"},\"wordCount\":836,\"commentCount\":0,\"publisher\":{\"@id\":\"https:\/\/arteeluoghi.it\/#organization\"},\"articleSection\":[\"I luoghi nella rete Biblioteche Musei Fondazioni\"],\"inLanguage\":\"it-IT\",\"potentialAction\":[{\"@type\":\"CommentAction\",\"name\":\"Comment\",\"target\":[\"https:\/\/arteeluoghi.it\/index.php\/2010\/06\/12\/gli-studenti-alla-biblioteca-qbernardiniq-di-lecce\/#respond\"]}]},{\"@type\":\"Person\",\"@id\":\"https:\/\/arteeluoghi.it\/#\/schema\/person\/f84e814e36e91e01448ee07eaadd41d4\",\"name\":\"Staff\",\"image\":{\"@type\":\"ImageObject\",\"@id\":\"https:\/\/arteeluoghi.it\/#personlogo\",\"inLanguage\":\"it-IT\",\"url\":\"https:\/\/secure.gravatar.com\/avatar\/49d2f9e46271bb04e19cebfaf141313a?s=96&d=blank&r=g\",\"contentUrl\":\"https:\/\/secure.gravatar.com\/avatar\/49d2f9e46271bb04e19cebfaf141313a?s=96&d=blank&r=g\",\"caption\":\"Staff\"}}]}<\/script>\n<!-- \/ Yoast SEO plugin. -->","yoast_head_json":{"title":"Gli studenti alla Biblioteca \"Bernardini\" di Lecce | Arte e Luoghi","robots":{"index":"index","follow":"follow","max-snippet":"max-snippet:-1","max-image-preview":"max-image-preview:large","max-video-preview":"max-video-preview:-1"},"canonical":"https:\/\/arteeluoghi.it\/index.php\/2010\/06\/12\/gli-studenti-alla-biblioteca-qbernardiniq-di-lecce\/","og_locale":"it_IT","og_type":"article","og_title":"Gli studenti alla Biblioteca \"Bernardini\" di Lecce | Arte e Luoghi","og_description":"Per il nono anno consecutivo la storica istituzione culturale si \u00e8 aperta alla curiosit\u00e0 e all\u2019interesse dei bambini e dei","og_url":"https:\/\/arteeluoghi.it\/index.php\/2010\/06\/12\/gli-studenti-alla-biblioteca-qbernardiniq-di-lecce\/","og_site_name":"Arte e Luoghi","article_publisher":"https:\/\/www.facebook.com\/ArteELuoghi\/","article_published_time":"2010-06-12T21:00:00+00:00","twitter_card":"summary","twitter_creator":"@arteeluoghi","twitter_site":"@arteeluoghi","twitter_misc":{"Scritto da":"Staff","Tempo di lettura stimato":"4 minuti"},"schema":{"@context":"https:\/\/schema.org","@graph":[{"@type":"Organization","@id":"https:\/\/arteeluoghi.it\/#organization","name":"Arte e Luoghi","url":"https:\/\/arteeluoghi.it\/","sameAs":["https:\/\/www.facebook.com\/ArteELuoghi\/","https:\/\/www.instagram.com\/arteeluoghi\/?hl=it","https:\/\/www.youtube.com\/channel\/UCuRVc4JW4-C5sg9rQB-srkw?view_as=subscriber","https:\/\/twitter.com\/arteeluoghi"],"logo":{"@type":"ImageObject","@id":"https:\/\/arteeluoghi.it\/#logo","inLanguage":"it-IT","url":"https:\/\/arteeluoghi.it\/wp-content\/uploads\/2018\/08\/logoinstagramarte.jpg","contentUrl":"https:\/\/arteeluoghi.it\/wp-content\/uploads\/2018\/08\/logoinstagramarte.jpg","width":150,"height":150,"caption":"Arte e Luoghi"},"image":{"@id":"https:\/\/arteeluoghi.it\/#logo"}},{"@type":"WebSite","@id":"https:\/\/arteeluoghi.it\/#website","url":"https:\/\/arteeluoghi.it\/","name":"Arte e Luoghi","description":"Mensile di arte, cultura, turismo e curiosit\u00e0","publisher":{"@id":"https:\/\/arteeluoghi.it\/#organization"},"potentialAction":[{"@type":"SearchAction","target":{"@type":"EntryPoint","urlTemplate":"https:\/\/arteeluoghi.it\/?s={search_term_string}"},"query-input":"required name=search_term_string"}],"inLanguage":"it-IT"},{"@type":"WebPage","@id":"https:\/\/arteeluoghi.it\/index.php\/2010\/06\/12\/gli-studenti-alla-biblioteca-qbernardiniq-di-lecce\/#webpage","url":"https:\/\/arteeluoghi.it\/index.php\/2010\/06\/12\/gli-studenti-alla-biblioteca-qbernardiniq-di-lecce\/","name":"Gli studenti alla Biblioteca \"Bernardini\" di Lecce | Arte e Luoghi","isPartOf":{"@id":"https:\/\/arteeluoghi.it\/#website"},"datePublished":"2010-06-12T21:00:00+00:00","dateModified":"2010-06-12T21:00:00+00:00","breadcrumb":{"@id":"https:\/\/arteeluoghi.it\/index.php\/2010\/06\/12\/gli-studenti-alla-biblioteca-qbernardiniq-di-lecce\/#breadcrumb"},"inLanguage":"it-IT","potentialAction":[{"@type":"ReadAction","target":["https:\/\/arteeluoghi.it\/index.php\/2010\/06\/12\/gli-studenti-alla-biblioteca-qbernardiniq-di-lecce\/"]}]},{"@type":"BreadcrumbList","@id":"https:\/\/arteeluoghi.it\/index.php\/2010\/06\/12\/gli-studenti-alla-biblioteca-qbernardiniq-di-lecce\/#breadcrumb","itemListElement":[{"@type":"ListItem","position":1,"name":"Home","item":"https:\/\/arteeluoghi.it\/"},{"@type":"ListItem","position":2,"name":"Gli studenti alla Biblioteca &#8220;Bernardini&#8221; di Lecce"}]},{"@type":"Article","@id":"https:\/\/arteeluoghi.it\/index.php\/2010\/06\/12\/gli-studenti-alla-biblioteca-qbernardiniq-di-lecce\/#article","isPartOf":{"@id":"https:\/\/arteeluoghi.it\/index.php\/2010\/06\/12\/gli-studenti-alla-biblioteca-qbernardiniq-di-lecce\/#webpage"},"author":{"@id":"https:\/\/arteeluoghi.it\/#\/schema\/person\/f84e814e36e91e01448ee07eaadd41d4"},"headline":"Gli studenti alla Biblioteca &#8220;Bernardini&#8221; di Lecce","datePublished":"2010-06-12T21:00:00+00:00","dateModified":"2010-06-12T21:00:00+00:00","mainEntityOfPage":{"@id":"https:\/\/arteeluoghi.it\/index.php\/2010\/06\/12\/gli-studenti-alla-biblioteca-qbernardiniq-di-lecce\/#webpage"},"wordCount":836,"commentCount":0,"publisher":{"@id":"https:\/\/arteeluoghi.it\/#organization"},"articleSection":["I luoghi nella rete Biblioteche Musei Fondazioni"],"inLanguage":"it-IT","potentialAction":[{"@type":"CommentAction","name":"Comment","target":["https:\/\/arteeluoghi.it\/index.php\/2010\/06\/12\/gli-studenti-alla-biblioteca-qbernardiniq-di-lecce\/#respond"]}]},{"@type":"Person","@id":"https:\/\/arteeluoghi.it\/#\/schema\/person\/f84e814e36e91e01448ee07eaadd41d4","name":"Staff","image":{"@type":"ImageObject","@id":"https:\/\/arteeluoghi.it\/#personlogo","inLanguage":"it-IT","url":"https:\/\/secure.gravatar.com\/avatar\/49d2f9e46271bb04e19cebfaf141313a?s=96&d=blank&r=g","contentUrl":"https:\/\/secure.gravatar.com\/avatar\/49d2f9e46271bb04e19cebfaf141313a?s=96&d=blank&r=g","caption":"Staff"}}]}},"_links":{"self":[{"href":"https:\/\/arteeluoghi.it\/index.php\/wp-json\/wp\/v2\/posts\/195"}],"collection":[{"href":"https:\/\/arteeluoghi.it\/index.php\/wp-json\/wp\/v2\/posts"}],"about":[{"href":"https:\/\/arteeluoghi.it\/index.php\/wp-json\/wp\/v2\/types\/post"}],"author":[{"embeddable":true,"href":"https:\/\/arteeluoghi.it\/index.php\/wp-json\/wp\/v2\/users\/1"}],"replies":[{"embeddable":true,"href":"https:\/\/arteeluoghi.it\/index.php\/wp-json\/wp\/v2\/comments?post=195"}],"version-history":[{"count":0,"href":"https:\/\/arteeluoghi.it\/index.php\/wp-json\/wp\/v2\/posts\/195\/revisions"}],"wp:attachment":[{"href":"https:\/\/arteeluoghi.it\/index.php\/wp-json\/wp\/v2\/media?parent=195"}],"wp:term":[{"taxonomy":"category","embeddable":true,"href":"https:\/\/arteeluoghi.it\/index.php\/wp-json\/wp\/v2\/categories?post=195"},{"taxonomy":"post_tag","embeddable":true,"href":"https:\/\/arteeluoghi.it\/index.php\/wp-json\/wp\/v2\/tags?post=195"}],"curies":[{"name":"wp","href":"https:\/\/api.w.org\/{rel}","templated":true}]}}