{"id":1952,"date":"2014-11-07T08:56:50","date_gmt":"2014-11-07T07:56:50","guid":{"rendered":"http:\/\/arteeluoghi.it\/index.php\/2014\/11\/07\/mysterium-lunae-al-marta\/"},"modified":"2014-11-07T08:56:50","modified_gmt":"2014-11-07T07:56:50","slug":"mysterium-lunae-al-marta","status":"publish","type":"post","link":"https:\/\/arteeluoghi.it\/index.php\/2014\/11\/07\/mysterium-lunae-al-marta\/","title":{"rendered":"Mysterium Lunae al Marta"},"content":{"rendered":"<p><object width=\"425\" height=\"350\" align=\"left\" hspace=\"12\" vspace=\"12\" data=\"http:\/\/www.youtube.com\/embed\/ytxDFTX2Fl4\" type=\"audio\/x-pn-realaudio-plugin\"><param name=\"src\" value=\"http:\/\/www.youtube.com\/embed\/ytxDFTX2Fl4\" \/><param name=\"frameborder\" value=\"0\" \/><\/object>Sabato 8 novembre al Marta di Taranto in scena il lavoro scritto e diretto da Daniela Giummo<strong><br \/><\/strong><\/p>\n<p><strong>Vita, morte e destino. Il tempo delle Moire<\/strong><\/p>\n<p>Il grande salone d&#8217;ingresso del Marta, il Museo Archeologico di Taranto, si trasforma sabato 8 novembre 2014 in un grande palcoscenico per lo spettacolo &#8220;Mysterium Lunae&#8221; scritto e diretto da Daniela Giummo, con Paola Chiarelli, Emilia Pulito e Lucia Zotti.<\/p>\n<p>Un percorso nel mito, nell&#8217;eterna danza sull&#8217;esile ponte fra maschile e femminile, nell&#8217;inesorabile passaggio fra vita-morte-vita. E non poteva esserci location pi\u00f9 azzeccata del Marta, autentico scrigno di tesori con le collezioni greche, romane e apule, tra cui alcuni degli ori che hanno reso celebre il Museo in tutto il mondo, per una pi\u00e8ce che riporta l&#8217;orologio nella notte dei tempi illluminata dalla &#8220;misteriosa luna davanti alla quale l&#8217;uomo si piegava adorante e sgomento&#8221;. L&#8217;escamotage teatrale \u00e8 il risveglio delle Moire, le mitiche filatrici del destino che si risvegliano un ultima volta dal sonno millennario in cui sono cadute\u00a0 dopo l&#8217;avvento delle nuove religioni e, sorprese dall&#8217;inaspettato incontro col pubblico, si raccontano.<\/p>\n<p>\u00a0<\/p>\n<p>  <!--more-->  <\/p>\n<p>\u00a0<\/p>\n<p><span id=\"__caret\"><\/span>&#8220;La vecchia donna che ha compiuto il proprio destino\u00a0 &#8211; spiega la registae drammaturga\u00a0 Daniela Giummo &#8211; \u00e8 pronta per lo svelamento: il guscio della sua apparenza terrena si sfalda e libera crepitando la Grande Dea Madre. All&#8217;umanit\u00e0 balbettante rivela i suoni per comporre le parole. Sul suo volto riverbera la luna, che con le sue dilatazioni e contrazioni, le sue fasi, la sua triplicit\u00e0, per prima siede sul trono del creato e da l\u00ec governa il mondo.Dietro la maschera, che nello svolgersi del tempo altre triadi divine calzeranno, sar\u00e0 sempre lei: la Dea multiforme, buona, terribile, buona e terribile insieme. Anche le Moire, filatrici del destino, Cloto, Lachesi e Atropo, si nasconderanno dietro quell&#8217;unico volto d&#8217;argento che infine Zeus sottrarr\u00e0 con violenza al femminile, per affermare la sua sovranit\u00e0. Figurine mutevoli ed inquietanti, come le ombre disegnate dalla notte di luna, le tre Moire si svegliano da un sonno millenario ed introducono gradualmente lo spettatore in un percorso sapienziale che risuona di parole arcane, per coinvolgerlo infine nel segreto rituale di iniziazione di un&#8217;anima alla vita&#8221;.<\/p>\n<p>\u00a0<\/p>\n<p>red. Arte e Luoghi<\/p>\n<p><span id=\"__caret\">\u00a0<\/span><\/p>\n<p>\u00a0<\/p>\n<p><span class=\"news_data\">Museo Nazionale Archeologico di Taranto<\/p>\n<p>Via Cavour, 10<br \/>74100 Taranto<\/p>\n<p>T (+39) 099 4 53 21 12<br \/>F (+39) 099 4 59 49 46<\/span><\/p>\n","protected":false},"excerpt":{"rendered":"<p>Sabato 8 novembre al Marta di Taranto in scena il lavoro scritto e diretto da Daniela Giummo Vita, morte e<\/p>\n","protected":false},"author":1,"featured_media":0,"comment_status":"open","ping_status":"open","sticky":false,"template":"","format":"standard","meta":[],"categories":[13],"tags":[],"yoast_head":"<!-- This site is optimized with the Yoast SEO plugin v18.0 - https:\/\/yoast.com\/wordpress\/plugins\/seo\/ -->\n<title>Mysterium Lunae al Marta | Arte e Luoghi<\/title>\n<meta name=\"robots\" content=\"index, follow, max-snippet:-1, max-image-preview:large, max-video-preview:-1\" \/>\n<link rel=\"canonical\" href=\"https:\/\/arteeluoghi.it\/index.php\/2014\/11\/07\/mysterium-lunae-al-marta\/\" \/>\n<meta property=\"og:locale\" content=\"it_IT\" \/>\n<meta property=\"og:type\" content=\"article\" \/>\n<meta property=\"og:title\" content=\"Mysterium Lunae al Marta | Arte e Luoghi\" \/>\n<meta property=\"og:description\" content=\"Sabato 8 novembre al Marta di Taranto in scena il lavoro scritto e diretto da Daniela Giummo Vita, morte e\" \/>\n<meta property=\"og:url\" content=\"https:\/\/arteeluoghi.it\/index.php\/2014\/11\/07\/mysterium-lunae-al-marta\/\" \/>\n<meta property=\"og:site_name\" content=\"Arte e Luoghi\" \/>\n<meta property=\"article:publisher\" content=\"https:\/\/www.facebook.com\/ArteELuoghi\/\" \/>\n<meta property=\"article:published_time\" content=\"2014-11-07T07:56:50+00:00\" \/>\n<meta name=\"twitter:card\" content=\"summary\" \/>\n<meta name=\"twitter:creator\" content=\"@arteeluoghi\" \/>\n<meta name=\"twitter:site\" content=\"@arteeluoghi\" \/>\n<meta name=\"twitter:label1\" content=\"Scritto da\" \/>\n\t<meta name=\"twitter:data1\" content=\"Staff\" \/>\n\t<meta name=\"twitter:label2\" content=\"Tempo di lettura stimato\" \/>\n\t<meta name=\"twitter:data2\" content=\"2 minuti\" \/>\n<script type=\"application\/ld+json\" class=\"yoast-schema-graph\">{\"@context\":\"https:\/\/schema.org\",\"@graph\":[{\"@type\":\"Organization\",\"@id\":\"https:\/\/arteeluoghi.it\/#organization\",\"name\":\"Arte e Luoghi\",\"url\":\"https:\/\/arteeluoghi.it\/\",\"sameAs\":[\"https:\/\/www.facebook.com\/ArteELuoghi\/\",\"https:\/\/www.instagram.com\/arteeluoghi\/?hl=it\",\"https:\/\/www.youtube.com\/channel\/UCuRVc4JW4-C5sg9rQB-srkw?view_as=subscriber\",\"https:\/\/twitter.com\/arteeluoghi\"],\"logo\":{\"@type\":\"ImageObject\",\"@id\":\"https:\/\/arteeluoghi.it\/#logo\",\"inLanguage\":\"it-IT\",\"url\":\"https:\/\/arteeluoghi.it\/wp-content\/uploads\/2018\/08\/logoinstagramarte.jpg\",\"contentUrl\":\"https:\/\/arteeluoghi.it\/wp-content\/uploads\/2018\/08\/logoinstagramarte.jpg\",\"width\":150,\"height\":150,\"caption\":\"Arte e Luoghi\"},\"image\":{\"@id\":\"https:\/\/arteeluoghi.it\/#logo\"}},{\"@type\":\"WebSite\",\"@id\":\"https:\/\/arteeluoghi.it\/#website\",\"url\":\"https:\/\/arteeluoghi.it\/\",\"name\":\"Arte e Luoghi\",\"description\":\"Mensile di arte, cultura, turismo e curiosit\u00e0\",\"publisher\":{\"@id\":\"https:\/\/arteeluoghi.it\/#organization\"},\"potentialAction\":[{\"@type\":\"SearchAction\",\"target\":{\"@type\":\"EntryPoint\",\"urlTemplate\":\"https:\/\/arteeluoghi.it\/?s={search_term_string}\"},\"query-input\":\"required name=search_term_string\"}],\"inLanguage\":\"it-IT\"},{\"@type\":\"WebPage\",\"@id\":\"https:\/\/arteeluoghi.it\/index.php\/2014\/11\/07\/mysterium-lunae-al-marta\/#webpage\",\"url\":\"https:\/\/arteeluoghi.it\/index.php\/2014\/11\/07\/mysterium-lunae-al-marta\/\",\"name\":\"Mysterium Lunae al Marta | Arte e Luoghi\",\"isPartOf\":{\"@id\":\"https:\/\/arteeluoghi.it\/#website\"},\"datePublished\":\"2014-11-07T07:56:50+00:00\",\"dateModified\":\"2014-11-07T07:56:50+00:00\",\"breadcrumb\":{\"@id\":\"https:\/\/arteeluoghi.it\/index.php\/2014\/11\/07\/mysterium-lunae-al-marta\/#breadcrumb\"},\"inLanguage\":\"it-IT\",\"potentialAction\":[{\"@type\":\"ReadAction\",\"target\":[\"https:\/\/arteeluoghi.it\/index.php\/2014\/11\/07\/mysterium-lunae-al-marta\/\"]}]},{\"@type\":\"BreadcrumbList\",\"@id\":\"https:\/\/arteeluoghi.it\/index.php\/2014\/11\/07\/mysterium-lunae-al-marta\/#breadcrumb\",\"itemListElement\":[{\"@type\":\"ListItem\",\"position\":1,\"name\":\"Home\",\"item\":\"https:\/\/arteeluoghi.it\/\"},{\"@type\":\"ListItem\",\"position\":2,\"name\":\"Mysterium Lunae al Marta\"}]},{\"@type\":\"Article\",\"@id\":\"https:\/\/arteeluoghi.it\/index.php\/2014\/11\/07\/mysterium-lunae-al-marta\/#article\",\"isPartOf\":{\"@id\":\"https:\/\/arteeluoghi.it\/index.php\/2014\/11\/07\/mysterium-lunae-al-marta\/#webpage\"},\"author\":{\"@id\":\"https:\/\/arteeluoghi.it\/#\/schema\/person\/f84e814e36e91e01448ee07eaadd41d4\"},\"headline\":\"Mysterium Lunae al Marta\",\"datePublished\":\"2014-11-07T07:56:50+00:00\",\"dateModified\":\"2014-11-07T07:56:50+00:00\",\"mainEntityOfPage\":{\"@id\":\"https:\/\/arteeluoghi.it\/index.php\/2014\/11\/07\/mysterium-lunae-al-marta\/#webpage\"},\"wordCount\":367,\"commentCount\":0,\"publisher\":{\"@id\":\"https:\/\/arteeluoghi.it\/#organization\"},\"articleSection\":[\"teatro\"],\"inLanguage\":\"it-IT\",\"potentialAction\":[{\"@type\":\"CommentAction\",\"name\":\"Comment\",\"target\":[\"https:\/\/arteeluoghi.it\/index.php\/2014\/11\/07\/mysterium-lunae-al-marta\/#respond\"]}]},{\"@type\":\"Person\",\"@id\":\"https:\/\/arteeluoghi.it\/#\/schema\/person\/f84e814e36e91e01448ee07eaadd41d4\",\"name\":\"Staff\",\"image\":{\"@type\":\"ImageObject\",\"@id\":\"https:\/\/arteeluoghi.it\/#personlogo\",\"inLanguage\":\"it-IT\",\"url\":\"https:\/\/secure.gravatar.com\/avatar\/49d2f9e46271bb04e19cebfaf141313a?s=96&d=blank&r=g\",\"contentUrl\":\"https:\/\/secure.gravatar.com\/avatar\/49d2f9e46271bb04e19cebfaf141313a?s=96&d=blank&r=g\",\"caption\":\"Staff\"}}]}<\/script>\n<!-- \/ Yoast SEO plugin. -->","yoast_head_json":{"title":"Mysterium Lunae al Marta | Arte e Luoghi","robots":{"index":"index","follow":"follow","max-snippet":"max-snippet:-1","max-image-preview":"max-image-preview:large","max-video-preview":"max-video-preview:-1"},"canonical":"https:\/\/arteeluoghi.it\/index.php\/2014\/11\/07\/mysterium-lunae-al-marta\/","og_locale":"it_IT","og_type":"article","og_title":"Mysterium Lunae al Marta | Arte e Luoghi","og_description":"Sabato 8 novembre al Marta di Taranto in scena il lavoro scritto e diretto da Daniela Giummo Vita, morte e","og_url":"https:\/\/arteeluoghi.it\/index.php\/2014\/11\/07\/mysterium-lunae-al-marta\/","og_site_name":"Arte e Luoghi","article_publisher":"https:\/\/www.facebook.com\/ArteELuoghi\/","article_published_time":"2014-11-07T07:56:50+00:00","twitter_card":"summary","twitter_creator":"@arteeluoghi","twitter_site":"@arteeluoghi","twitter_misc":{"Scritto da":"Staff","Tempo di lettura stimato":"2 minuti"},"schema":{"@context":"https:\/\/schema.org","@graph":[{"@type":"Organization","@id":"https:\/\/arteeluoghi.it\/#organization","name":"Arte e Luoghi","url":"https:\/\/arteeluoghi.it\/","sameAs":["https:\/\/www.facebook.com\/ArteELuoghi\/","https:\/\/www.instagram.com\/arteeluoghi\/?hl=it","https:\/\/www.youtube.com\/channel\/UCuRVc4JW4-C5sg9rQB-srkw?view_as=subscriber","https:\/\/twitter.com\/arteeluoghi"],"logo":{"@type":"ImageObject","@id":"https:\/\/arteeluoghi.it\/#logo","inLanguage":"it-IT","url":"https:\/\/arteeluoghi.it\/wp-content\/uploads\/2018\/08\/logoinstagramarte.jpg","contentUrl":"https:\/\/arteeluoghi.it\/wp-content\/uploads\/2018\/08\/logoinstagramarte.jpg","width":150,"height":150,"caption":"Arte e Luoghi"},"image":{"@id":"https:\/\/arteeluoghi.it\/#logo"}},{"@type":"WebSite","@id":"https:\/\/arteeluoghi.it\/#website","url":"https:\/\/arteeluoghi.it\/","name":"Arte e Luoghi","description":"Mensile di arte, cultura, turismo e curiosit\u00e0","publisher":{"@id":"https:\/\/arteeluoghi.it\/#organization"},"potentialAction":[{"@type":"SearchAction","target":{"@type":"EntryPoint","urlTemplate":"https:\/\/arteeluoghi.it\/?s={search_term_string}"},"query-input":"required name=search_term_string"}],"inLanguage":"it-IT"},{"@type":"WebPage","@id":"https:\/\/arteeluoghi.it\/index.php\/2014\/11\/07\/mysterium-lunae-al-marta\/#webpage","url":"https:\/\/arteeluoghi.it\/index.php\/2014\/11\/07\/mysterium-lunae-al-marta\/","name":"Mysterium Lunae al Marta | Arte e Luoghi","isPartOf":{"@id":"https:\/\/arteeluoghi.it\/#website"},"datePublished":"2014-11-07T07:56:50+00:00","dateModified":"2014-11-07T07:56:50+00:00","breadcrumb":{"@id":"https:\/\/arteeluoghi.it\/index.php\/2014\/11\/07\/mysterium-lunae-al-marta\/#breadcrumb"},"inLanguage":"it-IT","potentialAction":[{"@type":"ReadAction","target":["https:\/\/arteeluoghi.it\/index.php\/2014\/11\/07\/mysterium-lunae-al-marta\/"]}]},{"@type":"BreadcrumbList","@id":"https:\/\/arteeluoghi.it\/index.php\/2014\/11\/07\/mysterium-lunae-al-marta\/#breadcrumb","itemListElement":[{"@type":"ListItem","position":1,"name":"Home","item":"https:\/\/arteeluoghi.it\/"},{"@type":"ListItem","position":2,"name":"Mysterium Lunae al Marta"}]},{"@type":"Article","@id":"https:\/\/arteeluoghi.it\/index.php\/2014\/11\/07\/mysterium-lunae-al-marta\/#article","isPartOf":{"@id":"https:\/\/arteeluoghi.it\/index.php\/2014\/11\/07\/mysterium-lunae-al-marta\/#webpage"},"author":{"@id":"https:\/\/arteeluoghi.it\/#\/schema\/person\/f84e814e36e91e01448ee07eaadd41d4"},"headline":"Mysterium Lunae al Marta","datePublished":"2014-11-07T07:56:50+00:00","dateModified":"2014-11-07T07:56:50+00:00","mainEntityOfPage":{"@id":"https:\/\/arteeluoghi.it\/index.php\/2014\/11\/07\/mysterium-lunae-al-marta\/#webpage"},"wordCount":367,"commentCount":0,"publisher":{"@id":"https:\/\/arteeluoghi.it\/#organization"},"articleSection":["teatro"],"inLanguage":"it-IT","potentialAction":[{"@type":"CommentAction","name":"Comment","target":["https:\/\/arteeluoghi.it\/index.php\/2014\/11\/07\/mysterium-lunae-al-marta\/#respond"]}]},{"@type":"Person","@id":"https:\/\/arteeluoghi.it\/#\/schema\/person\/f84e814e36e91e01448ee07eaadd41d4","name":"Staff","image":{"@type":"ImageObject","@id":"https:\/\/arteeluoghi.it\/#personlogo","inLanguage":"it-IT","url":"https:\/\/secure.gravatar.com\/avatar\/49d2f9e46271bb04e19cebfaf141313a?s=96&d=blank&r=g","contentUrl":"https:\/\/secure.gravatar.com\/avatar\/49d2f9e46271bb04e19cebfaf141313a?s=96&d=blank&r=g","caption":"Staff"}}]}},"_links":{"self":[{"href":"https:\/\/arteeluoghi.it\/index.php\/wp-json\/wp\/v2\/posts\/1952"}],"collection":[{"href":"https:\/\/arteeluoghi.it\/index.php\/wp-json\/wp\/v2\/posts"}],"about":[{"href":"https:\/\/arteeluoghi.it\/index.php\/wp-json\/wp\/v2\/types\/post"}],"author":[{"embeddable":true,"href":"https:\/\/arteeluoghi.it\/index.php\/wp-json\/wp\/v2\/users\/1"}],"replies":[{"embeddable":true,"href":"https:\/\/arteeluoghi.it\/index.php\/wp-json\/wp\/v2\/comments?post=1952"}],"version-history":[{"count":0,"href":"https:\/\/arteeluoghi.it\/index.php\/wp-json\/wp\/v2\/posts\/1952\/revisions"}],"wp:attachment":[{"href":"https:\/\/arteeluoghi.it\/index.php\/wp-json\/wp\/v2\/media?parent=1952"}],"wp:term":[{"taxonomy":"category","embeddable":true,"href":"https:\/\/arteeluoghi.it\/index.php\/wp-json\/wp\/v2\/categories?post=1952"},{"taxonomy":"post_tag","embeddable":true,"href":"https:\/\/arteeluoghi.it\/index.php\/wp-json\/wp\/v2\/tags?post=1952"}],"curies":[{"name":"wp","href":"https:\/\/api.w.org\/{rel}","templated":true}]}}