{"id":1960,"date":"2014-11-19T14:32:42","date_gmt":"2014-11-19T13:32:42","guid":{"rendered":"http:\/\/arteeluoghi.it\/index.php\/2014\/11\/19\/ricordando-la-grande-guerra-sulle-note-del-requiem-di-mozart\/"},"modified":"2014-11-19T14:32:42","modified_gmt":"2014-11-19T13:32:42","slug":"ricordando-la-grande-guerra-sulle-note-del-requiem-di-mozart","status":"publish","type":"post","link":"https:\/\/arteeluoghi.it\/index.php\/2014\/11\/19\/ricordando-la-grande-guerra-sulle-note-del-requiem-di-mozart\/","title":{"rendered":"Ricordando la Grande Guerra. Sulle note del Requiem di Mozart"},"content":{"rendered":"<p style=\"text-align: left;\" align=\"center\"><img src=\"\/images\/conservatorio.png\" border=\"0\" title=\"il manifesto dell'iniziativa\" width=\"300\" style=\"margin: 21px; border: 1px solid black; float: right;\" \/>Sabato 22 novembre al Teatro Politeama di Lecce<\/p>\n<p style=\"text-align: left;\" align=\"center\"><strong>Concerto inaugurale del Conservatorio &#8220;Tito Schipa di Lecce\u00a0 <\/strong><\/p>\n<p style=\"text-align: left;\" align=\"center\">WOLFGANG AMADEUS MOZART<strong>. <\/strong><em>MESSA DI REQUIEM <\/em>in re minore (K 626) per Soli, Coro e Orchestra<\/p>\n<p>Con un grandioso concerto inaugurale del nuovo anno accademico, sulle straordinarie note del <em>Requiem<\/em> di Mozart, dedicato alle vittime di tutti i conflitti, ricorrendo nel 2015 il centenario della Grande Guerra, riparte, con rinnovato entusiasmo, la lunga serie di appuntamenti culturali promossi dal Conservatorio \u201cTito Schipa\u201d di Lecce. Sull\u2019onda dei consensi dello scorso anno, la stagione dei concerti, che si snoder\u00e0 da novembre a giugno dell\u2019anno a venire, in sedici appuntamenti, intende creare una forte connessione con la citt\u00e0 e il territorio e diventare appuntamento stabile e di sicuro successo. Sfoggiando il prodotto di un\u2019offerta formativa di alto livello, il ricco e vario cartellone del Conservatorio offrir\u00e0 al pubblico un prodotto di cultura musicale d\u2019eccellenza, punto d\u2019arrivo e sintesi perfetta del lavoro di ricerca, di didattica e di produzione artistica quotidianamente svolto dalle sue professionalit\u00e0 con seriet\u00e0 e impegno.<\/p>\n<p>\u00a0<\/p>\n<p>Il concerto si terr\u00e0 al <strong>Teatro Politeama Greco di Lecce<\/strong> sabato <strong>22 novembre 2014<\/strong> (ore 20.45), nella festivit\u00e0 di Santa Cecilia, patrona della musica e dei musicisti.<\/p>\n<p>  <!--more-->  <\/p>\n<p>\u00a0<\/p>\n<p>In programma la grandiosa <em>Messa di<\/em> <em>Requiem<\/em> in re minore K 626 (1791) di W. A. Mozart, incompiuto testamento del genio di Salisburgo, di una bellezza che non ha eguali nella storia della musica: la sacralit\u00e0 e l\u2019angoscia della dipartita umana magistralmente affidate alle note poderose e terribili del <em>Dies irae<\/em>, a quelle misteriose e arcane del <em>Lacrimosa<\/em> accompagnate da cori gravi che riecheggiano quali lamenti. Scandendo il ritmo dell\u2019addio e facendosi inno alla morte, il\u00a0<em>Requiem\u00a0<\/em>di Mozart trasporta in una fluttuante ed estatica atmosfera di magnificenza e inquietudine che commuove e suscita ammirazione nei confronti del suo autore, come nelle parole di Kierkegaard: \u00abMozart immortale! A te devo tutto, \u00e8 per te che ho perso il senno, che il mio spirito \u00e8 stato colpito da meraviglia ed \u00e8 stato scosso nelle sue profondit\u00e0; devo a te se non ho trascorso la vita senza che nulla fosse capace di scuotermi\u00bb.<\/p>\n<p>Sul palco il soprano <strong>SILVIA SUSAN ROSATO FRANCHINI<\/strong>, il mezzosoprano <strong>GABRIELLA SBORGI<\/strong>, il tenore <strong>CATALDO CAPUTO<\/strong> e il baritono <strong>GIUSEPPE NAVIGLIO<\/strong>, affiancati dal <strong>CORO LIRICO DI LECCE<\/strong>, dal <strong>CORO DEL CONSERVATORIO TITO SCHIPA<\/strong>, rispettivamente diretti dai maestri del coro <strong>EMANUELA DI PIETRO <\/strong>e<strong> FRANCESCO MUOLO<\/strong>, e sostenuti <strong>dall\u2019ORCHESTRA SINFONICA DEL CONSERVATORIO DI LECCE<\/strong> diretta dal M\u00b0 <strong>MICHELE NITTI<\/strong>.<\/p>\n<p>La serata sar\u00e0 impreziosita dalla cerimonia di consegna del <strong>Premio \u201cOrfeo d\u2019oro\u201d<\/strong> alla carriera, una statuetta in bronzo creata per l\u2019occasione dallo scultore <strong>Antonio Miglietta<\/strong> dell\u2019Accademia di Belle Arti di Lecce. Per quest\u2019anno il premio \u00e8 stato assegnato dal Consiglio Accademico del Conservatorio a <strong>IVAN FEDELE<\/strong>, eccellenza del territorio che si \u00e8 distinta, in Italia e nel mondo, per l\u2019alto valore artistico raggiunto. Con l\u2019orgoglio dei conterranei, un sentito riconoscimento al talento e al merito che si \u00e8 inteso conferire al fulgido esempio per le nuove generazioni di musicisti.<\/p>\n<p>La progettazione grafica dell\u2019evento \u00e8 stata curata dai Prof.ri <strong>Nunzio Fiore<\/strong> e <strong>Silvia Papucci<\/strong> dell\u2019Accademia delle Belle Arti e realizzata dall\u2019allieva <strong>Miriana Pino<\/strong>.<\/p>\n<p>Conduce la serata <strong>Marcello Favale<\/strong>, giornalista RAI di lunga carriera.<\/p>\n<p>(fonte: comunicato stampa)<\/p>\n<p>\u00a0<\/p>\n<p>\u00a0<\/p>\n<p>\u00a0<\/p>\n<p>La Stagione concertistica prosegue con i seguenti appuntamenti:<\/p>\n<p><strong>\u00a0<\/strong><\/p>\n<p><strong>Sabato 6 Dicembre 2014 ore 19:30<\/strong><\/p>\n<p><strong>Duecento &#8211; Omaggio ad Adolphe Sax<\/strong> nel bicentenario della nascita<\/p>\n<p><strong>Ensemble di Saxofoni del Conservatorio Tito Schipa<\/strong><\/p>\n<p><strong>Biblioteca R. Caracciolo <\/strong><\/p>\n<p>Via Imperatore Adriano, 79 &#8211; Lecce<\/p>\n<p>\u00a0<\/p>\n<p><strong>Domenica 21 Dicembre 2014 ore 20:00<\/strong><\/p>\n<p><strong>NOEL \u00c9TRANGER<\/strong><strong> &#8211; Note di Auguri <\/strong><\/p>\n<p>Organo &#8211; <strong>Antonio Rizzato <\/strong><\/p>\n<p><strong>Chiesa S. Antonio a Fulgenzio <\/strong><\/p>\n<p>Via Imperatore Adriano \u2013 Lecce<\/p>\n<p>\u00a0<\/p>\n<p><strong>Domenica 11 Gennaio 2015 \u2013 ore 19:30<\/strong><\/p>\n<p><strong>Lecce Accordion Project <\/strong><\/p>\n<p>Fisarmonica &#8211; <strong>Michele Bianco <\/strong><\/p>\n<p><strong>Lecce Accordion Project<\/strong> &#8211;\u00a0 <strong>Michele Bianco<\/strong>, <strong>Giovanni Fanizza<\/strong>, <strong>Francesco Coluccia<\/strong><\/p>\n<p><strong>Biblioteca R. Caracciolo <\/strong><\/p>\n<p>Via Imperatore Adriano, 79\u2013 Lecce<\/p>\n<p>\u00a0<\/p>\n<p><strong>Marted\u00ec 27 Gennaio 2015 <\/strong><\/p>\n<p><strong>Giornata della Memoria<\/strong><\/p>\n<p><strong>Ore 11:00<\/strong> &#8211; Conferenza a cura di <strong>Eraldo Martucci<\/strong><\/p>\n<p><strong>Auditorium Conservatorio di Musica \u201cTito Schipa\u201d<\/strong><\/p>\n<p>Via V. Ciardo, 2 \u2013 Lecce<\/p>\n<p>\u00a0<\/p>\n<p><strong>Ore 18:30<\/strong> &#8211; <strong>Santa Messa<\/strong> a cura della Schola Gregoriana \u201cCum Jubilo\u201d<\/p>\n<p>Direttore <strong>Patrizia Durante<\/strong><\/p>\n<p>Organista <strong>Antonio Rizzato<\/strong><\/p>\n<p><strong>Chiesa S. Antonio a Fulgenzio <\/strong><\/p>\n<p>Via Imperatore Adriano \u2013 Lecce<\/p>\n<p><strong>\u00a0<\/strong><\/p>\n<p><strong>Marted\u00ec 17 febbraio 2015 \u2013 ore 20:45<\/strong><\/p>\n<p><strong>Carnevale degli Animali, Pulcinella e\u2026.<\/strong><\/p>\n<p><em>Concerto in collaborazione con il Comune di Lecce<\/em><\/p>\n<p>Orchestra da camera del Conservatorio Tito Schipa<\/p>\n<p>Solisti <strong>Pierluigi Camicia <\/strong>e<strong> Vincenzo Rana<\/strong><\/p>\n<p>Direttore <strong>Giovanni Pellegrini<\/strong><\/p>\n<p><strong>Teatro Paisiello <\/strong><\/p>\n<p>Via Giuseppe Palmieri \u2013 Lecce<\/p>\n<p><strong>\u00a0<\/strong><\/p>\n<p><strong>Domenica 8 marzo 2015 \u2013 ore 19:30<\/strong><\/p>\n<p><strong>Gal\u00e0 Lirico <\/strong><\/p>\n<p>Soprano &#8211; <strong>Alessandra Contaldo<\/strong><\/p>\n<p>Soprano &#8211; <strong>Li Min<\/strong><\/p>\n<p>Pianoforte &#8211; <strong>Vanessa Sotgiu<\/strong><\/p>\n<p><strong>Biblioteca R. Caracciolo <\/strong><\/p>\n<p>Via Imperatore Adriano, 79\u2013 Lecce<\/p>\n<p>\u00a0<\/p>\n<p><strong>Mercoled\u00ec 18 marzo 2015 \u2013 ore 20:30<\/strong><\/p>\n<p><strong>Imagin\u00e9es: flauto e Novecento francese<\/strong><\/p>\n<p>Flauto <strong>\u00a0Elena Borlizzi<\/strong><\/p>\n<p>Pianoforte <strong>Valerio De Giorgi<\/strong>, <strong>Carlo Scorrano<\/strong><\/p>\n<p><strong>Auditorium Conservatorio di Musica \u201cTito Schipa\u201d<\/strong><\/p>\n<p>Via V. Ciardo, 2 \u2013 Lecce<\/p>\n<p>\u00a0<\/p>\n<p><strong>Marted\u00ec 31 Marzo 2015 \u2013 ore 20:30<\/strong><\/p>\n<p><strong>Le ultime sette parole \u2013 Concerto della Settimana Santa<\/strong><\/p>\n<p>Orchestra di Fiati del Conservatorio Tito Schipa<\/p>\n<p>Direttore <strong>Francesco Muolo<\/strong><\/p>\n<p><strong>Chiesa S. Matteo <\/strong><\/p>\n<p>Via dei Perroni \u2013 Lecce<\/p>\n<p>\u00a0<\/p>\n<p><strong>Mercoled\u00ec 15 Aprile 2015 \u2013 ore 20:30<\/strong><\/p>\n<p><strong>Recital violino e pianoforte<\/strong><\/p>\n<p><strong>Veronica e Alessia Schifano<\/strong><\/p>\n<p><strong>Biblioteca R. Caracciolo <\/strong><\/p>\n<p>Via Imperatore Adriano, 79 \u2013 Lecce<\/p>\n<p>\u00a0<\/p>\n<p><strong>Gioved\u00ec 30 Aprile 2015 \u2013 ore 20:45<\/strong><\/p>\n<p><strong>Unesco Jazz Day<\/strong><\/p>\n<p><strong>Patrizia Lomuscio<\/strong> e allieve della classe di Canto Jazz<\/p>\n<p>del Conservatorio Tito Schipa<\/p>\n<p><strong>Swing Big Band<\/strong> del Conservatorio Tito Schipa<\/p>\n<p>Direttore <strong>Luigi Bubbico<\/strong><\/p>\n<p><strong>Sala della Comunit\u00e0 Cine-Teatro Antoniano <\/strong><\/p>\n<p>Via Monte San Michele, 2 \u2013 Lecce<\/p>\n<p><strong>\u00a0<\/strong><\/p>\n<p><strong>Sabato 9 maggio 2015 \u2013 ore 20:45<\/strong><\/p>\n<p><strong>Opera Europa Day <\/strong><\/p>\n<p><em>Concerto in collaborazione con il Comune di Lecce<\/em><\/p>\n<p>Soprano <strong>Virna Sforza<\/strong><\/p>\n<p>Pianoforte <strong>Roberto Corlian\u00f2<\/strong><\/p>\n<p><strong>Teatro Paisiello <\/strong><\/p>\n<p>Via Giuseppe Palmieri &#8211; Lecce<\/p>\n<p><strong>\u00a0<\/strong><\/p>\n<p><strong>Mercoled\u00ec 20 maggio 2015 \u2013 ore 20:30<\/strong><\/p>\n<p><strong>Per duo <\/strong><\/p>\n<p>Concerto per due pianoforti<\/p>\n<p><strong>Mariagrazia Lioy<\/strong> e <strong>Alberto Manzo<\/strong><\/p>\n<p><strong>Biblioteca R. Caracciolo <\/strong><\/p>\n<p>Via Imperatore Adriano, 79\u2013 Lecce<\/p>\n<p>\u00a0<\/p>\n<p>\u00a0<\/p>\n<p><strong>Venerd\u00ec 29 e Sabato 30 Maggio 2015 ore 20:30<\/strong><\/p>\n<p><strong>Festival di Musica Acusmatica<\/strong><\/p>\n<p><strong>Franco Degrassi <\/strong>e allievi della classe di Musica Elettronica<\/p>\n<p><strong>Auditorium Conservatorio di Musica \u201cTito Schipa\u201d<\/strong><\/p>\n<p>Via V. Ciardo, 2 \u2013 Lecce<\/p>\n<p><strong>\u00a0<\/strong><\/p>\n<p><strong>Sabato 6 Giugno 2015 \u2013 ore 21:00<\/strong><\/p>\n<p><strong>Quando la musica \u00e8 cinema <\/strong><\/p>\n<p><em>Concerto in collaborazione con il Comune di Lecce<\/em><\/p>\n<p><strong>Orchestra di Fiati del Conservatorio Tito Schipa<\/strong><\/p>\n<p>Direttore<strong> Giovanni Pellegrini<\/strong><\/p>\n<p><strong>Chiostro dei Teatini <\/strong><\/p>\n<p>Corso Vittorio Emanuele II, 16 \u2013 Lecce<\/p>\n<p><strong>\u00a0<\/strong><\/p>\n<p><strong>Domenica 21 Giugno 2015 \u2013 ore 21:00<\/strong><\/p>\n<p><strong>Festa della Musica<\/strong><\/p>\n<p><em>Concerto in collaborazione con il Comune di Lecce<\/em><\/p>\n<p><strong>Orchestra Giovanile del Conservatorio Tito Schipa<\/strong><\/p>\n<p>Direttore<strong> Michele Nitti<\/strong><\/p>\n<p><strong>Chiostro dei Teatini <\/strong><\/p>\n<p>Corso Vittorio Emanuele II, 16 \u2013 Lecce<\/p>\n","protected":false},"excerpt":{"rendered":"<p>Sabato 22 novembre al Teatro Politeama di Lecce Concerto inaugurale del Conservatorio &#8220;Tito Schipa di Lecce\u00a0 WOLFGANG AMADEUS MOZART. MESSA<\/p>\n","protected":false},"author":1,"featured_media":0,"comment_status":"open","ping_status":"open","sticky":false,"template":"","format":"standard","meta":[],"categories":[12],"tags":[],"yoast_head":"<!-- This site is optimized with the Yoast SEO plugin v18.0 - https:\/\/yoast.com\/wordpress\/plugins\/seo\/ -->\n<title>Ricordando la Grande Guerra. Sulle note del Requiem di Mozart | Arte e Luoghi<\/title>\n<meta name=\"robots\" content=\"index, follow, max-snippet:-1, max-image-preview:large, max-video-preview:-1\" \/>\n<link rel=\"canonical\" href=\"https:\/\/arteeluoghi.it\/index.php\/2014\/11\/19\/ricordando-la-grande-guerra-sulle-note-del-requiem-di-mozart\/\" \/>\n<meta property=\"og:locale\" content=\"it_IT\" \/>\n<meta property=\"og:type\" content=\"article\" \/>\n<meta property=\"og:title\" content=\"Ricordando la Grande Guerra. Sulle note del Requiem di Mozart | Arte e Luoghi\" \/>\n<meta property=\"og:description\" content=\"Sabato 22 novembre al Teatro Politeama di Lecce Concerto inaugurale del Conservatorio &#8220;Tito Schipa di Lecce\u00a0 WOLFGANG AMADEUS MOZART. MESSA\" \/>\n<meta property=\"og:url\" content=\"https:\/\/arteeluoghi.it\/index.php\/2014\/11\/19\/ricordando-la-grande-guerra-sulle-note-del-requiem-di-mozart\/\" \/>\n<meta property=\"og:site_name\" content=\"Arte e Luoghi\" \/>\n<meta property=\"article:publisher\" content=\"https:\/\/www.facebook.com\/ArteELuoghi\/\" \/>\n<meta property=\"article:published_time\" content=\"2014-11-19T13:32:42+00:00\" \/>\n<meta property=\"og:image\" content=\"https:\/\/arteeluoghi.it\/images\/conservatorio.png\" \/>\n<meta name=\"twitter:card\" content=\"summary\" \/>\n<meta name=\"twitter:creator\" content=\"@arteeluoghi\" \/>\n<meta name=\"twitter:site\" content=\"@arteeluoghi\" \/>\n<meta name=\"twitter:label1\" content=\"Scritto da\" \/>\n\t<meta name=\"twitter:data1\" content=\"Staff\" \/>\n\t<meta name=\"twitter:label2\" content=\"Tempo di lettura stimato\" \/>\n\t<meta name=\"twitter:data2\" content=\"5 minuti\" \/>\n<script type=\"application\/ld+json\" class=\"yoast-schema-graph\">{\"@context\":\"https:\/\/schema.org\",\"@graph\":[{\"@type\":\"Organization\",\"@id\":\"https:\/\/arteeluoghi.it\/#organization\",\"name\":\"Arte e Luoghi\",\"url\":\"https:\/\/arteeluoghi.it\/\",\"sameAs\":[\"https:\/\/www.facebook.com\/ArteELuoghi\/\",\"https:\/\/www.instagram.com\/arteeluoghi\/?hl=it\",\"https:\/\/www.youtube.com\/channel\/UCuRVc4JW4-C5sg9rQB-srkw?view_as=subscriber\",\"https:\/\/twitter.com\/arteeluoghi\"],\"logo\":{\"@type\":\"ImageObject\",\"@id\":\"https:\/\/arteeluoghi.it\/#logo\",\"inLanguage\":\"it-IT\",\"url\":\"https:\/\/arteeluoghi.it\/wp-content\/uploads\/2018\/08\/logoinstagramarte.jpg\",\"contentUrl\":\"https:\/\/arteeluoghi.it\/wp-content\/uploads\/2018\/08\/logoinstagramarte.jpg\",\"width\":150,\"height\":150,\"caption\":\"Arte e Luoghi\"},\"image\":{\"@id\":\"https:\/\/arteeluoghi.it\/#logo\"}},{\"@type\":\"WebSite\",\"@id\":\"https:\/\/arteeluoghi.it\/#website\",\"url\":\"https:\/\/arteeluoghi.it\/\",\"name\":\"Arte e Luoghi\",\"description\":\"Mensile di arte, cultura, turismo e curiosit\u00e0\",\"publisher\":{\"@id\":\"https:\/\/arteeluoghi.it\/#organization\"},\"potentialAction\":[{\"@type\":\"SearchAction\",\"target\":{\"@type\":\"EntryPoint\",\"urlTemplate\":\"https:\/\/arteeluoghi.it\/?s={search_term_string}\"},\"query-input\":\"required name=search_term_string\"}],\"inLanguage\":\"it-IT\"},{\"@type\":\"ImageObject\",\"@id\":\"https:\/\/arteeluoghi.it\/index.php\/2014\/11\/19\/ricordando-la-grande-guerra-sulle-note-del-requiem-di-mozart\/#primaryimage\",\"inLanguage\":\"it-IT\",\"url\":\"\/images\/conservatorio.png\",\"contentUrl\":\"\/images\/conservatorio.png\"},{\"@type\":\"WebPage\",\"@id\":\"https:\/\/arteeluoghi.it\/index.php\/2014\/11\/19\/ricordando-la-grande-guerra-sulle-note-del-requiem-di-mozart\/#webpage\",\"url\":\"https:\/\/arteeluoghi.it\/index.php\/2014\/11\/19\/ricordando-la-grande-guerra-sulle-note-del-requiem-di-mozart\/\",\"name\":\"Ricordando la Grande Guerra. Sulle note del Requiem di Mozart | Arte e Luoghi\",\"isPartOf\":{\"@id\":\"https:\/\/arteeluoghi.it\/#website\"},\"primaryImageOfPage\":{\"@id\":\"https:\/\/arteeluoghi.it\/index.php\/2014\/11\/19\/ricordando-la-grande-guerra-sulle-note-del-requiem-di-mozart\/#primaryimage\"},\"datePublished\":\"2014-11-19T13:32:42+00:00\",\"dateModified\":\"2014-11-19T13:32:42+00:00\",\"breadcrumb\":{\"@id\":\"https:\/\/arteeluoghi.it\/index.php\/2014\/11\/19\/ricordando-la-grande-guerra-sulle-note-del-requiem-di-mozart\/#breadcrumb\"},\"inLanguage\":\"it-IT\",\"potentialAction\":[{\"@type\":\"ReadAction\",\"target\":[\"https:\/\/arteeluoghi.it\/index.php\/2014\/11\/19\/ricordando-la-grande-guerra-sulle-note-del-requiem-di-mozart\/\"]}]},{\"@type\":\"BreadcrumbList\",\"@id\":\"https:\/\/arteeluoghi.it\/index.php\/2014\/11\/19\/ricordando-la-grande-guerra-sulle-note-del-requiem-di-mozart\/#breadcrumb\",\"itemListElement\":[{\"@type\":\"ListItem\",\"position\":1,\"name\":\"Home\",\"item\":\"https:\/\/arteeluoghi.it\/\"},{\"@type\":\"ListItem\",\"position\":2,\"name\":\"Ricordando la Grande Guerra. Sulle note del Requiem di Mozart\"}]},{\"@type\":\"Article\",\"@id\":\"https:\/\/arteeluoghi.it\/index.php\/2014\/11\/19\/ricordando-la-grande-guerra-sulle-note-del-requiem-di-mozart\/#article\",\"isPartOf\":{\"@id\":\"https:\/\/arteeluoghi.it\/index.php\/2014\/11\/19\/ricordando-la-grande-guerra-sulle-note-del-requiem-di-mozart\/#webpage\"},\"author\":{\"@id\":\"https:\/\/arteeluoghi.it\/#\/schema\/person\/f84e814e36e91e01448ee07eaadd41d4\"},\"headline\":\"Ricordando la Grande Guerra. Sulle note del Requiem di Mozart\",\"datePublished\":\"2014-11-19T13:32:42+00:00\",\"dateModified\":\"2014-11-19T13:32:42+00:00\",\"mainEntityOfPage\":{\"@id\":\"https:\/\/arteeluoghi.it\/index.php\/2014\/11\/19\/ricordando-la-grande-guerra-sulle-note-del-requiem-di-mozart\/#webpage\"},\"wordCount\":994,\"commentCount\":0,\"publisher\":{\"@id\":\"https:\/\/arteeluoghi.it\/#organization\"},\"image\":{\"@id\":\"https:\/\/arteeluoghi.it\/index.php\/2014\/11\/19\/ricordando-la-grande-guerra-sulle-note-del-requiem-di-mozart\/#primaryimage\"},\"thumbnailUrl\":\"\/images\/conservatorio.png\",\"articleSection\":[\"MUSICA\"],\"inLanguage\":\"it-IT\",\"potentialAction\":[{\"@type\":\"CommentAction\",\"name\":\"Comment\",\"target\":[\"https:\/\/arteeluoghi.it\/index.php\/2014\/11\/19\/ricordando-la-grande-guerra-sulle-note-del-requiem-di-mozart\/#respond\"]}]},{\"@type\":\"Person\",\"@id\":\"https:\/\/arteeluoghi.it\/#\/schema\/person\/f84e814e36e91e01448ee07eaadd41d4\",\"name\":\"Staff\",\"image\":{\"@type\":\"ImageObject\",\"@id\":\"https:\/\/arteeluoghi.it\/#personlogo\",\"inLanguage\":\"it-IT\",\"url\":\"https:\/\/secure.gravatar.com\/avatar\/49d2f9e46271bb04e19cebfaf141313a?s=96&d=blank&r=g\",\"contentUrl\":\"https:\/\/secure.gravatar.com\/avatar\/49d2f9e46271bb04e19cebfaf141313a?s=96&d=blank&r=g\",\"caption\":\"Staff\"}}]}<\/script>\n<!-- \/ Yoast SEO plugin. -->","yoast_head_json":{"title":"Ricordando la Grande Guerra. Sulle note del Requiem di Mozart | Arte e Luoghi","robots":{"index":"index","follow":"follow","max-snippet":"max-snippet:-1","max-image-preview":"max-image-preview:large","max-video-preview":"max-video-preview:-1"},"canonical":"https:\/\/arteeluoghi.it\/index.php\/2014\/11\/19\/ricordando-la-grande-guerra-sulle-note-del-requiem-di-mozart\/","og_locale":"it_IT","og_type":"article","og_title":"Ricordando la Grande Guerra. Sulle note del Requiem di Mozart | Arte e Luoghi","og_description":"Sabato 22 novembre al Teatro Politeama di Lecce Concerto inaugurale del Conservatorio &#8220;Tito Schipa di Lecce\u00a0 WOLFGANG AMADEUS MOZART. MESSA","og_url":"https:\/\/arteeluoghi.it\/index.php\/2014\/11\/19\/ricordando-la-grande-guerra-sulle-note-del-requiem-di-mozart\/","og_site_name":"Arte e Luoghi","article_publisher":"https:\/\/www.facebook.com\/ArteELuoghi\/","article_published_time":"2014-11-19T13:32:42+00:00","og_image":[{"url":"https:\/\/arteeluoghi.it\/images\/conservatorio.png"}],"twitter_card":"summary","twitter_creator":"@arteeluoghi","twitter_site":"@arteeluoghi","twitter_misc":{"Scritto da":"Staff","Tempo di lettura stimato":"5 minuti"},"schema":{"@context":"https:\/\/schema.org","@graph":[{"@type":"Organization","@id":"https:\/\/arteeluoghi.it\/#organization","name":"Arte e Luoghi","url":"https:\/\/arteeluoghi.it\/","sameAs":["https:\/\/www.facebook.com\/ArteELuoghi\/","https:\/\/www.instagram.com\/arteeluoghi\/?hl=it","https:\/\/www.youtube.com\/channel\/UCuRVc4JW4-C5sg9rQB-srkw?view_as=subscriber","https:\/\/twitter.com\/arteeluoghi"],"logo":{"@type":"ImageObject","@id":"https:\/\/arteeluoghi.it\/#logo","inLanguage":"it-IT","url":"https:\/\/arteeluoghi.it\/wp-content\/uploads\/2018\/08\/logoinstagramarte.jpg","contentUrl":"https:\/\/arteeluoghi.it\/wp-content\/uploads\/2018\/08\/logoinstagramarte.jpg","width":150,"height":150,"caption":"Arte e Luoghi"},"image":{"@id":"https:\/\/arteeluoghi.it\/#logo"}},{"@type":"WebSite","@id":"https:\/\/arteeluoghi.it\/#website","url":"https:\/\/arteeluoghi.it\/","name":"Arte e Luoghi","description":"Mensile di arte, cultura, turismo e curiosit\u00e0","publisher":{"@id":"https:\/\/arteeluoghi.it\/#organization"},"potentialAction":[{"@type":"SearchAction","target":{"@type":"EntryPoint","urlTemplate":"https:\/\/arteeluoghi.it\/?s={search_term_string}"},"query-input":"required name=search_term_string"}],"inLanguage":"it-IT"},{"@type":"ImageObject","@id":"https:\/\/arteeluoghi.it\/index.php\/2014\/11\/19\/ricordando-la-grande-guerra-sulle-note-del-requiem-di-mozart\/#primaryimage","inLanguage":"it-IT","url":"\/images\/conservatorio.png","contentUrl":"\/images\/conservatorio.png"},{"@type":"WebPage","@id":"https:\/\/arteeluoghi.it\/index.php\/2014\/11\/19\/ricordando-la-grande-guerra-sulle-note-del-requiem-di-mozart\/#webpage","url":"https:\/\/arteeluoghi.it\/index.php\/2014\/11\/19\/ricordando-la-grande-guerra-sulle-note-del-requiem-di-mozart\/","name":"Ricordando la Grande Guerra. Sulle note del Requiem di Mozart | Arte e Luoghi","isPartOf":{"@id":"https:\/\/arteeluoghi.it\/#website"},"primaryImageOfPage":{"@id":"https:\/\/arteeluoghi.it\/index.php\/2014\/11\/19\/ricordando-la-grande-guerra-sulle-note-del-requiem-di-mozart\/#primaryimage"},"datePublished":"2014-11-19T13:32:42+00:00","dateModified":"2014-11-19T13:32:42+00:00","breadcrumb":{"@id":"https:\/\/arteeluoghi.it\/index.php\/2014\/11\/19\/ricordando-la-grande-guerra-sulle-note-del-requiem-di-mozart\/#breadcrumb"},"inLanguage":"it-IT","potentialAction":[{"@type":"ReadAction","target":["https:\/\/arteeluoghi.it\/index.php\/2014\/11\/19\/ricordando-la-grande-guerra-sulle-note-del-requiem-di-mozart\/"]}]},{"@type":"BreadcrumbList","@id":"https:\/\/arteeluoghi.it\/index.php\/2014\/11\/19\/ricordando-la-grande-guerra-sulle-note-del-requiem-di-mozart\/#breadcrumb","itemListElement":[{"@type":"ListItem","position":1,"name":"Home","item":"https:\/\/arteeluoghi.it\/"},{"@type":"ListItem","position":2,"name":"Ricordando la Grande Guerra. Sulle note del Requiem di Mozart"}]},{"@type":"Article","@id":"https:\/\/arteeluoghi.it\/index.php\/2014\/11\/19\/ricordando-la-grande-guerra-sulle-note-del-requiem-di-mozart\/#article","isPartOf":{"@id":"https:\/\/arteeluoghi.it\/index.php\/2014\/11\/19\/ricordando-la-grande-guerra-sulle-note-del-requiem-di-mozart\/#webpage"},"author":{"@id":"https:\/\/arteeluoghi.it\/#\/schema\/person\/f84e814e36e91e01448ee07eaadd41d4"},"headline":"Ricordando la Grande Guerra. Sulle note del Requiem di Mozart","datePublished":"2014-11-19T13:32:42+00:00","dateModified":"2014-11-19T13:32:42+00:00","mainEntityOfPage":{"@id":"https:\/\/arteeluoghi.it\/index.php\/2014\/11\/19\/ricordando-la-grande-guerra-sulle-note-del-requiem-di-mozart\/#webpage"},"wordCount":994,"commentCount":0,"publisher":{"@id":"https:\/\/arteeluoghi.it\/#organization"},"image":{"@id":"https:\/\/arteeluoghi.it\/index.php\/2014\/11\/19\/ricordando-la-grande-guerra-sulle-note-del-requiem-di-mozart\/#primaryimage"},"thumbnailUrl":"\/images\/conservatorio.png","articleSection":["MUSICA"],"inLanguage":"it-IT","potentialAction":[{"@type":"CommentAction","name":"Comment","target":["https:\/\/arteeluoghi.it\/index.php\/2014\/11\/19\/ricordando-la-grande-guerra-sulle-note-del-requiem-di-mozart\/#respond"]}]},{"@type":"Person","@id":"https:\/\/arteeluoghi.it\/#\/schema\/person\/f84e814e36e91e01448ee07eaadd41d4","name":"Staff","image":{"@type":"ImageObject","@id":"https:\/\/arteeluoghi.it\/#personlogo","inLanguage":"it-IT","url":"https:\/\/secure.gravatar.com\/avatar\/49d2f9e46271bb04e19cebfaf141313a?s=96&d=blank&r=g","contentUrl":"https:\/\/secure.gravatar.com\/avatar\/49d2f9e46271bb04e19cebfaf141313a?s=96&d=blank&r=g","caption":"Staff"}}]}},"_links":{"self":[{"href":"https:\/\/arteeluoghi.it\/index.php\/wp-json\/wp\/v2\/posts\/1960"}],"collection":[{"href":"https:\/\/arteeluoghi.it\/index.php\/wp-json\/wp\/v2\/posts"}],"about":[{"href":"https:\/\/arteeluoghi.it\/index.php\/wp-json\/wp\/v2\/types\/post"}],"author":[{"embeddable":true,"href":"https:\/\/arteeluoghi.it\/index.php\/wp-json\/wp\/v2\/users\/1"}],"replies":[{"embeddable":true,"href":"https:\/\/arteeluoghi.it\/index.php\/wp-json\/wp\/v2\/comments?post=1960"}],"version-history":[{"count":0,"href":"https:\/\/arteeluoghi.it\/index.php\/wp-json\/wp\/v2\/posts\/1960\/revisions"}],"wp:attachment":[{"href":"https:\/\/arteeluoghi.it\/index.php\/wp-json\/wp\/v2\/media?parent=1960"}],"wp:term":[{"taxonomy":"category","embeddable":true,"href":"https:\/\/arteeluoghi.it\/index.php\/wp-json\/wp\/v2\/categories?post=1960"},{"taxonomy":"post_tag","embeddable":true,"href":"https:\/\/arteeluoghi.it\/index.php\/wp-json\/wp\/v2\/tags?post=1960"}],"curies":[{"name":"wp","href":"https:\/\/api.w.org\/{rel}","templated":true}]}}