{"id":1983,"date":"2014-12-13T00:37:04","date_gmt":"2014-12-12T23:37:04","guid":{"rendered":"http:\/\/arteeluoghi.it\/index.php\/2014\/12\/13\/la-cultura-e-petrolio-e-il-teatro-e-vita\/"},"modified":"2014-12-13T00:37:04","modified_gmt":"2014-12-12T23:37:04","slug":"la-cultura-e-petrolio-e-il-teatro-e-vita","status":"publish","type":"post","link":"https:\/\/arteeluoghi.it\/index.php\/2014\/12\/13\/la-cultura-e-petrolio-e-il-teatro-e-vita\/","title":{"rendered":"La Cultura \u00e8 petrolio. E il teatro \u00e8 vita"},"content":{"rendered":"<p><img src=\"\/images\/jannuzzo-caprioglio.jpg\" border=\"0\" title=\"Gianfranco Jannuzzo e Debora Caprioglio\" width=\"300\" style=\"margin: 21px; border: 1px solid black; float: left;\" \/>Da sabato 13 dicembre\u00a0 dieci spettacoli<\/p>\n<p><strong>Al via la stagione teatrale de &#8220;Il Ducale&#8221;<\/strong><\/p>\n<p>di Antonietta Fulvio<\/p>\n<p>&#8220;La Cultura \u00e8 il nostro petrolio. Non quello che si va a cercare trivellando davanti alle nostre coste. No. La Cultura \u00e8 il petrolio che non inquina e non ammala \u00e8 il nostro tesoro su cui tutti dovremmo puntare, noi che siamo la prima nazione del mondo per giacimenti culturali (con un ricco patrimonio artistico e la concentrazione maggiore di siti Unesco, nda)&#8221;. Un concetto su cui ha incentrato la propria attivit\u00e0 amministrativa il <strong>Comune<\/strong> di <strong>Cavallino<\/strong>. Parola delll\u2019assessore alla Cultura, on. <strong>Gaetano Gorgoni<\/strong>.<\/p>\n<p><img src=\"\/images\/peppe_barra-1.jpg\" border=\"0\" title=\"Peppe Barra\" width=\"300\" style=\"margin: 21px; float: right;\" \/><\/p>\n<p>  <!--more-->  <\/p>\n<p>Un comune, <strong>Cavallino<\/strong> (in provincia di Lecce), che ha deciso di investire in cultura. Sabato scorso l\u2019inaugurazione della mostra, &#8220;<strong>Ritratto e figura. Dipinti da Rubens a Cades<\/strong>&#8221; inaugurata da <strong>Vittorio Sgarbi<\/strong> nella galleria\u00a0<span class=\"st\">del <strong>Palazzo Ducale <\/strong><\/span><strong> dei Castromediano<\/strong> e sabato 13 dicembre, invece, prender\u00e0 il via la nuova stagione teatrale de <strong>Il Ducale<\/strong> con dieci spettacoli, in collaborazione con il <strong>Teatro pubblico pugliese<\/strong>, pi\u00f9 due opere liriche &#8211; &#8220;<strong>Cavalleria rusticana<\/strong>&#8221; di <strong>Pietro Mascagni<\/strong> \u201d(28 dicembre)\u00a0 e &#8220;<strong>Il barbiere di Siviglia<\/strong>&#8221; di <strong>Gioacchino Rossini<\/strong> (1 febbraio) ad opera della <strong>Compagnia Teatrale \u201cClassic Ensemble<\/strong>. Nonostante le difficolt\u00e0 economiche, l&#8217;amministrazione comunale ha messo a punto un programma di spettacoli di notevole livello ed estremamente variegato, pensando ad un pubblico eterogeneo cercando al contempo di contenere il costo dei biglietti davvero popolari. Un dato su cui si \u00e8 soffermato\u00a0<strong>Carmelo Grassi<\/strong>, presidente del Ttp, che ha rimarcato sull\u2019importanza e la necessit\u00e0 di investire in cultura perch\u00e9 oltre a migliorare la qualit\u00e0 della vita dei cittadini \u00e8 un importante attrattore turistico: \u201cnoi dovremmo lavorare ad un progetto nazionale dove i beni culturali, ma anche la cultura, la nostra storia dovrebbe portare qui tutto il mondo\u201d. Il Teatro Pubblico\u00a0 si affianca con entusiasmo ad amministrazioni comunali illuminate come quella di Cavallino, che tra l\u2019altro ha anche uno straordinario Teatro, ha commentato lo stesso Grassi presentando gli spettacoli in cartellone. Si parte sabato 13 dicembre \u00a0con <strong>Gianfranco Jannuzzo, Debora Caprioglio<\/strong> protagonisti della commedia brillante <strong><em>\u00c8 R<\/em>icca, la sposo, l&#8217;ammazzo <\/strong>di <strong>Mario Scaletta<\/strong>. Lo spettacolo della Compagnia Moli\u00e8re \/Cento Teatri, che vedr\u00e0 interpreti anche Antonella Piccolo e Claudia Bazzano, \u00e8 una divertente commedia liberamente ispirata al celebre film del 1971 di Elaine May con Walter Matthau ed al racconto di Jack Richtie.<\/p>\n<p>Dopo le festivit\u00e0 natalizie il nuovo anno vedr\u00e0 <strong>Stefano Masciarelli, Bebo Storti, Fabrizio Coniglio<\/strong> in scena nella pi\u00e8ce <strong><em>Un ladro in casa<\/em> <\/strong>scritto da Fabrizio Coniglio (9 gennaio 2015) e tra le novit\u00e0 lo spazio dedicato alla grande musica che vedr\u00e0 salire sul palco il pianista Mirko Signorile impegnato in un recital <em><strong>Soundtrack Cinema <\/strong><\/em>un vero e proprio viaggio fatto di colonne sonore dei pi\u00f9 bei film di sempre da Cinema Paradiso, a La vita \u00e8 bella passando per ultimo tango a Parigi (18 gennaio). Atmosfere romantiche con <strong>Patrizia Pellegrino e Gianfranco D\u2019Angelo<\/strong> che porteranno in scena <em><strong>Harry ti presento&#8230;i miei <\/strong><\/em>di <strong>Mario Scaletta e Bibi Hilton<\/strong> con la regia di<strong> Mario Scaletta <\/strong>(25 gennaio).<\/p>\n<p><strong><img src=\"\/images\/stories\/carlaguido.jpg\" border=\"0\" title=\"L'attrice Carla Guido\" width=\"200\" style=\"float: left; margin: 21px;\" \/>Amadeus<\/strong> \u00e8 il titolo della pi\u00e8ce teatrale che vedr\u00e0 sul palco <strong>Tullio Solenghi<\/strong> (<em>8 febbraio)nei panni del <\/em>compositore italiano Antonio Salieri acerrimo nemico del grande <strong>Wolfgang Amadeus Mozart<\/strong>. <em><strong>L\u2019amico del cuore<\/strong><\/em> sar\u00e0 invece il titolo dello spettacolo in programma il 18 febbraio con Biagio Izzo protagonista di una divertente commedia di Vincenzo Salemme che firma anche la regia, mentre il 28 febbraio <em><strong>Salvo Gaber <\/strong><\/em>di e con <strong>Salvatore Cosentino<\/strong> \u00e8 lo spettacolo\u00a0 del magistrato-attore, accompagnato alle tastiere da <strong>Carla Petrachi<\/strong>, che si cimenta nel teatro\u2013canzone del grande <strong>Giorgio Gaber.<\/strong><\/p>\n<p class=\"Default\"><em><strong>Se tu avessi parlato&#8230;Emilia, <\/strong><\/em>liberamente tratto da Otello di William Shakespeare, con l\u2019attrice <strong>Carla Guido<\/strong> \u00e8 il lavoro scritto e diretto da <strong>Marinella Anaclerio <\/strong>dedicato allo scottante tema della violenza sulle donne. <em>(8 marzo).<\/em><\/p>\n<p class=\"Default\">Il 28 marzo sar\u00e0 la volta del regista salentino <strong>Tonio De Nitto<\/strong> diriger\u00e0 la sua <strong>Factory Compagnia Transadriatica<\/strong> in <strong>La bisbetica domata\u00a0 <\/strong>di William Shakespeare e, dulcis in fundo, il 10 aprile chiuder\u00e0 la rassegna<em>\u00a0<\/em>il poliedrico attore e drammaturgo napoletano <strong>Peppe Barra <\/strong>con il suo<strong> Sogno di una notte incantata <\/strong>scritto con <strong>Fabrizio Bancale<\/strong> che firma anche la regia dello spettacolo. Un viaggio poetico e visionario a spasso nel cuore di Napoli attraverso i secoli, tra le fiabe di <strong>Giambattista Basile<\/strong> e il <strong>Pulcinella<\/strong> di<strong> Libero Bovio<\/strong>.<\/p>\n<p class=\"Default\">\u00a0<\/p>\n<p class=\"Default\">\u00a0<\/p>\n<hr \/>\n<p class=\"Default\">\u00a0<\/p>\n<p>\u25ba ABBONAMENTO A 9 SPETTACOLI<\/p>\n<p>\u00a0<\/p>\n<p>&#8211; Intero, \u20ac 135,00;<\/p>\n<p>&#8211; Ridotto, \u20ac 108,00.<\/p>\n<p>\u00a0<\/p>\n<p>\u00a0<\/p>\n<p>\u25ba I PREZZI DEI BIGLIETTI<\/p>\n<p>Per i 9 spettacoli in abbonamento<\/p>\n<p>\u00a0<\/p>\n<p>&#8211; Intero\u00a0\u00a0 \u20ac 18,00<\/p>\n<p>&#8211; Ridotto \u20ac 15,00<\/p>\n<p>\u00a0<\/p>\n<p>Per lo spettacolo di Mirko Signorile <strong>Suondtracks Cinema<\/strong><\/p>\n<p>\u00a0<\/p>\n<p>&#8211; Intero,\u00a0\u00a0 \u20ac 10,00<\/p>\n<p>&#8211; Ridotto \u20ac 07,00<\/p>\n<p>\u00a0<\/p>\n<p>\u00a0<\/p>\n<p>Inizio spettacoli \u00a0porta ore 20.00\u00a0\u00a0\u00a0\u00a0 sipario ore 20.30<\/p>\n<p>\u00a0<\/p>\n<p>\u25ba BIGLIETTI E ABBONAMENTI:<\/p>\n<p>\u00a0<\/p>\n<p>Le riduzioni si applicano alle persone over 65, agli under 25 e ai possessori delle Card Fedelt\u00e0: Ikea Family Card &#8211; Puglia University Card &#8211; AgisCard &#8211; Carta Socio Coop Estense &#8211; CartaPi\u00f9 LaFeltrinelli &#8211; Tessera dipendenti LaFeltrinelli, solo per gli spettacoli del Teatro Pubblico Pugliese, e solo per una persona.<\/p>\n<p>Per poter usufruire della riduzione \u00e8 necessario esibire, al momento dell&#8217;acquisto del biglietto e prima dell&#8217;accesso in sala, il documento attestante l&#8217;effettivo diritto.<\/p>\n<p>Per Associazioni, Sindacati, Scuole di Danza, Club, ecc, che acquistano per i loro associati almeno 10 biglietti sar\u00e0 praticato uno sconto di \u20ac 3 a biglietto<\/p>\n<p>\u00a0<\/p>\n<p>\u00a0<\/p>\n<p>\u25ba INFO<\/p>\n<p>\u00a0<\/p>\n<p>Orari biglietteria: luned\u00ec, mercoled\u00ec, venerd\u00ec, sabato e domenica &#8211; dalle 17.00 alle 20.00<\/p>\n<p>Tel. 0832-611208<\/p>\n<p>Tel. 331-6393549 [17:00 &#8211; 20:00]<\/p>\n<p>Nei giorni della settimana che precede lo spettacolo, il botteghino rimarr\u00e0 aperto tutti i pomeriggi<\/p>\n<p class=\"Default\">\u00a0<\/p>\n","protected":false},"excerpt":{"rendered":"<p>Da sabato 13 dicembre\u00a0 dieci spettacoli Al via la stagione teatrale de &#8220;Il Ducale&#8221; di Antonietta Fulvio &#8220;La Cultura \u00e8<\/p>\n","protected":false},"author":1,"featured_media":0,"comment_status":"open","ping_status":"open","sticky":false,"template":"","format":"standard","meta":[],"categories":[13],"tags":[],"yoast_head":"<!-- This site is optimized with the Yoast SEO plugin v18.0 - https:\/\/yoast.com\/wordpress\/plugins\/seo\/ -->\n<title>La Cultura \u00e8 petrolio. E il teatro \u00e8 vita | Arte e Luoghi<\/title>\n<meta name=\"robots\" content=\"index, follow, max-snippet:-1, max-image-preview:large, max-video-preview:-1\" \/>\n<link rel=\"canonical\" href=\"https:\/\/arteeluoghi.it\/index.php\/2014\/12\/13\/la-cultura-e-petrolio-e-il-teatro-e-vita\/\" \/>\n<meta property=\"og:locale\" content=\"it_IT\" \/>\n<meta property=\"og:type\" content=\"article\" \/>\n<meta property=\"og:title\" content=\"La Cultura \u00e8 petrolio. E il teatro \u00e8 vita | Arte e Luoghi\" \/>\n<meta property=\"og:description\" content=\"Da sabato 13 dicembre\u00a0 dieci spettacoli Al via la stagione teatrale de &#8220;Il Ducale&#8221; di Antonietta Fulvio &#8220;La Cultura \u00e8\" \/>\n<meta property=\"og:url\" content=\"https:\/\/arteeluoghi.it\/index.php\/2014\/12\/13\/la-cultura-e-petrolio-e-il-teatro-e-vita\/\" \/>\n<meta property=\"og:site_name\" content=\"Arte e Luoghi\" \/>\n<meta property=\"article:publisher\" content=\"https:\/\/www.facebook.com\/ArteELuoghi\/\" \/>\n<meta property=\"article:published_time\" content=\"2014-12-12T23:37:04+00:00\" \/>\n<meta property=\"og:image\" content=\"https:\/\/arteeluoghi.it\/images\/jannuzzo-caprioglio.jpg\" \/>\n<meta name=\"twitter:card\" content=\"summary\" \/>\n<meta name=\"twitter:creator\" content=\"@arteeluoghi\" \/>\n<meta name=\"twitter:site\" content=\"@arteeluoghi\" \/>\n<meta name=\"twitter:label1\" content=\"Scritto da\" \/>\n\t<meta name=\"twitter:data1\" content=\"Staff\" \/>\n\t<meta name=\"twitter:label2\" content=\"Tempo di lettura stimato\" \/>\n\t<meta name=\"twitter:data2\" content=\"4 minuti\" \/>\n<script type=\"application\/ld+json\" class=\"yoast-schema-graph\">{\"@context\":\"https:\/\/schema.org\",\"@graph\":[{\"@type\":\"Organization\",\"@id\":\"https:\/\/arteeluoghi.it\/#organization\",\"name\":\"Arte e Luoghi\",\"url\":\"https:\/\/arteeluoghi.it\/\",\"sameAs\":[\"https:\/\/www.facebook.com\/ArteELuoghi\/\",\"https:\/\/www.instagram.com\/arteeluoghi\/?hl=it\",\"https:\/\/www.youtube.com\/channel\/UCuRVc4JW4-C5sg9rQB-srkw?view_as=subscriber\",\"https:\/\/twitter.com\/arteeluoghi\"],\"logo\":{\"@type\":\"ImageObject\",\"@id\":\"https:\/\/arteeluoghi.it\/#logo\",\"inLanguage\":\"it-IT\",\"url\":\"https:\/\/arteeluoghi.it\/wp-content\/uploads\/2018\/08\/logoinstagramarte.jpg\",\"contentUrl\":\"https:\/\/arteeluoghi.it\/wp-content\/uploads\/2018\/08\/logoinstagramarte.jpg\",\"width\":150,\"height\":150,\"caption\":\"Arte e Luoghi\"},\"image\":{\"@id\":\"https:\/\/arteeluoghi.it\/#logo\"}},{\"@type\":\"WebSite\",\"@id\":\"https:\/\/arteeluoghi.it\/#website\",\"url\":\"https:\/\/arteeluoghi.it\/\",\"name\":\"Arte e Luoghi\",\"description\":\"Mensile di arte, cultura, turismo e curiosit\u00e0\",\"publisher\":{\"@id\":\"https:\/\/arteeluoghi.it\/#organization\"},\"potentialAction\":[{\"@type\":\"SearchAction\",\"target\":{\"@type\":\"EntryPoint\",\"urlTemplate\":\"https:\/\/arteeluoghi.it\/?s={search_term_string}\"},\"query-input\":\"required name=search_term_string\"}],\"inLanguage\":\"it-IT\"},{\"@type\":\"ImageObject\",\"@id\":\"https:\/\/arteeluoghi.it\/index.php\/2014\/12\/13\/la-cultura-e-petrolio-e-il-teatro-e-vita\/#primaryimage\",\"inLanguage\":\"it-IT\",\"url\":\"\/images\/jannuzzo-caprioglio.jpg\",\"contentUrl\":\"\/images\/jannuzzo-caprioglio.jpg\"},{\"@type\":\"WebPage\",\"@id\":\"https:\/\/arteeluoghi.it\/index.php\/2014\/12\/13\/la-cultura-e-petrolio-e-il-teatro-e-vita\/#webpage\",\"url\":\"https:\/\/arteeluoghi.it\/index.php\/2014\/12\/13\/la-cultura-e-petrolio-e-il-teatro-e-vita\/\",\"name\":\"La Cultura \u00e8 petrolio. E il teatro \u00e8 vita | Arte e Luoghi\",\"isPartOf\":{\"@id\":\"https:\/\/arteeluoghi.it\/#website\"},\"primaryImageOfPage\":{\"@id\":\"https:\/\/arteeluoghi.it\/index.php\/2014\/12\/13\/la-cultura-e-petrolio-e-il-teatro-e-vita\/#primaryimage\"},\"datePublished\":\"2014-12-12T23:37:04+00:00\",\"dateModified\":\"2014-12-12T23:37:04+00:00\",\"breadcrumb\":{\"@id\":\"https:\/\/arteeluoghi.it\/index.php\/2014\/12\/13\/la-cultura-e-petrolio-e-il-teatro-e-vita\/#breadcrumb\"},\"inLanguage\":\"it-IT\",\"potentialAction\":[{\"@type\":\"ReadAction\",\"target\":[\"https:\/\/arteeluoghi.it\/index.php\/2014\/12\/13\/la-cultura-e-petrolio-e-il-teatro-e-vita\/\"]}]},{\"@type\":\"BreadcrumbList\",\"@id\":\"https:\/\/arteeluoghi.it\/index.php\/2014\/12\/13\/la-cultura-e-petrolio-e-il-teatro-e-vita\/#breadcrumb\",\"itemListElement\":[{\"@type\":\"ListItem\",\"position\":1,\"name\":\"Home\",\"item\":\"https:\/\/arteeluoghi.it\/\"},{\"@type\":\"ListItem\",\"position\":2,\"name\":\"La Cultura \u00e8 petrolio. E il teatro \u00e8 vita\"}]},{\"@type\":\"Article\",\"@id\":\"https:\/\/arteeluoghi.it\/index.php\/2014\/12\/13\/la-cultura-e-petrolio-e-il-teatro-e-vita\/#article\",\"isPartOf\":{\"@id\":\"https:\/\/arteeluoghi.it\/index.php\/2014\/12\/13\/la-cultura-e-petrolio-e-il-teatro-e-vita\/#webpage\"},\"author\":{\"@id\":\"https:\/\/arteeluoghi.it\/#\/schema\/person\/f84e814e36e91e01448ee07eaadd41d4\"},\"headline\":\"La Cultura \u00e8 petrolio. E il teatro \u00e8 vita\",\"datePublished\":\"2014-12-12T23:37:04+00:00\",\"dateModified\":\"2014-12-12T23:37:04+00:00\",\"mainEntityOfPage\":{\"@id\":\"https:\/\/arteeluoghi.it\/index.php\/2014\/12\/13\/la-cultura-e-petrolio-e-il-teatro-e-vita\/#webpage\"},\"wordCount\":872,\"commentCount\":0,\"publisher\":{\"@id\":\"https:\/\/arteeluoghi.it\/#organization\"},\"image\":{\"@id\":\"https:\/\/arteeluoghi.it\/index.php\/2014\/12\/13\/la-cultura-e-petrolio-e-il-teatro-e-vita\/#primaryimage\"},\"thumbnailUrl\":\"\/images\/jannuzzo-caprioglio.jpg\",\"articleSection\":[\"teatro\"],\"inLanguage\":\"it-IT\",\"potentialAction\":[{\"@type\":\"CommentAction\",\"name\":\"Comment\",\"target\":[\"https:\/\/arteeluoghi.it\/index.php\/2014\/12\/13\/la-cultura-e-petrolio-e-il-teatro-e-vita\/#respond\"]}]},{\"@type\":\"Person\",\"@id\":\"https:\/\/arteeluoghi.it\/#\/schema\/person\/f84e814e36e91e01448ee07eaadd41d4\",\"name\":\"Staff\",\"image\":{\"@type\":\"ImageObject\",\"@id\":\"https:\/\/arteeluoghi.it\/#personlogo\",\"inLanguage\":\"it-IT\",\"url\":\"https:\/\/secure.gravatar.com\/avatar\/49d2f9e46271bb04e19cebfaf141313a?s=96&d=blank&r=g\",\"contentUrl\":\"https:\/\/secure.gravatar.com\/avatar\/49d2f9e46271bb04e19cebfaf141313a?s=96&d=blank&r=g\",\"caption\":\"Staff\"}}]}<\/script>\n<!-- \/ Yoast SEO plugin. -->","yoast_head_json":{"title":"La Cultura \u00e8 petrolio. E il teatro \u00e8 vita | Arte e Luoghi","robots":{"index":"index","follow":"follow","max-snippet":"max-snippet:-1","max-image-preview":"max-image-preview:large","max-video-preview":"max-video-preview:-1"},"canonical":"https:\/\/arteeluoghi.it\/index.php\/2014\/12\/13\/la-cultura-e-petrolio-e-il-teatro-e-vita\/","og_locale":"it_IT","og_type":"article","og_title":"La Cultura \u00e8 petrolio. E il teatro \u00e8 vita | Arte e Luoghi","og_description":"Da sabato 13 dicembre\u00a0 dieci spettacoli Al via la stagione teatrale de &#8220;Il Ducale&#8221; di Antonietta Fulvio &#8220;La Cultura \u00e8","og_url":"https:\/\/arteeluoghi.it\/index.php\/2014\/12\/13\/la-cultura-e-petrolio-e-il-teatro-e-vita\/","og_site_name":"Arte e Luoghi","article_publisher":"https:\/\/www.facebook.com\/ArteELuoghi\/","article_published_time":"2014-12-12T23:37:04+00:00","og_image":[{"url":"https:\/\/arteeluoghi.it\/images\/jannuzzo-caprioglio.jpg"}],"twitter_card":"summary","twitter_creator":"@arteeluoghi","twitter_site":"@arteeluoghi","twitter_misc":{"Scritto da":"Staff","Tempo di lettura stimato":"4 minuti"},"schema":{"@context":"https:\/\/schema.org","@graph":[{"@type":"Organization","@id":"https:\/\/arteeluoghi.it\/#organization","name":"Arte e Luoghi","url":"https:\/\/arteeluoghi.it\/","sameAs":["https:\/\/www.facebook.com\/ArteELuoghi\/","https:\/\/www.instagram.com\/arteeluoghi\/?hl=it","https:\/\/www.youtube.com\/channel\/UCuRVc4JW4-C5sg9rQB-srkw?view_as=subscriber","https:\/\/twitter.com\/arteeluoghi"],"logo":{"@type":"ImageObject","@id":"https:\/\/arteeluoghi.it\/#logo","inLanguage":"it-IT","url":"https:\/\/arteeluoghi.it\/wp-content\/uploads\/2018\/08\/logoinstagramarte.jpg","contentUrl":"https:\/\/arteeluoghi.it\/wp-content\/uploads\/2018\/08\/logoinstagramarte.jpg","width":150,"height":150,"caption":"Arte e Luoghi"},"image":{"@id":"https:\/\/arteeluoghi.it\/#logo"}},{"@type":"WebSite","@id":"https:\/\/arteeluoghi.it\/#website","url":"https:\/\/arteeluoghi.it\/","name":"Arte e Luoghi","description":"Mensile di arte, cultura, turismo e curiosit\u00e0","publisher":{"@id":"https:\/\/arteeluoghi.it\/#organization"},"potentialAction":[{"@type":"SearchAction","target":{"@type":"EntryPoint","urlTemplate":"https:\/\/arteeluoghi.it\/?s={search_term_string}"},"query-input":"required name=search_term_string"}],"inLanguage":"it-IT"},{"@type":"ImageObject","@id":"https:\/\/arteeluoghi.it\/index.php\/2014\/12\/13\/la-cultura-e-petrolio-e-il-teatro-e-vita\/#primaryimage","inLanguage":"it-IT","url":"\/images\/jannuzzo-caprioglio.jpg","contentUrl":"\/images\/jannuzzo-caprioglio.jpg"},{"@type":"WebPage","@id":"https:\/\/arteeluoghi.it\/index.php\/2014\/12\/13\/la-cultura-e-petrolio-e-il-teatro-e-vita\/#webpage","url":"https:\/\/arteeluoghi.it\/index.php\/2014\/12\/13\/la-cultura-e-petrolio-e-il-teatro-e-vita\/","name":"La Cultura \u00e8 petrolio. E il teatro \u00e8 vita | Arte e Luoghi","isPartOf":{"@id":"https:\/\/arteeluoghi.it\/#website"},"primaryImageOfPage":{"@id":"https:\/\/arteeluoghi.it\/index.php\/2014\/12\/13\/la-cultura-e-petrolio-e-il-teatro-e-vita\/#primaryimage"},"datePublished":"2014-12-12T23:37:04+00:00","dateModified":"2014-12-12T23:37:04+00:00","breadcrumb":{"@id":"https:\/\/arteeluoghi.it\/index.php\/2014\/12\/13\/la-cultura-e-petrolio-e-il-teatro-e-vita\/#breadcrumb"},"inLanguage":"it-IT","potentialAction":[{"@type":"ReadAction","target":["https:\/\/arteeluoghi.it\/index.php\/2014\/12\/13\/la-cultura-e-petrolio-e-il-teatro-e-vita\/"]}]},{"@type":"BreadcrumbList","@id":"https:\/\/arteeluoghi.it\/index.php\/2014\/12\/13\/la-cultura-e-petrolio-e-il-teatro-e-vita\/#breadcrumb","itemListElement":[{"@type":"ListItem","position":1,"name":"Home","item":"https:\/\/arteeluoghi.it\/"},{"@type":"ListItem","position":2,"name":"La Cultura \u00e8 petrolio. E il teatro \u00e8 vita"}]},{"@type":"Article","@id":"https:\/\/arteeluoghi.it\/index.php\/2014\/12\/13\/la-cultura-e-petrolio-e-il-teatro-e-vita\/#article","isPartOf":{"@id":"https:\/\/arteeluoghi.it\/index.php\/2014\/12\/13\/la-cultura-e-petrolio-e-il-teatro-e-vita\/#webpage"},"author":{"@id":"https:\/\/arteeluoghi.it\/#\/schema\/person\/f84e814e36e91e01448ee07eaadd41d4"},"headline":"La Cultura \u00e8 petrolio. E il teatro \u00e8 vita","datePublished":"2014-12-12T23:37:04+00:00","dateModified":"2014-12-12T23:37:04+00:00","mainEntityOfPage":{"@id":"https:\/\/arteeluoghi.it\/index.php\/2014\/12\/13\/la-cultura-e-petrolio-e-il-teatro-e-vita\/#webpage"},"wordCount":872,"commentCount":0,"publisher":{"@id":"https:\/\/arteeluoghi.it\/#organization"},"image":{"@id":"https:\/\/arteeluoghi.it\/index.php\/2014\/12\/13\/la-cultura-e-petrolio-e-il-teatro-e-vita\/#primaryimage"},"thumbnailUrl":"\/images\/jannuzzo-caprioglio.jpg","articleSection":["teatro"],"inLanguage":"it-IT","potentialAction":[{"@type":"CommentAction","name":"Comment","target":["https:\/\/arteeluoghi.it\/index.php\/2014\/12\/13\/la-cultura-e-petrolio-e-il-teatro-e-vita\/#respond"]}]},{"@type":"Person","@id":"https:\/\/arteeluoghi.it\/#\/schema\/person\/f84e814e36e91e01448ee07eaadd41d4","name":"Staff","image":{"@type":"ImageObject","@id":"https:\/\/arteeluoghi.it\/#personlogo","inLanguage":"it-IT","url":"https:\/\/secure.gravatar.com\/avatar\/49d2f9e46271bb04e19cebfaf141313a?s=96&d=blank&r=g","contentUrl":"https:\/\/secure.gravatar.com\/avatar\/49d2f9e46271bb04e19cebfaf141313a?s=96&d=blank&r=g","caption":"Staff"}}]}},"_links":{"self":[{"href":"https:\/\/arteeluoghi.it\/index.php\/wp-json\/wp\/v2\/posts\/1983"}],"collection":[{"href":"https:\/\/arteeluoghi.it\/index.php\/wp-json\/wp\/v2\/posts"}],"about":[{"href":"https:\/\/arteeluoghi.it\/index.php\/wp-json\/wp\/v2\/types\/post"}],"author":[{"embeddable":true,"href":"https:\/\/arteeluoghi.it\/index.php\/wp-json\/wp\/v2\/users\/1"}],"replies":[{"embeddable":true,"href":"https:\/\/arteeluoghi.it\/index.php\/wp-json\/wp\/v2\/comments?post=1983"}],"version-history":[{"count":0,"href":"https:\/\/arteeluoghi.it\/index.php\/wp-json\/wp\/v2\/posts\/1983\/revisions"}],"wp:attachment":[{"href":"https:\/\/arteeluoghi.it\/index.php\/wp-json\/wp\/v2\/media?parent=1983"}],"wp:term":[{"taxonomy":"category","embeddable":true,"href":"https:\/\/arteeluoghi.it\/index.php\/wp-json\/wp\/v2\/categories?post=1983"},{"taxonomy":"post_tag","embeddable":true,"href":"https:\/\/arteeluoghi.it\/index.php\/wp-json\/wp\/v2\/tags?post=1983"}],"curies":[{"name":"wp","href":"https:\/\/api.w.org\/{rel}","templated":true}]}}