{"id":1988,"date":"2014-12-19T16:44:06","date_gmt":"2014-12-19T15:44:06","guid":{"rendered":"http:\/\/arteeluoghi.it\/index.php\/2014\/12\/19\/al-museo-provinciale-sigismondo-castromediano\/"},"modified":"2014-12-19T16:44:06","modified_gmt":"2014-12-19T15:44:06","slug":"al-museo-provinciale-sigismondo-castromediano","status":"publish","type":"post","link":"https:\/\/arteeluoghi.it\/index.php\/2014\/12\/19\/al-museo-provinciale-sigismondo-castromediano\/","title":{"rendered":"Al Museo provinciale &#8220;Sigismondo Castromediano&#8221;"},"content":{"rendered":"<p><span style=\"font-size: small;\"><strong><img src=\"\/images\/museo-castromediano.jpg\" border=\"0\" title=\"Museo Provinciale Sigismondo Castromediano, Lecce\" width=\"250\" style=\"margin: 21px; float: left;\" \/><\/strong>Luned\u00ec 22 dicembre e marted\u00ec 30 dicembre 2014<\/span><\/p>\n<p><span style=\"font-size: medium;\"><strong>Tombola del Museo<\/strong><\/span><\/p>\n<p>Luned\u00ec 22 dicembre e marted\u00ec 30 dicembre, i bambini ed i ragazzi tra i 4 e i 12 anni e le loro famiglie avranno un posto in prima fila per giocare ad imparare a riconoscere il bello, con la <strong>\u201cTombola del Museo\u201d.<\/strong><\/p>\n<p>\u00a0L\u2019iniziativa didattica, e ludica allo stesso tempo, \u00e8 promossa e organizzata dal Museo provinciale \u201cSigismondo Castromediano\u201d, in viale Gallipoli a Lecce. Fare dei piccoli visitatori dei grandi appassionati di arte e di storia \u00e8 il primo obiettivo,\u00a0 consentendo e favorendo un apprezzamento \u201ca misura di bambino\u201d delle collezioni d\u2019arte e di archeologia del museo.<\/p>\n<p>\u00a0<\/p>\n<p>  <!--more-->  <\/p>\n<p>\u00a0<\/p>\n<p><span style=\"text-decoration: underline;\">Luned\u00ec 22 dicembre<\/span>: dalle ore 15 alle ore 16.30, <strong>Tombola degli animali<\/strong>; dalle\u00a0 16.30 alle 18, <strong>Tombola dei mostri e delle figure fantastiche<\/strong>; dalle 18 alle 19.30, <strong>Tombola delle antiche forme ceramiche<\/strong> .<\/p>\n<p><span style=\"text-decoration: underline;\">Marted\u00ec 30 dicembre<\/span>: dalle ore 15 alle ore 16.30, <strong>Tombola dei giochi e dei giocattoli antichi<\/strong>; dalle 16.30 alle 18, <strong>Tombola degli antichi strumenti\u00a0musicali<\/strong>; dalle 18 alle 19.30, <strong>Tombola dei Messapi<\/strong>.<\/p>\n<p>\u00a0<\/p>\n<p><span style=\"text-decoration: underline;\">Le attivit\u00e0 sono\u00a0gratuite,\u00a0ma \u00e8 necessario prenotare, indicando\u00a0numero ed et\u00e0 dei partecipanti, giornata ed attivit\u00e0 scelta, scrivendo a <a href=\"mailto:museo@provincia.le.it\">museo@provincia.le.it<\/a>,\u00a0oppure telefonando al numero\u00a0 0832 683531, dal luned\u00ec al venerdi, dalle 8.30 alle 13.30.\u00a0<\/span>Per consentire a tutti la pi\u00f9 ampia e diffusa partecipazione e per\u00a0garantire la qualit\u00e0 dell\u2019esperienza didattica offerta,\u00a0\u00e8 fissato un\u00a0numero massimo di 30 ragazzi per ogni tombolata.<\/p>\n<p>\u00a0<\/p>\n<p>Tutte le attivit\u00e0, che vedranno impegnate le diverse professionalit\u00e0 del Museo provinciale,\u00a0 prevedono una articolazione in <span style=\"text-decoration: underline;\">due momenti<\/span>: dapprima una <strong>visita guidata<\/strong> <strong>tematica<\/strong> negli spazi espositivi al piano terra ed al primo piano del Museo e, di seguito, la vera e propria <strong>attivit\u00e0 ludica<\/strong> negli spazi antistanti l\u2019ingresso ai percorsi museali. Spazi che saranno adeguatamente preparati e allestiti per accogliere i piccoli visitatori ed i loro familiari, per consentire loro una partecipazione attiva.<\/p>\n<p>\u00a0<\/p>\n<p>La realizzazione delle attivit\u00e0 didattiche \u00e8 possibile anche grazie al generoso intervento di privati, che metteranno a disposizione del Museo Provinciale <strong>gadget e dolciumi<\/strong> che saranno regalati ai bambini nel corso della tombolata.<\/p>\n<p><strong>\u00a0<\/strong><\/p>\n<p><span style=\"text-decoration: underline;\">Ecco il programma delle attivit\u00e0 in dettaglio.<\/span><\/p>\n<p><strong><span style=\"text-decoration: underline;\">\u00a0<\/span><\/strong><\/p>\n<p><strong>Attivit\u00e0 n. 1: Tombola degli animali<\/strong><\/p>\n<p>Durante la visita i bambini, e i loro genitori, seguono un itinerario tematico alla scoperta delle raffigurazioni di animali tra i reperti archeologici esposti al piano terra ed al primo piano del Museo. L\u2019individuazione dei vari animali rappresenta il punto di partenza per fornire i primi strumenti di lettura dell\u2019opera in modo semplice e coinvolgente. L\u2019attivit\u00e0 didattica continua con la rielaborazione mnemonica delle conoscenze apprese nell\u2019edizione della tombola a tema. Obiettivi: da un lato, l\u2019arricchimento dell\u2019esperienza quotidiana del piccolo pubblico con testimonianze dell\u2019antichit\u00e0 e opere d\u2019arte, dall\u2019altro la stimolazione dell\u2019esercizio della curiosit\u00e0 e delle capacit\u00e0 mnemoniche.<\/p>\n<p>\u00a0<\/p>\n<p><strong>Attivit\u00e0 n. 2: Tombola dei mostri e delle figure fantastiche<\/strong><\/p>\n<p>L\u2019attivit\u00e0 \u00e8 organizzata in maniera da esaltare la naturale curiosit\u00e0 verso il fantastico ed il diverso presente in tutti i bambini, alimentando il senso della meraviglia e dello stupore, fornendo loro gli strumenti conoscitivi per la comprensione e la spiegazione della diversit\u00e0. Filo conduttore della visita guidata nel Museo saranno le tante raffigurazione di figure fantastiche e di esseri mostruosi presenti sui vasi antichi, che saranno spiegate e messe in relazione con i miti e le storie del passato. Obiettivi: focalizzando l\u2019attenzione sulla diversit\u00e0, il laboratorio spinge i ragazzi ad affrontare il problema dell\u2019integrazione ed alla costruzione di rapporti sociali tesi alla solidariet\u00e0.<\/p>\n<p><strong>\u00a0<\/strong><\/p>\n<p><strong>Attivit\u00e0 n. 3: Tombola delle antiche forme ceramiche<\/strong><\/p>\n<p>Con la visita mirata delle collezioni archeologiche del museo, i ragazzi imparano a riconoscere le diverse forme dei vasi nell\u2019antichit\u00e0 e la loro differente funzione, con particolare attenzione alle morfologie prodotte <em>in loco <\/em>dai Messapi, antichi abitanti del Salento tra il X ed il I secolo a.C. La familiarit\u00e0 con oggetti concreti che riproducono gli utensili della vita quotidiana e lo strumentario identificativo degli antenati da parte dei ragazzi sar\u00e0 rafforzata dal momento ludico della tombolata conclusiva, che richiamer\u00e0 le antiche forme ceramiche. L\u2019attivit\u00e0 ha come obiettivo primario quello di incoraggiare l\u2019apprendimento attivo e collaborativo dei ragazzi e promuovere il senso di appartenenza sociale e di cittadinanza con il richiamo ad una comune identit\u00e0 storica.<\/p>\n<p>\u00a0<\/p>\n<p><strong>Attivit\u00e0 n. 4: Tombola dei giochi e dei giocattoli<\/strong><\/p>\n<p>Il gioco nell\u2019antichit\u00e0 ha avuto un ruolo non solo educativo, ma anche e soprattutto sociale. Una serie di oggetti e di immagini presenti sui vasi del Museo Provinciale sono prese a pretesto per coinvolgere i ragazzi e le loro famiglie in quello che era lo spirito del tempo; il tema del gioco viene affrontato non soltanto con il riferimento al mondo infantile, ma anche per il suo prolungamento nell\u2019et\u00e0 adulta, nella quale esso assume valore comunitario e di identit\u00e0 sociale, e nella sua evoluzione pi\u00f9 spettacolare e nota, quella degli agoni e delle gare olimpiche. Obiettivi: in una societ\u00e0 di nativi digitali, per i quali la dimensione ludica \u00e8 sempre e solo quella elettronica, la scoperta o la riscoperta di giochi antichi basati sulle semplici abilit\u00e0 manuali e improntati alla socializzazione e alla sana competizione tra pari, spinge i ragazzi a mettere in atto processi di comparazione con l\u2019antico e il passato, a coglierne continuit\u00e0 e cambiamenti e, soprattutto, a ricostruire un collegamento anche emozionale tra l\u2019oggetto d\u2019arte e la vita quotidiana.<\/p>\n<p>\u00a0<\/p>\n<p><strong>Attivit\u00e0 n. 5: Tombola degli strumenti musicali<\/strong><\/p>\n<p>L\u2019apprendimento musicale era fondamentale per un ragazzo di duemila anni fa, fosse egli un greco o un messapo, perch\u00e9 educava alla regolarit\u00e0 del ritmo e spingeva all\u2019armonia e alla bellezza di corpo e spirito. La musica veniva insegnata nelle scuole e nei ginnasi, serviva a scandire il tempo non solo nella danza, ma anche negli esercizi ginnici e nelle gare atletiche. Allietava i banchetti pubblici e guidava lo svolgimento delle varie parti del simposio. Al suono della musica si recitavano le poesie nei convivi e si muoveva il coro tragico nelle rappresentazioni teatrali. I piccoli visitatori si muoveranno nei percorsi archeologici alla scoperta dei tanti strumenti musicali raffigurati sui vasi del museo provinciale, del loro funzionamento e del loro utilizzo nelle diverse occasioni della vita quotidiana, della ritualit\u00e0 e delle attivit\u00e0 pubbliche. Obiettivoprincipale: spingere i ragazzi ad una comparazione tra antico e moderno, stimolando l\u2019esercizio della curiosit\u00e0 e la pratica del confronto.<\/p>\n<p><strong>\u00a0<\/strong><\/p>\n<p><strong>Attivit\u00e0 n. 6: Tombola dei Messapi<\/strong><\/p>\n<p>Con la visita alle collezioni archeologiche del piano terra del museo, i ragazzi imparano a conoscere i loro antenati Messapi, una popolazione che ha abitato il sud della Puglia tra il X ed il I secolo a.C., prima e nonostante l\u2019arrivo dei Greci prima e dei Romani poi. Si avvicineranno a capirne le caratteristiche, a riconoscerne le produzioni artistiche, gli usi e i costumi, le abitudini quotidiane, i mestieri, le mode, il rapporto con gli dei e la cura dei defunti. Il tutto sar\u00e0 rafforzato dal momento ludico della tombolata conclusiva, che richiamer\u00e0 immagini e oggetti identificativi dei Messapi. Obiettivi: incoraggiare l\u2019apprendimento attivo e collaborativo dei ragazzi e promuovere il senso di appartenenza sociale e di cittadinanza con il richiamo ad una comune identit\u00e0 storica.<\/p>\n","protected":false},"excerpt":{"rendered":"<p>Luned\u00ec 22 dicembre e marted\u00ec 30 dicembre 2014 Tombola del Museo Luned\u00ec 22 dicembre e marted\u00ec 30 dicembre, i bambini<\/p>\n","protected":false},"author":1,"featured_media":0,"comment_status":"open","ping_status":"open","sticky":false,"template":"","format":"standard","meta":[],"categories":[36],"tags":[],"yoast_head":"<!-- This site is optimized with the Yoast SEO plugin v18.0 - https:\/\/yoast.com\/wordpress\/plugins\/seo\/ -->\n<title>Al Museo provinciale &quot;Sigismondo Castromediano&quot; | Arte e Luoghi<\/title>\n<meta name=\"robots\" content=\"index, follow, max-snippet:-1, max-image-preview:large, max-video-preview:-1\" \/>\n<link rel=\"canonical\" href=\"https:\/\/arteeluoghi.it\/index.php\/2014\/12\/19\/al-museo-provinciale-sigismondo-castromediano\/\" \/>\n<meta property=\"og:locale\" content=\"it_IT\" \/>\n<meta property=\"og:type\" content=\"article\" \/>\n<meta property=\"og:title\" content=\"Al Museo provinciale &quot;Sigismondo Castromediano&quot; | Arte e Luoghi\" \/>\n<meta property=\"og:description\" content=\"Luned\u00ec 22 dicembre e marted\u00ec 30 dicembre 2014 Tombola del Museo Luned\u00ec 22 dicembre e marted\u00ec 30 dicembre, i bambini\" \/>\n<meta property=\"og:url\" content=\"https:\/\/arteeluoghi.it\/index.php\/2014\/12\/19\/al-museo-provinciale-sigismondo-castromediano\/\" \/>\n<meta property=\"og:site_name\" content=\"Arte e Luoghi\" \/>\n<meta property=\"article:publisher\" content=\"https:\/\/www.facebook.com\/ArteELuoghi\/\" \/>\n<meta property=\"article:published_time\" content=\"2014-12-19T15:44:06+00:00\" \/>\n<meta property=\"og:image\" content=\"https:\/\/arteeluoghi.it\/images\/museo-castromediano.jpg\" \/>\n<meta name=\"twitter:card\" content=\"summary\" \/>\n<meta name=\"twitter:creator\" content=\"@arteeluoghi\" \/>\n<meta name=\"twitter:site\" content=\"@arteeluoghi\" \/>\n<meta name=\"twitter:label1\" content=\"Scritto da\" \/>\n\t<meta name=\"twitter:data1\" content=\"Staff\" \/>\n\t<meta name=\"twitter:label2\" content=\"Tempo di lettura stimato\" \/>\n\t<meta name=\"twitter:data2\" content=\"6 minuti\" \/>\n<script type=\"application\/ld+json\" class=\"yoast-schema-graph\">{\"@context\":\"https:\/\/schema.org\",\"@graph\":[{\"@type\":\"Organization\",\"@id\":\"https:\/\/arteeluoghi.it\/#organization\",\"name\":\"Arte e Luoghi\",\"url\":\"https:\/\/arteeluoghi.it\/\",\"sameAs\":[\"https:\/\/www.facebook.com\/ArteELuoghi\/\",\"https:\/\/www.instagram.com\/arteeluoghi\/?hl=it\",\"https:\/\/www.youtube.com\/channel\/UCuRVc4JW4-C5sg9rQB-srkw?view_as=subscriber\",\"https:\/\/twitter.com\/arteeluoghi\"],\"logo\":{\"@type\":\"ImageObject\",\"@id\":\"https:\/\/arteeluoghi.it\/#logo\",\"inLanguage\":\"it-IT\",\"url\":\"https:\/\/arteeluoghi.it\/wp-content\/uploads\/2018\/08\/logoinstagramarte.jpg\",\"contentUrl\":\"https:\/\/arteeluoghi.it\/wp-content\/uploads\/2018\/08\/logoinstagramarte.jpg\",\"width\":150,\"height\":150,\"caption\":\"Arte e Luoghi\"},\"image\":{\"@id\":\"https:\/\/arteeluoghi.it\/#logo\"}},{\"@type\":\"WebSite\",\"@id\":\"https:\/\/arteeluoghi.it\/#website\",\"url\":\"https:\/\/arteeluoghi.it\/\",\"name\":\"Arte e Luoghi\",\"description\":\"Mensile di arte, cultura, turismo e curiosit\u00e0\",\"publisher\":{\"@id\":\"https:\/\/arteeluoghi.it\/#organization\"},\"potentialAction\":[{\"@type\":\"SearchAction\",\"target\":{\"@type\":\"EntryPoint\",\"urlTemplate\":\"https:\/\/arteeluoghi.it\/?s={search_term_string}\"},\"query-input\":\"required name=search_term_string\"}],\"inLanguage\":\"it-IT\"},{\"@type\":\"ImageObject\",\"@id\":\"https:\/\/arteeluoghi.it\/index.php\/2014\/12\/19\/al-museo-provinciale-sigismondo-castromediano\/#primaryimage\",\"inLanguage\":\"it-IT\",\"url\":\"\/images\/museo-castromediano.jpg\",\"contentUrl\":\"\/images\/museo-castromediano.jpg\"},{\"@type\":\"WebPage\",\"@id\":\"https:\/\/arteeluoghi.it\/index.php\/2014\/12\/19\/al-museo-provinciale-sigismondo-castromediano\/#webpage\",\"url\":\"https:\/\/arteeluoghi.it\/index.php\/2014\/12\/19\/al-museo-provinciale-sigismondo-castromediano\/\",\"name\":\"Al Museo provinciale \\\"Sigismondo Castromediano\\\" | Arte e Luoghi\",\"isPartOf\":{\"@id\":\"https:\/\/arteeluoghi.it\/#website\"},\"primaryImageOfPage\":{\"@id\":\"https:\/\/arteeluoghi.it\/index.php\/2014\/12\/19\/al-museo-provinciale-sigismondo-castromediano\/#primaryimage\"},\"datePublished\":\"2014-12-19T15:44:06+00:00\",\"dateModified\":\"2014-12-19T15:44:06+00:00\",\"breadcrumb\":{\"@id\":\"https:\/\/arteeluoghi.it\/index.php\/2014\/12\/19\/al-museo-provinciale-sigismondo-castromediano\/#breadcrumb\"},\"inLanguage\":\"it-IT\",\"potentialAction\":[{\"@type\":\"ReadAction\",\"target\":[\"https:\/\/arteeluoghi.it\/index.php\/2014\/12\/19\/al-museo-provinciale-sigismondo-castromediano\/\"]}]},{\"@type\":\"BreadcrumbList\",\"@id\":\"https:\/\/arteeluoghi.it\/index.php\/2014\/12\/19\/al-museo-provinciale-sigismondo-castromediano\/#breadcrumb\",\"itemListElement\":[{\"@type\":\"ListItem\",\"position\":1,\"name\":\"Home\",\"item\":\"https:\/\/arteeluoghi.it\/\"},{\"@type\":\"ListItem\",\"position\":2,\"name\":\"Al Museo provinciale &#8220;Sigismondo Castromediano&#8221;\"}]},{\"@type\":\"Article\",\"@id\":\"https:\/\/arteeluoghi.it\/index.php\/2014\/12\/19\/al-museo-provinciale-sigismondo-castromediano\/#article\",\"isPartOf\":{\"@id\":\"https:\/\/arteeluoghi.it\/index.php\/2014\/12\/19\/al-museo-provinciale-sigismondo-castromediano\/#webpage\"},\"author\":{\"@id\":\"https:\/\/arteeluoghi.it\/#\/schema\/person\/f84e814e36e91e01448ee07eaadd41d4\"},\"headline\":\"Al Museo provinciale &#8220;Sigismondo Castromediano&#8221;\",\"datePublished\":\"2014-12-19T15:44:06+00:00\",\"dateModified\":\"2014-12-19T15:44:06+00:00\",\"mainEntityOfPage\":{\"@id\":\"https:\/\/arteeluoghi.it\/index.php\/2014\/12\/19\/al-museo-provinciale-sigismondo-castromediano\/#webpage\"},\"wordCount\":1158,\"commentCount\":0,\"publisher\":{\"@id\":\"https:\/\/arteeluoghi.it\/#organization\"},\"image\":{\"@id\":\"https:\/\/arteeluoghi.it\/index.php\/2014\/12\/19\/al-museo-provinciale-sigismondo-castromediano\/#primaryimage\"},\"thumbnailUrl\":\"\/images\/museo-castromediano.jpg\",\"articleSection\":[\"CuriosAr(t)e\"],\"inLanguage\":\"it-IT\",\"potentialAction\":[{\"@type\":\"CommentAction\",\"name\":\"Comment\",\"target\":[\"https:\/\/arteeluoghi.it\/index.php\/2014\/12\/19\/al-museo-provinciale-sigismondo-castromediano\/#respond\"]}]},{\"@type\":\"Person\",\"@id\":\"https:\/\/arteeluoghi.it\/#\/schema\/person\/f84e814e36e91e01448ee07eaadd41d4\",\"name\":\"Staff\",\"image\":{\"@type\":\"ImageObject\",\"@id\":\"https:\/\/arteeluoghi.it\/#personlogo\",\"inLanguage\":\"it-IT\",\"url\":\"https:\/\/secure.gravatar.com\/avatar\/49d2f9e46271bb04e19cebfaf141313a?s=96&d=blank&r=g\",\"contentUrl\":\"https:\/\/secure.gravatar.com\/avatar\/49d2f9e46271bb04e19cebfaf141313a?s=96&d=blank&r=g\",\"caption\":\"Staff\"}}]}<\/script>\n<!-- \/ Yoast SEO plugin. -->","yoast_head_json":{"title":"Al Museo provinciale \"Sigismondo Castromediano\" | Arte e Luoghi","robots":{"index":"index","follow":"follow","max-snippet":"max-snippet:-1","max-image-preview":"max-image-preview:large","max-video-preview":"max-video-preview:-1"},"canonical":"https:\/\/arteeluoghi.it\/index.php\/2014\/12\/19\/al-museo-provinciale-sigismondo-castromediano\/","og_locale":"it_IT","og_type":"article","og_title":"Al Museo provinciale \"Sigismondo Castromediano\" | Arte e Luoghi","og_description":"Luned\u00ec 22 dicembre e marted\u00ec 30 dicembre 2014 Tombola del Museo Luned\u00ec 22 dicembre e marted\u00ec 30 dicembre, i bambini","og_url":"https:\/\/arteeluoghi.it\/index.php\/2014\/12\/19\/al-museo-provinciale-sigismondo-castromediano\/","og_site_name":"Arte e Luoghi","article_publisher":"https:\/\/www.facebook.com\/ArteELuoghi\/","article_published_time":"2014-12-19T15:44:06+00:00","og_image":[{"url":"https:\/\/arteeluoghi.it\/images\/museo-castromediano.jpg"}],"twitter_card":"summary","twitter_creator":"@arteeluoghi","twitter_site":"@arteeluoghi","twitter_misc":{"Scritto da":"Staff","Tempo di lettura stimato":"6 minuti"},"schema":{"@context":"https:\/\/schema.org","@graph":[{"@type":"Organization","@id":"https:\/\/arteeluoghi.it\/#organization","name":"Arte e Luoghi","url":"https:\/\/arteeluoghi.it\/","sameAs":["https:\/\/www.facebook.com\/ArteELuoghi\/","https:\/\/www.instagram.com\/arteeluoghi\/?hl=it","https:\/\/www.youtube.com\/channel\/UCuRVc4JW4-C5sg9rQB-srkw?view_as=subscriber","https:\/\/twitter.com\/arteeluoghi"],"logo":{"@type":"ImageObject","@id":"https:\/\/arteeluoghi.it\/#logo","inLanguage":"it-IT","url":"https:\/\/arteeluoghi.it\/wp-content\/uploads\/2018\/08\/logoinstagramarte.jpg","contentUrl":"https:\/\/arteeluoghi.it\/wp-content\/uploads\/2018\/08\/logoinstagramarte.jpg","width":150,"height":150,"caption":"Arte e Luoghi"},"image":{"@id":"https:\/\/arteeluoghi.it\/#logo"}},{"@type":"WebSite","@id":"https:\/\/arteeluoghi.it\/#website","url":"https:\/\/arteeluoghi.it\/","name":"Arte e Luoghi","description":"Mensile di arte, cultura, turismo e curiosit\u00e0","publisher":{"@id":"https:\/\/arteeluoghi.it\/#organization"},"potentialAction":[{"@type":"SearchAction","target":{"@type":"EntryPoint","urlTemplate":"https:\/\/arteeluoghi.it\/?s={search_term_string}"},"query-input":"required name=search_term_string"}],"inLanguage":"it-IT"},{"@type":"ImageObject","@id":"https:\/\/arteeluoghi.it\/index.php\/2014\/12\/19\/al-museo-provinciale-sigismondo-castromediano\/#primaryimage","inLanguage":"it-IT","url":"\/images\/museo-castromediano.jpg","contentUrl":"\/images\/museo-castromediano.jpg"},{"@type":"WebPage","@id":"https:\/\/arteeluoghi.it\/index.php\/2014\/12\/19\/al-museo-provinciale-sigismondo-castromediano\/#webpage","url":"https:\/\/arteeluoghi.it\/index.php\/2014\/12\/19\/al-museo-provinciale-sigismondo-castromediano\/","name":"Al Museo provinciale \"Sigismondo Castromediano\" | Arte e Luoghi","isPartOf":{"@id":"https:\/\/arteeluoghi.it\/#website"},"primaryImageOfPage":{"@id":"https:\/\/arteeluoghi.it\/index.php\/2014\/12\/19\/al-museo-provinciale-sigismondo-castromediano\/#primaryimage"},"datePublished":"2014-12-19T15:44:06+00:00","dateModified":"2014-12-19T15:44:06+00:00","breadcrumb":{"@id":"https:\/\/arteeluoghi.it\/index.php\/2014\/12\/19\/al-museo-provinciale-sigismondo-castromediano\/#breadcrumb"},"inLanguage":"it-IT","potentialAction":[{"@type":"ReadAction","target":["https:\/\/arteeluoghi.it\/index.php\/2014\/12\/19\/al-museo-provinciale-sigismondo-castromediano\/"]}]},{"@type":"BreadcrumbList","@id":"https:\/\/arteeluoghi.it\/index.php\/2014\/12\/19\/al-museo-provinciale-sigismondo-castromediano\/#breadcrumb","itemListElement":[{"@type":"ListItem","position":1,"name":"Home","item":"https:\/\/arteeluoghi.it\/"},{"@type":"ListItem","position":2,"name":"Al Museo provinciale &#8220;Sigismondo Castromediano&#8221;"}]},{"@type":"Article","@id":"https:\/\/arteeluoghi.it\/index.php\/2014\/12\/19\/al-museo-provinciale-sigismondo-castromediano\/#article","isPartOf":{"@id":"https:\/\/arteeluoghi.it\/index.php\/2014\/12\/19\/al-museo-provinciale-sigismondo-castromediano\/#webpage"},"author":{"@id":"https:\/\/arteeluoghi.it\/#\/schema\/person\/f84e814e36e91e01448ee07eaadd41d4"},"headline":"Al Museo provinciale &#8220;Sigismondo Castromediano&#8221;","datePublished":"2014-12-19T15:44:06+00:00","dateModified":"2014-12-19T15:44:06+00:00","mainEntityOfPage":{"@id":"https:\/\/arteeluoghi.it\/index.php\/2014\/12\/19\/al-museo-provinciale-sigismondo-castromediano\/#webpage"},"wordCount":1158,"commentCount":0,"publisher":{"@id":"https:\/\/arteeluoghi.it\/#organization"},"image":{"@id":"https:\/\/arteeluoghi.it\/index.php\/2014\/12\/19\/al-museo-provinciale-sigismondo-castromediano\/#primaryimage"},"thumbnailUrl":"\/images\/museo-castromediano.jpg","articleSection":["CuriosAr(t)e"],"inLanguage":"it-IT","potentialAction":[{"@type":"CommentAction","name":"Comment","target":["https:\/\/arteeluoghi.it\/index.php\/2014\/12\/19\/al-museo-provinciale-sigismondo-castromediano\/#respond"]}]},{"@type":"Person","@id":"https:\/\/arteeluoghi.it\/#\/schema\/person\/f84e814e36e91e01448ee07eaadd41d4","name":"Staff","image":{"@type":"ImageObject","@id":"https:\/\/arteeluoghi.it\/#personlogo","inLanguage":"it-IT","url":"https:\/\/secure.gravatar.com\/avatar\/49d2f9e46271bb04e19cebfaf141313a?s=96&d=blank&r=g","contentUrl":"https:\/\/secure.gravatar.com\/avatar\/49d2f9e46271bb04e19cebfaf141313a?s=96&d=blank&r=g","caption":"Staff"}}]}},"_links":{"self":[{"href":"https:\/\/arteeluoghi.it\/index.php\/wp-json\/wp\/v2\/posts\/1988"}],"collection":[{"href":"https:\/\/arteeluoghi.it\/index.php\/wp-json\/wp\/v2\/posts"}],"about":[{"href":"https:\/\/arteeluoghi.it\/index.php\/wp-json\/wp\/v2\/types\/post"}],"author":[{"embeddable":true,"href":"https:\/\/arteeluoghi.it\/index.php\/wp-json\/wp\/v2\/users\/1"}],"replies":[{"embeddable":true,"href":"https:\/\/arteeluoghi.it\/index.php\/wp-json\/wp\/v2\/comments?post=1988"}],"version-history":[{"count":0,"href":"https:\/\/arteeluoghi.it\/index.php\/wp-json\/wp\/v2\/posts\/1988\/revisions"}],"wp:attachment":[{"href":"https:\/\/arteeluoghi.it\/index.php\/wp-json\/wp\/v2\/media?parent=1988"}],"wp:term":[{"taxonomy":"category","embeddable":true,"href":"https:\/\/arteeluoghi.it\/index.php\/wp-json\/wp\/v2\/categories?post=1988"},{"taxonomy":"post_tag","embeddable":true,"href":"https:\/\/arteeluoghi.it\/index.php\/wp-json\/wp\/v2\/tags?post=1988"}],"curies":[{"name":"wp","href":"https:\/\/api.w.org\/{rel}","templated":true}]}}