{"id":1994,"date":"2015-01-12T20:16:58","date_gmt":"2015-01-12T19:16:58","guid":{"rendered":"http:\/\/arteeluoghi.it\/index.php\/2015\/01\/12\/i-giorni-di-pompei-a-tuglie-alberto-angela\/"},"modified":"2015-01-12T20:16:58","modified_gmt":"2015-01-12T19:16:58","slug":"i-giorni-di-pompei-a-tuglie-alberto-angela","status":"publish","type":"post","link":"https:\/\/arteeluoghi.it\/index.php\/2015\/01\/12\/i-giorni-di-pompei-a-tuglie-alberto-angela\/","title":{"rendered":"I giorni di Pompei. A Tuglie Alberto Angela"},"content":{"rendered":"<p style=\"text-align: left;\" align=\"center\"><strong><img src=\"\/images\/angela%20alberto.jpg\" border=\"0\" title=\"il giornalista e scrittore Alberto Angela\" width=\"200\" style=\"float: right; margin: 21px;\" \/>Alberto Angela apre \u201cTuglie Incontra 2015\u201d <\/strong><\/p>\n<p style=\"text-align: left;\" align=\"center\"><strong><em>Al Festival Nazionale del Libro presenta \u201cI tre giorni di Pompei\u201d<\/em><\/strong><\/p>\n<p>La nuova programmazione di <strong>\u201cTuglie Incontra \u2013 Festival Nazionale del Libro\u201d<\/strong> si apre con un grande personaggio del mondo del giornalismo e della scienza. Infatti, per presentare il nuovo libro, edito da Rizzoli e Rai Eri dal titolo <strong>\u201cI tre giorni di Pompei\u201d<\/strong> giunge a <strong>Tuglie<\/strong>, <strong>Alberto Angela<\/strong>.<\/p>\n<p>L\u2019appuntamento \u00e8 presso il <strong>Centro Polifunzionale<\/strong>, in Corso Cesare Vergine (Localit\u00e0 Montegrappa \u2013 nei pressi della Zona 167), <strong>marted\u00ec 13 gennaio 2015<\/strong>, alle <strong>ore 19.30.\u00a0<\/strong><span style=\"line-height: 1.3em;\">Ad introdurre la serata e l\u2019autore, <\/span><strong style=\"line-height: 1.3em;\">Gianpiero Pisanello<\/strong><span style=\"line-height: 1.3em;\">, giornalista e organizzatore da quattro anni del Festival tugliese.<\/span><\/p>\n<p>\u00a0<\/p>\n<p><strong>&#8220;I TRE GIORNI DI POMPEI&#8221;<\/strong><\/p>\n<p>La tragica fine di una citt\u00e0 meravigliosa raccontata seguendo le ultime ore di vita degli abitanti, scoprendo sette sopravvissuti (e un omicidio!) e svelando molte verit\u00e0 sorprendenti. Una su tutte: da Pompei non si vedeva alcun vulcano. Il 24 ottobre del 79 d.C. sembra un venerd\u00ec qualsiasi a Pompei, una citt\u00e0 abitata da circa dodicimila persone che, come altre nell\u2019Impero, lavorano, vanno alle terme, fanno l\u2019amore. Ma alle 13 dal vicino Vesuvius si sprigiona una quantit\u00e0 di energia pari a cinquantamila bombe atomiche e, in meno di venti ore, sotto un diluvio ustionante di ceneri e gas, Pompei \u00e8 soffocata da sei metri di pomici, mentre la vicina Ercolano viene sepolta sotto venti metri di fanghi compatti.<\/p>\n<p>  <!--more-->  <\/p>\n<p>Migliaia di uomini e donne cercano di scappare, invocano gli d\u00e8i, ma trovano una morte orribile. E solo in epoca moderna saranno scoperti alcuni dei loro corpi, contorti nella disperazione della fuga. Dopo anni passati a studiare la zona vesuviana, con il supporto di archeologi e vulcanologi Alberto Angela ricostruisce come in presa diretta i giorni che ne segnarono il tragico destino. Per farci respirare le atmosfere di quei momenti, individua alcuni personaggi storicamente esistiti \u2013 la ricca matrona Rectina, un cinico banchiere, un politico ambizioso \u2013 e li segue in un percorso che si pu\u00f2 fare ancora oggi, per strade, campagne, case o locali pubblici. Non solo ci fa scorrere davanti agli occhi la vita quotidiana (prima) e la morte (poi) come in un film mozzafiato, ma d\u00e0 nuove, illuminanti risposte a intriganti interrogativi: perch\u00e9 nessuno si era accorto di vivere alle pendici di un vulcano-killer? Come mai alcune eleganti domus erano diventate laboratori artigiani? E che cosa legava Plinio il Vecchio, naturalista e ammiraglio scomparso nella tragedia, all\u2019affascinante Rectina? Dettagliatissimo e aggiornato con gli studi pi\u00f9 recenti, questo libro \u00e8 un viaggio emozionante nel mondo antico, il reportage di una tragedia, un libro unico che si legge come un romanzo e ha la profondit\u00e0 di un grande saggio.<\/p>\n<hr \/>\n<p> <strong>ALBERTO ANGELA<\/strong>, nato a Parigi nel 1962, giornalista e divulgatore scientifico, \u00e8 autore e conduttore di programmi televisivi di straordinaria popolarit\u00e0 come Passaggio a Nord Ovest e Ulisse. Fra i suoi ultimi libri, tutti bestseller, ricordiamo Una giornata nell\u2019antica Roma (2007), Impero (2010), Amore e sesso nell\u2019antica Roma (2012) e, con Rizzoli, i volumi illustrati Viaggio nella Cappella Sistina (2013) e I bronzi di Riace (2014).<\/p>\n<p style=\"text-align: left;\">(fonte: comunicato stampa)<\/p>\n<hr \/>\n<p style=\"text-align: left;\">\u00a0<\/p>\n<p style=\"text-align: left;\" align=\"center\"><strong>Marted\u00ec 13 gennaio 2015<\/strong><\/p>\n<p style=\"text-align: left;\" align=\"center\"><strong>ore 19.30<\/strong><\/p>\n<p style=\"text-align: left;\" align=\"center\"><strong>\u00a0<\/strong><\/p>\n<p style=\"text-align: left;\" align=\"center\"><strong>Centro Polifunzionale<\/strong><\/p>\n<p style=\"text-align: left;\" align=\"center\"><strong>Corso Cesare Vergine<\/strong><\/p>\n<p style=\"text-align: left;\" align=\"center\"><strong>(Localit\u00e0 Montegrappa, nei pressi della Zona 167)<\/strong><\/p>\n<p style=\"text-align: left;\" align=\"center\"><strong>\u00a0<\/strong><\/p>\n<p style=\"text-align: left;\" align=\"center\"><strong>TUGLIE (Le)<\/strong><\/p>\n<p style=\"text-align: left;\"><strong>\u00a0<\/strong><\/p>\n<p style=\"text-align: left;\" align=\"center\"><em>Ingresso libero.<\/em><\/p>\n<p style=\"text-align: left;\" align=\"center\"><em>Info: 348.5465650<\/em><\/p>\n","protected":false},"excerpt":{"rendered":"<p>Alberto Angela apre \u201cTuglie Incontra 2015\u201d Al Festival Nazionale del Libro presenta \u201cI tre giorni di Pompei\u201d La nuova programmazione<\/p>\n","protected":false},"author":1,"featured_media":0,"comment_status":"open","ping_status":"open","sticky":false,"template":"","format":"standard","meta":[],"categories":[17],"tags":[],"yoast_head":"<!-- This site is optimized with the Yoast SEO plugin v18.0 - https:\/\/yoast.com\/wordpress\/plugins\/seo\/ -->\n<title>I giorni di Pompei. A Tuglie Alberto Angela | Arte e Luoghi<\/title>\n<meta name=\"robots\" content=\"index, follow, max-snippet:-1, max-image-preview:large, max-video-preview:-1\" \/>\n<link rel=\"canonical\" href=\"https:\/\/arteeluoghi.it\/index.php\/2015\/01\/12\/i-giorni-di-pompei-a-tuglie-alberto-angela\/\" \/>\n<meta property=\"og:locale\" content=\"it_IT\" \/>\n<meta property=\"og:type\" content=\"article\" \/>\n<meta property=\"og:title\" content=\"I giorni di Pompei. A Tuglie Alberto Angela | Arte e Luoghi\" \/>\n<meta property=\"og:description\" content=\"Alberto Angela apre \u201cTuglie Incontra 2015\u201d Al Festival Nazionale del Libro presenta \u201cI tre giorni di Pompei\u201d La nuova programmazione\" \/>\n<meta property=\"og:url\" content=\"https:\/\/arteeluoghi.it\/index.php\/2015\/01\/12\/i-giorni-di-pompei-a-tuglie-alberto-angela\/\" \/>\n<meta property=\"og:site_name\" content=\"Arte e Luoghi\" \/>\n<meta property=\"article:publisher\" content=\"https:\/\/www.facebook.com\/ArteELuoghi\/\" \/>\n<meta property=\"article:published_time\" content=\"2015-01-12T19:16:58+00:00\" \/>\n<meta property=\"og:image\" content=\"https:\/\/arteeluoghi.it\/images\/angela%20alberto.jpg\" \/>\n<meta name=\"twitter:card\" content=\"summary\" \/>\n<meta name=\"twitter:creator\" content=\"@arteeluoghi\" \/>\n<meta name=\"twitter:site\" content=\"@arteeluoghi\" \/>\n<meta name=\"twitter:label1\" content=\"Scritto da\" \/>\n\t<meta name=\"twitter:data1\" content=\"Staff\" \/>\n\t<meta name=\"twitter:label2\" content=\"Tempo di lettura stimato\" \/>\n\t<meta name=\"twitter:data2\" content=\"3 minuti\" \/>\n<script type=\"application\/ld+json\" class=\"yoast-schema-graph\">{\"@context\":\"https:\/\/schema.org\",\"@graph\":[{\"@type\":\"Organization\",\"@id\":\"https:\/\/arteeluoghi.it\/#organization\",\"name\":\"Arte e Luoghi\",\"url\":\"https:\/\/arteeluoghi.it\/\",\"sameAs\":[\"https:\/\/www.facebook.com\/ArteELuoghi\/\",\"https:\/\/www.instagram.com\/arteeluoghi\/?hl=it\",\"https:\/\/www.youtube.com\/channel\/UCuRVc4JW4-C5sg9rQB-srkw?view_as=subscriber\",\"https:\/\/twitter.com\/arteeluoghi\"],\"logo\":{\"@type\":\"ImageObject\",\"@id\":\"https:\/\/arteeluoghi.it\/#logo\",\"inLanguage\":\"it-IT\",\"url\":\"https:\/\/arteeluoghi.it\/wp-content\/uploads\/2018\/08\/logoinstagramarte.jpg\",\"contentUrl\":\"https:\/\/arteeluoghi.it\/wp-content\/uploads\/2018\/08\/logoinstagramarte.jpg\",\"width\":150,\"height\":150,\"caption\":\"Arte e Luoghi\"},\"image\":{\"@id\":\"https:\/\/arteeluoghi.it\/#logo\"}},{\"@type\":\"WebSite\",\"@id\":\"https:\/\/arteeluoghi.it\/#website\",\"url\":\"https:\/\/arteeluoghi.it\/\",\"name\":\"Arte e Luoghi\",\"description\":\"Mensile di arte, cultura, turismo e curiosit\u00e0\",\"publisher\":{\"@id\":\"https:\/\/arteeluoghi.it\/#organization\"},\"potentialAction\":[{\"@type\":\"SearchAction\",\"target\":{\"@type\":\"EntryPoint\",\"urlTemplate\":\"https:\/\/arteeluoghi.it\/?s={search_term_string}\"},\"query-input\":\"required name=search_term_string\"}],\"inLanguage\":\"it-IT\"},{\"@type\":\"ImageObject\",\"@id\":\"https:\/\/arteeluoghi.it\/index.php\/2015\/01\/12\/i-giorni-di-pompei-a-tuglie-alberto-angela\/#primaryimage\",\"inLanguage\":\"it-IT\",\"url\":\"\/images\/angela%20alberto.jpg\",\"contentUrl\":\"\/images\/angela%20alberto.jpg\"},{\"@type\":\"WebPage\",\"@id\":\"https:\/\/arteeluoghi.it\/index.php\/2015\/01\/12\/i-giorni-di-pompei-a-tuglie-alberto-angela\/#webpage\",\"url\":\"https:\/\/arteeluoghi.it\/index.php\/2015\/01\/12\/i-giorni-di-pompei-a-tuglie-alberto-angela\/\",\"name\":\"I giorni di Pompei. A Tuglie Alberto Angela | Arte e Luoghi\",\"isPartOf\":{\"@id\":\"https:\/\/arteeluoghi.it\/#website\"},\"primaryImageOfPage\":{\"@id\":\"https:\/\/arteeluoghi.it\/index.php\/2015\/01\/12\/i-giorni-di-pompei-a-tuglie-alberto-angela\/#primaryimage\"},\"datePublished\":\"2015-01-12T19:16:58+00:00\",\"dateModified\":\"2015-01-12T19:16:58+00:00\",\"breadcrumb\":{\"@id\":\"https:\/\/arteeluoghi.it\/index.php\/2015\/01\/12\/i-giorni-di-pompei-a-tuglie-alberto-angela\/#breadcrumb\"},\"inLanguage\":\"it-IT\",\"potentialAction\":[{\"@type\":\"ReadAction\",\"target\":[\"https:\/\/arteeluoghi.it\/index.php\/2015\/01\/12\/i-giorni-di-pompei-a-tuglie-alberto-angela\/\"]}]},{\"@type\":\"BreadcrumbList\",\"@id\":\"https:\/\/arteeluoghi.it\/index.php\/2015\/01\/12\/i-giorni-di-pompei-a-tuglie-alberto-angela\/#breadcrumb\",\"itemListElement\":[{\"@type\":\"ListItem\",\"position\":1,\"name\":\"Home\",\"item\":\"https:\/\/arteeluoghi.it\/\"},{\"@type\":\"ListItem\",\"position\":2,\"name\":\"I giorni di Pompei. A Tuglie Alberto Angela\"}]},{\"@type\":\"Article\",\"@id\":\"https:\/\/arteeluoghi.it\/index.php\/2015\/01\/12\/i-giorni-di-pompei-a-tuglie-alberto-angela\/#article\",\"isPartOf\":{\"@id\":\"https:\/\/arteeluoghi.it\/index.php\/2015\/01\/12\/i-giorni-di-pompei-a-tuglie-alberto-angela\/#webpage\"},\"author\":{\"@id\":\"https:\/\/arteeluoghi.it\/#\/schema\/person\/f84e814e36e91e01448ee07eaadd41d4\"},\"headline\":\"I giorni di Pompei. A Tuglie Alberto Angela\",\"datePublished\":\"2015-01-12T19:16:58+00:00\",\"dateModified\":\"2015-01-12T19:16:58+00:00\",\"mainEntityOfPage\":{\"@id\":\"https:\/\/arteeluoghi.it\/index.php\/2015\/01\/12\/i-giorni-di-pompei-a-tuglie-alberto-angela\/#webpage\"},\"wordCount\":522,\"commentCount\":0,\"publisher\":{\"@id\":\"https:\/\/arteeluoghi.it\/#organization\"},\"image\":{\"@id\":\"https:\/\/arteeluoghi.it\/index.php\/2015\/01\/12\/i-giorni-di-pompei-a-tuglie-alberto-angela\/#primaryimage\"},\"thumbnailUrl\":\"\/images\/angela%20alberto.jpg\",\"articleSection\":[\"LIBRI\"],\"inLanguage\":\"it-IT\",\"potentialAction\":[{\"@type\":\"CommentAction\",\"name\":\"Comment\",\"target\":[\"https:\/\/arteeluoghi.it\/index.php\/2015\/01\/12\/i-giorni-di-pompei-a-tuglie-alberto-angela\/#respond\"]}]},{\"@type\":\"Person\",\"@id\":\"https:\/\/arteeluoghi.it\/#\/schema\/person\/f84e814e36e91e01448ee07eaadd41d4\",\"name\":\"Staff\",\"image\":{\"@type\":\"ImageObject\",\"@id\":\"https:\/\/arteeluoghi.it\/#personlogo\",\"inLanguage\":\"it-IT\",\"url\":\"https:\/\/secure.gravatar.com\/avatar\/49d2f9e46271bb04e19cebfaf141313a?s=96&d=blank&r=g\",\"contentUrl\":\"https:\/\/secure.gravatar.com\/avatar\/49d2f9e46271bb04e19cebfaf141313a?s=96&d=blank&r=g\",\"caption\":\"Staff\"}}]}<\/script>\n<!-- \/ Yoast SEO plugin. -->","yoast_head_json":{"title":"I giorni di Pompei. A Tuglie Alberto Angela | Arte e Luoghi","robots":{"index":"index","follow":"follow","max-snippet":"max-snippet:-1","max-image-preview":"max-image-preview:large","max-video-preview":"max-video-preview:-1"},"canonical":"https:\/\/arteeluoghi.it\/index.php\/2015\/01\/12\/i-giorni-di-pompei-a-tuglie-alberto-angela\/","og_locale":"it_IT","og_type":"article","og_title":"I giorni di Pompei. A Tuglie Alberto Angela | Arte e Luoghi","og_description":"Alberto Angela apre \u201cTuglie Incontra 2015\u201d Al Festival Nazionale del Libro presenta \u201cI tre giorni di Pompei\u201d La nuova programmazione","og_url":"https:\/\/arteeluoghi.it\/index.php\/2015\/01\/12\/i-giorni-di-pompei-a-tuglie-alberto-angela\/","og_site_name":"Arte e Luoghi","article_publisher":"https:\/\/www.facebook.com\/ArteELuoghi\/","article_published_time":"2015-01-12T19:16:58+00:00","og_image":[{"url":"https:\/\/arteeluoghi.it\/images\/angela%20alberto.jpg"}],"twitter_card":"summary","twitter_creator":"@arteeluoghi","twitter_site":"@arteeluoghi","twitter_misc":{"Scritto da":"Staff","Tempo di lettura stimato":"3 minuti"},"schema":{"@context":"https:\/\/schema.org","@graph":[{"@type":"Organization","@id":"https:\/\/arteeluoghi.it\/#organization","name":"Arte e Luoghi","url":"https:\/\/arteeluoghi.it\/","sameAs":["https:\/\/www.facebook.com\/ArteELuoghi\/","https:\/\/www.instagram.com\/arteeluoghi\/?hl=it","https:\/\/www.youtube.com\/channel\/UCuRVc4JW4-C5sg9rQB-srkw?view_as=subscriber","https:\/\/twitter.com\/arteeluoghi"],"logo":{"@type":"ImageObject","@id":"https:\/\/arteeluoghi.it\/#logo","inLanguage":"it-IT","url":"https:\/\/arteeluoghi.it\/wp-content\/uploads\/2018\/08\/logoinstagramarte.jpg","contentUrl":"https:\/\/arteeluoghi.it\/wp-content\/uploads\/2018\/08\/logoinstagramarte.jpg","width":150,"height":150,"caption":"Arte e Luoghi"},"image":{"@id":"https:\/\/arteeluoghi.it\/#logo"}},{"@type":"WebSite","@id":"https:\/\/arteeluoghi.it\/#website","url":"https:\/\/arteeluoghi.it\/","name":"Arte e Luoghi","description":"Mensile di arte, cultura, turismo e curiosit\u00e0","publisher":{"@id":"https:\/\/arteeluoghi.it\/#organization"},"potentialAction":[{"@type":"SearchAction","target":{"@type":"EntryPoint","urlTemplate":"https:\/\/arteeluoghi.it\/?s={search_term_string}"},"query-input":"required name=search_term_string"}],"inLanguage":"it-IT"},{"@type":"ImageObject","@id":"https:\/\/arteeluoghi.it\/index.php\/2015\/01\/12\/i-giorni-di-pompei-a-tuglie-alberto-angela\/#primaryimage","inLanguage":"it-IT","url":"\/images\/angela%20alberto.jpg","contentUrl":"\/images\/angela%20alberto.jpg"},{"@type":"WebPage","@id":"https:\/\/arteeluoghi.it\/index.php\/2015\/01\/12\/i-giorni-di-pompei-a-tuglie-alberto-angela\/#webpage","url":"https:\/\/arteeluoghi.it\/index.php\/2015\/01\/12\/i-giorni-di-pompei-a-tuglie-alberto-angela\/","name":"I giorni di Pompei. A Tuglie Alberto Angela | Arte e Luoghi","isPartOf":{"@id":"https:\/\/arteeluoghi.it\/#website"},"primaryImageOfPage":{"@id":"https:\/\/arteeluoghi.it\/index.php\/2015\/01\/12\/i-giorni-di-pompei-a-tuglie-alberto-angela\/#primaryimage"},"datePublished":"2015-01-12T19:16:58+00:00","dateModified":"2015-01-12T19:16:58+00:00","breadcrumb":{"@id":"https:\/\/arteeluoghi.it\/index.php\/2015\/01\/12\/i-giorni-di-pompei-a-tuglie-alberto-angela\/#breadcrumb"},"inLanguage":"it-IT","potentialAction":[{"@type":"ReadAction","target":["https:\/\/arteeluoghi.it\/index.php\/2015\/01\/12\/i-giorni-di-pompei-a-tuglie-alberto-angela\/"]}]},{"@type":"BreadcrumbList","@id":"https:\/\/arteeluoghi.it\/index.php\/2015\/01\/12\/i-giorni-di-pompei-a-tuglie-alberto-angela\/#breadcrumb","itemListElement":[{"@type":"ListItem","position":1,"name":"Home","item":"https:\/\/arteeluoghi.it\/"},{"@type":"ListItem","position":2,"name":"I giorni di Pompei. A Tuglie Alberto Angela"}]},{"@type":"Article","@id":"https:\/\/arteeluoghi.it\/index.php\/2015\/01\/12\/i-giorni-di-pompei-a-tuglie-alberto-angela\/#article","isPartOf":{"@id":"https:\/\/arteeluoghi.it\/index.php\/2015\/01\/12\/i-giorni-di-pompei-a-tuglie-alberto-angela\/#webpage"},"author":{"@id":"https:\/\/arteeluoghi.it\/#\/schema\/person\/f84e814e36e91e01448ee07eaadd41d4"},"headline":"I giorni di Pompei. A Tuglie Alberto Angela","datePublished":"2015-01-12T19:16:58+00:00","dateModified":"2015-01-12T19:16:58+00:00","mainEntityOfPage":{"@id":"https:\/\/arteeluoghi.it\/index.php\/2015\/01\/12\/i-giorni-di-pompei-a-tuglie-alberto-angela\/#webpage"},"wordCount":522,"commentCount":0,"publisher":{"@id":"https:\/\/arteeluoghi.it\/#organization"},"image":{"@id":"https:\/\/arteeluoghi.it\/index.php\/2015\/01\/12\/i-giorni-di-pompei-a-tuglie-alberto-angela\/#primaryimage"},"thumbnailUrl":"\/images\/angela%20alberto.jpg","articleSection":["LIBRI"],"inLanguage":"it-IT","potentialAction":[{"@type":"CommentAction","name":"Comment","target":["https:\/\/arteeluoghi.it\/index.php\/2015\/01\/12\/i-giorni-di-pompei-a-tuglie-alberto-angela\/#respond"]}]},{"@type":"Person","@id":"https:\/\/arteeluoghi.it\/#\/schema\/person\/f84e814e36e91e01448ee07eaadd41d4","name":"Staff","image":{"@type":"ImageObject","@id":"https:\/\/arteeluoghi.it\/#personlogo","inLanguage":"it-IT","url":"https:\/\/secure.gravatar.com\/avatar\/49d2f9e46271bb04e19cebfaf141313a?s=96&d=blank&r=g","contentUrl":"https:\/\/secure.gravatar.com\/avatar\/49d2f9e46271bb04e19cebfaf141313a?s=96&d=blank&r=g","caption":"Staff"}}]}},"_links":{"self":[{"href":"https:\/\/arteeluoghi.it\/index.php\/wp-json\/wp\/v2\/posts\/1994"}],"collection":[{"href":"https:\/\/arteeluoghi.it\/index.php\/wp-json\/wp\/v2\/posts"}],"about":[{"href":"https:\/\/arteeluoghi.it\/index.php\/wp-json\/wp\/v2\/types\/post"}],"author":[{"embeddable":true,"href":"https:\/\/arteeluoghi.it\/index.php\/wp-json\/wp\/v2\/users\/1"}],"replies":[{"embeddable":true,"href":"https:\/\/arteeluoghi.it\/index.php\/wp-json\/wp\/v2\/comments?post=1994"}],"version-history":[{"count":0,"href":"https:\/\/arteeluoghi.it\/index.php\/wp-json\/wp\/v2\/posts\/1994\/revisions"}],"wp:attachment":[{"href":"https:\/\/arteeluoghi.it\/index.php\/wp-json\/wp\/v2\/media?parent=1994"}],"wp:term":[{"taxonomy":"category","embeddable":true,"href":"https:\/\/arteeluoghi.it\/index.php\/wp-json\/wp\/v2\/categories?post=1994"},{"taxonomy":"post_tag","embeddable":true,"href":"https:\/\/arteeluoghi.it\/index.php\/wp-json\/wp\/v2\/tags?post=1994"}],"curies":[{"name":"wp","href":"https:\/\/api.w.org\/{rel}","templated":true}]}}