{"id":1996,"date":"2015-01-06T19:19:26","date_gmt":"2015-01-06T18:19:26","guid":{"rendered":"http:\/\/arteeluoghi.it\/index.php\/2015\/01\/06\/la-focara-2015\/"},"modified":"2015-01-06T19:19:26","modified_gmt":"2015-01-06T18:19:26","slug":"la-focara-2015","status":"publish","type":"post","link":"https:\/\/arteeluoghi.it\/index.php\/2015\/01\/06\/la-focara-2015\/","title":{"rendered":"La Focara 2015. I giorni del fuoco a Novoli"},"content":{"rendered":"<p>\u00a0<\/p>\n<p><img src=\"\/images\/brochurefocara2015.jpg\" border=\"0\" title=\"il manifesto dell'iniziativa\" width=\"300\" style=\"float: left; margin: 21px;\" \/>A Novoli (Lecce) dal 16 al 18 gennaio 2015<\/p>\n<p><span style=\"font-size: small;\"><strong>Sant&#8217;Antonio, il fuoco e la festa<\/strong><\/span><\/p>\n<p>Tornano a Novoli, in provincia di Lecce, i giorni del fuoco. Dal 16 al 18 gennaio 2015 la tradizionale festa che si celebra in onore del patrono, Sant&#8217;Antonio Abate, vedr\u00e0 anche per questa edizione, la quinta, un ricco programma di eventi.<\/p>\n<p>La F\u00f2cara, (un enorme fal\u00f2 \u00a0di 25 metri di altezza e 20 metri di diametro) riunir\u00e0 attorno a s\u00e9 tradizione, arte, cultura, performance e personalit\u00e0 artistiche da tutto il mondo: dal 16 al 18 gennaio saranno tanti gli eventi che renderanno questo appuntamento imperdibile.<\/p>\n<p>E sar\u00e0<strong> Jannis Kounellis<\/strong> uno dei protagonisti di <strong>F\u00f2carArte<\/strong>, coordinata da <strong><em>Toti Carpentieri, <\/em><\/strong>cifra della Focara che coniuga l&#8217;accensione della Focara con l&#8217;arte contemporanea. L\u2019Artista greco, per la direzione artistica e la cura di <strong><em>Giacomo Zaza<\/em><\/strong>, ha infatti firmato il \u201cmanifesto d\u2019autore\u201d e realizzer\u00e0 non soltanto il progetto dell\u2019installazione sul fal\u00f2 interpretando e riprogettando la montagna di fascine formate dai tralci di vite, ma anche una serigrafia e un multiplo d\u2019autore (opera oggettuale in tiratura limitata) ideati in esclusiva per l\u2019evento. Nei \u201cgiorni del fuoco\u201d, inoltre, presso il Palazzo Baronale di Novoli, sar\u00e0 presentata una sua installazione <em>site-specific<\/em> e un libro che documenter\u00e0 l\u2019intero progetto. Sempre all\u2019interno del Palazzo Baronale, il giovane artista <strong>Francesco Arena<\/strong>, con la curatela di Zaza, realizzer\u00e0 una grande installazione dal titolo <em>Barra (gli alti e i bassi<\/em>. A completare la sezione di <strong>F\u00f2carArte\u00a0<\/strong> la mostra degli scatti di <strong>Peppe Avallone<\/strong>, che narrano l\u2019edizione 2014 della festa, e la fotografa <strong>Paola Mattioli<\/strong> cui verr\u00e0 consegnato il <em>Premio F\u00f2cara Fotografia 2015<\/em>.<\/p>\n<p>Passato e presente, nel segno dell&#8217;arte e del fuoco, per continuare una tradizione che vede inseme sacro e profano.\u00a0<\/p>\n<p>  <!--more-->  <\/p>\n<p>E, naturalmente, la festa \u00e8 prima di tutto religiosa con la tradizionale processione con la statua lignea del Santo, di fattura veneziana, che sfiler\u00e0 per le vie del paese accompagnata dal concerto bandistico &#8220;Citt\u00e0 di Squninzano&#8221; (Le) nel pomeriggio\u00a0del 16 gennaio preceduta alle 15\u00a0 dalla benedizione degli animali. Anche quest\u2019anno far\u00e0 da cornice il Corteo Storico della citt\u00e0 di Oria (Br).<\/p>\n<p>L\u2019accensione della focara \u00e8 prevista per le 20.00 con uno spettacolo di straordinaria bellezza. L\u2019accensione, infatti, sar\u00e0 preceduta da un video sviluppato da <strong>Donpasta<\/strong> che sar\u00e0 proiettato direttamente sulla focara. Lo spettacolo dell\u2019accensione\u00a0 sar\u00e0 a cura della compagnia teatrale spagnola <strong>XARXA TEATRE<\/strong> che vanta esibizioni nei cinque continenti. Lo spettacolo inizier\u00e0 con la focara illuminata solo dalla luce del fuoco vivo, accompagnato dal suono delle campane a festa. Subito dopo apparir\u00e0 un lampadario umano sospeso per aria i cui personaggi si muoveranno al suono delle campane. Lo spettacolo si concluder\u00e0 con una grande effigie di Sant\u2019Antonio Abate, disegnata dal fuoco vivo, che lentamente scender\u00e0 sulla sommit\u00e0 della focara.<\/p>\n<p>\u00a0<\/p>\n<p>Curiosit\u00e0 e attesa anche per la presenza di <strong>Donpasta<\/strong>, autentico \u201cattivista del cibo\u201d, autore del libro \u2018Artusi Remix\u2019, e <strong>Chef Rubio<\/strong>, \u201ccombattente dello street-food\u201d, popolare volto DMAX celebre per i programmi TV \u2018Uniti &amp; Bisunti\u2019 e \u201cI re della Griglia\u201d.<\/p>\n<p>I due food-artist si esibiranno muovendosi tra i fornelli, nel solco della cucina popolare: <em>sabato 17 gennaio alle ore 19<\/em>, il giorno dopo l\u2019accensione del fuoco, allestiranno una grande grigliata, a ridosso del fal\u00f2, utilizzando i \u201ctizzoni\u201d della pira ardente per offrire al pubblico piatti tipici della tradizione salentina, mentre <em>la sera del 16 gennaio<\/em>, per raccontare l&#8217;orgoglio contadino come forma di resistenza alla globalizzazione dei gusti, saliranno sul grande palco del <strong>F\u00f2caraFestival<\/strong>.<\/p>\n<p>\u00a0<\/p>\n<p>Grande attesa per il F\u00f2caraFestival, a cura di Loris Romano che, anche quest\u2019anno, si preannuncia ricco di collaborazioni, sperimentazioni e diffusioni sonore, che lo rendono \u00a0unico nel panorama internazionale e senza dubbio tra i migliori in Europa. La tre giorni \u00a0musicale (dal 16 al 18 gennaio) assolutamente gratuita, vedr\u00e0 ospiti internazionali quali <strong>Emir Kusturica &amp; the no smoking orchestra<\/strong>, il cantante franco\/algerino <strong>Rachid Taha<\/strong> \u00a0pioniere e re indiscusso della scena rock francese multiculturale e <strong>Tony Allen<\/strong> nato a \u00a0Lagos in Nigeria nel 1940, \u00e8 riconosciuto come l miglior batterista e il pi\u00f9 influente \u00a0musicista africano, l\u2019uomo con cui Fela Kuti crea \u201cL\u2019Afrobeat\u201d. Sempre alla scoperta delle \u00a0musiche del mondo, il F\u00f2caraFestival presenter\u00e0 <strong>Adrian Sherwood<\/strong>, beatmaker \u00a0britannico, profeta della sezione ritmica. La musica tutta deve molto a questo pioniere\u00a0 la \u00a0cui\u00a0 fama non \u00e8 certo pari a quella degli artisti che ha contribuito a creare insieme a Lee \u201cScratch Perry\u201d produttore, musicista e cantante, una delle figure pi\u00f9 importanti della musica giamaicana e mondiale dell&#8217;ultimo mezzo secolo. Sulle loro tracce si muover\u00e0 Hollie Cook, duplice figlia d\u2019arte di Paul Cook, batterista dei sex pistols e Jeny, corista dei Culture Club, Hollie \u00e8 la parentesi essenziale della musica Jamaicana mista al \u201cTropical Pop\u201d.<\/p>\n<p>Sperimentazione con \u201cLU BALLUBALETI\u201d di <strong>Mascarimir\u00ec <\/strong>e \u00a0<strong>Nux Vomica<\/strong>, in un concerto con ritmi da ballo del sud d\u2019Italia e Francia, dove il groove \u00a0della pizzica salentina si fonde con la farandola nizzarda, dal salento un altro gradito ritorno al festival, quello dei <strong>SUD SOUND SYSTEM<\/strong> per poi arrivare a <strong>Ninos du\u00a0 Brasil<\/strong>, dediti a un&#8217;ardita commistione di batucada e noise, samba ed elettronica.\u00a0<\/p>\n<p>Su questi ritmi si inseriranno altri artisti di portata internazionale quali <strong>ASIAN DUB FOUNDATION.<\/strong><\/p>\n<p>Intorno alla F\u00f2cara, tra musica e danze, l\u2019area live sar\u00e0 tutta da gustare con i prodotti tipici locali del <strong>Salone dell\u2019enogastronomia \u201cCupagri\u201d, <\/strong>sostenuto dal<strong> Gal Valle della Cupa,<\/strong> con il laboratorio\/concorso <em>\u201cPenne al dente\u201d,<\/em> a cura di <strong>Coldiretti Lecce<\/strong>, con il patrocinio <strong>dell\u2019Ordine Nazionale dei Giornalisti<\/strong>, che vede ai fornelli i professionisti della comunicazione, provenienti da una qualsiasi altra area geografica del nostro paese, assistiti da qualificati chef salentini, misurarsi con creative ricette inedite preparate con i prodotti a km 0 della Valle della Cupa.<\/p>\n<p><strong>Intanto chi volesse rendersi conto di quanto accade pu\u00f2 farlo in tempo reale collegandosi a: <a href=\"http:\/\/www.fondazionefocara.com\/\">www.fondazionefocara.com<\/a>.<\/strong><\/p>\n<p>red. Arte e Luoghi<\/p>\n","protected":false},"excerpt":{"rendered":"<p>\u00a0 A Novoli (Lecce) dal 16 al 18 gennaio 2015 Sant&#8217;Antonio, il fuoco e la festa Tornano a Novoli, in<\/p>\n","protected":false},"author":1,"featured_media":0,"comment_status":"open","ping_status":"open","sticky":false,"template":"","format":"standard","meta":[],"categories":[43],"tags":[],"yoast_head":"<!-- This site is optimized with the Yoast SEO plugin v18.0 - https:\/\/yoast.com\/wordpress\/plugins\/seo\/ -->\n<title>La Focara 2015. I giorni del fuoco a Novoli | Arte e Luoghi<\/title>\n<meta name=\"robots\" content=\"index, follow, max-snippet:-1, max-image-preview:large, max-video-preview:-1\" \/>\n<link rel=\"canonical\" href=\"https:\/\/arteeluoghi.it\/index.php\/2015\/01\/06\/la-focara-2015\/\" \/>\n<meta property=\"og:locale\" content=\"it_IT\" \/>\n<meta property=\"og:type\" content=\"article\" \/>\n<meta property=\"og:title\" content=\"La Focara 2015. I giorni del fuoco a Novoli | Arte e Luoghi\" \/>\n<meta property=\"og:description\" content=\"\u00a0 A Novoli (Lecce) dal 16 al 18 gennaio 2015 Sant&#8217;Antonio, il fuoco e la festa Tornano a Novoli, in\" \/>\n<meta property=\"og:url\" content=\"https:\/\/arteeluoghi.it\/index.php\/2015\/01\/06\/la-focara-2015\/\" \/>\n<meta property=\"og:site_name\" content=\"Arte e Luoghi\" \/>\n<meta property=\"article:publisher\" content=\"https:\/\/www.facebook.com\/ArteELuoghi\/\" \/>\n<meta property=\"article:published_time\" content=\"2015-01-06T18:19:26+00:00\" \/>\n<meta property=\"og:image\" content=\"https:\/\/arteeluoghi.it\/images\/brochurefocara2015.jpg\" \/>\n<meta name=\"twitter:card\" content=\"summary\" \/>\n<meta name=\"twitter:creator\" content=\"@arteeluoghi\" \/>\n<meta name=\"twitter:site\" content=\"@arteeluoghi\" \/>\n<meta name=\"twitter:label1\" content=\"Scritto da\" \/>\n\t<meta name=\"twitter:data1\" content=\"Staff\" \/>\n\t<meta name=\"twitter:label2\" content=\"Tempo di lettura stimato\" \/>\n\t<meta name=\"twitter:data2\" content=\"5 minuti\" \/>\n<script type=\"application\/ld+json\" class=\"yoast-schema-graph\">{\"@context\":\"https:\/\/schema.org\",\"@graph\":[{\"@type\":\"Organization\",\"@id\":\"https:\/\/arteeluoghi.it\/#organization\",\"name\":\"Arte e Luoghi\",\"url\":\"https:\/\/arteeluoghi.it\/\",\"sameAs\":[\"https:\/\/www.facebook.com\/ArteELuoghi\/\",\"https:\/\/www.instagram.com\/arteeluoghi\/?hl=it\",\"https:\/\/www.youtube.com\/channel\/UCuRVc4JW4-C5sg9rQB-srkw?view_as=subscriber\",\"https:\/\/twitter.com\/arteeluoghi\"],\"logo\":{\"@type\":\"ImageObject\",\"@id\":\"https:\/\/arteeluoghi.it\/#logo\",\"inLanguage\":\"it-IT\",\"url\":\"https:\/\/arteeluoghi.it\/wp-content\/uploads\/2018\/08\/logoinstagramarte.jpg\",\"contentUrl\":\"https:\/\/arteeluoghi.it\/wp-content\/uploads\/2018\/08\/logoinstagramarte.jpg\",\"width\":150,\"height\":150,\"caption\":\"Arte e Luoghi\"},\"image\":{\"@id\":\"https:\/\/arteeluoghi.it\/#logo\"}},{\"@type\":\"WebSite\",\"@id\":\"https:\/\/arteeluoghi.it\/#website\",\"url\":\"https:\/\/arteeluoghi.it\/\",\"name\":\"Arte e Luoghi\",\"description\":\"Mensile di arte, cultura, turismo e curiosit\u00e0\",\"publisher\":{\"@id\":\"https:\/\/arteeluoghi.it\/#organization\"},\"potentialAction\":[{\"@type\":\"SearchAction\",\"target\":{\"@type\":\"EntryPoint\",\"urlTemplate\":\"https:\/\/arteeluoghi.it\/?s={search_term_string}\"},\"query-input\":\"required name=search_term_string\"}],\"inLanguage\":\"it-IT\"},{\"@type\":\"ImageObject\",\"@id\":\"https:\/\/arteeluoghi.it\/index.php\/2015\/01\/06\/la-focara-2015\/#primaryimage\",\"inLanguage\":\"it-IT\",\"url\":\"\/images\/brochurefocara2015.jpg\",\"contentUrl\":\"\/images\/brochurefocara2015.jpg\"},{\"@type\":\"WebPage\",\"@id\":\"https:\/\/arteeluoghi.it\/index.php\/2015\/01\/06\/la-focara-2015\/#webpage\",\"url\":\"https:\/\/arteeluoghi.it\/index.php\/2015\/01\/06\/la-focara-2015\/\",\"name\":\"La Focara 2015. I giorni del fuoco a Novoli | Arte e Luoghi\",\"isPartOf\":{\"@id\":\"https:\/\/arteeluoghi.it\/#website\"},\"primaryImageOfPage\":{\"@id\":\"https:\/\/arteeluoghi.it\/index.php\/2015\/01\/06\/la-focara-2015\/#primaryimage\"},\"datePublished\":\"2015-01-06T18:19:26+00:00\",\"dateModified\":\"2015-01-06T18:19:26+00:00\",\"breadcrumb\":{\"@id\":\"https:\/\/arteeluoghi.it\/index.php\/2015\/01\/06\/la-focara-2015\/#breadcrumb\"},\"inLanguage\":\"it-IT\",\"potentialAction\":[{\"@type\":\"ReadAction\",\"target\":[\"https:\/\/arteeluoghi.it\/index.php\/2015\/01\/06\/la-focara-2015\/\"]}]},{\"@type\":\"BreadcrumbList\",\"@id\":\"https:\/\/arteeluoghi.it\/index.php\/2015\/01\/06\/la-focara-2015\/#breadcrumb\",\"itemListElement\":[{\"@type\":\"ListItem\",\"position\":1,\"name\":\"Home\",\"item\":\"https:\/\/arteeluoghi.it\/\"},{\"@type\":\"ListItem\",\"position\":2,\"name\":\"La Focara 2015. I giorni del fuoco a Novoli\"}]},{\"@type\":\"Article\",\"@id\":\"https:\/\/arteeluoghi.it\/index.php\/2015\/01\/06\/la-focara-2015\/#article\",\"isPartOf\":{\"@id\":\"https:\/\/arteeluoghi.it\/index.php\/2015\/01\/06\/la-focara-2015\/#webpage\"},\"author\":{\"@id\":\"https:\/\/arteeluoghi.it\/#\/schema\/person\/f84e814e36e91e01448ee07eaadd41d4\"},\"headline\":\"La Focara 2015. I giorni del fuoco a Novoli\",\"datePublished\":\"2015-01-06T18:19:26+00:00\",\"dateModified\":\"2015-01-06T18:19:26+00:00\",\"mainEntityOfPage\":{\"@id\":\"https:\/\/arteeluoghi.it\/index.php\/2015\/01\/06\/la-focara-2015\/#webpage\"},\"wordCount\":965,\"commentCount\":0,\"publisher\":{\"@id\":\"https:\/\/arteeluoghi.it\/#organization\"},\"image\":{\"@id\":\"https:\/\/arteeluoghi.it\/index.php\/2015\/01\/06\/la-focara-2015\/#primaryimage\"},\"thumbnailUrl\":\"\/images\/brochurefocara2015.jpg\",\"articleSection\":[\"Storie. L'uomo e il territorio\"],\"inLanguage\":\"it-IT\",\"potentialAction\":[{\"@type\":\"CommentAction\",\"name\":\"Comment\",\"target\":[\"https:\/\/arteeluoghi.it\/index.php\/2015\/01\/06\/la-focara-2015\/#respond\"]}]},{\"@type\":\"Person\",\"@id\":\"https:\/\/arteeluoghi.it\/#\/schema\/person\/f84e814e36e91e01448ee07eaadd41d4\",\"name\":\"Staff\",\"image\":{\"@type\":\"ImageObject\",\"@id\":\"https:\/\/arteeluoghi.it\/#personlogo\",\"inLanguage\":\"it-IT\",\"url\":\"https:\/\/secure.gravatar.com\/avatar\/49d2f9e46271bb04e19cebfaf141313a?s=96&d=blank&r=g\",\"contentUrl\":\"https:\/\/secure.gravatar.com\/avatar\/49d2f9e46271bb04e19cebfaf141313a?s=96&d=blank&r=g\",\"caption\":\"Staff\"}}]}<\/script>\n<!-- \/ Yoast SEO plugin. -->","yoast_head_json":{"title":"La Focara 2015. I giorni del fuoco a Novoli | Arte e Luoghi","robots":{"index":"index","follow":"follow","max-snippet":"max-snippet:-1","max-image-preview":"max-image-preview:large","max-video-preview":"max-video-preview:-1"},"canonical":"https:\/\/arteeluoghi.it\/index.php\/2015\/01\/06\/la-focara-2015\/","og_locale":"it_IT","og_type":"article","og_title":"La Focara 2015. I giorni del fuoco a Novoli | Arte e Luoghi","og_description":"\u00a0 A Novoli (Lecce) dal 16 al 18 gennaio 2015 Sant&#8217;Antonio, il fuoco e la festa Tornano a Novoli, in","og_url":"https:\/\/arteeluoghi.it\/index.php\/2015\/01\/06\/la-focara-2015\/","og_site_name":"Arte e Luoghi","article_publisher":"https:\/\/www.facebook.com\/ArteELuoghi\/","article_published_time":"2015-01-06T18:19:26+00:00","og_image":[{"url":"https:\/\/arteeluoghi.it\/images\/brochurefocara2015.jpg"}],"twitter_card":"summary","twitter_creator":"@arteeluoghi","twitter_site":"@arteeluoghi","twitter_misc":{"Scritto da":"Staff","Tempo di lettura stimato":"5 minuti"},"schema":{"@context":"https:\/\/schema.org","@graph":[{"@type":"Organization","@id":"https:\/\/arteeluoghi.it\/#organization","name":"Arte e Luoghi","url":"https:\/\/arteeluoghi.it\/","sameAs":["https:\/\/www.facebook.com\/ArteELuoghi\/","https:\/\/www.instagram.com\/arteeluoghi\/?hl=it","https:\/\/www.youtube.com\/channel\/UCuRVc4JW4-C5sg9rQB-srkw?view_as=subscriber","https:\/\/twitter.com\/arteeluoghi"],"logo":{"@type":"ImageObject","@id":"https:\/\/arteeluoghi.it\/#logo","inLanguage":"it-IT","url":"https:\/\/arteeluoghi.it\/wp-content\/uploads\/2018\/08\/logoinstagramarte.jpg","contentUrl":"https:\/\/arteeluoghi.it\/wp-content\/uploads\/2018\/08\/logoinstagramarte.jpg","width":150,"height":150,"caption":"Arte e Luoghi"},"image":{"@id":"https:\/\/arteeluoghi.it\/#logo"}},{"@type":"WebSite","@id":"https:\/\/arteeluoghi.it\/#website","url":"https:\/\/arteeluoghi.it\/","name":"Arte e Luoghi","description":"Mensile di arte, cultura, turismo e curiosit\u00e0","publisher":{"@id":"https:\/\/arteeluoghi.it\/#organization"},"potentialAction":[{"@type":"SearchAction","target":{"@type":"EntryPoint","urlTemplate":"https:\/\/arteeluoghi.it\/?s={search_term_string}"},"query-input":"required name=search_term_string"}],"inLanguage":"it-IT"},{"@type":"ImageObject","@id":"https:\/\/arteeluoghi.it\/index.php\/2015\/01\/06\/la-focara-2015\/#primaryimage","inLanguage":"it-IT","url":"\/images\/brochurefocara2015.jpg","contentUrl":"\/images\/brochurefocara2015.jpg"},{"@type":"WebPage","@id":"https:\/\/arteeluoghi.it\/index.php\/2015\/01\/06\/la-focara-2015\/#webpage","url":"https:\/\/arteeluoghi.it\/index.php\/2015\/01\/06\/la-focara-2015\/","name":"La Focara 2015. I giorni del fuoco a Novoli | Arte e Luoghi","isPartOf":{"@id":"https:\/\/arteeluoghi.it\/#website"},"primaryImageOfPage":{"@id":"https:\/\/arteeluoghi.it\/index.php\/2015\/01\/06\/la-focara-2015\/#primaryimage"},"datePublished":"2015-01-06T18:19:26+00:00","dateModified":"2015-01-06T18:19:26+00:00","breadcrumb":{"@id":"https:\/\/arteeluoghi.it\/index.php\/2015\/01\/06\/la-focara-2015\/#breadcrumb"},"inLanguage":"it-IT","potentialAction":[{"@type":"ReadAction","target":["https:\/\/arteeluoghi.it\/index.php\/2015\/01\/06\/la-focara-2015\/"]}]},{"@type":"BreadcrumbList","@id":"https:\/\/arteeluoghi.it\/index.php\/2015\/01\/06\/la-focara-2015\/#breadcrumb","itemListElement":[{"@type":"ListItem","position":1,"name":"Home","item":"https:\/\/arteeluoghi.it\/"},{"@type":"ListItem","position":2,"name":"La Focara 2015. I giorni del fuoco a Novoli"}]},{"@type":"Article","@id":"https:\/\/arteeluoghi.it\/index.php\/2015\/01\/06\/la-focara-2015\/#article","isPartOf":{"@id":"https:\/\/arteeluoghi.it\/index.php\/2015\/01\/06\/la-focara-2015\/#webpage"},"author":{"@id":"https:\/\/arteeluoghi.it\/#\/schema\/person\/f84e814e36e91e01448ee07eaadd41d4"},"headline":"La Focara 2015. I giorni del fuoco a Novoli","datePublished":"2015-01-06T18:19:26+00:00","dateModified":"2015-01-06T18:19:26+00:00","mainEntityOfPage":{"@id":"https:\/\/arteeluoghi.it\/index.php\/2015\/01\/06\/la-focara-2015\/#webpage"},"wordCount":965,"commentCount":0,"publisher":{"@id":"https:\/\/arteeluoghi.it\/#organization"},"image":{"@id":"https:\/\/arteeluoghi.it\/index.php\/2015\/01\/06\/la-focara-2015\/#primaryimage"},"thumbnailUrl":"\/images\/brochurefocara2015.jpg","articleSection":["Storie. L'uomo e il territorio"],"inLanguage":"it-IT","potentialAction":[{"@type":"CommentAction","name":"Comment","target":["https:\/\/arteeluoghi.it\/index.php\/2015\/01\/06\/la-focara-2015\/#respond"]}]},{"@type":"Person","@id":"https:\/\/arteeluoghi.it\/#\/schema\/person\/f84e814e36e91e01448ee07eaadd41d4","name":"Staff","image":{"@type":"ImageObject","@id":"https:\/\/arteeluoghi.it\/#personlogo","inLanguage":"it-IT","url":"https:\/\/secure.gravatar.com\/avatar\/49d2f9e46271bb04e19cebfaf141313a?s=96&d=blank&r=g","contentUrl":"https:\/\/secure.gravatar.com\/avatar\/49d2f9e46271bb04e19cebfaf141313a?s=96&d=blank&r=g","caption":"Staff"}}]}},"_links":{"self":[{"href":"https:\/\/arteeluoghi.it\/index.php\/wp-json\/wp\/v2\/posts\/1996"}],"collection":[{"href":"https:\/\/arteeluoghi.it\/index.php\/wp-json\/wp\/v2\/posts"}],"about":[{"href":"https:\/\/arteeluoghi.it\/index.php\/wp-json\/wp\/v2\/types\/post"}],"author":[{"embeddable":true,"href":"https:\/\/arteeluoghi.it\/index.php\/wp-json\/wp\/v2\/users\/1"}],"replies":[{"embeddable":true,"href":"https:\/\/arteeluoghi.it\/index.php\/wp-json\/wp\/v2\/comments?post=1996"}],"version-history":[{"count":0,"href":"https:\/\/arteeluoghi.it\/index.php\/wp-json\/wp\/v2\/posts\/1996\/revisions"}],"wp:attachment":[{"href":"https:\/\/arteeluoghi.it\/index.php\/wp-json\/wp\/v2\/media?parent=1996"}],"wp:term":[{"taxonomy":"category","embeddable":true,"href":"https:\/\/arteeluoghi.it\/index.php\/wp-json\/wp\/v2\/categories?post=1996"},{"taxonomy":"post_tag","embeddable":true,"href":"https:\/\/arteeluoghi.it\/index.php\/wp-json\/wp\/v2\/tags?post=1996"}],"curies":[{"name":"wp","href":"https:\/\/api.w.org\/{rel}","templated":true}]}}