{"id":2001,"date":"2015-01-17T17:32:42","date_gmt":"2015-01-17T16:32:42","guid":{"rendered":"http:\/\/arteeluoghi.it\/index.php\/2015\/01\/17\/nel-giardino-delle-parole-magiche\/"},"modified":"2015-01-17T17:32:42","modified_gmt":"2015-01-17T16:32:42","slug":"nel-giardino-delle-parole-magiche","status":"publish","type":"post","link":"https:\/\/arteeluoghi.it\/index.php\/2015\/01\/17\/nel-giardino-delle-parole-magiche\/","title":{"rendered":"Nel giardino delle parole magiche"},"content":{"rendered":"<p style=\"text-align: left;\" align=\"center\"><img src=\"\/images\/giuliano%20scabia.jpeg\" border=\"0\" title=\"lo scrittore Giuliano Scabia\" width=\"300\" style=\"float: right; margin: 21px;\" \/>Marted\u00ec 20 gennaio, al Teatro Paisiello di Lecce\u00a0<\/p>\n<p style=\"text-align: left;\" align=\"center\"><strong>Canti del guardare lontano. Incontro con Giuliano Scabia<\/strong><\/p>\n<p><strong>\u00a0<\/strong><\/p>\n<p><strong>\u00a0<\/strong><\/p>\n<p style=\"text-align: left;\" align=\"center\"><strong>Primo appuntamento del progetto \u201cNel giardino delle parole magiche\u201d, promosso dall\u2019Assessorato alla Pubblica Istruzione del Comune di Lecce e da Astr\u00e0gali Teatro<\/strong><\/p>\n<p><strong>\u00a0<\/strong><\/p>\n<p>Un pomeriggio dedicato alla poesia, all\u2019affabulazione, al potere magico della parola, al \u201cgran teatro del mondo\u201d. E un progetto dedicato alla voce e all\u2019arte del narrare storie.<\/p>\n<p>  <!--more-->  <\/p>\n<p>Si inaugurano marted\u00ec prossimo 20 gennaio, al Teatro Paisiello di Lecce, ore 18.30, gli appuntamenti del progetto \u201cNel giardino delle parole magiche. La voce e l\u2019arte del narrare storie\u201d promosso dal Comune di Lecce \u2013 Assessorato alla Pubblica Istruzione in collaborazione con Astr\u00e0gali Teatro, con la conversazione tra Fabio Tolledi, direttore artistico e regista di Astr\u00e0gali Teatro e il drammaturgo e scrittore <strong>Giuliano Scabia<\/strong>, inaugurando cos\u00ec, eccezionalmente, un ciclo di incontri sulla parola e alla favola dedicati, oltre che alle alunne e agli alunni e alle loro famiglie,\u00a0 alle docenti e ai docenti delle scuole primarie e secondarie di primo ordine.<\/p>\n<p>Poeta e uomo di teatro, grande affabulatore e inventore di parole, Giuliano Scabia \u00e8 uno dei protagonisti delle esperienze teatrali pi\u00f9 rilevanti degli ultimi decenni.<\/p>\n<p>Come lui stesso ha scritto recentemente: \u201cil teatro che mi piace di pi\u00f9 \u00e8 quello dilettantistico amatoriale \u2013 fatto per diletto e per amore \u2013 per stare in gioco \u2013 come i bambini quando fanno le improvvisazioni, o i matti quando si mettono a cavalcare \u2013 e a cantare. In una delle scene de <em>Il Diavolo e il suo Angelo<\/em> dicevo appunto: ed \u00e8 per me in questo andare parlare e cantare conoscere e rappresentare il gran teatro del mondo\u201d.<\/p>\n<p>Sar\u00e0, quella di marted\u00ec, anche l\u2019occasione per riflettere intorno all\u2019esperienza maturata nella scrittura e nella messinscena di \u201cLettere a un lupo\u201d da cui muove lo spettacolo di Astr\u00e0gali Teatro realizzato per \u201cLeccelegge\u201d.<\/p>\n<p>\u00a0<\/p>\n<p><strong>Dopo l\u2019incontro con Giuliano Scabia, prossimi appuntamenti il 4 febbraio con Antonio Errico, il 18 febbraio con Carlo Formigoni, il 3 marzo con Salvatore Colazzo, il 12 marzo con Andr\u00e8 Bella, il 31 marzo con Fabio Tolledi.<\/strong><\/p>\n<p>\u00a0<\/p>\n<p>\u201cInsieme ad Astr\u00e0gali Teatro, \u201csottolinea <strong>Carmen Tessitore<\/strong>, Vicesindaco e Assessore ai Servizi sociali del Comune di Lecce, \u201cabbiamo immaginato quest\u2019anno un progetto espressamente costruito sul ruolo della favola e della poesia nella formazione delle bambine e dei bambini e sul valore magico delle parole. Dedichiamo questi incontri alla comunit\u00e0 delle e degli insegnanti e delle famiglie oltre che, naturalmente, degli alunni, perch\u00e9 siamo convinti di quanto la favola sia importante per la conoscenza di s\u00e9 e del mondo, per il messaggio morale che trasmette e per larelazione intergenerazionale. Ognuno di noi ha esperienza di come, proprio le favole, siano state una straordinaria chiave di accesso ad emozioni e mondi sconosciuti, ma anche un modo per avventurarsi nelle et\u00e0 adulte. E gli incontri hanno proprio questo obiettivo: tornare a sottolineare il ruolo della favola anche nella relazione genitori \u2013 figli, ma anche nonni e nipoti. La favola come luogo ideale d\u2019incontro dove adulti e bambini possano riscoprire che : \u201c l\u2019essenziale \u00e8 invisibile agli occhi\u201d<\/p>\n<p>\u00a0<\/p>\n<p>\u201cAncora una volta\u201d, dice <strong>Fabio Tolledi<\/strong>, \u201cAstr\u00e0gali Teatro si misura con il tema della voce e dell\u2019arte del narrare nel teatro e lo fa, in questo primo appuntamento, nella relazione con la scrittura di Giuliano Scabia. Una scrittura da noi molto amata, che ci ha consentito di entrare nel cuore del meccanismo di invenzione delle parole, e di come ogni parola sia un\u2019apertura al mondo. La presenza di Giuliano Scabia a Lecce \u00e8 per noi molto importante, per tutto quello che il suo lavoro ha significato e continua a significare nel teatro. Un teatro che ha cura del mondo e della relazione vivente con gli spettatori\u201d.<\/p>\n<p>\u00a0<\/p>\n<p>Per informazioni Astr\u00e0gali Teatro, via G. Candido 23, Lecce, teatro@astragali.org, tel. 0832-306194, 320-9168440, Comune di Lecce \u2013 Assessorato Pubblica Istruzione, tel. 0832 682622\/682624<\/p>\n<p>\u00a0(fonte: comunicato stampa)<\/p>\n<p>\u00a0<\/p>\n<hr \/>\n<p>\u00a0<\/p>\n<p><strong>GIULIANO SCABIA<\/strong><\/p>\n<p>(Padova 1935, poeta, narratore e drammaturgo, \u00e8 stato uno degli iniziatori del Nuovo Teatro, &#8220;protagonista di alcune tra le esperienze teatrali pi\u00f9 vive e visionarie degli ultimi anni&#8221; (Gianni Celati, I narratori delle riserve), &#8220;uno dei pochi, forse l&#8217;unico scrittore mitico in circolazione&#8221; (Marco Belpoliti, La Stampa-Tuttolibri), &#8220;viandante in un tempo sospeso dove si pu\u00f2 ancora sperare di entrare in una foresta e trovarvi magari delle fate e poi discutere di comunismo&#8221;<\/p>\n<p>Claudio Meldolesi per presentarlo: <strong>\u201cGiuliano Scabia \u00e8 stata una delle rare figure del teatro italiano a darsi un sistema di creazione, quindi un\u2019intelligenza capaci di renderlo anche soggetto politico, quindi analitico, e diventare poi straordinario professore, uno straordinario intellettuale. Con questa sua capacit\u00e0 di vedere, di pensare, sapeva che bisogna lavorare all\u2019arricchimento delle doti umane. Giuliano \u00e8 poeta innanzitutto, diventa attore e uomo di teatro, e in quanto attore diventa drammaturgo, e in quanto drammaturgo diventa rinnovatore del teatro insieme a pochi altri maestri degli anni Sessanta-Settanta.\u00a0 Allora qual \u00e8 il suo messaggio? In questa valle di lacrime dobbiamo darci una presenza molteplice. Dobbiamo non essere soltanto uomini a una dimensione, come diceva un celebre libro, ma dobbiamo essere capaci di articolare tutte le nostre doti. Il suo Cavallo era il ricongiungimento di tutto, compresa appunto la follia con la volont\u00e0 di trasformazione della societ\u00e0, con lo spostamento della logica della salute oltre le abitudini correnti. Giuliano \u00e8 un testimone che \u00e8 riuscito a decantare tante presenze umane. Insieme a lui lodiamo il teatro che \u00e8 il luogo in cui il molteplice si rimanifesta unitario\u201d.<\/p>\n<p> <\/strong><\/p>\n","protected":false},"excerpt":{"rendered":"<p>Marted\u00ec 20 gennaio, al Teatro Paisiello di Lecce\u00a0 Canti del guardare lontano. Incontro con Giuliano Scabia \u00a0 \u00a0 Primo appuntamento<\/p>\n","protected":false},"author":1,"featured_media":0,"comment_status":"open","ping_status":"open","sticky":false,"template":"","format":"standard","meta":[],"categories":[13],"tags":[],"yoast_head":"<!-- This site is optimized with the Yoast SEO plugin v18.0 - https:\/\/yoast.com\/wordpress\/plugins\/seo\/ -->\n<title>Nel giardino delle parole magiche | Arte e Luoghi<\/title>\n<meta name=\"robots\" content=\"index, follow, max-snippet:-1, max-image-preview:large, max-video-preview:-1\" \/>\n<link rel=\"canonical\" href=\"https:\/\/arteeluoghi.it\/index.php\/2015\/01\/17\/nel-giardino-delle-parole-magiche\/\" \/>\n<meta property=\"og:locale\" content=\"it_IT\" \/>\n<meta property=\"og:type\" content=\"article\" \/>\n<meta property=\"og:title\" content=\"Nel giardino delle parole magiche | Arte e Luoghi\" \/>\n<meta property=\"og:description\" content=\"Marted\u00ec 20 gennaio, al Teatro Paisiello di Lecce\u00a0 Canti del guardare lontano. Incontro con Giuliano Scabia \u00a0 \u00a0 Primo appuntamento\" \/>\n<meta property=\"og:url\" content=\"https:\/\/arteeluoghi.it\/index.php\/2015\/01\/17\/nel-giardino-delle-parole-magiche\/\" \/>\n<meta property=\"og:site_name\" content=\"Arte e Luoghi\" \/>\n<meta property=\"article:publisher\" content=\"https:\/\/www.facebook.com\/ArteELuoghi\/\" \/>\n<meta property=\"article:published_time\" content=\"2015-01-17T16:32:42+00:00\" \/>\n<meta property=\"og:image\" content=\"https:\/\/arteeluoghi.it\/images\/giuliano%20scabia.jpeg\" \/>\n<meta name=\"twitter:card\" content=\"summary\" \/>\n<meta name=\"twitter:creator\" content=\"@arteeluoghi\" \/>\n<meta name=\"twitter:site\" content=\"@arteeluoghi\" \/>\n<meta name=\"twitter:label1\" content=\"Scritto da\" \/>\n\t<meta name=\"twitter:data1\" content=\"Staff\" \/>\n\t<meta name=\"twitter:label2\" content=\"Tempo di lettura stimato\" \/>\n\t<meta name=\"twitter:data2\" content=\"4 minuti\" \/>\n<script type=\"application\/ld+json\" class=\"yoast-schema-graph\">{\"@context\":\"https:\/\/schema.org\",\"@graph\":[{\"@type\":\"Organization\",\"@id\":\"https:\/\/arteeluoghi.it\/#organization\",\"name\":\"Arte e Luoghi\",\"url\":\"https:\/\/arteeluoghi.it\/\",\"sameAs\":[\"https:\/\/www.facebook.com\/ArteELuoghi\/\",\"https:\/\/www.instagram.com\/arteeluoghi\/?hl=it\",\"https:\/\/www.youtube.com\/channel\/UCuRVc4JW4-C5sg9rQB-srkw?view_as=subscriber\",\"https:\/\/twitter.com\/arteeluoghi\"],\"logo\":{\"@type\":\"ImageObject\",\"@id\":\"https:\/\/arteeluoghi.it\/#logo\",\"inLanguage\":\"it-IT\",\"url\":\"https:\/\/arteeluoghi.it\/wp-content\/uploads\/2018\/08\/logoinstagramarte.jpg\",\"contentUrl\":\"https:\/\/arteeluoghi.it\/wp-content\/uploads\/2018\/08\/logoinstagramarte.jpg\",\"width\":150,\"height\":150,\"caption\":\"Arte e Luoghi\"},\"image\":{\"@id\":\"https:\/\/arteeluoghi.it\/#logo\"}},{\"@type\":\"WebSite\",\"@id\":\"https:\/\/arteeluoghi.it\/#website\",\"url\":\"https:\/\/arteeluoghi.it\/\",\"name\":\"Arte e Luoghi\",\"description\":\"Mensile di arte, cultura, turismo e curiosit\u00e0\",\"publisher\":{\"@id\":\"https:\/\/arteeluoghi.it\/#organization\"},\"potentialAction\":[{\"@type\":\"SearchAction\",\"target\":{\"@type\":\"EntryPoint\",\"urlTemplate\":\"https:\/\/arteeluoghi.it\/?s={search_term_string}\"},\"query-input\":\"required name=search_term_string\"}],\"inLanguage\":\"it-IT\"},{\"@type\":\"ImageObject\",\"@id\":\"https:\/\/arteeluoghi.it\/index.php\/2015\/01\/17\/nel-giardino-delle-parole-magiche\/#primaryimage\",\"inLanguage\":\"it-IT\",\"url\":\"\/images\/giuliano%20scabia.jpeg\",\"contentUrl\":\"\/images\/giuliano%20scabia.jpeg\"},{\"@type\":\"WebPage\",\"@id\":\"https:\/\/arteeluoghi.it\/index.php\/2015\/01\/17\/nel-giardino-delle-parole-magiche\/#webpage\",\"url\":\"https:\/\/arteeluoghi.it\/index.php\/2015\/01\/17\/nel-giardino-delle-parole-magiche\/\",\"name\":\"Nel giardino delle parole magiche | Arte e Luoghi\",\"isPartOf\":{\"@id\":\"https:\/\/arteeluoghi.it\/#website\"},\"primaryImageOfPage\":{\"@id\":\"https:\/\/arteeluoghi.it\/index.php\/2015\/01\/17\/nel-giardino-delle-parole-magiche\/#primaryimage\"},\"datePublished\":\"2015-01-17T16:32:42+00:00\",\"dateModified\":\"2015-01-17T16:32:42+00:00\",\"breadcrumb\":{\"@id\":\"https:\/\/arteeluoghi.it\/index.php\/2015\/01\/17\/nel-giardino-delle-parole-magiche\/#breadcrumb\"},\"inLanguage\":\"it-IT\",\"potentialAction\":[{\"@type\":\"ReadAction\",\"target\":[\"https:\/\/arteeluoghi.it\/index.php\/2015\/01\/17\/nel-giardino-delle-parole-magiche\/\"]}]},{\"@type\":\"BreadcrumbList\",\"@id\":\"https:\/\/arteeluoghi.it\/index.php\/2015\/01\/17\/nel-giardino-delle-parole-magiche\/#breadcrumb\",\"itemListElement\":[{\"@type\":\"ListItem\",\"position\":1,\"name\":\"Home\",\"item\":\"https:\/\/arteeluoghi.it\/\"},{\"@type\":\"ListItem\",\"position\":2,\"name\":\"Nel giardino delle parole magiche\"}]},{\"@type\":\"Article\",\"@id\":\"https:\/\/arteeluoghi.it\/index.php\/2015\/01\/17\/nel-giardino-delle-parole-magiche\/#article\",\"isPartOf\":{\"@id\":\"https:\/\/arteeluoghi.it\/index.php\/2015\/01\/17\/nel-giardino-delle-parole-magiche\/#webpage\"},\"author\":{\"@id\":\"https:\/\/arteeluoghi.it\/#\/schema\/person\/f84e814e36e91e01448ee07eaadd41d4\"},\"headline\":\"Nel giardino delle parole magiche\",\"datePublished\":\"2015-01-17T16:32:42+00:00\",\"dateModified\":\"2015-01-17T16:32:42+00:00\",\"mainEntityOfPage\":{\"@id\":\"https:\/\/arteeluoghi.it\/index.php\/2015\/01\/17\/nel-giardino-delle-parole-magiche\/#webpage\"},\"wordCount\":890,\"commentCount\":0,\"publisher\":{\"@id\":\"https:\/\/arteeluoghi.it\/#organization\"},\"image\":{\"@id\":\"https:\/\/arteeluoghi.it\/index.php\/2015\/01\/17\/nel-giardino-delle-parole-magiche\/#primaryimage\"},\"thumbnailUrl\":\"\/images\/giuliano%20scabia.jpeg\",\"articleSection\":[\"teatro\"],\"inLanguage\":\"it-IT\",\"potentialAction\":[{\"@type\":\"CommentAction\",\"name\":\"Comment\",\"target\":[\"https:\/\/arteeluoghi.it\/index.php\/2015\/01\/17\/nel-giardino-delle-parole-magiche\/#respond\"]}]},{\"@type\":\"Person\",\"@id\":\"https:\/\/arteeluoghi.it\/#\/schema\/person\/f84e814e36e91e01448ee07eaadd41d4\",\"name\":\"Staff\",\"image\":{\"@type\":\"ImageObject\",\"@id\":\"https:\/\/arteeluoghi.it\/#personlogo\",\"inLanguage\":\"it-IT\",\"url\":\"https:\/\/secure.gravatar.com\/avatar\/49d2f9e46271bb04e19cebfaf141313a?s=96&d=blank&r=g\",\"contentUrl\":\"https:\/\/secure.gravatar.com\/avatar\/49d2f9e46271bb04e19cebfaf141313a?s=96&d=blank&r=g\",\"caption\":\"Staff\"}}]}<\/script>\n<!-- \/ Yoast SEO plugin. -->","yoast_head_json":{"title":"Nel giardino delle parole magiche | Arte e Luoghi","robots":{"index":"index","follow":"follow","max-snippet":"max-snippet:-1","max-image-preview":"max-image-preview:large","max-video-preview":"max-video-preview:-1"},"canonical":"https:\/\/arteeluoghi.it\/index.php\/2015\/01\/17\/nel-giardino-delle-parole-magiche\/","og_locale":"it_IT","og_type":"article","og_title":"Nel giardino delle parole magiche | Arte e Luoghi","og_description":"Marted\u00ec 20 gennaio, al Teatro Paisiello di Lecce\u00a0 Canti del guardare lontano. Incontro con Giuliano Scabia \u00a0 \u00a0 Primo appuntamento","og_url":"https:\/\/arteeluoghi.it\/index.php\/2015\/01\/17\/nel-giardino-delle-parole-magiche\/","og_site_name":"Arte e Luoghi","article_publisher":"https:\/\/www.facebook.com\/ArteELuoghi\/","article_published_time":"2015-01-17T16:32:42+00:00","og_image":[{"url":"https:\/\/arteeluoghi.it\/images\/giuliano%20scabia.jpeg"}],"twitter_card":"summary","twitter_creator":"@arteeluoghi","twitter_site":"@arteeluoghi","twitter_misc":{"Scritto da":"Staff","Tempo di lettura stimato":"4 minuti"},"schema":{"@context":"https:\/\/schema.org","@graph":[{"@type":"Organization","@id":"https:\/\/arteeluoghi.it\/#organization","name":"Arte e Luoghi","url":"https:\/\/arteeluoghi.it\/","sameAs":["https:\/\/www.facebook.com\/ArteELuoghi\/","https:\/\/www.instagram.com\/arteeluoghi\/?hl=it","https:\/\/www.youtube.com\/channel\/UCuRVc4JW4-C5sg9rQB-srkw?view_as=subscriber","https:\/\/twitter.com\/arteeluoghi"],"logo":{"@type":"ImageObject","@id":"https:\/\/arteeluoghi.it\/#logo","inLanguage":"it-IT","url":"https:\/\/arteeluoghi.it\/wp-content\/uploads\/2018\/08\/logoinstagramarte.jpg","contentUrl":"https:\/\/arteeluoghi.it\/wp-content\/uploads\/2018\/08\/logoinstagramarte.jpg","width":150,"height":150,"caption":"Arte e Luoghi"},"image":{"@id":"https:\/\/arteeluoghi.it\/#logo"}},{"@type":"WebSite","@id":"https:\/\/arteeluoghi.it\/#website","url":"https:\/\/arteeluoghi.it\/","name":"Arte e Luoghi","description":"Mensile di arte, cultura, turismo e curiosit\u00e0","publisher":{"@id":"https:\/\/arteeluoghi.it\/#organization"},"potentialAction":[{"@type":"SearchAction","target":{"@type":"EntryPoint","urlTemplate":"https:\/\/arteeluoghi.it\/?s={search_term_string}"},"query-input":"required name=search_term_string"}],"inLanguage":"it-IT"},{"@type":"ImageObject","@id":"https:\/\/arteeluoghi.it\/index.php\/2015\/01\/17\/nel-giardino-delle-parole-magiche\/#primaryimage","inLanguage":"it-IT","url":"\/images\/giuliano%20scabia.jpeg","contentUrl":"\/images\/giuliano%20scabia.jpeg"},{"@type":"WebPage","@id":"https:\/\/arteeluoghi.it\/index.php\/2015\/01\/17\/nel-giardino-delle-parole-magiche\/#webpage","url":"https:\/\/arteeluoghi.it\/index.php\/2015\/01\/17\/nel-giardino-delle-parole-magiche\/","name":"Nel giardino delle parole magiche | Arte e Luoghi","isPartOf":{"@id":"https:\/\/arteeluoghi.it\/#website"},"primaryImageOfPage":{"@id":"https:\/\/arteeluoghi.it\/index.php\/2015\/01\/17\/nel-giardino-delle-parole-magiche\/#primaryimage"},"datePublished":"2015-01-17T16:32:42+00:00","dateModified":"2015-01-17T16:32:42+00:00","breadcrumb":{"@id":"https:\/\/arteeluoghi.it\/index.php\/2015\/01\/17\/nel-giardino-delle-parole-magiche\/#breadcrumb"},"inLanguage":"it-IT","potentialAction":[{"@type":"ReadAction","target":["https:\/\/arteeluoghi.it\/index.php\/2015\/01\/17\/nel-giardino-delle-parole-magiche\/"]}]},{"@type":"BreadcrumbList","@id":"https:\/\/arteeluoghi.it\/index.php\/2015\/01\/17\/nel-giardino-delle-parole-magiche\/#breadcrumb","itemListElement":[{"@type":"ListItem","position":1,"name":"Home","item":"https:\/\/arteeluoghi.it\/"},{"@type":"ListItem","position":2,"name":"Nel giardino delle parole magiche"}]},{"@type":"Article","@id":"https:\/\/arteeluoghi.it\/index.php\/2015\/01\/17\/nel-giardino-delle-parole-magiche\/#article","isPartOf":{"@id":"https:\/\/arteeluoghi.it\/index.php\/2015\/01\/17\/nel-giardino-delle-parole-magiche\/#webpage"},"author":{"@id":"https:\/\/arteeluoghi.it\/#\/schema\/person\/f84e814e36e91e01448ee07eaadd41d4"},"headline":"Nel giardino delle parole magiche","datePublished":"2015-01-17T16:32:42+00:00","dateModified":"2015-01-17T16:32:42+00:00","mainEntityOfPage":{"@id":"https:\/\/arteeluoghi.it\/index.php\/2015\/01\/17\/nel-giardino-delle-parole-magiche\/#webpage"},"wordCount":890,"commentCount":0,"publisher":{"@id":"https:\/\/arteeluoghi.it\/#organization"},"image":{"@id":"https:\/\/arteeluoghi.it\/index.php\/2015\/01\/17\/nel-giardino-delle-parole-magiche\/#primaryimage"},"thumbnailUrl":"\/images\/giuliano%20scabia.jpeg","articleSection":["teatro"],"inLanguage":"it-IT","potentialAction":[{"@type":"CommentAction","name":"Comment","target":["https:\/\/arteeluoghi.it\/index.php\/2015\/01\/17\/nel-giardino-delle-parole-magiche\/#respond"]}]},{"@type":"Person","@id":"https:\/\/arteeluoghi.it\/#\/schema\/person\/f84e814e36e91e01448ee07eaadd41d4","name":"Staff","image":{"@type":"ImageObject","@id":"https:\/\/arteeluoghi.it\/#personlogo","inLanguage":"it-IT","url":"https:\/\/secure.gravatar.com\/avatar\/49d2f9e46271bb04e19cebfaf141313a?s=96&d=blank&r=g","contentUrl":"https:\/\/secure.gravatar.com\/avatar\/49d2f9e46271bb04e19cebfaf141313a?s=96&d=blank&r=g","caption":"Staff"}}]}},"_links":{"self":[{"href":"https:\/\/arteeluoghi.it\/index.php\/wp-json\/wp\/v2\/posts\/2001"}],"collection":[{"href":"https:\/\/arteeluoghi.it\/index.php\/wp-json\/wp\/v2\/posts"}],"about":[{"href":"https:\/\/arteeluoghi.it\/index.php\/wp-json\/wp\/v2\/types\/post"}],"author":[{"embeddable":true,"href":"https:\/\/arteeluoghi.it\/index.php\/wp-json\/wp\/v2\/users\/1"}],"replies":[{"embeddable":true,"href":"https:\/\/arteeluoghi.it\/index.php\/wp-json\/wp\/v2\/comments?post=2001"}],"version-history":[{"count":0,"href":"https:\/\/arteeluoghi.it\/index.php\/wp-json\/wp\/v2\/posts\/2001\/revisions"}],"wp:attachment":[{"href":"https:\/\/arteeluoghi.it\/index.php\/wp-json\/wp\/v2\/media?parent=2001"}],"wp:term":[{"taxonomy":"category","embeddable":true,"href":"https:\/\/arteeluoghi.it\/index.php\/wp-json\/wp\/v2\/categories?post=2001"},{"taxonomy":"post_tag","embeddable":true,"href":"https:\/\/arteeluoghi.it\/index.php\/wp-json\/wp\/v2\/tags?post=2001"}],"curies":[{"name":"wp","href":"https:\/\/api.w.org\/{rel}","templated":true}]}}