{"id":2007,"date":"2015-01-19T15:15:17","date_gmt":"2015-01-19T14:15:17","guid":{"rendered":"http:\/\/arteeluoghi.it\/index.php\/2015\/01\/19\/le-leggende-della-poesia\/"},"modified":"2017-08-14T04:08:15","modified_gmt":"2017-08-14T02:08:15","slug":"le-leggende-della-poesia","status":"publish","type":"post","link":"https:\/\/arteeluoghi.it\/index.php\/2015\/01\/19\/le-leggende-della-poesia\/","title":{"rendered":"Le Leggende della Poesia"},"content":{"rendered":"<p><img src=\"\/images\/grottapoesiaroca.jpeg\" border=\"0\" title=\"La grotta della poesia a Roca (Lecce)\" width=\"300\" style=\"margin: 21px; float: left;\" \/>Luoghi\/ le grotte di Roca (Lecce)<strong><br \/><\/strong><\/p>\n<p><strong>Poesia. Un luogo da riscoprire<\/strong><\/p>\n<p>di Gabriele Marullo<\/p>\n<p>Le grotte di natura carsica di Roca, pi\u00f9\u00a0 note con il nome <em>Poesia,<\/em> sin dalla notte dei tempi sono intrise di leggende. \u2028Alcune di queste si possono ritrovare nella memoria storica degli abitanti del posto. A seguito elencher\u00f2 quelle di mia conoscenza.<br \/>La prima che mi viene in mente \u00e8 quella della <em>Poesia<\/em> intesa come fonte o sorgente dolce. Anche se qui vi \u00e8 un errore di traduzione e, secondo un mio modesto parere, di trascrizione (dal greco). Ci\u00f2 per\u00f2 non toglie che l&#8217;acqua dolce sgorga naturale ancora oggi visibile per i pi\u00f9 esperti dagli scogli nello stesso luogo. \u2028<\/p>\n<p>  <!--more-->  <\/p>\n<p>Un&#8217;altra delle leggende \u00e8 racchiusa in quella che dovrebbe essere la vera traduzione di <em>poesia<\/em> &#8220;Prodromi\u2013a&#8221; ovvero dal greco &#8220;correre avanti (composto) scappare&#8221;. Avvenimento in cui \u00e8 possibile ravvisare indizi o premonizioni. Considerando il periodo ed il luogo mi viene in mente che queste grotte siano state utilizzate come un tempio e, quindi, per avere delle premonizioni e poi usate dai turchi che prima depredarono Otranto e poi Roca, dove gli abitanti avendo ricevuta questa premonizione corsero composti nell&#8217;entroterra. Ho scritto composti perch\u00e9 i Turchi una volta giunti a Roca trovarono poco e niente,\u00a0 gli abitanti prima di fuggire nascosero le provviste interrandole nei silo. \u2028<\/p>\n<p>La terza leggenda, la pi\u00f9 romantica e poetica, riguarda la famosa Donna Isabella che era una castellana di Roca o probabilmente la contessa di Lecce Maria D&#8217;Enghien poi divenuta principessa di Taranto. Qui, in queste acque, Donna Isabella trovava ristoro e diversi poeti, giunti da ogni parte della Puglia, venivano a decantantare tale bellezza.<\/p>\n","protected":false},"excerpt":{"rendered":"<p>Luoghi\/ le grotte di Roca (Lecce) Poesia. Un luogo da riscoprire di Gabriele Marullo Le grotte di natura carsica di<\/p>\n","protected":false},"author":1,"featured_media":0,"comment_status":"open","ping_status":"open","sticky":false,"template":"","format":"standard","meta":[],"categories":[30],"tags":[],"yoast_head":"<!-- This site is optimized with the Yoast SEO plugin v18.0 - https:\/\/yoast.com\/wordpress\/plugins\/seo\/ -->\n<title>Le Leggende della Poesia | Arte e Luoghi<\/title>\n<meta name=\"robots\" content=\"index, follow, max-snippet:-1, max-image-preview:large, max-video-preview:-1\" \/>\n<link rel=\"canonical\" href=\"https:\/\/arteeluoghi.it\/index.php\/2015\/01\/19\/le-leggende-della-poesia\/\" \/>\n<meta property=\"og:locale\" content=\"it_IT\" \/>\n<meta property=\"og:type\" content=\"article\" \/>\n<meta property=\"og:title\" content=\"Le Leggende della Poesia | Arte e Luoghi\" \/>\n<meta property=\"og:description\" content=\"Luoghi\/ le grotte di Roca (Lecce) Poesia. Un luogo da riscoprire di Gabriele Marullo Le grotte di natura carsica di\" \/>\n<meta property=\"og:url\" content=\"https:\/\/arteeluoghi.it\/index.php\/2015\/01\/19\/le-leggende-della-poesia\/\" \/>\n<meta property=\"og:site_name\" content=\"Arte e Luoghi\" \/>\n<meta property=\"article:publisher\" content=\"https:\/\/www.facebook.com\/ArteELuoghi\/\" \/>\n<meta property=\"article:published_time\" content=\"2015-01-19T14:15:17+00:00\" \/>\n<meta property=\"article:modified_time\" content=\"2017-08-14T02:08:15+00:00\" \/>\n<meta property=\"og:image\" content=\"https:\/\/arteeluoghi.it\/images\/grottapoesiaroca.jpeg\" \/>\n<meta name=\"twitter:card\" content=\"summary\" \/>\n<meta name=\"twitter:creator\" content=\"@arteeluoghi\" \/>\n<meta name=\"twitter:site\" content=\"@arteeluoghi\" \/>\n<meta name=\"twitter:label1\" content=\"Scritto da\" \/>\n\t<meta name=\"twitter:data1\" content=\"Staff\" \/>\n\t<meta name=\"twitter:label2\" content=\"Tempo di lettura stimato\" \/>\n\t<meta name=\"twitter:data2\" content=\"1 minuto\" \/>\n<script type=\"application\/ld+json\" class=\"yoast-schema-graph\">{\"@context\":\"https:\/\/schema.org\",\"@graph\":[{\"@type\":\"Organization\",\"@id\":\"https:\/\/arteeluoghi.it\/#organization\",\"name\":\"Arte e Luoghi\",\"url\":\"https:\/\/arteeluoghi.it\/\",\"sameAs\":[\"https:\/\/www.facebook.com\/ArteELuoghi\/\",\"https:\/\/www.instagram.com\/arteeluoghi\/?hl=it\",\"https:\/\/www.youtube.com\/channel\/UCuRVc4JW4-C5sg9rQB-srkw?view_as=subscriber\",\"https:\/\/twitter.com\/arteeluoghi\"],\"logo\":{\"@type\":\"ImageObject\",\"@id\":\"https:\/\/arteeluoghi.it\/#logo\",\"inLanguage\":\"it-IT\",\"url\":\"https:\/\/arteeluoghi.it\/wp-content\/uploads\/2018\/08\/logoinstagramarte.jpg\",\"contentUrl\":\"https:\/\/arteeluoghi.it\/wp-content\/uploads\/2018\/08\/logoinstagramarte.jpg\",\"width\":150,\"height\":150,\"caption\":\"Arte e Luoghi\"},\"image\":{\"@id\":\"https:\/\/arteeluoghi.it\/#logo\"}},{\"@type\":\"WebSite\",\"@id\":\"https:\/\/arteeluoghi.it\/#website\",\"url\":\"https:\/\/arteeluoghi.it\/\",\"name\":\"Arte e Luoghi\",\"description\":\"Mensile di arte, cultura, turismo e curiosit\u00e0\",\"publisher\":{\"@id\":\"https:\/\/arteeluoghi.it\/#organization\"},\"potentialAction\":[{\"@type\":\"SearchAction\",\"target\":{\"@type\":\"EntryPoint\",\"urlTemplate\":\"https:\/\/arteeluoghi.it\/?s={search_term_string}\"},\"query-input\":\"required name=search_term_string\"}],\"inLanguage\":\"it-IT\"},{\"@type\":\"ImageObject\",\"@id\":\"https:\/\/arteeluoghi.it\/index.php\/2015\/01\/19\/le-leggende-della-poesia\/#primaryimage\",\"inLanguage\":\"it-IT\",\"url\":\"\/images\/grottapoesiaroca.jpeg\",\"contentUrl\":\"\/images\/grottapoesiaroca.jpeg\"},{\"@type\":\"WebPage\",\"@id\":\"https:\/\/arteeluoghi.it\/index.php\/2015\/01\/19\/le-leggende-della-poesia\/#webpage\",\"url\":\"https:\/\/arteeluoghi.it\/index.php\/2015\/01\/19\/le-leggende-della-poesia\/\",\"name\":\"Le Leggende della Poesia | Arte e Luoghi\",\"isPartOf\":{\"@id\":\"https:\/\/arteeluoghi.it\/#website\"},\"primaryImageOfPage\":{\"@id\":\"https:\/\/arteeluoghi.it\/index.php\/2015\/01\/19\/le-leggende-della-poesia\/#primaryimage\"},\"datePublished\":\"2015-01-19T14:15:17+00:00\",\"dateModified\":\"2017-08-14T02:08:15+00:00\",\"breadcrumb\":{\"@id\":\"https:\/\/arteeluoghi.it\/index.php\/2015\/01\/19\/le-leggende-della-poesia\/#breadcrumb\"},\"inLanguage\":\"it-IT\",\"potentialAction\":[{\"@type\":\"ReadAction\",\"target\":[\"https:\/\/arteeluoghi.it\/index.php\/2015\/01\/19\/le-leggende-della-poesia\/\"]}]},{\"@type\":\"BreadcrumbList\",\"@id\":\"https:\/\/arteeluoghi.it\/index.php\/2015\/01\/19\/le-leggende-della-poesia\/#breadcrumb\",\"itemListElement\":[{\"@type\":\"ListItem\",\"position\":1,\"name\":\"Home\",\"item\":\"https:\/\/arteeluoghi.it\/\"},{\"@type\":\"ListItem\",\"position\":2,\"name\":\"Le Leggende della Poesia\"}]},{\"@type\":\"Article\",\"@id\":\"https:\/\/arteeluoghi.it\/index.php\/2015\/01\/19\/le-leggende-della-poesia\/#article\",\"isPartOf\":{\"@id\":\"https:\/\/arteeluoghi.it\/index.php\/2015\/01\/19\/le-leggende-della-poesia\/#webpage\"},\"author\":{\"@id\":\"https:\/\/arteeluoghi.it\/#\/schema\/person\/f84e814e36e91e01448ee07eaadd41d4\"},\"headline\":\"Le Leggende della Poesia\",\"datePublished\":\"2015-01-19T14:15:17+00:00\",\"dateModified\":\"2017-08-14T02:08:15+00:00\",\"mainEntityOfPage\":{\"@id\":\"https:\/\/arteeluoghi.it\/index.php\/2015\/01\/19\/le-leggende-della-poesia\/#webpage\"},\"wordCount\":273,\"commentCount\":0,\"publisher\":{\"@id\":\"https:\/\/arteeluoghi.it\/#organization\"},\"image\":{\"@id\":\"https:\/\/arteeluoghi.it\/index.php\/2015\/01\/19\/le-leggende-della-poesia\/#primaryimage\"},\"thumbnailUrl\":\"\/images\/grottapoesiaroca.jpeg\",\"articleSection\":[\"Turismo | geografica-mente\"],\"inLanguage\":\"it-IT\",\"potentialAction\":[{\"@type\":\"CommentAction\",\"name\":\"Comment\",\"target\":[\"https:\/\/arteeluoghi.it\/index.php\/2015\/01\/19\/le-leggende-della-poesia\/#respond\"]}]},{\"@type\":\"Person\",\"@id\":\"https:\/\/arteeluoghi.it\/#\/schema\/person\/f84e814e36e91e01448ee07eaadd41d4\",\"name\":\"Staff\",\"image\":{\"@type\":\"ImageObject\",\"@id\":\"https:\/\/arteeluoghi.it\/#personlogo\",\"inLanguage\":\"it-IT\",\"url\":\"https:\/\/secure.gravatar.com\/avatar\/49d2f9e46271bb04e19cebfaf141313a?s=96&d=blank&r=g\",\"contentUrl\":\"https:\/\/secure.gravatar.com\/avatar\/49d2f9e46271bb04e19cebfaf141313a?s=96&d=blank&r=g\",\"caption\":\"Staff\"}}]}<\/script>\n<!-- \/ Yoast SEO plugin. -->","yoast_head_json":{"title":"Le Leggende della Poesia | Arte e Luoghi","robots":{"index":"index","follow":"follow","max-snippet":"max-snippet:-1","max-image-preview":"max-image-preview:large","max-video-preview":"max-video-preview:-1"},"canonical":"https:\/\/arteeluoghi.it\/index.php\/2015\/01\/19\/le-leggende-della-poesia\/","og_locale":"it_IT","og_type":"article","og_title":"Le Leggende della Poesia | Arte e Luoghi","og_description":"Luoghi\/ le grotte di Roca (Lecce) Poesia. Un luogo da riscoprire di Gabriele Marullo Le grotte di natura carsica di","og_url":"https:\/\/arteeluoghi.it\/index.php\/2015\/01\/19\/le-leggende-della-poesia\/","og_site_name":"Arte e Luoghi","article_publisher":"https:\/\/www.facebook.com\/ArteELuoghi\/","article_published_time":"2015-01-19T14:15:17+00:00","article_modified_time":"2017-08-14T02:08:15+00:00","og_image":[{"url":"https:\/\/arteeluoghi.it\/images\/grottapoesiaroca.jpeg"}],"twitter_card":"summary","twitter_creator":"@arteeluoghi","twitter_site":"@arteeluoghi","twitter_misc":{"Scritto da":"Staff","Tempo di lettura stimato":"1 minuto"},"schema":{"@context":"https:\/\/schema.org","@graph":[{"@type":"Organization","@id":"https:\/\/arteeluoghi.it\/#organization","name":"Arte e Luoghi","url":"https:\/\/arteeluoghi.it\/","sameAs":["https:\/\/www.facebook.com\/ArteELuoghi\/","https:\/\/www.instagram.com\/arteeluoghi\/?hl=it","https:\/\/www.youtube.com\/channel\/UCuRVc4JW4-C5sg9rQB-srkw?view_as=subscriber","https:\/\/twitter.com\/arteeluoghi"],"logo":{"@type":"ImageObject","@id":"https:\/\/arteeluoghi.it\/#logo","inLanguage":"it-IT","url":"https:\/\/arteeluoghi.it\/wp-content\/uploads\/2018\/08\/logoinstagramarte.jpg","contentUrl":"https:\/\/arteeluoghi.it\/wp-content\/uploads\/2018\/08\/logoinstagramarte.jpg","width":150,"height":150,"caption":"Arte e Luoghi"},"image":{"@id":"https:\/\/arteeluoghi.it\/#logo"}},{"@type":"WebSite","@id":"https:\/\/arteeluoghi.it\/#website","url":"https:\/\/arteeluoghi.it\/","name":"Arte e Luoghi","description":"Mensile di arte, cultura, turismo e curiosit\u00e0","publisher":{"@id":"https:\/\/arteeluoghi.it\/#organization"},"potentialAction":[{"@type":"SearchAction","target":{"@type":"EntryPoint","urlTemplate":"https:\/\/arteeluoghi.it\/?s={search_term_string}"},"query-input":"required name=search_term_string"}],"inLanguage":"it-IT"},{"@type":"ImageObject","@id":"https:\/\/arteeluoghi.it\/index.php\/2015\/01\/19\/le-leggende-della-poesia\/#primaryimage","inLanguage":"it-IT","url":"\/images\/grottapoesiaroca.jpeg","contentUrl":"\/images\/grottapoesiaroca.jpeg"},{"@type":"WebPage","@id":"https:\/\/arteeluoghi.it\/index.php\/2015\/01\/19\/le-leggende-della-poesia\/#webpage","url":"https:\/\/arteeluoghi.it\/index.php\/2015\/01\/19\/le-leggende-della-poesia\/","name":"Le Leggende della Poesia | Arte e Luoghi","isPartOf":{"@id":"https:\/\/arteeluoghi.it\/#website"},"primaryImageOfPage":{"@id":"https:\/\/arteeluoghi.it\/index.php\/2015\/01\/19\/le-leggende-della-poesia\/#primaryimage"},"datePublished":"2015-01-19T14:15:17+00:00","dateModified":"2017-08-14T02:08:15+00:00","breadcrumb":{"@id":"https:\/\/arteeluoghi.it\/index.php\/2015\/01\/19\/le-leggende-della-poesia\/#breadcrumb"},"inLanguage":"it-IT","potentialAction":[{"@type":"ReadAction","target":["https:\/\/arteeluoghi.it\/index.php\/2015\/01\/19\/le-leggende-della-poesia\/"]}]},{"@type":"BreadcrumbList","@id":"https:\/\/arteeluoghi.it\/index.php\/2015\/01\/19\/le-leggende-della-poesia\/#breadcrumb","itemListElement":[{"@type":"ListItem","position":1,"name":"Home","item":"https:\/\/arteeluoghi.it\/"},{"@type":"ListItem","position":2,"name":"Le Leggende della Poesia"}]},{"@type":"Article","@id":"https:\/\/arteeluoghi.it\/index.php\/2015\/01\/19\/le-leggende-della-poesia\/#article","isPartOf":{"@id":"https:\/\/arteeluoghi.it\/index.php\/2015\/01\/19\/le-leggende-della-poesia\/#webpage"},"author":{"@id":"https:\/\/arteeluoghi.it\/#\/schema\/person\/f84e814e36e91e01448ee07eaadd41d4"},"headline":"Le Leggende della Poesia","datePublished":"2015-01-19T14:15:17+00:00","dateModified":"2017-08-14T02:08:15+00:00","mainEntityOfPage":{"@id":"https:\/\/arteeluoghi.it\/index.php\/2015\/01\/19\/le-leggende-della-poesia\/#webpage"},"wordCount":273,"commentCount":0,"publisher":{"@id":"https:\/\/arteeluoghi.it\/#organization"},"image":{"@id":"https:\/\/arteeluoghi.it\/index.php\/2015\/01\/19\/le-leggende-della-poesia\/#primaryimage"},"thumbnailUrl":"\/images\/grottapoesiaroca.jpeg","articleSection":["Turismo | geografica-mente"],"inLanguage":"it-IT","potentialAction":[{"@type":"CommentAction","name":"Comment","target":["https:\/\/arteeluoghi.it\/index.php\/2015\/01\/19\/le-leggende-della-poesia\/#respond"]}]},{"@type":"Person","@id":"https:\/\/arteeluoghi.it\/#\/schema\/person\/f84e814e36e91e01448ee07eaadd41d4","name":"Staff","image":{"@type":"ImageObject","@id":"https:\/\/arteeluoghi.it\/#personlogo","inLanguage":"it-IT","url":"https:\/\/secure.gravatar.com\/avatar\/49d2f9e46271bb04e19cebfaf141313a?s=96&d=blank&r=g","contentUrl":"https:\/\/secure.gravatar.com\/avatar\/49d2f9e46271bb04e19cebfaf141313a?s=96&d=blank&r=g","caption":"Staff"}}]}},"_links":{"self":[{"href":"https:\/\/arteeluoghi.it\/index.php\/wp-json\/wp\/v2\/posts\/2007"}],"collection":[{"href":"https:\/\/arteeluoghi.it\/index.php\/wp-json\/wp\/v2\/posts"}],"about":[{"href":"https:\/\/arteeluoghi.it\/index.php\/wp-json\/wp\/v2\/types\/post"}],"author":[{"embeddable":true,"href":"https:\/\/arteeluoghi.it\/index.php\/wp-json\/wp\/v2\/users\/1"}],"replies":[{"embeddable":true,"href":"https:\/\/arteeluoghi.it\/index.php\/wp-json\/wp\/v2\/comments?post=2007"}],"version-history":[{"count":1,"href":"https:\/\/arteeluoghi.it\/index.php\/wp-json\/wp\/v2\/posts\/2007\/revisions"}],"predecessor-version":[{"id":3458,"href":"https:\/\/arteeluoghi.it\/index.php\/wp-json\/wp\/v2\/posts\/2007\/revisions\/3458"}],"wp:attachment":[{"href":"https:\/\/arteeluoghi.it\/index.php\/wp-json\/wp\/v2\/media?parent=2007"}],"wp:term":[{"taxonomy":"category","embeddable":true,"href":"https:\/\/arteeluoghi.it\/index.php\/wp-json\/wp\/v2\/categories?post=2007"},{"taxonomy":"post_tag","embeddable":true,"href":"https:\/\/arteeluoghi.it\/index.php\/wp-json\/wp\/v2\/tags?post=2007"}],"curies":[{"name":"wp","href":"https:\/\/api.w.org\/{rel}","templated":true}]}}