{"id":2016,"date":"2015-01-29T13:32:56","date_gmt":"2015-01-29T12:32:56","guid":{"rendered":"http:\/\/arteeluoghi.it\/index.php\/2015\/01\/29\/premio-mario-verdone-svelati-i-7-registi-in-gara\/"},"modified":"2015-01-29T13:32:56","modified_gmt":"2015-01-29T12:32:56","slug":"premio-mario-verdone-svelati-i-7-registi-in-gara","status":"publish","type":"post","link":"https:\/\/arteeluoghi.it\/index.php\/2015\/01\/29\/premio-mario-verdone-svelati-i-7-registi-in-gara\/","title":{"rendered":"Premio Mario Verdone. Svelati i 7 registi in gara"},"content":{"rendered":"<p class=\"p1\"><img src=\"\/images\/oleotto%20e%20verdone.jpg\" border=\"0\" title=\"Il regista Matteo Oleotto ritira il Premio Mario Verdone 2014\" width=\"300\" style=\"float: left; margin: 21px;\" \/>A Lecce la sesta edizione del Premio nell&#8217;ambito del festival dal 13 al 18 aprile 2015<\/p>\n<p class=\"p1\"><strong>Il riconoscimento sar\u00e0 consegnato durante il Festival del Cinema Europeo<\/strong><\/p>\n<p class=\"p1\">Svelati gli autori e le pellicole che concorreranno per la <span>\u00a0VI edizione del\u00a0<\/span>Premio &#8220;Mario Verdone&#8221; nell&#8217;ambito del<span>la XVI edizione del Festival del Cinema Europeo, che si terr\u00e0 a Lecce dal 13 al 18 aprile 2015.<\/span>\u00a0Si tratta di \u00a0Michele Alhaique (\u201cSenza nessuna piet\u00e0\u201d), Bonifacio Angius ( \u201cPerfidia\u201d), Giuseppe Bonito (\u201cPulce non c\u2019\u00e8\u201d), Laura Halilovic \u00a0(\u201cIo Rom Romantica\u201d), Sebastiano Riso (\u201cPi\u00f9 buio di mezzanotte\u201d), Leonardo Guerra Ser\u00e0gnoli (\u201cLast Summer\u201d) e Sydney Sibilia (\u201cSmetto quando voglio\u201d). \u00a0<\/p>\n<p class=\"p1\">\u201cUna riflessione sul nuovo e una \u00a0proposta che ci trova d&#8217;accordo perch\u00e9 centra ancora di pi\u00f9 l&#8217;obiettivo di un Premio che, nel nome di Mario Verdone, vuol essere incoraggiamento e autentico scouting \u2013 sottolineano i fratelli Verdone -. Un\u2019opera prima segna un passo importante verso una professione tanto bella quanto difficile com\u2019\u00e8 quella del regista e far partecipare i concorrenti tutti allo stesso livello ci \u00e8 sembrata un\u2019ottima idea. I sette registi selezionati quest&#8217;anno in concorso presentano tutti film molto interessanti ed \u00e8 bello constatare che ogni anno (e questo \u00e8 il sesto) il nostro cinema sia in grado di produrre esordi di alto valore. Anche per questa edizione la nostra scelta non sar\u00e0 affatto facile, ma siamo contenti di essere ancora una volta al Festival del Cinema Europeo che ha avuto l\u2019idea di istituire il riconoscimento dedicato a nostro padre Mario\u201d.<\/p>\n<p class=\"p1\">\u00a0<\/p>\n<p>  <!--more-->  <\/p>\n<p class=\"p1\">Un Premio &#8211;\u00a0<span style=\"font-size: 12.1599998474121px; line-height: 1.3em;\">istituito nel 2010 dal Festival del Cinema Europeo, in accordo con la famiglia Verdone e in collaborazione con il Centro Sperimentale di Cinematografia e il Sindacato Nazionale Giornalisti Cinematografici Italiani &#8211;\u00a0<\/span><span style=\"font-size: 12.1599998474121px; line-height: 1.3em;\">che si arricchisce di una importante novit\u00e0, &#8220;per\u00a0<\/span><span style=\"font-size: 12.1599998474121px; line-height: 1.3em;\">valorizzare ancora di pi\u00f9 la scoperta dei talenti pi\u00f9 giovani e dare visibilit\u00e0 al cinema che promette di crescere&#8221; spiega a nome del Comitato il Direttore del Festival, Alberto La Monica. \u00a0<\/span><span style=\"font-size: 12.1599998474121px; line-height: 1.3em;\">Il Premio infatti &#8211; come la famiglia Verdone ha concordato con il \u00a0comitato di selezione di cui fanno parte a nome dei diversi partner dell&#8217;iniziativa \u00a0Laura Delli Colli (per il SNGCI), Marcello Foti (Direttore del CSC) e Alberto La Monica (Direttore del FCE)- a partire dal 2015 sar\u00e0 riservato esclusivamente agli esordienti under 35.\u00a0<\/span><\/p>\n<p class=\"p1\">Gli autori vengono selezionati dal comitato, mentre la scelta del \u00e8 demandata ai fratelli Silvia, Carlo e Luca Verdone.\u00a0<span style=\"font-size: 12.1599998474121px; line-height: 1.3em;\">Le precedenti edizioni sono state vinte da: Susanna Nicchiarelli per \u201cCosmonauta\u201d, Aureliano Amadei per \u201c20 sigarette\u201d, Andrea Segre per \u201cIo sono Li\u201d, Claudio Giovannesi per Al\u00ec ha gli occhi azzurri\u201d, Matteo Oleotto per \u201cZoran, il mio nipote scemo\u201d.\u00a0<\/span><\/p>\n<p class=\"p1\">Il Festival del Cinema Europeo, ideato ed organizzato dall\u2019Associazione Culturale \u201cArt Promotion\u201d, \u00e8 riconosciuto dal Ministero dei Beni e delle Attivit\u00e0 Culturali e Turismo \u201cmanifestazione d\u2019interesse nazionale\u201d. Si pregia del Patrocinio del Parlamento Europeo, del Comune di Lecce, del Ministero dei Beni e delle Attivit\u00e0 Culturali e Turismo-Direzione Generale Cinema, della Regione Puglia, della Provincia di Lecce, del Centro Sperimentale di Cinematografia, del S.N.C.C.I., del S.N.G.C.I., della FIPRESCI, dell&#8217;Apulia Film Commission, del Centro Nazionale del Cortometraggio, della CCIAA della Provincia di Lecce, dell\u2019Universit\u00e0 del Salento ed \u00e8 membro dell\u2019Associazione Festival Italiani di Cinema.<\/p>\n<p class=\"p1\">\u00a0<\/p>\n<p class=\"p1\">red. Arte e Luoghi<\/p>\n<p class=\"p1\">\u00a0<\/p>\n","protected":false},"excerpt":{"rendered":"<p>A Lecce la sesta edizione del Premio nell&#8217;ambito del festival dal 13 al 18 aprile 2015 Il riconoscimento sar\u00e0 consegnato<\/p>\n","protected":false},"author":1,"featured_media":0,"comment_status":"open","ping_status":"open","sticky":false,"template":"","format":"standard","meta":[],"categories":[29],"tags":[],"yoast_head":"<!-- This site is optimized with the Yoast SEO plugin v18.0 - https:\/\/yoast.com\/wordpress\/plugins\/seo\/ -->\n<title>Premio Mario Verdone. Svelati i 7 registi in gara | Arte e Luoghi<\/title>\n<meta name=\"robots\" content=\"index, follow, max-snippet:-1, max-image-preview:large, max-video-preview:-1\" \/>\n<link rel=\"canonical\" href=\"https:\/\/arteeluoghi.it\/index.php\/2015\/01\/29\/premio-mario-verdone-svelati-i-7-registi-in-gara\/\" \/>\n<meta property=\"og:locale\" content=\"it_IT\" \/>\n<meta property=\"og:type\" content=\"article\" \/>\n<meta property=\"og:title\" content=\"Premio Mario Verdone. Svelati i 7 registi in gara | Arte e Luoghi\" \/>\n<meta property=\"og:description\" content=\"A Lecce la sesta edizione del Premio nell&#8217;ambito del festival dal 13 al 18 aprile 2015 Il riconoscimento sar\u00e0 consegnato\" \/>\n<meta property=\"og:url\" content=\"https:\/\/arteeluoghi.it\/index.php\/2015\/01\/29\/premio-mario-verdone-svelati-i-7-registi-in-gara\/\" \/>\n<meta property=\"og:site_name\" content=\"Arte e Luoghi\" \/>\n<meta property=\"article:publisher\" content=\"https:\/\/www.facebook.com\/ArteELuoghi\/\" \/>\n<meta property=\"article:published_time\" content=\"2015-01-29T12:32:56+00:00\" \/>\n<meta property=\"og:image\" content=\"https:\/\/arteeluoghi.it\/images\/oleotto%20e%20verdone.jpg\" \/>\n<meta name=\"twitter:card\" content=\"summary\" \/>\n<meta name=\"twitter:creator\" content=\"@arteeluoghi\" \/>\n<meta name=\"twitter:site\" content=\"@arteeluoghi\" \/>\n<meta name=\"twitter:label1\" content=\"Scritto da\" \/>\n\t<meta name=\"twitter:data1\" content=\"Staff\" \/>\n\t<meta name=\"twitter:label2\" content=\"Tempo di lettura stimato\" \/>\n\t<meta name=\"twitter:data2\" content=\"3 minuti\" \/>\n<script type=\"application\/ld+json\" class=\"yoast-schema-graph\">{\"@context\":\"https:\/\/schema.org\",\"@graph\":[{\"@type\":\"Organization\",\"@id\":\"https:\/\/arteeluoghi.it\/#organization\",\"name\":\"Arte e Luoghi\",\"url\":\"https:\/\/arteeluoghi.it\/\",\"sameAs\":[\"https:\/\/www.facebook.com\/ArteELuoghi\/\",\"https:\/\/www.instagram.com\/arteeluoghi\/?hl=it\",\"https:\/\/www.youtube.com\/channel\/UCuRVc4JW4-C5sg9rQB-srkw?view_as=subscriber\",\"https:\/\/twitter.com\/arteeluoghi\"],\"logo\":{\"@type\":\"ImageObject\",\"@id\":\"https:\/\/arteeluoghi.it\/#logo\",\"inLanguage\":\"it-IT\",\"url\":\"https:\/\/arteeluoghi.it\/wp-content\/uploads\/2018\/08\/logoinstagramarte.jpg\",\"contentUrl\":\"https:\/\/arteeluoghi.it\/wp-content\/uploads\/2018\/08\/logoinstagramarte.jpg\",\"width\":150,\"height\":150,\"caption\":\"Arte e Luoghi\"},\"image\":{\"@id\":\"https:\/\/arteeluoghi.it\/#logo\"}},{\"@type\":\"WebSite\",\"@id\":\"https:\/\/arteeluoghi.it\/#website\",\"url\":\"https:\/\/arteeluoghi.it\/\",\"name\":\"Arte e Luoghi\",\"description\":\"Mensile di arte, cultura, turismo e curiosit\u00e0\",\"publisher\":{\"@id\":\"https:\/\/arteeluoghi.it\/#organization\"},\"potentialAction\":[{\"@type\":\"SearchAction\",\"target\":{\"@type\":\"EntryPoint\",\"urlTemplate\":\"https:\/\/arteeluoghi.it\/?s={search_term_string}\"},\"query-input\":\"required name=search_term_string\"}],\"inLanguage\":\"it-IT\"},{\"@type\":\"ImageObject\",\"@id\":\"https:\/\/arteeluoghi.it\/index.php\/2015\/01\/29\/premio-mario-verdone-svelati-i-7-registi-in-gara\/#primaryimage\",\"inLanguage\":\"it-IT\",\"url\":\"\/images\/oleotto%20e%20verdone.jpg\",\"contentUrl\":\"\/images\/oleotto%20e%20verdone.jpg\"},{\"@type\":\"WebPage\",\"@id\":\"https:\/\/arteeluoghi.it\/index.php\/2015\/01\/29\/premio-mario-verdone-svelati-i-7-registi-in-gara\/#webpage\",\"url\":\"https:\/\/arteeluoghi.it\/index.php\/2015\/01\/29\/premio-mario-verdone-svelati-i-7-registi-in-gara\/\",\"name\":\"Premio Mario Verdone. Svelati i 7 registi in gara | Arte e Luoghi\",\"isPartOf\":{\"@id\":\"https:\/\/arteeluoghi.it\/#website\"},\"primaryImageOfPage\":{\"@id\":\"https:\/\/arteeluoghi.it\/index.php\/2015\/01\/29\/premio-mario-verdone-svelati-i-7-registi-in-gara\/#primaryimage\"},\"datePublished\":\"2015-01-29T12:32:56+00:00\",\"dateModified\":\"2015-01-29T12:32:56+00:00\",\"breadcrumb\":{\"@id\":\"https:\/\/arteeluoghi.it\/index.php\/2015\/01\/29\/premio-mario-verdone-svelati-i-7-registi-in-gara\/#breadcrumb\"},\"inLanguage\":\"it-IT\",\"potentialAction\":[{\"@type\":\"ReadAction\",\"target\":[\"https:\/\/arteeluoghi.it\/index.php\/2015\/01\/29\/premio-mario-verdone-svelati-i-7-registi-in-gara\/\"]}]},{\"@type\":\"BreadcrumbList\",\"@id\":\"https:\/\/arteeluoghi.it\/index.php\/2015\/01\/29\/premio-mario-verdone-svelati-i-7-registi-in-gara\/#breadcrumb\",\"itemListElement\":[{\"@type\":\"ListItem\",\"position\":1,\"name\":\"Home\",\"item\":\"https:\/\/arteeluoghi.it\/\"},{\"@type\":\"ListItem\",\"position\":2,\"name\":\"Premio Mario Verdone. Svelati i 7 registi in gara\"}]},{\"@type\":\"Article\",\"@id\":\"https:\/\/arteeluoghi.it\/index.php\/2015\/01\/29\/premio-mario-verdone-svelati-i-7-registi-in-gara\/#article\",\"isPartOf\":{\"@id\":\"https:\/\/arteeluoghi.it\/index.php\/2015\/01\/29\/premio-mario-verdone-svelati-i-7-registi-in-gara\/#webpage\"},\"author\":{\"@id\":\"https:\/\/arteeluoghi.it\/#\/schema\/person\/f84e814e36e91e01448ee07eaadd41d4\"},\"headline\":\"Premio Mario Verdone. Svelati i 7 registi in gara\",\"datePublished\":\"2015-01-29T12:32:56+00:00\",\"dateModified\":\"2015-01-29T12:32:56+00:00\",\"mainEntityOfPage\":{\"@id\":\"https:\/\/arteeluoghi.it\/index.php\/2015\/01\/29\/premio-mario-verdone-svelati-i-7-registi-in-gara\/#webpage\"},\"wordCount\":531,\"commentCount\":0,\"publisher\":{\"@id\":\"https:\/\/arteeluoghi.it\/#organization\"},\"image\":{\"@id\":\"https:\/\/arteeluoghi.it\/index.php\/2015\/01\/29\/premio-mario-verdone-svelati-i-7-registi-in-gara\/#primaryimage\"},\"thumbnailUrl\":\"\/images\/oleotto%20e%20verdone.jpg\",\"articleSection\":[\"Cinema\"],\"inLanguage\":\"it-IT\",\"potentialAction\":[{\"@type\":\"CommentAction\",\"name\":\"Comment\",\"target\":[\"https:\/\/arteeluoghi.it\/index.php\/2015\/01\/29\/premio-mario-verdone-svelati-i-7-registi-in-gara\/#respond\"]}]},{\"@type\":\"Person\",\"@id\":\"https:\/\/arteeluoghi.it\/#\/schema\/person\/f84e814e36e91e01448ee07eaadd41d4\",\"name\":\"Staff\",\"image\":{\"@type\":\"ImageObject\",\"@id\":\"https:\/\/arteeluoghi.it\/#personlogo\",\"inLanguage\":\"it-IT\",\"url\":\"https:\/\/secure.gravatar.com\/avatar\/49d2f9e46271bb04e19cebfaf141313a?s=96&d=blank&r=g\",\"contentUrl\":\"https:\/\/secure.gravatar.com\/avatar\/49d2f9e46271bb04e19cebfaf141313a?s=96&d=blank&r=g\",\"caption\":\"Staff\"}}]}<\/script>\n<!-- \/ Yoast SEO plugin. -->","yoast_head_json":{"title":"Premio Mario Verdone. Svelati i 7 registi in gara | Arte e Luoghi","robots":{"index":"index","follow":"follow","max-snippet":"max-snippet:-1","max-image-preview":"max-image-preview:large","max-video-preview":"max-video-preview:-1"},"canonical":"https:\/\/arteeluoghi.it\/index.php\/2015\/01\/29\/premio-mario-verdone-svelati-i-7-registi-in-gara\/","og_locale":"it_IT","og_type":"article","og_title":"Premio Mario Verdone. Svelati i 7 registi in gara | Arte e Luoghi","og_description":"A Lecce la sesta edizione del Premio nell&#8217;ambito del festival dal 13 al 18 aprile 2015 Il riconoscimento sar\u00e0 consegnato","og_url":"https:\/\/arteeluoghi.it\/index.php\/2015\/01\/29\/premio-mario-verdone-svelati-i-7-registi-in-gara\/","og_site_name":"Arte e Luoghi","article_publisher":"https:\/\/www.facebook.com\/ArteELuoghi\/","article_published_time":"2015-01-29T12:32:56+00:00","og_image":[{"url":"https:\/\/arteeluoghi.it\/images\/oleotto%20e%20verdone.jpg"}],"twitter_card":"summary","twitter_creator":"@arteeluoghi","twitter_site":"@arteeluoghi","twitter_misc":{"Scritto da":"Staff","Tempo di lettura stimato":"3 minuti"},"schema":{"@context":"https:\/\/schema.org","@graph":[{"@type":"Organization","@id":"https:\/\/arteeluoghi.it\/#organization","name":"Arte e Luoghi","url":"https:\/\/arteeluoghi.it\/","sameAs":["https:\/\/www.facebook.com\/ArteELuoghi\/","https:\/\/www.instagram.com\/arteeluoghi\/?hl=it","https:\/\/www.youtube.com\/channel\/UCuRVc4JW4-C5sg9rQB-srkw?view_as=subscriber","https:\/\/twitter.com\/arteeluoghi"],"logo":{"@type":"ImageObject","@id":"https:\/\/arteeluoghi.it\/#logo","inLanguage":"it-IT","url":"https:\/\/arteeluoghi.it\/wp-content\/uploads\/2018\/08\/logoinstagramarte.jpg","contentUrl":"https:\/\/arteeluoghi.it\/wp-content\/uploads\/2018\/08\/logoinstagramarte.jpg","width":150,"height":150,"caption":"Arte e Luoghi"},"image":{"@id":"https:\/\/arteeluoghi.it\/#logo"}},{"@type":"WebSite","@id":"https:\/\/arteeluoghi.it\/#website","url":"https:\/\/arteeluoghi.it\/","name":"Arte e Luoghi","description":"Mensile di arte, cultura, turismo e curiosit\u00e0","publisher":{"@id":"https:\/\/arteeluoghi.it\/#organization"},"potentialAction":[{"@type":"SearchAction","target":{"@type":"EntryPoint","urlTemplate":"https:\/\/arteeluoghi.it\/?s={search_term_string}"},"query-input":"required name=search_term_string"}],"inLanguage":"it-IT"},{"@type":"ImageObject","@id":"https:\/\/arteeluoghi.it\/index.php\/2015\/01\/29\/premio-mario-verdone-svelati-i-7-registi-in-gara\/#primaryimage","inLanguage":"it-IT","url":"\/images\/oleotto%20e%20verdone.jpg","contentUrl":"\/images\/oleotto%20e%20verdone.jpg"},{"@type":"WebPage","@id":"https:\/\/arteeluoghi.it\/index.php\/2015\/01\/29\/premio-mario-verdone-svelati-i-7-registi-in-gara\/#webpage","url":"https:\/\/arteeluoghi.it\/index.php\/2015\/01\/29\/premio-mario-verdone-svelati-i-7-registi-in-gara\/","name":"Premio Mario Verdone. Svelati i 7 registi in gara | Arte e Luoghi","isPartOf":{"@id":"https:\/\/arteeluoghi.it\/#website"},"primaryImageOfPage":{"@id":"https:\/\/arteeluoghi.it\/index.php\/2015\/01\/29\/premio-mario-verdone-svelati-i-7-registi-in-gara\/#primaryimage"},"datePublished":"2015-01-29T12:32:56+00:00","dateModified":"2015-01-29T12:32:56+00:00","breadcrumb":{"@id":"https:\/\/arteeluoghi.it\/index.php\/2015\/01\/29\/premio-mario-verdone-svelati-i-7-registi-in-gara\/#breadcrumb"},"inLanguage":"it-IT","potentialAction":[{"@type":"ReadAction","target":["https:\/\/arteeluoghi.it\/index.php\/2015\/01\/29\/premio-mario-verdone-svelati-i-7-registi-in-gara\/"]}]},{"@type":"BreadcrumbList","@id":"https:\/\/arteeluoghi.it\/index.php\/2015\/01\/29\/premio-mario-verdone-svelati-i-7-registi-in-gara\/#breadcrumb","itemListElement":[{"@type":"ListItem","position":1,"name":"Home","item":"https:\/\/arteeluoghi.it\/"},{"@type":"ListItem","position":2,"name":"Premio Mario Verdone. Svelati i 7 registi in gara"}]},{"@type":"Article","@id":"https:\/\/arteeluoghi.it\/index.php\/2015\/01\/29\/premio-mario-verdone-svelati-i-7-registi-in-gara\/#article","isPartOf":{"@id":"https:\/\/arteeluoghi.it\/index.php\/2015\/01\/29\/premio-mario-verdone-svelati-i-7-registi-in-gara\/#webpage"},"author":{"@id":"https:\/\/arteeluoghi.it\/#\/schema\/person\/f84e814e36e91e01448ee07eaadd41d4"},"headline":"Premio Mario Verdone. Svelati i 7 registi in gara","datePublished":"2015-01-29T12:32:56+00:00","dateModified":"2015-01-29T12:32:56+00:00","mainEntityOfPage":{"@id":"https:\/\/arteeluoghi.it\/index.php\/2015\/01\/29\/premio-mario-verdone-svelati-i-7-registi-in-gara\/#webpage"},"wordCount":531,"commentCount":0,"publisher":{"@id":"https:\/\/arteeluoghi.it\/#organization"},"image":{"@id":"https:\/\/arteeluoghi.it\/index.php\/2015\/01\/29\/premio-mario-verdone-svelati-i-7-registi-in-gara\/#primaryimage"},"thumbnailUrl":"\/images\/oleotto%20e%20verdone.jpg","articleSection":["Cinema"],"inLanguage":"it-IT","potentialAction":[{"@type":"CommentAction","name":"Comment","target":["https:\/\/arteeluoghi.it\/index.php\/2015\/01\/29\/premio-mario-verdone-svelati-i-7-registi-in-gara\/#respond"]}]},{"@type":"Person","@id":"https:\/\/arteeluoghi.it\/#\/schema\/person\/f84e814e36e91e01448ee07eaadd41d4","name":"Staff","image":{"@type":"ImageObject","@id":"https:\/\/arteeluoghi.it\/#personlogo","inLanguage":"it-IT","url":"https:\/\/secure.gravatar.com\/avatar\/49d2f9e46271bb04e19cebfaf141313a?s=96&d=blank&r=g","contentUrl":"https:\/\/secure.gravatar.com\/avatar\/49d2f9e46271bb04e19cebfaf141313a?s=96&d=blank&r=g","caption":"Staff"}}]}},"_links":{"self":[{"href":"https:\/\/arteeluoghi.it\/index.php\/wp-json\/wp\/v2\/posts\/2016"}],"collection":[{"href":"https:\/\/arteeluoghi.it\/index.php\/wp-json\/wp\/v2\/posts"}],"about":[{"href":"https:\/\/arteeluoghi.it\/index.php\/wp-json\/wp\/v2\/types\/post"}],"author":[{"embeddable":true,"href":"https:\/\/arteeluoghi.it\/index.php\/wp-json\/wp\/v2\/users\/1"}],"replies":[{"embeddable":true,"href":"https:\/\/arteeluoghi.it\/index.php\/wp-json\/wp\/v2\/comments?post=2016"}],"version-history":[{"count":0,"href":"https:\/\/arteeluoghi.it\/index.php\/wp-json\/wp\/v2\/posts\/2016\/revisions"}],"wp:attachment":[{"href":"https:\/\/arteeluoghi.it\/index.php\/wp-json\/wp\/v2\/media?parent=2016"}],"wp:term":[{"taxonomy":"category","embeddable":true,"href":"https:\/\/arteeluoghi.it\/index.php\/wp-json\/wp\/v2\/categories?post=2016"},{"taxonomy":"post_tag","embeddable":true,"href":"https:\/\/arteeluoghi.it\/index.php\/wp-json\/wp\/v2\/tags?post=2016"}],"curies":[{"name":"wp","href":"https:\/\/api.w.org\/{rel}","templated":true}]}}