{"id":2031,"date":"2015-02-07T23:38:00","date_gmt":"2015-02-07T22:38:00","guid":{"rendered":"http:\/\/arteeluoghi.it\/index.php\/2015\/02\/07\/tullio-solenghi-in-amadeus\/"},"modified":"2015-02-07T23:38:00","modified_gmt":"2015-02-07T22:38:00","slug":"tullio-solenghi-in-amadeus","status":"publish","type":"post","link":"https:\/\/arteeluoghi.it\/index.php\/2015\/02\/07\/tullio-solenghi-in-amadeus\/","title":{"rendered":"Tullio Solenghi in \u201cAmadeus\u201d"},"content":{"rendered":"<p style=\"text-align: left;\" align=\"center\"><img src=\"\/images\/tullio-solenghi.jpg\" border=\"0\" title=\"l'attore Tullio Sollenghi\" width=\"300\" style=\"margin: 21px; float: right;\" \/>Domenica 8 febbraio 2015 sul palcoscenico del teatro \u201cIl Ducale\u201d di Cavallino<strong><strong><br \/><\/strong><\/strong><\/p>\n<p style=\"text-align: left;\" align=\"center\"><strong>L\u2019eterna lotta tra <\/strong><strong>Antonio Salieri e l\u2019odiato \u201cavversario\u201d Wolfgang Amadeus Mozart<em> <br \/><\/em><\/strong><\/p>\n<p align=\"center\"><strong><em>\u00a0<\/em><\/strong><\/p>\n<p>La gelosia del compositore italiano Salieri per il genio musicale di tutti i tempi portata in scena da <strong>Tullio Solenghi<\/strong>. <strong>Domenica 8 febbraio<\/strong> alle <strong>ore 20.30<\/strong> al <strong>Teatro \u201cIl Ducale\u201d di Cavallino<\/strong> \u00e8 di scena Tullio Solenghi con il Teatro Stabile di Genova\/Compagnia Gank in <strong><em>Amadeus<\/em><\/strong>, piece teatrale di Peter Shaffer con Aldo Ottobrino, Roberto Alinghieri, Arianna Comes, Davide Lorino, Elisabetta Mazzullo e Andrea Nicolini con la regia di Alberto Giusta, uno degli spettacoli di punta della <strong>Stagione\u00a0 Teatrale 2014\/2015<\/strong> siglata dall\u2019<strong>Amministrazione Comunale di Cavallino<\/strong> in collaborazione con il <strong>Teatro Pubblico Pugliese.<\/strong><\/p>\n<p>Liberamente ispirato all\u2019atto unico <em>Mozart e Salieri<\/em>, scritto nel 1830 da Aleksandr Sergeevi\u010d Pu\u0161kin, il dramma \u00e8 la storia di una feroce gelosia: quella che il compositore italiano Antonio Salieri (1750-1825), maestro di cappella presso la corte asburgica, prova per il genio nascente del giovane Wolfgang Amadeus Mozart (1756-1791), con il quale sa di non poter competere.<\/p>\n<p>  <!--more-->  <\/p>\n<p>Una gelosia spinta al punto di usare la propria posizione sociale per distruggere almeno l\u2019uomo Mozart. E Salieri ci riesce. Anche perch\u00e9 Mozart fa di tutto per farsi detestare dal potente musicista di corte, assumendo nei suoi confronti, pur senza rendersene conto, atteggiamenti arroganti e insolenti. Una rivalit\u00e0, quella tra Salieri e Mozart, che \u00e8 pi\u00f9 nelle opere di Pu\u0161kin e di Shaffer di quanto fosse stata nella vita reale, perch\u00e9 dalla Storia risulta che alla corte asburgica i due lavorarono sovente insieme e che Salieri, musicista mediocre, fu un buon consigliere del geniale Mozart. Facendo risaltare quella vena drammatica (attraversata dall\u2019ironia) che gli appartiene sotto la veste di attore comico, Tullio Solenghi continua il suo viaggio in compagnia del Teatro Stabile di Genova, accettando la sfida di infondere simpatia in un personaggio fondamentalmente patetico quale Salieri, che in un libero procedere drammaturgico, senza unit\u00e0 di tempo e di luogo, il testo di Shaffer rappresenta ora vecchio e malato, intento a rimuginare sul passato, e ora quasi coetaneo di quell\u2019intemperante genio da lui tanto odiato e ammirato, sino al punto di aver messo in giro la voce infondata di aver assassinato Mozart nel 1791, solo per essere ricordato anche lui dai posteri, se non come grande musicista almeno come assassino di un genio.<\/p>\n<p>Scene e costumi di Laura Benzi, luci di Sandro Sussi.<\/p>\n<p><strong>Ingresso<\/strong>: 18 euro, ridotto 15 euro. <strong>Orario biglietteria<\/strong>: luned\u00ec, mercoled\u00ec, venerd\u00ec, sabato e domenica dalle ore 17 alle ore 20. <strong>Infotel<\/strong>: 0832\/611208 \u2013 331\/6393549.<\/p>\n<p>(fonte: comunicato stampa)<\/p>\n","protected":false},"excerpt":{"rendered":"<p>Domenica 8 febbraio 2015 sul palcoscenico del teatro \u201cIl Ducale\u201d di Cavallino L\u2019eterna lotta tra Antonio Salieri e l\u2019odiato \u201cavversario\u201d<\/p>\n","protected":false},"author":1,"featured_media":0,"comment_status":"open","ping_status":"open","sticky":false,"template":"","format":"standard","meta":[],"categories":[13],"tags":[],"yoast_head":"<!-- This site is optimized with the Yoast SEO plugin v18.0 - https:\/\/yoast.com\/wordpress\/plugins\/seo\/ -->\n<title>Tullio Solenghi in \u201cAmadeus\u201d | Arte e Luoghi<\/title>\n<meta name=\"robots\" content=\"index, follow, max-snippet:-1, max-image-preview:large, max-video-preview:-1\" \/>\n<link rel=\"canonical\" href=\"https:\/\/arteeluoghi.it\/index.php\/2015\/02\/07\/tullio-solenghi-in-amadeus\/\" \/>\n<meta property=\"og:locale\" content=\"it_IT\" \/>\n<meta property=\"og:type\" content=\"article\" \/>\n<meta property=\"og:title\" content=\"Tullio Solenghi in \u201cAmadeus\u201d | Arte e Luoghi\" \/>\n<meta property=\"og:description\" content=\"Domenica 8 febbraio 2015 sul palcoscenico del teatro \u201cIl Ducale\u201d di Cavallino L\u2019eterna lotta tra Antonio Salieri e l\u2019odiato \u201cavversario\u201d\" \/>\n<meta property=\"og:url\" content=\"https:\/\/arteeluoghi.it\/index.php\/2015\/02\/07\/tullio-solenghi-in-amadeus\/\" \/>\n<meta property=\"og:site_name\" content=\"Arte e Luoghi\" \/>\n<meta property=\"article:publisher\" content=\"https:\/\/www.facebook.com\/ArteELuoghi\/\" \/>\n<meta property=\"article:published_time\" content=\"2015-02-07T22:38:00+00:00\" \/>\n<meta property=\"og:image\" content=\"https:\/\/arteeluoghi.it\/images\/tullio-solenghi.jpg\" \/>\n<meta name=\"twitter:card\" content=\"summary\" \/>\n<meta name=\"twitter:creator\" content=\"@arteeluoghi\" \/>\n<meta name=\"twitter:site\" content=\"@arteeluoghi\" \/>\n<meta name=\"twitter:label1\" content=\"Scritto da\" \/>\n\t<meta name=\"twitter:data1\" content=\"Staff\" \/>\n\t<meta name=\"twitter:label2\" content=\"Tempo di lettura stimato\" \/>\n\t<meta name=\"twitter:data2\" content=\"2 minuti\" \/>\n<script type=\"application\/ld+json\" class=\"yoast-schema-graph\">{\"@context\":\"https:\/\/schema.org\",\"@graph\":[{\"@type\":\"Organization\",\"@id\":\"https:\/\/arteeluoghi.it\/#organization\",\"name\":\"Arte e Luoghi\",\"url\":\"https:\/\/arteeluoghi.it\/\",\"sameAs\":[\"https:\/\/www.facebook.com\/ArteELuoghi\/\",\"https:\/\/www.instagram.com\/arteeluoghi\/?hl=it\",\"https:\/\/www.youtube.com\/channel\/UCuRVc4JW4-C5sg9rQB-srkw?view_as=subscriber\",\"https:\/\/twitter.com\/arteeluoghi\"],\"logo\":{\"@type\":\"ImageObject\",\"@id\":\"https:\/\/arteeluoghi.it\/#logo\",\"inLanguage\":\"it-IT\",\"url\":\"https:\/\/arteeluoghi.it\/wp-content\/uploads\/2018\/08\/logoinstagramarte.jpg\",\"contentUrl\":\"https:\/\/arteeluoghi.it\/wp-content\/uploads\/2018\/08\/logoinstagramarte.jpg\",\"width\":150,\"height\":150,\"caption\":\"Arte e Luoghi\"},\"image\":{\"@id\":\"https:\/\/arteeluoghi.it\/#logo\"}},{\"@type\":\"WebSite\",\"@id\":\"https:\/\/arteeluoghi.it\/#website\",\"url\":\"https:\/\/arteeluoghi.it\/\",\"name\":\"Arte e Luoghi\",\"description\":\"Mensile di arte, cultura, turismo e curiosit\u00e0\",\"publisher\":{\"@id\":\"https:\/\/arteeluoghi.it\/#organization\"},\"potentialAction\":[{\"@type\":\"SearchAction\",\"target\":{\"@type\":\"EntryPoint\",\"urlTemplate\":\"https:\/\/arteeluoghi.it\/?s={search_term_string}\"},\"query-input\":\"required name=search_term_string\"}],\"inLanguage\":\"it-IT\"},{\"@type\":\"ImageObject\",\"@id\":\"https:\/\/arteeluoghi.it\/index.php\/2015\/02\/07\/tullio-solenghi-in-amadeus\/#primaryimage\",\"inLanguage\":\"it-IT\",\"url\":\"\/images\/tullio-solenghi.jpg\",\"contentUrl\":\"\/images\/tullio-solenghi.jpg\"},{\"@type\":\"WebPage\",\"@id\":\"https:\/\/arteeluoghi.it\/index.php\/2015\/02\/07\/tullio-solenghi-in-amadeus\/#webpage\",\"url\":\"https:\/\/arteeluoghi.it\/index.php\/2015\/02\/07\/tullio-solenghi-in-amadeus\/\",\"name\":\"Tullio Solenghi in \u201cAmadeus\u201d | Arte e Luoghi\",\"isPartOf\":{\"@id\":\"https:\/\/arteeluoghi.it\/#website\"},\"primaryImageOfPage\":{\"@id\":\"https:\/\/arteeluoghi.it\/index.php\/2015\/02\/07\/tullio-solenghi-in-amadeus\/#primaryimage\"},\"datePublished\":\"2015-02-07T22:38:00+00:00\",\"dateModified\":\"2015-02-07T22:38:00+00:00\",\"breadcrumb\":{\"@id\":\"https:\/\/arteeluoghi.it\/index.php\/2015\/02\/07\/tullio-solenghi-in-amadeus\/#breadcrumb\"},\"inLanguage\":\"it-IT\",\"potentialAction\":[{\"@type\":\"ReadAction\",\"target\":[\"https:\/\/arteeluoghi.it\/index.php\/2015\/02\/07\/tullio-solenghi-in-amadeus\/\"]}]},{\"@type\":\"BreadcrumbList\",\"@id\":\"https:\/\/arteeluoghi.it\/index.php\/2015\/02\/07\/tullio-solenghi-in-amadeus\/#breadcrumb\",\"itemListElement\":[{\"@type\":\"ListItem\",\"position\":1,\"name\":\"Home\",\"item\":\"https:\/\/arteeluoghi.it\/\"},{\"@type\":\"ListItem\",\"position\":2,\"name\":\"Tullio Solenghi in \u201cAmadeus\u201d\"}]},{\"@type\":\"Article\",\"@id\":\"https:\/\/arteeluoghi.it\/index.php\/2015\/02\/07\/tullio-solenghi-in-amadeus\/#article\",\"isPartOf\":{\"@id\":\"https:\/\/arteeluoghi.it\/index.php\/2015\/02\/07\/tullio-solenghi-in-amadeus\/#webpage\"},\"author\":{\"@id\":\"https:\/\/arteeluoghi.it\/#\/schema\/person\/f84e814e36e91e01448ee07eaadd41d4\"},\"headline\":\"Tullio Solenghi in \u201cAmadeus\u201d\",\"datePublished\":\"2015-02-07T22:38:00+00:00\",\"dateModified\":\"2015-02-07T22:38:00+00:00\",\"mainEntityOfPage\":{\"@id\":\"https:\/\/arteeluoghi.it\/index.php\/2015\/02\/07\/tullio-solenghi-in-amadeus\/#webpage\"},\"wordCount\":419,\"commentCount\":0,\"publisher\":{\"@id\":\"https:\/\/arteeluoghi.it\/#organization\"},\"image\":{\"@id\":\"https:\/\/arteeluoghi.it\/index.php\/2015\/02\/07\/tullio-solenghi-in-amadeus\/#primaryimage\"},\"thumbnailUrl\":\"\/images\/tullio-solenghi.jpg\",\"articleSection\":[\"teatro\"],\"inLanguage\":\"it-IT\",\"potentialAction\":[{\"@type\":\"CommentAction\",\"name\":\"Comment\",\"target\":[\"https:\/\/arteeluoghi.it\/index.php\/2015\/02\/07\/tullio-solenghi-in-amadeus\/#respond\"]}]},{\"@type\":\"Person\",\"@id\":\"https:\/\/arteeluoghi.it\/#\/schema\/person\/f84e814e36e91e01448ee07eaadd41d4\",\"name\":\"Staff\",\"image\":{\"@type\":\"ImageObject\",\"@id\":\"https:\/\/arteeluoghi.it\/#personlogo\",\"inLanguage\":\"it-IT\",\"url\":\"https:\/\/secure.gravatar.com\/avatar\/49d2f9e46271bb04e19cebfaf141313a?s=96&d=blank&r=g\",\"contentUrl\":\"https:\/\/secure.gravatar.com\/avatar\/49d2f9e46271bb04e19cebfaf141313a?s=96&d=blank&r=g\",\"caption\":\"Staff\"}}]}<\/script>\n<!-- \/ Yoast SEO plugin. -->","yoast_head_json":{"title":"Tullio Solenghi in \u201cAmadeus\u201d | Arte e Luoghi","robots":{"index":"index","follow":"follow","max-snippet":"max-snippet:-1","max-image-preview":"max-image-preview:large","max-video-preview":"max-video-preview:-1"},"canonical":"https:\/\/arteeluoghi.it\/index.php\/2015\/02\/07\/tullio-solenghi-in-amadeus\/","og_locale":"it_IT","og_type":"article","og_title":"Tullio Solenghi in \u201cAmadeus\u201d | Arte e Luoghi","og_description":"Domenica 8 febbraio 2015 sul palcoscenico del teatro \u201cIl Ducale\u201d di Cavallino L\u2019eterna lotta tra Antonio Salieri e l\u2019odiato \u201cavversario\u201d","og_url":"https:\/\/arteeluoghi.it\/index.php\/2015\/02\/07\/tullio-solenghi-in-amadeus\/","og_site_name":"Arte e Luoghi","article_publisher":"https:\/\/www.facebook.com\/ArteELuoghi\/","article_published_time":"2015-02-07T22:38:00+00:00","og_image":[{"url":"https:\/\/arteeluoghi.it\/images\/tullio-solenghi.jpg"}],"twitter_card":"summary","twitter_creator":"@arteeluoghi","twitter_site":"@arteeluoghi","twitter_misc":{"Scritto da":"Staff","Tempo di lettura stimato":"2 minuti"},"schema":{"@context":"https:\/\/schema.org","@graph":[{"@type":"Organization","@id":"https:\/\/arteeluoghi.it\/#organization","name":"Arte e Luoghi","url":"https:\/\/arteeluoghi.it\/","sameAs":["https:\/\/www.facebook.com\/ArteELuoghi\/","https:\/\/www.instagram.com\/arteeluoghi\/?hl=it","https:\/\/www.youtube.com\/channel\/UCuRVc4JW4-C5sg9rQB-srkw?view_as=subscriber","https:\/\/twitter.com\/arteeluoghi"],"logo":{"@type":"ImageObject","@id":"https:\/\/arteeluoghi.it\/#logo","inLanguage":"it-IT","url":"https:\/\/arteeluoghi.it\/wp-content\/uploads\/2018\/08\/logoinstagramarte.jpg","contentUrl":"https:\/\/arteeluoghi.it\/wp-content\/uploads\/2018\/08\/logoinstagramarte.jpg","width":150,"height":150,"caption":"Arte e Luoghi"},"image":{"@id":"https:\/\/arteeluoghi.it\/#logo"}},{"@type":"WebSite","@id":"https:\/\/arteeluoghi.it\/#website","url":"https:\/\/arteeluoghi.it\/","name":"Arte e Luoghi","description":"Mensile di arte, cultura, turismo e curiosit\u00e0","publisher":{"@id":"https:\/\/arteeluoghi.it\/#organization"},"potentialAction":[{"@type":"SearchAction","target":{"@type":"EntryPoint","urlTemplate":"https:\/\/arteeluoghi.it\/?s={search_term_string}"},"query-input":"required name=search_term_string"}],"inLanguage":"it-IT"},{"@type":"ImageObject","@id":"https:\/\/arteeluoghi.it\/index.php\/2015\/02\/07\/tullio-solenghi-in-amadeus\/#primaryimage","inLanguage":"it-IT","url":"\/images\/tullio-solenghi.jpg","contentUrl":"\/images\/tullio-solenghi.jpg"},{"@type":"WebPage","@id":"https:\/\/arteeluoghi.it\/index.php\/2015\/02\/07\/tullio-solenghi-in-amadeus\/#webpage","url":"https:\/\/arteeluoghi.it\/index.php\/2015\/02\/07\/tullio-solenghi-in-amadeus\/","name":"Tullio Solenghi in \u201cAmadeus\u201d | Arte e Luoghi","isPartOf":{"@id":"https:\/\/arteeluoghi.it\/#website"},"primaryImageOfPage":{"@id":"https:\/\/arteeluoghi.it\/index.php\/2015\/02\/07\/tullio-solenghi-in-amadeus\/#primaryimage"},"datePublished":"2015-02-07T22:38:00+00:00","dateModified":"2015-02-07T22:38:00+00:00","breadcrumb":{"@id":"https:\/\/arteeluoghi.it\/index.php\/2015\/02\/07\/tullio-solenghi-in-amadeus\/#breadcrumb"},"inLanguage":"it-IT","potentialAction":[{"@type":"ReadAction","target":["https:\/\/arteeluoghi.it\/index.php\/2015\/02\/07\/tullio-solenghi-in-amadeus\/"]}]},{"@type":"BreadcrumbList","@id":"https:\/\/arteeluoghi.it\/index.php\/2015\/02\/07\/tullio-solenghi-in-amadeus\/#breadcrumb","itemListElement":[{"@type":"ListItem","position":1,"name":"Home","item":"https:\/\/arteeluoghi.it\/"},{"@type":"ListItem","position":2,"name":"Tullio Solenghi in \u201cAmadeus\u201d"}]},{"@type":"Article","@id":"https:\/\/arteeluoghi.it\/index.php\/2015\/02\/07\/tullio-solenghi-in-amadeus\/#article","isPartOf":{"@id":"https:\/\/arteeluoghi.it\/index.php\/2015\/02\/07\/tullio-solenghi-in-amadeus\/#webpage"},"author":{"@id":"https:\/\/arteeluoghi.it\/#\/schema\/person\/f84e814e36e91e01448ee07eaadd41d4"},"headline":"Tullio Solenghi in \u201cAmadeus\u201d","datePublished":"2015-02-07T22:38:00+00:00","dateModified":"2015-02-07T22:38:00+00:00","mainEntityOfPage":{"@id":"https:\/\/arteeluoghi.it\/index.php\/2015\/02\/07\/tullio-solenghi-in-amadeus\/#webpage"},"wordCount":419,"commentCount":0,"publisher":{"@id":"https:\/\/arteeluoghi.it\/#organization"},"image":{"@id":"https:\/\/arteeluoghi.it\/index.php\/2015\/02\/07\/tullio-solenghi-in-amadeus\/#primaryimage"},"thumbnailUrl":"\/images\/tullio-solenghi.jpg","articleSection":["teatro"],"inLanguage":"it-IT","potentialAction":[{"@type":"CommentAction","name":"Comment","target":["https:\/\/arteeluoghi.it\/index.php\/2015\/02\/07\/tullio-solenghi-in-amadeus\/#respond"]}]},{"@type":"Person","@id":"https:\/\/arteeluoghi.it\/#\/schema\/person\/f84e814e36e91e01448ee07eaadd41d4","name":"Staff","image":{"@type":"ImageObject","@id":"https:\/\/arteeluoghi.it\/#personlogo","inLanguage":"it-IT","url":"https:\/\/secure.gravatar.com\/avatar\/49d2f9e46271bb04e19cebfaf141313a?s=96&d=blank&r=g","contentUrl":"https:\/\/secure.gravatar.com\/avatar\/49d2f9e46271bb04e19cebfaf141313a?s=96&d=blank&r=g","caption":"Staff"}}]}},"_links":{"self":[{"href":"https:\/\/arteeluoghi.it\/index.php\/wp-json\/wp\/v2\/posts\/2031"}],"collection":[{"href":"https:\/\/arteeluoghi.it\/index.php\/wp-json\/wp\/v2\/posts"}],"about":[{"href":"https:\/\/arteeluoghi.it\/index.php\/wp-json\/wp\/v2\/types\/post"}],"author":[{"embeddable":true,"href":"https:\/\/arteeluoghi.it\/index.php\/wp-json\/wp\/v2\/users\/1"}],"replies":[{"embeddable":true,"href":"https:\/\/arteeluoghi.it\/index.php\/wp-json\/wp\/v2\/comments?post=2031"}],"version-history":[{"count":0,"href":"https:\/\/arteeluoghi.it\/index.php\/wp-json\/wp\/v2\/posts\/2031\/revisions"}],"wp:attachment":[{"href":"https:\/\/arteeluoghi.it\/index.php\/wp-json\/wp\/v2\/media?parent=2031"}],"wp:term":[{"taxonomy":"category","embeddable":true,"href":"https:\/\/arteeluoghi.it\/index.php\/wp-json\/wp\/v2\/categories?post=2031"},{"taxonomy":"post_tag","embeddable":true,"href":"https:\/\/arteeluoghi.it\/index.php\/wp-json\/wp\/v2\/tags?post=2031"}],"curies":[{"name":"wp","href":"https:\/\/api.w.org\/{rel}","templated":true}]}}