{"id":2041,"date":"2015-02-11T19:57:17","date_gmt":"2015-02-11T18:57:17","guid":{"rendered":"http:\/\/arteeluoghi.it\/index.php\/2015\/02\/11\/una-rassegna-d-arte-lunga-un-anno\/"},"modified":"2015-02-11T19:57:17","modified_gmt":"2015-02-11T18:57:17","slug":"una-rassegna-d-arte-lunga-un-anno","status":"publish","type":"post","link":"https:\/\/arteeluoghi.it\/index.php\/2015\/02\/11\/una-rassegna-d-arte-lunga-un-anno\/","title":{"rendered":"Una rassegna d&#8217;arte lunga un anno"},"content":{"rendered":"<p><img src=\"\/images\/foto2015\/opera%20mario%20catalano.jpg\" border=\"0\" title=\"un'opera di Mario Catalano\" width=\"300\" style=\"margin: 21px; float: left;\" \/><\/p>\n<p>A Lecce in via Federico D&#8217;Aragona<\/p>\n<p><strong>52 Cittadino<\/strong><\/p>\n<p>di Monica Lisi<\/p>\n<p>Metti una bella caffetteria nel centro storico di Lecce, ed esattamente con affaccio sulla bellissima piazza S.Oronzo, il Caff\u00e8 cittadino in via Federico d&#8217;Aragona nato nei locali attigui a ci\u00f2 che fu il circolo cittadino. Unisci la volont\u00e0 dei proprietari di fare di questo luogo un luogo dell&#8217;arte e la cultura, con la scelta di raffinati ed essenziali arredi, un caff\u00e8 torrefatto all&#8217;interno del bar che ci fa intuire quella cura, esclusivit\u00e0 ed attenzione di cui tutti abbiamo tanto bisogno. Unisci a questo una bella collaborazione, quella con l&#8217;artista Mario Catalano, rientrato nel Salento da Londra con uno sguardo lungo sulle faccende del contemporaneo, quelle che ci fanno sognare luoghi possibili e raggiungibili, ispirazione per desideri futuribile che coniugano il bisogno di andare alla necessit\u00e0 di restare. In una Lecce a volte sonnecchiosa ma spesso desiderosa di nuovo.<\/p>\n<p>I luoghi dell&#8217;arte diventano i luoghi dove stare, restare, attardarsi davanti ad un calice di vino di qualit\u00e0, magari con uno squisito dolce che come un caldo abbraccio ci spinge a curiosare, a salire al piano superiore del Caff\u00e8 cittadino dove ogni gioved\u00ec, a partire dalle ore 19 accade qualcosa di speciale. Una mostra di un artista diverso ogni settimana.<\/p>\n<p>  <!--more-->  <\/p>\n<p>\u00a0<\/p>\n<p><img src=\"\/images\/foto2015\/opera%20mario%20catalano%201.jpg\" border=\"0\" title=\"un'opera di Mario Catalano\" width=\"300\" style=\"margin: 21px; float: right;\" \/>52 settimane ci porteranno 52 artisti e tra\u00a0 fotografia, pittura, disegno, libro d&#8217;artista, scultura avremo modo di conoscere tantissimi creativi, tante forme d&#8217;espressione. Il mese di Febbraio vedr\u00e0 protagonisti <strong>Fernando Spano, Filomena D&#8217;Ambrosio, Aldo Muscogiuri, Lucilla Cuman<\/strong>.<\/p>\n<p>Sar\u00f2 un&#8217;inguaribile politically correct ma la scelta di inserire un uomo ed una donna in sequenza mi \u00e8 piaciuta molto anche perch\u00e8 ho potuto verificare che spesso nella nostra citt\u00e0\u00a0 le donne espongono meno degli uomini, ed a loro a volte sono riservati dei periodi particolari in una politica al rosa non sempre gratificante. Un luogo nuovissimo dunque che potrebbe diventare come i bistrot d&#8217;altri tempi, per una citt\u00e0 che merita di far parlare i suoi cittadini, ma anche i suoi amanti che qui a volte trovano fonte di ispirazione. Ed una nuova terra dove approdare, a volte per sempre. Il gioved\u00ec, una data da segnare sulla nostra agenda. <\/p>\n","protected":false},"excerpt":{"rendered":"<p>A Lecce in via Federico D&#8217;Aragona 52 Cittadino di Monica Lisi Metti una bella caffetteria nel centro storico di Lecce,<\/p>\n","protected":false},"author":1,"featured_media":0,"comment_status":"open","ping_status":"open","sticky":false,"template":"","format":"standard","meta":[],"categories":[27],"tags":[],"yoast_head":"<!-- This site is optimized with the Yoast SEO plugin v18.0 - https:\/\/yoast.com\/wordpress\/plugins\/seo\/ -->\n<title>Una rassegna d&#039;arte lunga un anno | Arte e Luoghi<\/title>\n<meta name=\"robots\" content=\"index, follow, max-snippet:-1, max-image-preview:large, max-video-preview:-1\" \/>\n<link rel=\"canonical\" href=\"https:\/\/arteeluoghi.it\/index.php\/2015\/02\/11\/una-rassegna-d-arte-lunga-un-anno\/\" \/>\n<meta property=\"og:locale\" content=\"it_IT\" \/>\n<meta property=\"og:type\" content=\"article\" \/>\n<meta property=\"og:title\" content=\"Una rassegna d&#039;arte lunga un anno | Arte e Luoghi\" \/>\n<meta property=\"og:description\" content=\"A Lecce in via Federico D&#8217;Aragona 52 Cittadino di Monica Lisi Metti una bella caffetteria nel centro storico di Lecce,\" \/>\n<meta property=\"og:url\" content=\"https:\/\/arteeluoghi.it\/index.php\/2015\/02\/11\/una-rassegna-d-arte-lunga-un-anno\/\" \/>\n<meta property=\"og:site_name\" content=\"Arte e Luoghi\" \/>\n<meta property=\"article:publisher\" content=\"https:\/\/www.facebook.com\/ArteELuoghi\/\" \/>\n<meta property=\"article:published_time\" content=\"2015-02-11T18:57:17+00:00\" \/>\n<meta property=\"og:image\" content=\"https:\/\/arteeluoghi.it\/images\/foto2015\/opera%20mario%20catalano.jpg\" \/>\n<meta name=\"twitter:card\" content=\"summary\" \/>\n<meta name=\"twitter:creator\" content=\"@arteeluoghi\" \/>\n<meta name=\"twitter:site\" content=\"@arteeluoghi\" \/>\n<meta name=\"twitter:label1\" content=\"Scritto da\" \/>\n\t<meta name=\"twitter:data1\" content=\"Staff\" \/>\n\t<meta name=\"twitter:label2\" content=\"Tempo di lettura stimato\" \/>\n\t<meta name=\"twitter:data2\" content=\"2 minuti\" \/>\n<script type=\"application\/ld+json\" class=\"yoast-schema-graph\">{\"@context\":\"https:\/\/schema.org\",\"@graph\":[{\"@type\":\"Organization\",\"@id\":\"https:\/\/arteeluoghi.it\/#organization\",\"name\":\"Arte e Luoghi\",\"url\":\"https:\/\/arteeluoghi.it\/\",\"sameAs\":[\"https:\/\/www.facebook.com\/ArteELuoghi\/\",\"https:\/\/www.instagram.com\/arteeluoghi\/?hl=it\",\"https:\/\/www.youtube.com\/channel\/UCuRVc4JW4-C5sg9rQB-srkw?view_as=subscriber\",\"https:\/\/twitter.com\/arteeluoghi\"],\"logo\":{\"@type\":\"ImageObject\",\"@id\":\"https:\/\/arteeluoghi.it\/#logo\",\"inLanguage\":\"it-IT\",\"url\":\"https:\/\/arteeluoghi.it\/wp-content\/uploads\/2018\/08\/logoinstagramarte.jpg\",\"contentUrl\":\"https:\/\/arteeluoghi.it\/wp-content\/uploads\/2018\/08\/logoinstagramarte.jpg\",\"width\":150,\"height\":150,\"caption\":\"Arte e Luoghi\"},\"image\":{\"@id\":\"https:\/\/arteeluoghi.it\/#logo\"}},{\"@type\":\"WebSite\",\"@id\":\"https:\/\/arteeluoghi.it\/#website\",\"url\":\"https:\/\/arteeluoghi.it\/\",\"name\":\"Arte e Luoghi\",\"description\":\"Mensile di arte, cultura, turismo e curiosit\u00e0\",\"publisher\":{\"@id\":\"https:\/\/arteeluoghi.it\/#organization\"},\"potentialAction\":[{\"@type\":\"SearchAction\",\"target\":{\"@type\":\"EntryPoint\",\"urlTemplate\":\"https:\/\/arteeluoghi.it\/?s={search_term_string}\"},\"query-input\":\"required name=search_term_string\"}],\"inLanguage\":\"it-IT\"},{\"@type\":\"ImageObject\",\"@id\":\"https:\/\/arteeluoghi.it\/index.php\/2015\/02\/11\/una-rassegna-d-arte-lunga-un-anno\/#primaryimage\",\"inLanguage\":\"it-IT\",\"url\":\"\/images\/foto2015\/opera%20mario%20catalano.jpg\",\"contentUrl\":\"\/images\/foto2015\/opera%20mario%20catalano.jpg\"},{\"@type\":\"WebPage\",\"@id\":\"https:\/\/arteeluoghi.it\/index.php\/2015\/02\/11\/una-rassegna-d-arte-lunga-un-anno\/#webpage\",\"url\":\"https:\/\/arteeluoghi.it\/index.php\/2015\/02\/11\/una-rassegna-d-arte-lunga-un-anno\/\",\"name\":\"Una rassegna d'arte lunga un anno | Arte e Luoghi\",\"isPartOf\":{\"@id\":\"https:\/\/arteeluoghi.it\/#website\"},\"primaryImageOfPage\":{\"@id\":\"https:\/\/arteeluoghi.it\/index.php\/2015\/02\/11\/una-rassegna-d-arte-lunga-un-anno\/#primaryimage\"},\"datePublished\":\"2015-02-11T18:57:17+00:00\",\"dateModified\":\"2015-02-11T18:57:17+00:00\",\"breadcrumb\":{\"@id\":\"https:\/\/arteeluoghi.it\/index.php\/2015\/02\/11\/una-rassegna-d-arte-lunga-un-anno\/#breadcrumb\"},\"inLanguage\":\"it-IT\",\"potentialAction\":[{\"@type\":\"ReadAction\",\"target\":[\"https:\/\/arteeluoghi.it\/index.php\/2015\/02\/11\/una-rassegna-d-arte-lunga-un-anno\/\"]}]},{\"@type\":\"BreadcrumbList\",\"@id\":\"https:\/\/arteeluoghi.it\/index.php\/2015\/02\/11\/una-rassegna-d-arte-lunga-un-anno\/#breadcrumb\",\"itemListElement\":[{\"@type\":\"ListItem\",\"position\":1,\"name\":\"Home\",\"item\":\"https:\/\/arteeluoghi.it\/\"},{\"@type\":\"ListItem\",\"position\":2,\"name\":\"Una rassegna d&#8217;arte lunga un anno\"}]},{\"@type\":\"Article\",\"@id\":\"https:\/\/arteeluoghi.it\/index.php\/2015\/02\/11\/una-rassegna-d-arte-lunga-un-anno\/#article\",\"isPartOf\":{\"@id\":\"https:\/\/arteeluoghi.it\/index.php\/2015\/02\/11\/una-rassegna-d-arte-lunga-un-anno\/#webpage\"},\"author\":{\"@id\":\"https:\/\/arteeluoghi.it\/#\/schema\/person\/f84e814e36e91e01448ee07eaadd41d4\"},\"headline\":\"Una rassegna d&#8217;arte lunga un anno\",\"datePublished\":\"2015-02-11T18:57:17+00:00\",\"dateModified\":\"2015-02-11T18:57:17+00:00\",\"mainEntityOfPage\":{\"@id\":\"https:\/\/arteeluoghi.it\/index.php\/2015\/02\/11\/una-rassegna-d-arte-lunga-un-anno\/#webpage\"},\"wordCount\":357,\"commentCount\":0,\"publisher\":{\"@id\":\"https:\/\/arteeluoghi.it\/#organization\"},\"image\":{\"@id\":\"https:\/\/arteeluoghi.it\/index.php\/2015\/02\/11\/una-rassegna-d-arte-lunga-un-anno\/#primaryimage\"},\"thumbnailUrl\":\"\/images\/foto2015\/opera%20mario%20catalano.jpg\",\"articleSection\":[\"Arte\"],\"inLanguage\":\"it-IT\",\"potentialAction\":[{\"@type\":\"CommentAction\",\"name\":\"Comment\",\"target\":[\"https:\/\/arteeluoghi.it\/index.php\/2015\/02\/11\/una-rassegna-d-arte-lunga-un-anno\/#respond\"]}]},{\"@type\":\"Person\",\"@id\":\"https:\/\/arteeluoghi.it\/#\/schema\/person\/f84e814e36e91e01448ee07eaadd41d4\",\"name\":\"Staff\",\"image\":{\"@type\":\"ImageObject\",\"@id\":\"https:\/\/arteeluoghi.it\/#personlogo\",\"inLanguage\":\"it-IT\",\"url\":\"https:\/\/secure.gravatar.com\/avatar\/49d2f9e46271bb04e19cebfaf141313a?s=96&d=blank&r=g\",\"contentUrl\":\"https:\/\/secure.gravatar.com\/avatar\/49d2f9e46271bb04e19cebfaf141313a?s=96&d=blank&r=g\",\"caption\":\"Staff\"}}]}<\/script>\n<!-- \/ Yoast SEO plugin. -->","yoast_head_json":{"title":"Una rassegna d'arte lunga un anno | Arte e Luoghi","robots":{"index":"index","follow":"follow","max-snippet":"max-snippet:-1","max-image-preview":"max-image-preview:large","max-video-preview":"max-video-preview:-1"},"canonical":"https:\/\/arteeluoghi.it\/index.php\/2015\/02\/11\/una-rassegna-d-arte-lunga-un-anno\/","og_locale":"it_IT","og_type":"article","og_title":"Una rassegna d'arte lunga un anno | Arte e Luoghi","og_description":"A Lecce in via Federico D&#8217;Aragona 52 Cittadino di Monica Lisi Metti una bella caffetteria nel centro storico di Lecce,","og_url":"https:\/\/arteeluoghi.it\/index.php\/2015\/02\/11\/una-rassegna-d-arte-lunga-un-anno\/","og_site_name":"Arte e Luoghi","article_publisher":"https:\/\/www.facebook.com\/ArteELuoghi\/","article_published_time":"2015-02-11T18:57:17+00:00","og_image":[{"url":"https:\/\/arteeluoghi.it\/images\/foto2015\/opera%20mario%20catalano.jpg"}],"twitter_card":"summary","twitter_creator":"@arteeluoghi","twitter_site":"@arteeluoghi","twitter_misc":{"Scritto da":"Staff","Tempo di lettura stimato":"2 minuti"},"schema":{"@context":"https:\/\/schema.org","@graph":[{"@type":"Organization","@id":"https:\/\/arteeluoghi.it\/#organization","name":"Arte e Luoghi","url":"https:\/\/arteeluoghi.it\/","sameAs":["https:\/\/www.facebook.com\/ArteELuoghi\/","https:\/\/www.instagram.com\/arteeluoghi\/?hl=it","https:\/\/www.youtube.com\/channel\/UCuRVc4JW4-C5sg9rQB-srkw?view_as=subscriber","https:\/\/twitter.com\/arteeluoghi"],"logo":{"@type":"ImageObject","@id":"https:\/\/arteeluoghi.it\/#logo","inLanguage":"it-IT","url":"https:\/\/arteeluoghi.it\/wp-content\/uploads\/2018\/08\/logoinstagramarte.jpg","contentUrl":"https:\/\/arteeluoghi.it\/wp-content\/uploads\/2018\/08\/logoinstagramarte.jpg","width":150,"height":150,"caption":"Arte e Luoghi"},"image":{"@id":"https:\/\/arteeluoghi.it\/#logo"}},{"@type":"WebSite","@id":"https:\/\/arteeluoghi.it\/#website","url":"https:\/\/arteeluoghi.it\/","name":"Arte e Luoghi","description":"Mensile di arte, cultura, turismo e curiosit\u00e0","publisher":{"@id":"https:\/\/arteeluoghi.it\/#organization"},"potentialAction":[{"@type":"SearchAction","target":{"@type":"EntryPoint","urlTemplate":"https:\/\/arteeluoghi.it\/?s={search_term_string}"},"query-input":"required name=search_term_string"}],"inLanguage":"it-IT"},{"@type":"ImageObject","@id":"https:\/\/arteeluoghi.it\/index.php\/2015\/02\/11\/una-rassegna-d-arte-lunga-un-anno\/#primaryimage","inLanguage":"it-IT","url":"\/images\/foto2015\/opera%20mario%20catalano.jpg","contentUrl":"\/images\/foto2015\/opera%20mario%20catalano.jpg"},{"@type":"WebPage","@id":"https:\/\/arteeluoghi.it\/index.php\/2015\/02\/11\/una-rassegna-d-arte-lunga-un-anno\/#webpage","url":"https:\/\/arteeluoghi.it\/index.php\/2015\/02\/11\/una-rassegna-d-arte-lunga-un-anno\/","name":"Una rassegna d'arte lunga un anno | Arte e Luoghi","isPartOf":{"@id":"https:\/\/arteeluoghi.it\/#website"},"primaryImageOfPage":{"@id":"https:\/\/arteeluoghi.it\/index.php\/2015\/02\/11\/una-rassegna-d-arte-lunga-un-anno\/#primaryimage"},"datePublished":"2015-02-11T18:57:17+00:00","dateModified":"2015-02-11T18:57:17+00:00","breadcrumb":{"@id":"https:\/\/arteeluoghi.it\/index.php\/2015\/02\/11\/una-rassegna-d-arte-lunga-un-anno\/#breadcrumb"},"inLanguage":"it-IT","potentialAction":[{"@type":"ReadAction","target":["https:\/\/arteeluoghi.it\/index.php\/2015\/02\/11\/una-rassegna-d-arte-lunga-un-anno\/"]}]},{"@type":"BreadcrumbList","@id":"https:\/\/arteeluoghi.it\/index.php\/2015\/02\/11\/una-rassegna-d-arte-lunga-un-anno\/#breadcrumb","itemListElement":[{"@type":"ListItem","position":1,"name":"Home","item":"https:\/\/arteeluoghi.it\/"},{"@type":"ListItem","position":2,"name":"Una rassegna d&#8217;arte lunga un anno"}]},{"@type":"Article","@id":"https:\/\/arteeluoghi.it\/index.php\/2015\/02\/11\/una-rassegna-d-arte-lunga-un-anno\/#article","isPartOf":{"@id":"https:\/\/arteeluoghi.it\/index.php\/2015\/02\/11\/una-rassegna-d-arte-lunga-un-anno\/#webpage"},"author":{"@id":"https:\/\/arteeluoghi.it\/#\/schema\/person\/f84e814e36e91e01448ee07eaadd41d4"},"headline":"Una rassegna d&#8217;arte lunga un anno","datePublished":"2015-02-11T18:57:17+00:00","dateModified":"2015-02-11T18:57:17+00:00","mainEntityOfPage":{"@id":"https:\/\/arteeluoghi.it\/index.php\/2015\/02\/11\/una-rassegna-d-arte-lunga-un-anno\/#webpage"},"wordCount":357,"commentCount":0,"publisher":{"@id":"https:\/\/arteeluoghi.it\/#organization"},"image":{"@id":"https:\/\/arteeluoghi.it\/index.php\/2015\/02\/11\/una-rassegna-d-arte-lunga-un-anno\/#primaryimage"},"thumbnailUrl":"\/images\/foto2015\/opera%20mario%20catalano.jpg","articleSection":["Arte"],"inLanguage":"it-IT","potentialAction":[{"@type":"CommentAction","name":"Comment","target":["https:\/\/arteeluoghi.it\/index.php\/2015\/02\/11\/una-rassegna-d-arte-lunga-un-anno\/#respond"]}]},{"@type":"Person","@id":"https:\/\/arteeluoghi.it\/#\/schema\/person\/f84e814e36e91e01448ee07eaadd41d4","name":"Staff","image":{"@type":"ImageObject","@id":"https:\/\/arteeluoghi.it\/#personlogo","inLanguage":"it-IT","url":"https:\/\/secure.gravatar.com\/avatar\/49d2f9e46271bb04e19cebfaf141313a?s=96&d=blank&r=g","contentUrl":"https:\/\/secure.gravatar.com\/avatar\/49d2f9e46271bb04e19cebfaf141313a?s=96&d=blank&r=g","caption":"Staff"}}]}},"_links":{"self":[{"href":"https:\/\/arteeluoghi.it\/index.php\/wp-json\/wp\/v2\/posts\/2041"}],"collection":[{"href":"https:\/\/arteeluoghi.it\/index.php\/wp-json\/wp\/v2\/posts"}],"about":[{"href":"https:\/\/arteeluoghi.it\/index.php\/wp-json\/wp\/v2\/types\/post"}],"author":[{"embeddable":true,"href":"https:\/\/arteeluoghi.it\/index.php\/wp-json\/wp\/v2\/users\/1"}],"replies":[{"embeddable":true,"href":"https:\/\/arteeluoghi.it\/index.php\/wp-json\/wp\/v2\/comments?post=2041"}],"version-history":[{"count":0,"href":"https:\/\/arteeluoghi.it\/index.php\/wp-json\/wp\/v2\/posts\/2041\/revisions"}],"wp:attachment":[{"href":"https:\/\/arteeluoghi.it\/index.php\/wp-json\/wp\/v2\/media?parent=2041"}],"wp:term":[{"taxonomy":"category","embeddable":true,"href":"https:\/\/arteeluoghi.it\/index.php\/wp-json\/wp\/v2\/categories?post=2041"},{"taxonomy":"post_tag","embeddable":true,"href":"https:\/\/arteeluoghi.it\/index.php\/wp-json\/wp\/v2\/tags?post=2041"}],"curies":[{"name":"wp","href":"https:\/\/api.w.org\/{rel}","templated":true}]}}