{"id":2057,"date":"2015-02-16T11:29:40","date_gmt":"2015-02-16T10:29:40","guid":{"rendered":"http:\/\/arteeluoghi.it\/index.php\/2015\/02\/16\/maurits-cornelis-escher-dalle-incisioni-al-racconto\/"},"modified":"2015-02-16T11:29:40","modified_gmt":"2015-02-16T10:29:40","slug":"maurits-cornelis-escher-dalle-incisioni-al-racconto","status":"publish","type":"post","link":"https:\/\/arteeluoghi.it\/index.php\/2015\/02\/16\/maurits-cornelis-escher-dalle-incisioni-al-racconto\/","title":{"rendered":"Escher. Dalle incisioni al racconto"},"content":{"rendered":"<p><img src=\"\/images\/foto2015\/Hand_with_Reflecting_Sphere.jpg\" border=\"0\" title=\"Maurits Cornelis Escher, Hand with Reflecting Sphere\" width=\"200\" style=\"margin: 21px; float: left;\" \/><\/p>\n<p>Gli incontri si terranno in quattro citt\u00e0: Faenza, al museo internazionale delle ceramiche (17 febbraio), Modena (19 febbraio, complesso di San Geminiano); Ferrara, Castello estense (24 febbraio); Bologna, Biblioteca salaborsa (27 febbraio).<\/p>\n<p><strong>I RACCONTI DELL\u2019ARTE. Con Sergio Gaddi <\/strong><\/p>\n<p>Dopo il grande successo della mostra che ha visto 200.000 visitatori nella tappa romana, Escher inaugura e apre le porte del nuovo spazio espositivo di Arthemisia Group, Palazzo Albergati &#8211; Art Experience a Bologna dal 12 marzo fino al 19 luglio 2015.<\/p>\n<p>A raccontare il visionario artista e incisore Maurits Cornelis Escher e le sue oltre 150 opere in mostra quattro presentazioni a cura di Sergio Gaddi che fanno parte del ciclo d\u2019incontri I RACCONTI DELL\u2019ARTE: l\u2019innovativo programma di divulgazione culturale nato per presentare in anteprima l\u2019arte e gli artisti protagonisti delle mostre di Arthemisia Group al grande pubblico in modo dinamico, coinvolgente, conturbante e allo stesso didattico, divulgativo, e dal voluto profilo scientifico.<br \/>Inaugura questo ciclo di incontri il racconto sulle opere di Escher che fanno parte a pieno titolo del nostro immaginario collettivo: entrare in contatto con i suoi lavori significa immergersi nei misteri enigmatici della logica geometrica, matematica e fisica del mondo intero. <\/p>\n<p>  <!--more-->  <\/p>\n<p>Il primo appuntamento de I RACCONTI DELL\u2019ARTE si terr\u00e0 il 17 febbraio a Faenza, presso la Sala Conferenze del Museo Internazionale delle Ceramiche per poi proseguire il tour 19 febbraio a Modena (Complesso del San Geminiano Aula Magna), il 24 febbraio a Ferrara (Castello Estense, Sala Imbarcadero) e giungere il 27 febbraio a Bologna presso l\u2019Auditorium Enzo Biagi della Biblioteca Salaborsa.<\/p>\n<p>I RACCONTI DELL\u2019ARTE sono una narrazione artistico-teatrale, organizzati nei luoghi simbolo delle citt\u00e0 italiane, che accompagnano lo spettatore in un viaggio nella vita, nel contesto storico e nelle esperienze umane dei pi\u00f9 grandi artisti di tutti i tempi.<\/p>\n<p>Capita ancora troppo spesso ch<img src=\"\/images\/foto2015\/escherloc.jpeg\" border=\"0\" width=\"300\" style=\"margin: 21px; float: right;\" \/>e la storia dell\u2019arte venga percepita come una disciplina per esperti, o per appassionati in possesso di strumenti per interpretarla.<br \/>Altrettanto spesso accade che la vita e la storia degli artisti &#8211; anche i pi\u00f9 grandi &#8211; siano osservate a distanza perch\u00e9 percepite appartenenti al passato. Ma la personalit\u00e0 di un pittore \u00e8 il suo capolavoro pi\u00f9 vero, la chiave di volta per capire la sua arte ed emozionarci.<br \/>Con un accattivante e allo stesso tempo rigoroso racconto scientifico I RACCONTI DELL\u2019ARTE stimolano la partecipazione emotiva del pubblico attraverso spunti e suggestioni che sono un\u2019utile chiave di lettura per la visita personale alla mostra. L\u2019approccio degli incontri \u00e8 arricchito da un supporto multimediale e, oltre alla spiegazione delle opere, mette in gioco i sensi e le emozioni del singolo spettatore che poi sar\u00e0 il visitatore della mostra. \u00a0<br \/>La narrazione a tratti anche colloquiale e ludica \u00e8 incentrata sulla chiarezza espressiva e comunicabilit\u00e0 dei contenuti. \u00a0<\/p>\n<p>La sfida di questo nuovo progetto \u00e8 raccontare l\u2019arte in modo diverso, di avvicinarla e di renderla piacevole, di coglierne gli aspetti pi\u00f9 avvincenti per trasmetterla con tutta la passione che merita. Un\u2019esperienza affascinante ma al tempo stesso comprensibile, che possa stimolare la creativit\u00e0 e trasformarsi in un valore aggiunto per l\u2019esperienza quotidiana, aprendo nuovi e inaspettati orizzonti di conoscenza e di curiosit\u00e0 culturale.<\/p>\n<p>Il primo ciclo de I RACCONTI DELL\u2019ARTE \u00e8 quindi dedicato a Escher, genio olandese dell\u2019incisione e della grafica, noto in tutto il mondo per la straordinariet\u00e0 delle sue visioni impossibili. L\u2019incontro con Escher \u00e8 un viaggio nella dimensione del sorprendente e dell\u2019imprevedibile, un cammino d\u2019illusioni visive e di continue meraviglie, che merita di essere percorso nel segno magnetico del mistero della vita.<\/p>\n<p>Prenotazione obbligatoria fino a esaurimento posti. Per motivi di sicurezza le sale ospiteranno un numero limitato di spettatori, fino all\u2019esaurimento delle sedute.<br \/>(fonte: comunicato stampa)<\/p>\n","protected":false},"excerpt":{"rendered":"<p>Gli incontri si terranno in quattro citt\u00e0: Faenza, al museo internazionale delle ceramiche (17 febbraio), Modena (19 febbraio, complesso di<\/p>\n","protected":false},"author":1,"featured_media":0,"comment_status":"open","ping_status":"open","sticky":false,"template":"","format":"standard","meta":[],"categories":[27],"tags":[],"yoast_head":"<!-- This site is optimized with the Yoast SEO plugin v18.0 - https:\/\/yoast.com\/wordpress\/plugins\/seo\/ -->\n<title>Escher. Dalle incisioni al racconto | Arte e Luoghi<\/title>\n<meta name=\"robots\" content=\"index, follow, max-snippet:-1, max-image-preview:large, max-video-preview:-1\" \/>\n<link rel=\"canonical\" href=\"https:\/\/arteeluoghi.it\/index.php\/2015\/02\/16\/maurits-cornelis-escher-dalle-incisioni-al-racconto\/\" \/>\n<meta property=\"og:locale\" content=\"it_IT\" \/>\n<meta property=\"og:type\" content=\"article\" \/>\n<meta property=\"og:title\" content=\"Escher. Dalle incisioni al racconto | Arte e Luoghi\" \/>\n<meta property=\"og:description\" content=\"Gli incontri si terranno in quattro citt\u00e0: Faenza, al museo internazionale delle ceramiche (17 febbraio), Modena (19 febbraio, complesso di\" \/>\n<meta property=\"og:url\" content=\"https:\/\/arteeluoghi.it\/index.php\/2015\/02\/16\/maurits-cornelis-escher-dalle-incisioni-al-racconto\/\" \/>\n<meta property=\"og:site_name\" content=\"Arte e Luoghi\" \/>\n<meta property=\"article:publisher\" content=\"https:\/\/www.facebook.com\/ArteELuoghi\/\" \/>\n<meta property=\"article:published_time\" content=\"2015-02-16T10:29:40+00:00\" \/>\n<meta property=\"og:image\" content=\"https:\/\/arteeluoghi.it\/images\/foto2015\/Hand_with_Reflecting_Sphere.jpg\" \/>\n<meta name=\"twitter:card\" content=\"summary\" \/>\n<meta name=\"twitter:creator\" content=\"@arteeluoghi\" \/>\n<meta name=\"twitter:site\" content=\"@arteeluoghi\" \/>\n<meta name=\"twitter:label1\" content=\"Scritto da\" \/>\n\t<meta name=\"twitter:data1\" content=\"Staff\" \/>\n\t<meta name=\"twitter:label2\" content=\"Tempo di lettura stimato\" \/>\n\t<meta name=\"twitter:data2\" content=\"3 minuti\" \/>\n<script type=\"application\/ld+json\" class=\"yoast-schema-graph\">{\"@context\":\"https:\/\/schema.org\",\"@graph\":[{\"@type\":\"Organization\",\"@id\":\"https:\/\/arteeluoghi.it\/#organization\",\"name\":\"Arte e Luoghi\",\"url\":\"https:\/\/arteeluoghi.it\/\",\"sameAs\":[\"https:\/\/www.facebook.com\/ArteELuoghi\/\",\"https:\/\/www.instagram.com\/arteeluoghi\/?hl=it\",\"https:\/\/www.youtube.com\/channel\/UCuRVc4JW4-C5sg9rQB-srkw?view_as=subscriber\",\"https:\/\/twitter.com\/arteeluoghi\"],\"logo\":{\"@type\":\"ImageObject\",\"@id\":\"https:\/\/arteeluoghi.it\/#logo\",\"inLanguage\":\"it-IT\",\"url\":\"https:\/\/arteeluoghi.it\/wp-content\/uploads\/2018\/08\/logoinstagramarte.jpg\",\"contentUrl\":\"https:\/\/arteeluoghi.it\/wp-content\/uploads\/2018\/08\/logoinstagramarte.jpg\",\"width\":150,\"height\":150,\"caption\":\"Arte e Luoghi\"},\"image\":{\"@id\":\"https:\/\/arteeluoghi.it\/#logo\"}},{\"@type\":\"WebSite\",\"@id\":\"https:\/\/arteeluoghi.it\/#website\",\"url\":\"https:\/\/arteeluoghi.it\/\",\"name\":\"Arte e Luoghi\",\"description\":\"Mensile di arte, cultura, turismo e curiosit\u00e0\",\"publisher\":{\"@id\":\"https:\/\/arteeluoghi.it\/#organization\"},\"potentialAction\":[{\"@type\":\"SearchAction\",\"target\":{\"@type\":\"EntryPoint\",\"urlTemplate\":\"https:\/\/arteeluoghi.it\/?s={search_term_string}\"},\"query-input\":\"required name=search_term_string\"}],\"inLanguage\":\"it-IT\"},{\"@type\":\"ImageObject\",\"@id\":\"https:\/\/arteeluoghi.it\/index.php\/2015\/02\/16\/maurits-cornelis-escher-dalle-incisioni-al-racconto\/#primaryimage\",\"inLanguage\":\"it-IT\",\"url\":\"\/images\/foto2015\/Hand_with_Reflecting_Sphere.jpg\",\"contentUrl\":\"\/images\/foto2015\/Hand_with_Reflecting_Sphere.jpg\"},{\"@type\":\"WebPage\",\"@id\":\"https:\/\/arteeluoghi.it\/index.php\/2015\/02\/16\/maurits-cornelis-escher-dalle-incisioni-al-racconto\/#webpage\",\"url\":\"https:\/\/arteeluoghi.it\/index.php\/2015\/02\/16\/maurits-cornelis-escher-dalle-incisioni-al-racconto\/\",\"name\":\"Escher. Dalle incisioni al racconto | Arte e Luoghi\",\"isPartOf\":{\"@id\":\"https:\/\/arteeluoghi.it\/#website\"},\"primaryImageOfPage\":{\"@id\":\"https:\/\/arteeluoghi.it\/index.php\/2015\/02\/16\/maurits-cornelis-escher-dalle-incisioni-al-racconto\/#primaryimage\"},\"datePublished\":\"2015-02-16T10:29:40+00:00\",\"dateModified\":\"2015-02-16T10:29:40+00:00\",\"breadcrumb\":{\"@id\":\"https:\/\/arteeluoghi.it\/index.php\/2015\/02\/16\/maurits-cornelis-escher-dalle-incisioni-al-racconto\/#breadcrumb\"},\"inLanguage\":\"it-IT\",\"potentialAction\":[{\"@type\":\"ReadAction\",\"target\":[\"https:\/\/arteeluoghi.it\/index.php\/2015\/02\/16\/maurits-cornelis-escher-dalle-incisioni-al-racconto\/\"]}]},{\"@type\":\"BreadcrumbList\",\"@id\":\"https:\/\/arteeluoghi.it\/index.php\/2015\/02\/16\/maurits-cornelis-escher-dalle-incisioni-al-racconto\/#breadcrumb\",\"itemListElement\":[{\"@type\":\"ListItem\",\"position\":1,\"name\":\"Home\",\"item\":\"https:\/\/arteeluoghi.it\/\"},{\"@type\":\"ListItem\",\"position\":2,\"name\":\"Escher. Dalle incisioni al racconto\"}]},{\"@type\":\"Article\",\"@id\":\"https:\/\/arteeluoghi.it\/index.php\/2015\/02\/16\/maurits-cornelis-escher-dalle-incisioni-al-racconto\/#article\",\"isPartOf\":{\"@id\":\"https:\/\/arteeluoghi.it\/index.php\/2015\/02\/16\/maurits-cornelis-escher-dalle-incisioni-al-racconto\/#webpage\"},\"author\":{\"@id\":\"https:\/\/arteeluoghi.it\/#\/schema\/person\/f84e814e36e91e01448ee07eaadd41d4\"},\"headline\":\"Escher. Dalle incisioni al racconto\",\"datePublished\":\"2015-02-16T10:29:40+00:00\",\"dateModified\":\"2015-02-16T10:29:40+00:00\",\"mainEntityOfPage\":{\"@id\":\"https:\/\/arteeluoghi.it\/index.php\/2015\/02\/16\/maurits-cornelis-escher-dalle-incisioni-al-racconto\/#webpage\"},\"wordCount\":609,\"commentCount\":0,\"publisher\":{\"@id\":\"https:\/\/arteeluoghi.it\/#organization\"},\"image\":{\"@id\":\"https:\/\/arteeluoghi.it\/index.php\/2015\/02\/16\/maurits-cornelis-escher-dalle-incisioni-al-racconto\/#primaryimage\"},\"thumbnailUrl\":\"\/images\/foto2015\/Hand_with_Reflecting_Sphere.jpg\",\"articleSection\":[\"Arte\"],\"inLanguage\":\"it-IT\",\"potentialAction\":[{\"@type\":\"CommentAction\",\"name\":\"Comment\",\"target\":[\"https:\/\/arteeluoghi.it\/index.php\/2015\/02\/16\/maurits-cornelis-escher-dalle-incisioni-al-racconto\/#respond\"]}]},{\"@type\":\"Person\",\"@id\":\"https:\/\/arteeluoghi.it\/#\/schema\/person\/f84e814e36e91e01448ee07eaadd41d4\",\"name\":\"Staff\",\"image\":{\"@type\":\"ImageObject\",\"@id\":\"https:\/\/arteeluoghi.it\/#personlogo\",\"inLanguage\":\"it-IT\",\"url\":\"https:\/\/secure.gravatar.com\/avatar\/49d2f9e46271bb04e19cebfaf141313a?s=96&d=blank&r=g\",\"contentUrl\":\"https:\/\/secure.gravatar.com\/avatar\/49d2f9e46271bb04e19cebfaf141313a?s=96&d=blank&r=g\",\"caption\":\"Staff\"}}]}<\/script>\n<!-- \/ Yoast SEO plugin. -->","yoast_head_json":{"title":"Escher. Dalle incisioni al racconto | Arte e Luoghi","robots":{"index":"index","follow":"follow","max-snippet":"max-snippet:-1","max-image-preview":"max-image-preview:large","max-video-preview":"max-video-preview:-1"},"canonical":"https:\/\/arteeluoghi.it\/index.php\/2015\/02\/16\/maurits-cornelis-escher-dalle-incisioni-al-racconto\/","og_locale":"it_IT","og_type":"article","og_title":"Escher. Dalle incisioni al racconto | Arte e Luoghi","og_description":"Gli incontri si terranno in quattro citt\u00e0: Faenza, al museo internazionale delle ceramiche (17 febbraio), Modena (19 febbraio, complesso di","og_url":"https:\/\/arteeluoghi.it\/index.php\/2015\/02\/16\/maurits-cornelis-escher-dalle-incisioni-al-racconto\/","og_site_name":"Arte e Luoghi","article_publisher":"https:\/\/www.facebook.com\/ArteELuoghi\/","article_published_time":"2015-02-16T10:29:40+00:00","og_image":[{"url":"https:\/\/arteeluoghi.it\/images\/foto2015\/Hand_with_Reflecting_Sphere.jpg"}],"twitter_card":"summary","twitter_creator":"@arteeluoghi","twitter_site":"@arteeluoghi","twitter_misc":{"Scritto da":"Staff","Tempo di lettura stimato":"3 minuti"},"schema":{"@context":"https:\/\/schema.org","@graph":[{"@type":"Organization","@id":"https:\/\/arteeluoghi.it\/#organization","name":"Arte e Luoghi","url":"https:\/\/arteeluoghi.it\/","sameAs":["https:\/\/www.facebook.com\/ArteELuoghi\/","https:\/\/www.instagram.com\/arteeluoghi\/?hl=it","https:\/\/www.youtube.com\/channel\/UCuRVc4JW4-C5sg9rQB-srkw?view_as=subscriber","https:\/\/twitter.com\/arteeluoghi"],"logo":{"@type":"ImageObject","@id":"https:\/\/arteeluoghi.it\/#logo","inLanguage":"it-IT","url":"https:\/\/arteeluoghi.it\/wp-content\/uploads\/2018\/08\/logoinstagramarte.jpg","contentUrl":"https:\/\/arteeluoghi.it\/wp-content\/uploads\/2018\/08\/logoinstagramarte.jpg","width":150,"height":150,"caption":"Arte e Luoghi"},"image":{"@id":"https:\/\/arteeluoghi.it\/#logo"}},{"@type":"WebSite","@id":"https:\/\/arteeluoghi.it\/#website","url":"https:\/\/arteeluoghi.it\/","name":"Arte e Luoghi","description":"Mensile di arte, cultura, turismo e curiosit\u00e0","publisher":{"@id":"https:\/\/arteeluoghi.it\/#organization"},"potentialAction":[{"@type":"SearchAction","target":{"@type":"EntryPoint","urlTemplate":"https:\/\/arteeluoghi.it\/?s={search_term_string}"},"query-input":"required name=search_term_string"}],"inLanguage":"it-IT"},{"@type":"ImageObject","@id":"https:\/\/arteeluoghi.it\/index.php\/2015\/02\/16\/maurits-cornelis-escher-dalle-incisioni-al-racconto\/#primaryimage","inLanguage":"it-IT","url":"\/images\/foto2015\/Hand_with_Reflecting_Sphere.jpg","contentUrl":"\/images\/foto2015\/Hand_with_Reflecting_Sphere.jpg"},{"@type":"WebPage","@id":"https:\/\/arteeluoghi.it\/index.php\/2015\/02\/16\/maurits-cornelis-escher-dalle-incisioni-al-racconto\/#webpage","url":"https:\/\/arteeluoghi.it\/index.php\/2015\/02\/16\/maurits-cornelis-escher-dalle-incisioni-al-racconto\/","name":"Escher. Dalle incisioni al racconto | Arte e Luoghi","isPartOf":{"@id":"https:\/\/arteeluoghi.it\/#website"},"primaryImageOfPage":{"@id":"https:\/\/arteeluoghi.it\/index.php\/2015\/02\/16\/maurits-cornelis-escher-dalle-incisioni-al-racconto\/#primaryimage"},"datePublished":"2015-02-16T10:29:40+00:00","dateModified":"2015-02-16T10:29:40+00:00","breadcrumb":{"@id":"https:\/\/arteeluoghi.it\/index.php\/2015\/02\/16\/maurits-cornelis-escher-dalle-incisioni-al-racconto\/#breadcrumb"},"inLanguage":"it-IT","potentialAction":[{"@type":"ReadAction","target":["https:\/\/arteeluoghi.it\/index.php\/2015\/02\/16\/maurits-cornelis-escher-dalle-incisioni-al-racconto\/"]}]},{"@type":"BreadcrumbList","@id":"https:\/\/arteeluoghi.it\/index.php\/2015\/02\/16\/maurits-cornelis-escher-dalle-incisioni-al-racconto\/#breadcrumb","itemListElement":[{"@type":"ListItem","position":1,"name":"Home","item":"https:\/\/arteeluoghi.it\/"},{"@type":"ListItem","position":2,"name":"Escher. Dalle incisioni al racconto"}]},{"@type":"Article","@id":"https:\/\/arteeluoghi.it\/index.php\/2015\/02\/16\/maurits-cornelis-escher-dalle-incisioni-al-racconto\/#article","isPartOf":{"@id":"https:\/\/arteeluoghi.it\/index.php\/2015\/02\/16\/maurits-cornelis-escher-dalle-incisioni-al-racconto\/#webpage"},"author":{"@id":"https:\/\/arteeluoghi.it\/#\/schema\/person\/f84e814e36e91e01448ee07eaadd41d4"},"headline":"Escher. Dalle incisioni al racconto","datePublished":"2015-02-16T10:29:40+00:00","dateModified":"2015-02-16T10:29:40+00:00","mainEntityOfPage":{"@id":"https:\/\/arteeluoghi.it\/index.php\/2015\/02\/16\/maurits-cornelis-escher-dalle-incisioni-al-racconto\/#webpage"},"wordCount":609,"commentCount":0,"publisher":{"@id":"https:\/\/arteeluoghi.it\/#organization"},"image":{"@id":"https:\/\/arteeluoghi.it\/index.php\/2015\/02\/16\/maurits-cornelis-escher-dalle-incisioni-al-racconto\/#primaryimage"},"thumbnailUrl":"\/images\/foto2015\/Hand_with_Reflecting_Sphere.jpg","articleSection":["Arte"],"inLanguage":"it-IT","potentialAction":[{"@type":"CommentAction","name":"Comment","target":["https:\/\/arteeluoghi.it\/index.php\/2015\/02\/16\/maurits-cornelis-escher-dalle-incisioni-al-racconto\/#respond"]}]},{"@type":"Person","@id":"https:\/\/arteeluoghi.it\/#\/schema\/person\/f84e814e36e91e01448ee07eaadd41d4","name":"Staff","image":{"@type":"ImageObject","@id":"https:\/\/arteeluoghi.it\/#personlogo","inLanguage":"it-IT","url":"https:\/\/secure.gravatar.com\/avatar\/49d2f9e46271bb04e19cebfaf141313a?s=96&d=blank&r=g","contentUrl":"https:\/\/secure.gravatar.com\/avatar\/49d2f9e46271bb04e19cebfaf141313a?s=96&d=blank&r=g","caption":"Staff"}}]}},"_links":{"self":[{"href":"https:\/\/arteeluoghi.it\/index.php\/wp-json\/wp\/v2\/posts\/2057"}],"collection":[{"href":"https:\/\/arteeluoghi.it\/index.php\/wp-json\/wp\/v2\/posts"}],"about":[{"href":"https:\/\/arteeluoghi.it\/index.php\/wp-json\/wp\/v2\/types\/post"}],"author":[{"embeddable":true,"href":"https:\/\/arteeluoghi.it\/index.php\/wp-json\/wp\/v2\/users\/1"}],"replies":[{"embeddable":true,"href":"https:\/\/arteeluoghi.it\/index.php\/wp-json\/wp\/v2\/comments?post=2057"}],"version-history":[{"count":0,"href":"https:\/\/arteeluoghi.it\/index.php\/wp-json\/wp\/v2\/posts\/2057\/revisions"}],"wp:attachment":[{"href":"https:\/\/arteeluoghi.it\/index.php\/wp-json\/wp\/v2\/media?parent=2057"}],"wp:term":[{"taxonomy":"category","embeddable":true,"href":"https:\/\/arteeluoghi.it\/index.php\/wp-json\/wp\/v2\/categories?post=2057"},{"taxonomy":"post_tag","embeddable":true,"href":"https:\/\/arteeluoghi.it\/index.php\/wp-json\/wp\/v2\/tags?post=2057"}],"curies":[{"name":"wp","href":"https:\/\/api.w.org\/{rel}","templated":true}]}}