{"id":2059,"date":"2015-02-21T13:49:02","date_gmt":"2015-02-21T12:49:02","guid":{"rendered":"http:\/\/arteeluoghi.it\/index.php\/2015\/02\/21\/libri-in-culla\/"},"modified":"2015-02-21T13:49:02","modified_gmt":"2015-02-21T12:49:02","slug":"libri-in-culla","status":"publish","type":"post","link":"https:\/\/arteeluoghi.it\/index.php\/2015\/02\/21\/libri-in-culla\/","title":{"rendered":"Libri in culla"},"content":{"rendered":"<p style=\"text-align: left;\" align=\"center\"><img src=\"\/images\/foto2015\/libri%20in%20culla%201.jpg\" border=\"0\" width=\"300\" style=\"margin: 21px; float: right;\" \/><\/p>\n<p style=\"text-align: left;\" align=\"center\">Un\u2019iniziativa organizzata da Provincia di Lecce, Ministero dei Beni Culturali, \u201c<em>Centro per il Libro e la Lettura<\/em>\u201d e Associazione \u201c<em>Arcus<\/em>\u201d. Da sabato 21 febbraio libri dono per tutti i bambini nati nel 2014<\/p>\n<p style=\"text-align: left;\" align=\"center\"><strong>A LECCE E IN TUTTO IL SALENTO \u201c<em>LIBRI IN<\/em> <em>CULLA<\/em>\u201d<\/strong><\/p>\n<p>di Gabriele De Blasi<\/p>\n<p>\u00a0<\/p>\n<p>\u201cLibri in Culla\u201d per i nuovi nati nei Comuni del Salento. Prosegue nel nostro territorio il Progetto \u201cIn Vitro\u201d, un\u2019iniziativa della Provincia di Lecce, del Ministero dei Beni Culturali, del \u201cCentro per il Libro e la Lettura\u201d e della societ\u00e0 \u201cArcus\u201d (Arte, Cultura, Spettacolo).<\/p>\n<p>\u00a0<\/p>\n<p>  <!--more-->  <\/p>\n<p><img src=\"\/images\/foto2015\/libri%20in%20culla%20web.jpg\" border=\"0\" title=\"la locandina della manifestazione\" width=\"300\" style=\"margin: 21px; float: left;\" \/>Partendo dalla considerazione che leggere libri ai bambini, sin dalla pi\u00f9 tenera et\u00e0, non potr\u00e0 che aiutarli ad aprire la mente e a realizzare i loro sogni, dal prossimo sabato 21 Febbraio e fino a Domenica 1\u00b0 Marzo, verranno donati i primi libri a tutti i bambini nati lo scorso anno nei Comuni che hanno gi\u00e0 aderito al progetto (Acquarica del C., Alessano, Alezio, Alliste, Andrano, Aradeo, Arnesano, Bagnolo, Calimera, Campi, Caprarica, Carmiano, Carpignano, Castr\u00ec, Castrignano dei G., Castrignano del C.,\u00a0 Cavallino, Collepasso, Copertino, Corigliano, Cursi, Galatina, Galatone, Gallipoli, Leverano, Lizzanello, Maglie, Martano, Matino, Melendugno, Melissano, Melpignano, Minervino, Monteroni, Montesano, Muro, Nard\u00f2, Neviano, Otranto, P. Cesareo, Racale, Ruffano, Salice, Salve, S. Cesario, S. Donato, Sannicola, Sogliano, Specchia, Spongano, Sternatia, Supersano, Taurisano, Trepuzzi, Tricase, Tuglie, Veglie, Zollino, oltre, naturalmente, a Lecce). Durante le giornate dedicate alla distribuzione dei libri, i genitori potranno trovare informazioni sull\u2019importanza della lettura ad alta voce, al fine di migliorare lo sviluppo cognitivo del bambino e la stessa relazione con il proprio figlio; saranno, inoltre, fornite utili indicazioni su come e quando leggere ai bambini; saranno, infine, suggeriti gli strumenti per scegliere i libri giusti e i luoghi da raggiungere per arricchire le esperienze di lettura familiare. Tutte le notizie e il dettaglio del programma sono in costante aggiornamento sul sito <a href=\"http:\/\/www.invitrolecce.com\/\">www.invitrolecce.com<\/a> e sulla pagina Facebook \u201cinvitro lecce\u201d.\u00a0\u00a0\u00a0\u00a0<em>\u00a0\u00a0\u00a0\u00a0\u00a0\u00a0\u00a0 <\/em><\/p>\n<p><em>\u00a0<\/em><\/p>\n<p><em>\u00a0\u00a0\u00a0\u00a0\u00a0\u00a0\u00a0\u00a0\u00a0\u00a0\u00a0\u00a0\u00a0\u00a0\u00a0\u00a0\u00a0\u00a0\u00a0\u00a0\u00a0\u00a0\u00a0\u00a0\u00a0\u00a0\u00a0\u00a0\u00a0\u00a0\u00a0\u00a0\u00a0\u00a0\u00a0\u00a0\u00a0\u00a0\u00a0\u00a0\u00a0\u00a0\u00a0\u00a0\u00a0\u00a0\u00a0\u00a0\u00a0\u00a0\u00a0\u00a0\u00a0\u00a0\u00a0\u00a0\u00a0\u00a0\u00a0\u00a0\u00a0\u00a0\u00a0\u00a0\u00a0\u00a0\u00a0\u00a0\u00a0\u00a0\u00a0\u00a0\u00a0\u00a0\u00a0\u00a0\u00a0\u00a0\u00a0<\/em><\/p>\n<hr \/>\n<p><em>\u00a0<\/em><\/p>\n<p><strong><span style=\"text-decoration: underline;\">IL CALENDARIO DEGLI INCONTRI<\/span><\/strong><\/p>\n<p>\u00a0<\/p>\n<p><span style=\"text-decoration: underline;\">Acquarica del Capo<\/span><\/p>\n<p>sabato 28 febbraio, ore 18, Ambulatorio pediatrico della dott.ssa Anna Maria Guido, Corso Dante 196.<\/p>\n<p>\u00a0<\/p>\n<p><span style=\"text-decoration: underline;\">Alessano<\/span><\/p>\n<p>marted\u00ec 24 febbraio, ore 18, Biblioteca comunale.<\/p>\n<p>\u00a0<\/p>\n<p><span style=\"text-decoration: underline;\">Alliste<\/span><\/p>\n<p>sabato 28 febbraio, ore 17, Biblioteca comunale.<\/p>\n<p>\u00a0<\/p>\n<p><span style=\"text-decoration: underline;\">Andrano<\/span><\/p>\n<p>sabato 28 febbraio, ore 18, Castello.<\/p>\n<p>\u00a0<\/p>\n<p><span style=\"text-decoration: underline;\">Aradeo<\/span><\/p>\n<p>domenica 1 marzo, ore 16, Teatro Domenico Modugno.<\/p>\n<p>\u00a0<\/p>\n<p>Arnesano<\/p>\n<p>venerd\u00ec 27 febbraio, ore 17.30, Biblioteca comunale, Palazzo marche sale, via Garibaldi.<\/p>\n<p>\u00a0<\/p>\n<p><span style=\"text-decoration: underline;\">Bagnolo del Salento<\/span><\/p>\n<p>gioved\u00ec 26 febbraio, ore 18, Ufficio del Sindaco.<\/p>\n<p>\u00a0<\/p>\n<p><span style=\"text-decoration: underline;\">Calimera<\/span><\/p>\n<p>gioved\u00ec 26 febbraio,ore 18, Bibliomediateca Giannino Aprile, via Salvo D&#8217;acquisto n.15.<\/p>\n<p>\u00a0<\/p>\n<p><span style=\"text-decoration: underline;\">Campi Salentina<\/span><\/p>\n<p>gioved\u00ec 26 febbraio, ore 17, Sala Convegni &#8220;Don Pietro Serio&#8221; (ex biblioteca).<\/p>\n<p>\u00a0<\/p>\n<p><span style=\"text-decoration: underline;\">Caprarica<\/span><\/p>\n<p>sabato 28 febbraio, Asilo nido comunale.<\/p>\n<p>\u00a0<\/p>\n<p><span style=\"text-decoration: underline;\">Carpignano Salentino<\/span><\/p>\n<p>domenica 1 marzo, ore 11.15, Sala consiliare.<\/p>\n<p>\u00a0<\/p>\n<p><span style=\"text-decoration: underline;\">Castr\u00ec di Lecce<\/span><\/p>\n<p>domenica 1 marzo, ore 18, Sala &#8220;Le Tabacchine&#8221;, Palazzo ducale via Vernazza. Parteciperanno la pediatra Rita Campanelli, la psicologa psicoterapeuta\u00a0 Federica Palumbo, la libraia Martina Cal\u00f2.<\/p>\n<p>\u00a0<\/p>\n<p><span style=\"text-decoration: underline;\">Castrignano de\u2019 Greci<\/span><\/p>\n<p>mercoled\u00ec 25 febbraio, Asilo nido Lufanunovu.<\/p>\n<p>\u00a0<\/p>\n<p><span style=\"text-decoration: underline;\">Castrignano del Capo<\/span><\/p>\n<p>domenica 22 febbraio, ore 11, Aula Consiliare<\/p>\n<p><span style=\"text-decoration: underline;\">Cavallino<\/span><\/p>\n<p>gioved\u00ec 26 febbraio, ore 16.30, Biblioteca comunale \u201cG. Rizzo\u201d.<\/p>\n<p>\u00a0<\/p>\n<p><span style=\"text-decoration: underline;\">Copertino<\/span><\/p>\n<p>domenica 1 marzo, ore 16.30, Chiesa delle Clarisse.<\/p>\n<p>\u00a0<\/p>\n<p><span style=\"text-decoration: underline;\">Galatina<\/span><\/p>\n<p>sabato 28 febbraio, ore 16, Biblioteca comunale.<\/p>\n<p>\u00a0<\/p>\n<p><span style=\"text-decoration: underline;\">Galatone<\/span><\/p>\n<p>gioved\u00ec 26 febbraio, ore 16.30, Biblioteca comunale, via Colonna 6\/8.<\/p>\n<p>\u00a0<\/p>\n<p><span style=\"text-decoration: underline;\">Lecce<\/span><\/p>\n<p>dal 22 al 28 febbraio e il 1\u00b0 marzo, Asilo nido comunale \u201cIl piccolo principe\u201d.<\/p>\n<p>\u00a0<\/p>\n<p><span style=\"text-decoration: underline;\">Leverano<\/span><\/p>\n<p>sabato 28 febbraio,\u00a0 ore17, e domenica 1 marzo, alle ore 10, Biblioteca comunale.<\/p>\n<p>\u00a0<\/p>\n<p>Lizzanello<\/p>\n<p>sabato 28 febbraio,\u00a0 ore 10, Centro polifunzionale &#8220;Ennio De Giorgi&#8221;, via D&#8217;Afflitto.<\/p>\n<p>\u00a0<\/p>\n<p><span style=\"text-decoration: underline;\">Maglie<\/span><\/p>\n<p>sabato 21 febbraio,\u00a0 ore 17, Biblioteca comunale.<\/p>\n<p><span style=\"text-decoration: underline;\">\u00a0<\/span><\/p>\n<p><span style=\"text-decoration: underline;\">Martano<\/span><\/p>\n<p>sabato 28 febbraio,\u00a0 ore 17, Sala consiliare.<\/p>\n<p>\u00a0<\/p>\n<p>Melendugno<\/p>\n<p>venerd\u00ec 27 febbraio, ore 17, Biblioteca comunale Centro Culturale Rina Durante.<\/p>\n<p>\u00a0<\/p>\n<p>Melissano<\/p>\n<p>mercoled\u00ec 25 febbraio,\u00a0 ore 17.30,\u00a0 Aula consiliare.<\/p>\n<p>\u00a0<\/p>\n<p>Melpignano<\/p>\n<p>venerd\u00ec 27 febbraio, ore 17,\u00a0 Casa del turista (ex Tabacchificio via Roma).<\/p>\n<p>\u00a0<\/p>\n<p>Minervino di Lecce<\/p>\n<p>gioved\u00ec 26 febbraio, ore 18, Sala consiliare.<\/p>\n<p>\u00a0<\/p>\n<p>Nard\u00f2<\/p>\n<p>domenica 1 marzo, ore 10.30, Biblioteca comunale A. Vergari, piazzetta biblioteca.<\/p>\n<p>\u00a0<\/p>\n<p>Otranto<\/p>\n<p>venerd\u00ec 27 febbraio, ore 18, Scuola dell\u2019Infanzia istituto \u201cAldo Moro\u201d.<\/p>\n<p>\u00a0<\/p>\n<p>Racale<\/p>\n<p>sabato 21 febbraio, marted\u00ec 24 e gioved\u00ec 26, alle ore 17,\u00a0 Centro ludico prima infanzia Giocogiocando, via Bologna 4.<\/p>\n<p><span style=\"text-decoration: underline;\">\u00a0<\/span><\/p>\n<p><span style=\"text-decoration: underline;\">Montesano Salentino<\/span><\/p>\n<p>domenica 1 marzo, Biblioteca comunale.<\/p>\n<p><span style=\"text-decoration: underline;\">Ruffano<\/span><\/p>\n<p>venerd\u00ec 27 febbraio,\u00a0 ore 16, Biblioteca comunale \u201cDon Tonino Bello\u201d, Piazza della Libert\u00e0.<\/p>\n<p><span style=\"text-decoration: underline;\">\u00a0<\/span><\/p>\n<p><span style=\"text-decoration: underline;\">Salice Salentino<\/span><\/p>\n<p>sabato 28 febbraio, ore 17.30, Biblioteca comunale, via Pasquale Leone 36.<\/p>\n<p><span style=\"text-decoration: underline;\">\u00a0<\/span><\/p>\n<p><span style=\"text-decoration: underline;\">Salve<\/span><\/p>\n<p>mercoled\u00ec 25 febbraio, ore 16, Biblioteca comunale, Palazzo Ramirez, piazza Concordia.<\/p>\n<p>\u00a0<\/p>\n<p><span style=\"text-decoration: underline;\">San Cesario di Lecce<\/span><\/p>\n<p>domenica 1 marzo, ore 16.30, Biblioteca comunale, via Vittorio Emanuele II.<\/p>\n<p><span style=\"text-decoration: underline;\">\u00a0<\/span><\/p>\n<p><span style=\"text-decoration: underline;\">San Donato<\/span><\/p>\n<p>venerd\u00ec 27 febbraio, ore 17, Biblioteca comunale, via Roma.<\/p>\n<p>\u00a0<\/p>\n<p><span style=\"text-decoration: underline;\">Sannicola<\/span><\/p>\n<p>domenica 22 febbraio, ore 10, Frantoio ipogeo di via Roma.<\/p>\n<p><span style=\"text-decoration: underline;\">\u00a0<\/span><\/p>\n<p><span style=\"text-decoration: underline;\">Specchia<\/span><\/p>\n<p>domenica 1 marzo,\u00a0 ore 10.30, Sala consiliare.<\/p>\n<p>\u00a0<\/p>\n<p><span style=\"text-decoration: underline;\">Sternatia<\/span><\/p>\n<p>venerd\u00ec 27 febbraio, ore 18, Sala consiliare.<\/p>\n<p><span style=\"text-decoration: underline;\">\u00a0<\/span><\/p>\n<p><span style=\"text-decoration: underline;\">Supersano<\/span><\/p>\n<p>sabato 28 febbraio, ore 10, Biblioteca comunale &#8220;C. Carrozzini&#8221;, piazza IV novembre.<\/p>\n<p><span style=\"text-decoration: underline;\">\u00a0<\/span><\/p>\n<p><span style=\"text-decoration: underline;\">Taurisano<\/span><\/p>\n<p>sabato 28 febbraio,\u00a0 ore 17, Sala consiliare.<\/p>\n<p>\u00a0<\/p>\n<p>Trepuzzi<\/p>\n<p>sabato 28 febbraio, ore 16, Biblioteca comunale.<\/p>\n<p><span style=\"text-decoration: underline;\">\u00a0<\/span><\/p>\n<p><span style=\"text-decoration: underline;\">Tricase<\/span><\/p>\n<p>gioved\u00ec 26 febbraio, Biblioteca provinciale G. Comi di Lucugnano.\u00a0<\/p>\n<p>\u00a0<\/p>\n<p><span style=\"text-decoration: underline;\">Tuglie<\/span><\/p>\n<p>domenica 1 marzo,\u00a0 ore 16, Biblioteca comunale, via Risorgimento.<\/p>\n<p>\u00a0<\/p>\n<p><span style=\"text-decoration: underline;\">Veglie<\/span><\/p>\n<p>sabato 28 febbraio, ore 17,\u00a0 Biblioteca comunale.<\/p>\n<p>\u00a0<\/p>\n<p><span style=\"text-decoration: underline;\">Zollino<\/span><\/p>\n<p><em>domenica 22 febbraio, ore 11, Biblioteca comunale, via Vittor<br \/><\/em><\/p>\n<p><em>\u00a0<\/em><\/p>\n","protected":false},"excerpt":{"rendered":"<p>Un\u2019iniziativa organizzata da Provincia di Lecce, Ministero dei Beni Culturali, \u201cCentro per il Libro e la Lettura\u201d e Associazione \u201cArcus\u201d.<\/p>\n","protected":false},"author":1,"featured_media":0,"comment_status":"open","ping_status":"open","sticky":false,"template":"","format":"standard","meta":[],"categories":[28],"tags":[],"yoast_head":"<!-- This site is optimized with the Yoast SEO plugin v18.0 - https:\/\/yoast.com\/wordpress\/plugins\/seo\/ -->\n<title>Libri in culla | Arte e Luoghi<\/title>\n<meta name=\"robots\" content=\"index, follow, max-snippet:-1, max-image-preview:large, max-video-preview:-1\" \/>\n<link rel=\"canonical\" href=\"https:\/\/arteeluoghi.it\/index.php\/2015\/02\/21\/libri-in-culla\/\" \/>\n<meta property=\"og:locale\" content=\"it_IT\" \/>\n<meta property=\"og:type\" content=\"article\" \/>\n<meta property=\"og:title\" content=\"Libri in culla | Arte e Luoghi\" \/>\n<meta property=\"og:description\" content=\"Un\u2019iniziativa organizzata da Provincia di Lecce, Ministero dei Beni Culturali, \u201cCentro per il Libro e la Lettura\u201d e Associazione \u201cArcus\u201d.\" \/>\n<meta property=\"og:url\" content=\"https:\/\/arteeluoghi.it\/index.php\/2015\/02\/21\/libri-in-culla\/\" \/>\n<meta property=\"og:site_name\" content=\"Arte e Luoghi\" \/>\n<meta property=\"article:publisher\" content=\"https:\/\/www.facebook.com\/ArteELuoghi\/\" \/>\n<meta property=\"article:published_time\" content=\"2015-02-21T12:49:02+00:00\" \/>\n<meta property=\"og:image\" content=\"https:\/\/arteeluoghi.it\/images\/foto2015\/libri%20in%20culla%201.jpg\" \/>\n<meta name=\"twitter:card\" content=\"summary\" \/>\n<meta name=\"twitter:creator\" content=\"@arteeluoghi\" \/>\n<meta name=\"twitter:site\" content=\"@arteeluoghi\" \/>\n<meta name=\"twitter:label1\" content=\"Scritto da\" \/>\n\t<meta name=\"twitter:data1\" content=\"Staff\" \/>\n\t<meta name=\"twitter:label2\" content=\"Tempo di lettura stimato\" \/>\n\t<meta name=\"twitter:data2\" content=\"4 minuti\" \/>\n<script type=\"application\/ld+json\" class=\"yoast-schema-graph\">{\"@context\":\"https:\/\/schema.org\",\"@graph\":[{\"@type\":\"Organization\",\"@id\":\"https:\/\/arteeluoghi.it\/#organization\",\"name\":\"Arte e Luoghi\",\"url\":\"https:\/\/arteeluoghi.it\/\",\"sameAs\":[\"https:\/\/www.facebook.com\/ArteELuoghi\/\",\"https:\/\/www.instagram.com\/arteeluoghi\/?hl=it\",\"https:\/\/www.youtube.com\/channel\/UCuRVc4JW4-C5sg9rQB-srkw?view_as=subscriber\",\"https:\/\/twitter.com\/arteeluoghi\"],\"logo\":{\"@type\":\"ImageObject\",\"@id\":\"https:\/\/arteeluoghi.it\/#logo\",\"inLanguage\":\"it-IT\",\"url\":\"https:\/\/arteeluoghi.it\/wp-content\/uploads\/2018\/08\/logoinstagramarte.jpg\",\"contentUrl\":\"https:\/\/arteeluoghi.it\/wp-content\/uploads\/2018\/08\/logoinstagramarte.jpg\",\"width\":150,\"height\":150,\"caption\":\"Arte e Luoghi\"},\"image\":{\"@id\":\"https:\/\/arteeluoghi.it\/#logo\"}},{\"@type\":\"WebSite\",\"@id\":\"https:\/\/arteeluoghi.it\/#website\",\"url\":\"https:\/\/arteeluoghi.it\/\",\"name\":\"Arte e Luoghi\",\"description\":\"Mensile di arte, cultura, turismo e curiosit\u00e0\",\"publisher\":{\"@id\":\"https:\/\/arteeluoghi.it\/#organization\"},\"potentialAction\":[{\"@type\":\"SearchAction\",\"target\":{\"@type\":\"EntryPoint\",\"urlTemplate\":\"https:\/\/arteeluoghi.it\/?s={search_term_string}\"},\"query-input\":\"required name=search_term_string\"}],\"inLanguage\":\"it-IT\"},{\"@type\":\"ImageObject\",\"@id\":\"https:\/\/arteeluoghi.it\/index.php\/2015\/02\/21\/libri-in-culla\/#primaryimage\",\"inLanguage\":\"it-IT\",\"url\":\"\/images\/foto2015\/libri%20in%20culla%201.jpg\",\"contentUrl\":\"\/images\/foto2015\/libri%20in%20culla%201.jpg\"},{\"@type\":\"WebPage\",\"@id\":\"https:\/\/arteeluoghi.it\/index.php\/2015\/02\/21\/libri-in-culla\/#webpage\",\"url\":\"https:\/\/arteeluoghi.it\/index.php\/2015\/02\/21\/libri-in-culla\/\",\"name\":\"Libri in culla | Arte e Luoghi\",\"isPartOf\":{\"@id\":\"https:\/\/arteeluoghi.it\/#website\"},\"primaryImageOfPage\":{\"@id\":\"https:\/\/arteeluoghi.it\/index.php\/2015\/02\/21\/libri-in-culla\/#primaryimage\"},\"datePublished\":\"2015-02-21T12:49:02+00:00\",\"dateModified\":\"2015-02-21T12:49:02+00:00\",\"breadcrumb\":{\"@id\":\"https:\/\/arteeluoghi.it\/index.php\/2015\/02\/21\/libri-in-culla\/#breadcrumb\"},\"inLanguage\":\"it-IT\",\"potentialAction\":[{\"@type\":\"ReadAction\",\"target\":[\"https:\/\/arteeluoghi.it\/index.php\/2015\/02\/21\/libri-in-culla\/\"]}]},{\"@type\":\"BreadcrumbList\",\"@id\":\"https:\/\/arteeluoghi.it\/index.php\/2015\/02\/21\/libri-in-culla\/#breadcrumb\",\"itemListElement\":[{\"@type\":\"ListItem\",\"position\":1,\"name\":\"Home\",\"item\":\"https:\/\/arteeluoghi.it\/\"},{\"@type\":\"ListItem\",\"position\":2,\"name\":\"Libri in culla\"}]},{\"@type\":\"Article\",\"@id\":\"https:\/\/arteeluoghi.it\/index.php\/2015\/02\/21\/libri-in-culla\/#article\",\"isPartOf\":{\"@id\":\"https:\/\/arteeluoghi.it\/index.php\/2015\/02\/21\/libri-in-culla\/#webpage\"},\"author\":{\"@id\":\"https:\/\/arteeluoghi.it\/#\/schema\/person\/f84e814e36e91e01448ee07eaadd41d4\"},\"headline\":\"Libri in culla\",\"datePublished\":\"2015-02-21T12:49:02+00:00\",\"dateModified\":\"2015-02-21T12:49:02+00:00\",\"mainEntityOfPage\":{\"@id\":\"https:\/\/arteeluoghi.it\/index.php\/2015\/02\/21\/libri-in-culla\/#webpage\"},\"wordCount\":740,\"commentCount\":0,\"publisher\":{\"@id\":\"https:\/\/arteeluoghi.it\/#organization\"},\"image\":{\"@id\":\"https:\/\/arteeluoghi.it\/index.php\/2015\/02\/21\/libri-in-culla\/#primaryimage\"},\"thumbnailUrl\":\"\/images\/foto2015\/libri%20in%20culla%201.jpg\",\"articleSection\":[\"Notizie\"],\"inLanguage\":\"it-IT\",\"potentialAction\":[{\"@type\":\"CommentAction\",\"name\":\"Comment\",\"target\":[\"https:\/\/arteeluoghi.it\/index.php\/2015\/02\/21\/libri-in-culla\/#respond\"]}]},{\"@type\":\"Person\",\"@id\":\"https:\/\/arteeluoghi.it\/#\/schema\/person\/f84e814e36e91e01448ee07eaadd41d4\",\"name\":\"Staff\",\"image\":{\"@type\":\"ImageObject\",\"@id\":\"https:\/\/arteeluoghi.it\/#personlogo\",\"inLanguage\":\"it-IT\",\"url\":\"https:\/\/secure.gravatar.com\/avatar\/49d2f9e46271bb04e19cebfaf141313a?s=96&d=blank&r=g\",\"contentUrl\":\"https:\/\/secure.gravatar.com\/avatar\/49d2f9e46271bb04e19cebfaf141313a?s=96&d=blank&r=g\",\"caption\":\"Staff\"}}]}<\/script>\n<!-- \/ Yoast SEO plugin. -->","yoast_head_json":{"title":"Libri in culla | Arte e Luoghi","robots":{"index":"index","follow":"follow","max-snippet":"max-snippet:-1","max-image-preview":"max-image-preview:large","max-video-preview":"max-video-preview:-1"},"canonical":"https:\/\/arteeluoghi.it\/index.php\/2015\/02\/21\/libri-in-culla\/","og_locale":"it_IT","og_type":"article","og_title":"Libri in culla | Arte e Luoghi","og_description":"Un\u2019iniziativa organizzata da Provincia di Lecce, Ministero dei Beni Culturali, \u201cCentro per il Libro e la Lettura\u201d e Associazione \u201cArcus\u201d.","og_url":"https:\/\/arteeluoghi.it\/index.php\/2015\/02\/21\/libri-in-culla\/","og_site_name":"Arte e Luoghi","article_publisher":"https:\/\/www.facebook.com\/ArteELuoghi\/","article_published_time":"2015-02-21T12:49:02+00:00","og_image":[{"url":"https:\/\/arteeluoghi.it\/images\/foto2015\/libri%20in%20culla%201.jpg"}],"twitter_card":"summary","twitter_creator":"@arteeluoghi","twitter_site":"@arteeluoghi","twitter_misc":{"Scritto da":"Staff","Tempo di lettura stimato":"4 minuti"},"schema":{"@context":"https:\/\/schema.org","@graph":[{"@type":"Organization","@id":"https:\/\/arteeluoghi.it\/#organization","name":"Arte e Luoghi","url":"https:\/\/arteeluoghi.it\/","sameAs":["https:\/\/www.facebook.com\/ArteELuoghi\/","https:\/\/www.instagram.com\/arteeluoghi\/?hl=it","https:\/\/www.youtube.com\/channel\/UCuRVc4JW4-C5sg9rQB-srkw?view_as=subscriber","https:\/\/twitter.com\/arteeluoghi"],"logo":{"@type":"ImageObject","@id":"https:\/\/arteeluoghi.it\/#logo","inLanguage":"it-IT","url":"https:\/\/arteeluoghi.it\/wp-content\/uploads\/2018\/08\/logoinstagramarte.jpg","contentUrl":"https:\/\/arteeluoghi.it\/wp-content\/uploads\/2018\/08\/logoinstagramarte.jpg","width":150,"height":150,"caption":"Arte e Luoghi"},"image":{"@id":"https:\/\/arteeluoghi.it\/#logo"}},{"@type":"WebSite","@id":"https:\/\/arteeluoghi.it\/#website","url":"https:\/\/arteeluoghi.it\/","name":"Arte e Luoghi","description":"Mensile di arte, cultura, turismo e curiosit\u00e0","publisher":{"@id":"https:\/\/arteeluoghi.it\/#organization"},"potentialAction":[{"@type":"SearchAction","target":{"@type":"EntryPoint","urlTemplate":"https:\/\/arteeluoghi.it\/?s={search_term_string}"},"query-input":"required name=search_term_string"}],"inLanguage":"it-IT"},{"@type":"ImageObject","@id":"https:\/\/arteeluoghi.it\/index.php\/2015\/02\/21\/libri-in-culla\/#primaryimage","inLanguage":"it-IT","url":"\/images\/foto2015\/libri%20in%20culla%201.jpg","contentUrl":"\/images\/foto2015\/libri%20in%20culla%201.jpg"},{"@type":"WebPage","@id":"https:\/\/arteeluoghi.it\/index.php\/2015\/02\/21\/libri-in-culla\/#webpage","url":"https:\/\/arteeluoghi.it\/index.php\/2015\/02\/21\/libri-in-culla\/","name":"Libri in culla | Arte e Luoghi","isPartOf":{"@id":"https:\/\/arteeluoghi.it\/#website"},"primaryImageOfPage":{"@id":"https:\/\/arteeluoghi.it\/index.php\/2015\/02\/21\/libri-in-culla\/#primaryimage"},"datePublished":"2015-02-21T12:49:02+00:00","dateModified":"2015-02-21T12:49:02+00:00","breadcrumb":{"@id":"https:\/\/arteeluoghi.it\/index.php\/2015\/02\/21\/libri-in-culla\/#breadcrumb"},"inLanguage":"it-IT","potentialAction":[{"@type":"ReadAction","target":["https:\/\/arteeluoghi.it\/index.php\/2015\/02\/21\/libri-in-culla\/"]}]},{"@type":"BreadcrumbList","@id":"https:\/\/arteeluoghi.it\/index.php\/2015\/02\/21\/libri-in-culla\/#breadcrumb","itemListElement":[{"@type":"ListItem","position":1,"name":"Home","item":"https:\/\/arteeluoghi.it\/"},{"@type":"ListItem","position":2,"name":"Libri in culla"}]},{"@type":"Article","@id":"https:\/\/arteeluoghi.it\/index.php\/2015\/02\/21\/libri-in-culla\/#article","isPartOf":{"@id":"https:\/\/arteeluoghi.it\/index.php\/2015\/02\/21\/libri-in-culla\/#webpage"},"author":{"@id":"https:\/\/arteeluoghi.it\/#\/schema\/person\/f84e814e36e91e01448ee07eaadd41d4"},"headline":"Libri in culla","datePublished":"2015-02-21T12:49:02+00:00","dateModified":"2015-02-21T12:49:02+00:00","mainEntityOfPage":{"@id":"https:\/\/arteeluoghi.it\/index.php\/2015\/02\/21\/libri-in-culla\/#webpage"},"wordCount":740,"commentCount":0,"publisher":{"@id":"https:\/\/arteeluoghi.it\/#organization"},"image":{"@id":"https:\/\/arteeluoghi.it\/index.php\/2015\/02\/21\/libri-in-culla\/#primaryimage"},"thumbnailUrl":"\/images\/foto2015\/libri%20in%20culla%201.jpg","articleSection":["Notizie"],"inLanguage":"it-IT","potentialAction":[{"@type":"CommentAction","name":"Comment","target":["https:\/\/arteeluoghi.it\/index.php\/2015\/02\/21\/libri-in-culla\/#respond"]}]},{"@type":"Person","@id":"https:\/\/arteeluoghi.it\/#\/schema\/person\/f84e814e36e91e01448ee07eaadd41d4","name":"Staff","image":{"@type":"ImageObject","@id":"https:\/\/arteeluoghi.it\/#personlogo","inLanguage":"it-IT","url":"https:\/\/secure.gravatar.com\/avatar\/49d2f9e46271bb04e19cebfaf141313a?s=96&d=blank&r=g","contentUrl":"https:\/\/secure.gravatar.com\/avatar\/49d2f9e46271bb04e19cebfaf141313a?s=96&d=blank&r=g","caption":"Staff"}}]}},"_links":{"self":[{"href":"https:\/\/arteeluoghi.it\/index.php\/wp-json\/wp\/v2\/posts\/2059"}],"collection":[{"href":"https:\/\/arteeluoghi.it\/index.php\/wp-json\/wp\/v2\/posts"}],"about":[{"href":"https:\/\/arteeluoghi.it\/index.php\/wp-json\/wp\/v2\/types\/post"}],"author":[{"embeddable":true,"href":"https:\/\/arteeluoghi.it\/index.php\/wp-json\/wp\/v2\/users\/1"}],"replies":[{"embeddable":true,"href":"https:\/\/arteeluoghi.it\/index.php\/wp-json\/wp\/v2\/comments?post=2059"}],"version-history":[{"count":0,"href":"https:\/\/arteeluoghi.it\/index.php\/wp-json\/wp\/v2\/posts\/2059\/revisions"}],"wp:attachment":[{"href":"https:\/\/arteeluoghi.it\/index.php\/wp-json\/wp\/v2\/media?parent=2059"}],"wp:term":[{"taxonomy":"category","embeddable":true,"href":"https:\/\/arteeluoghi.it\/index.php\/wp-json\/wp\/v2\/categories?post=2059"},{"taxonomy":"post_tag","embeddable":true,"href":"https:\/\/arteeluoghi.it\/index.php\/wp-json\/wp\/v2\/tags?post=2059"}],"curies":[{"name":"wp","href":"https:\/\/api.w.org\/{rel}","templated":true}]}}