{"id":2062,"date":"2015-02-14T22:01:25","date_gmt":"2015-02-14T21:01:25","guid":{"rendered":"http:\/\/arteeluoghi.it\/index.php\/2015\/02\/14\/scrittura-pittura-omaggio-a-filiberto-menna\/"},"modified":"2015-02-14T22:01:25","modified_gmt":"2015-02-14T21:01:25","slug":"scrittura-pittura-omaggio-a-filiberto-menna","status":"publish","type":"post","link":"https:\/\/arteeluoghi.it\/index.php\/2015\/02\/14\/scrittura-pittura-omaggio-a-filiberto-menna\/","title":{"rendered":"Scrittura\/Pittura. Omaggio a Filiberto Menna"},"content":{"rendered":"<p style=\"text-align: left;\" align=\"center\"><img src=\"\/images\/foto2015\/Scrittura%20Pittura%20copertina.jpg\" border=\"0\" title=\"l'immagine guida della mostra\" width=\"300\" style=\"margin: 21px; float: right; border: 1px solid black;\" \/>A Catania dal 14 febbraio al 6 marzo 2015 negli spazi della CataniaArtGallery\u00a0\u00a0 <\/p>\n<p style=\"text-align: left;\" align=\"center\"><strong>SCRITTURA-PITTURA (omaggio a Filiberto MENNA). Tomaso BINGA _ Vitaldo CONTE _ William XERRA<\/strong><\/p>\n<p align=\"center\">\u00a0 <\/p>\n<p>Si inaugura il 14 febbraio negli spazi della <em>Catania Art Gallery<\/em> la mostra che vuole essere una testimonianza storica sulla <em>Scrittura-Pittura<\/em> nata negli anni \u201980. Una sua particolarit\u00e0, recepita da <em>Catania Art Gallery<\/em>, \u00e8 costituita dall\u2019essere espressa proprio in Sicilia. La terra che ha ospitato la sua prima esposizione ufficiale, a Erice, allorch\u00e9 l\u2019illustre storico dell\u2019arte Filiberto Menna ne promosse un\u2019importante esposizione dal titolo omonimo, con tappe successive a Gallarate, Milano, Roma nel 1987-88.<\/p>\n<p>  <!--more-->  <\/p>\n<p>Nel suo testo introduttivo indicava il variegato viaggio e colloquio della scrittura nei territori dell\u2019immagine, attraversando decenni diversi: partendo da Capogrossi e Twombly, Novelli e Sanfilippo, Accardi e Perilli, ecc. La Sicilia ha visto anche il suo ultimo momento militante, in <em>Sottosuolo del linguaggio (scrittura pittura scultura) <\/em>(Bagheria, Catania nel 1989), nel cui catalogo Menna scrisse il suo ultimo testo (prima di morire) proprio per la mostra. Questo nuovo appuntamento a Catania sar\u00e0 espresso dalle opere di scrittura pittorica di tre fra i suoi protagonisti degli anni \u201980 \u2013 Tomaso Binga, Vitaldo Conte, William Xerra \u2013, che hanno partecipato sin dagli inizi a questa avventura. In questa esposizione presenteranno opere del periodo insieme ad altre realizzate negli ultimi anni, anche come \u201crilettura\u201d e allargamento di proposta. I percorsi espressivi dei tre artisti, pur accomunati nella medesima poetica, risultano differenti.<\/p>\n<p><em>Tomaso Binga<\/em> \u201cha alle spalle un\u2019acuta, e pluridirezionata, ricerca sul linguaggio, verbale e iconico, dalle scritture asemantiche, e prima dalle dislocazioni di immagini fotografiche in contenitori oggettuali, alla sperimentazione, nella <em>scrittura vivente<\/em>, all\u2019uso del corpo come scrittura, al <em>dattilocodice<\/em>\u201d (Caramel), fino alla manipolazione pittorica di <em>Biographic<\/em>.<\/p>\n<p><em>Vitaldo Conte<\/em> \u201cartista di raffinata intuizione poetica, agisce sui margini estremi della pittura e della scrittura, cogliendo uno speciale punto di confine\u201d (Gallo). Le sue grafie sono \u201cdialettica figura-sfondo, dove figura sono organismi ameboidi, organici, aperti, fino a sfilacciarsi in frange e tentacoli (\u2026) anche per l\u2019analoga frequentazione di media fotografici e corporali\u201d (Caramel).<\/p>\n<p><em>William Xerra<\/em> \u201ccamminatore inesausto delle contrade del segno e della visualit\u00e0 totale, \u00e8 approdato ad una pittoricit\u00e0 che comprende tutte le esperienze precedenti e le sintetizza in un gusto favolistico di ascendenze classiche\u201d (Gallo). Nel suo colto contesto pittorico \u201cl\u2019inserto di scrittura \u00e8 limitato a pochi segmenti e nuclei, a frammentari prelievi verbali\u201d (D\u2019Ambrosio).<\/p>\n<p>Le generazioni della <em>scrittura pittorica<\/em>, pur continuano a rimanere in una zona segreta dell\u2019arte italiana, sono ormai pronte a svelare i \u201cracconti\u201d della loro seducente espressione. Non a caso\u00a0 per inaugurare questa mostra \u00e8 stato scelto il 14 febbraio: il giorno di San Valentino. L\u2019innamorato, infatti, \u00e8 spesso un creatore di parole-immagini, che vogliono debordare dai confini stabiliti&#8230;<\/p>\n<p>(fonte: comunicato stampa)<\/p>\n<p style=\"text-align: left;\" align=\"center\">CataniaArtGallery _ Catania (Via San Michele n. 32\/34)<\/p>\n<p style=\"text-align: left;\" align=\"center\">14 febbraio _ 6 marzo 2015<\/p>\n<p style=\"text-align: left;\" align=\"center\">inaugurazione: sabato 14 febbraio &#8211; ore 18.00<\/p>\n<p align=\"center\">\u00a0<\/p>\n<p style=\"text-align: left;\" align=\"center\"><a href=\"mailto:cataniaartegallery@libero.it\">cataniaartegallery@libero.it<\/a>\u00a0\u00a0\u00a0\u00a0 095326038<\/p>\n","protected":false},"excerpt":{"rendered":"<p>A Catania dal 14 febbraio al 6 marzo 2015 negli spazi della CataniaArtGallery\u00a0\u00a0 SCRITTURA-PITTURA (omaggio a Filiberto MENNA). Tomaso BINGA<\/p>\n","protected":false},"author":1,"featured_media":0,"comment_status":"open","ping_status":"open","sticky":false,"template":"","format":"standard","meta":[],"categories":[27],"tags":[],"yoast_head":"<!-- This site is optimized with the Yoast SEO plugin v18.0 - https:\/\/yoast.com\/wordpress\/plugins\/seo\/ -->\n<title>Scrittura\/Pittura. Omaggio a Filiberto Menna | Arte e Luoghi<\/title>\n<meta name=\"robots\" content=\"index, follow, max-snippet:-1, max-image-preview:large, max-video-preview:-1\" \/>\n<link rel=\"canonical\" href=\"https:\/\/arteeluoghi.it\/index.php\/2015\/02\/14\/scrittura-pittura-omaggio-a-filiberto-menna\/\" \/>\n<meta property=\"og:locale\" content=\"it_IT\" \/>\n<meta property=\"og:type\" content=\"article\" \/>\n<meta property=\"og:title\" content=\"Scrittura\/Pittura. Omaggio a Filiberto Menna | Arte e Luoghi\" \/>\n<meta property=\"og:description\" content=\"A Catania dal 14 febbraio al 6 marzo 2015 negli spazi della CataniaArtGallery\u00a0\u00a0 SCRITTURA-PITTURA (omaggio a Filiberto MENNA). Tomaso BINGA\" \/>\n<meta property=\"og:url\" content=\"https:\/\/arteeluoghi.it\/index.php\/2015\/02\/14\/scrittura-pittura-omaggio-a-filiberto-menna\/\" \/>\n<meta property=\"og:site_name\" content=\"Arte e Luoghi\" \/>\n<meta property=\"article:publisher\" content=\"https:\/\/www.facebook.com\/ArteELuoghi\/\" \/>\n<meta property=\"article:published_time\" content=\"2015-02-14T21:01:25+00:00\" \/>\n<meta property=\"og:image\" content=\"https:\/\/arteeluoghi.it\/images\/foto2015\/Scrittura%20Pittura%20copertina.jpg\" \/>\n<meta name=\"twitter:card\" content=\"summary\" \/>\n<meta name=\"twitter:creator\" content=\"@arteeluoghi\" \/>\n<meta name=\"twitter:site\" content=\"@arteeluoghi\" \/>\n<meta name=\"twitter:label1\" content=\"Scritto da\" \/>\n\t<meta name=\"twitter:data1\" content=\"Staff\" \/>\n\t<meta name=\"twitter:label2\" content=\"Tempo di lettura stimato\" \/>\n\t<meta name=\"twitter:data2\" content=\"2 minuti\" \/>\n<script type=\"application\/ld+json\" class=\"yoast-schema-graph\">{\"@context\":\"https:\/\/schema.org\",\"@graph\":[{\"@type\":\"Organization\",\"@id\":\"https:\/\/arteeluoghi.it\/#organization\",\"name\":\"Arte e Luoghi\",\"url\":\"https:\/\/arteeluoghi.it\/\",\"sameAs\":[\"https:\/\/www.facebook.com\/ArteELuoghi\/\",\"https:\/\/www.instagram.com\/arteeluoghi\/?hl=it\",\"https:\/\/www.youtube.com\/channel\/UCuRVc4JW4-C5sg9rQB-srkw?view_as=subscriber\",\"https:\/\/twitter.com\/arteeluoghi\"],\"logo\":{\"@type\":\"ImageObject\",\"@id\":\"https:\/\/arteeluoghi.it\/#logo\",\"inLanguage\":\"it-IT\",\"url\":\"https:\/\/arteeluoghi.it\/wp-content\/uploads\/2018\/08\/logoinstagramarte.jpg\",\"contentUrl\":\"https:\/\/arteeluoghi.it\/wp-content\/uploads\/2018\/08\/logoinstagramarte.jpg\",\"width\":150,\"height\":150,\"caption\":\"Arte e Luoghi\"},\"image\":{\"@id\":\"https:\/\/arteeluoghi.it\/#logo\"}},{\"@type\":\"WebSite\",\"@id\":\"https:\/\/arteeluoghi.it\/#website\",\"url\":\"https:\/\/arteeluoghi.it\/\",\"name\":\"Arte e Luoghi\",\"description\":\"Mensile di arte, cultura, turismo e curiosit\u00e0\",\"publisher\":{\"@id\":\"https:\/\/arteeluoghi.it\/#organization\"},\"potentialAction\":[{\"@type\":\"SearchAction\",\"target\":{\"@type\":\"EntryPoint\",\"urlTemplate\":\"https:\/\/arteeluoghi.it\/?s={search_term_string}\"},\"query-input\":\"required name=search_term_string\"}],\"inLanguage\":\"it-IT\"},{\"@type\":\"ImageObject\",\"@id\":\"https:\/\/arteeluoghi.it\/index.php\/2015\/02\/14\/scrittura-pittura-omaggio-a-filiberto-menna\/#primaryimage\",\"inLanguage\":\"it-IT\",\"url\":\"\/images\/foto2015\/Scrittura%20Pittura%20copertina.jpg\",\"contentUrl\":\"\/images\/foto2015\/Scrittura%20Pittura%20copertina.jpg\"},{\"@type\":\"WebPage\",\"@id\":\"https:\/\/arteeluoghi.it\/index.php\/2015\/02\/14\/scrittura-pittura-omaggio-a-filiberto-menna\/#webpage\",\"url\":\"https:\/\/arteeluoghi.it\/index.php\/2015\/02\/14\/scrittura-pittura-omaggio-a-filiberto-menna\/\",\"name\":\"Scrittura\/Pittura. Omaggio a Filiberto Menna | Arte e Luoghi\",\"isPartOf\":{\"@id\":\"https:\/\/arteeluoghi.it\/#website\"},\"primaryImageOfPage\":{\"@id\":\"https:\/\/arteeluoghi.it\/index.php\/2015\/02\/14\/scrittura-pittura-omaggio-a-filiberto-menna\/#primaryimage\"},\"datePublished\":\"2015-02-14T21:01:25+00:00\",\"dateModified\":\"2015-02-14T21:01:25+00:00\",\"breadcrumb\":{\"@id\":\"https:\/\/arteeluoghi.it\/index.php\/2015\/02\/14\/scrittura-pittura-omaggio-a-filiberto-menna\/#breadcrumb\"},\"inLanguage\":\"it-IT\",\"potentialAction\":[{\"@type\":\"ReadAction\",\"target\":[\"https:\/\/arteeluoghi.it\/index.php\/2015\/02\/14\/scrittura-pittura-omaggio-a-filiberto-menna\/\"]}]},{\"@type\":\"BreadcrumbList\",\"@id\":\"https:\/\/arteeluoghi.it\/index.php\/2015\/02\/14\/scrittura-pittura-omaggio-a-filiberto-menna\/#breadcrumb\",\"itemListElement\":[{\"@type\":\"ListItem\",\"position\":1,\"name\":\"Home\",\"item\":\"https:\/\/arteeluoghi.it\/\"},{\"@type\":\"ListItem\",\"position\":2,\"name\":\"Scrittura\/Pittura. Omaggio a Filiberto Menna\"}]},{\"@type\":\"Article\",\"@id\":\"https:\/\/arteeluoghi.it\/index.php\/2015\/02\/14\/scrittura-pittura-omaggio-a-filiberto-menna\/#article\",\"isPartOf\":{\"@id\":\"https:\/\/arteeluoghi.it\/index.php\/2015\/02\/14\/scrittura-pittura-omaggio-a-filiberto-menna\/#webpage\"},\"author\":{\"@id\":\"https:\/\/arteeluoghi.it\/#\/schema\/person\/f84e814e36e91e01448ee07eaadd41d4\"},\"headline\":\"Scrittura\/Pittura. Omaggio a Filiberto Menna\",\"datePublished\":\"2015-02-14T21:01:25+00:00\",\"dateModified\":\"2015-02-14T21:01:25+00:00\",\"mainEntityOfPage\":{\"@id\":\"https:\/\/arteeluoghi.it\/index.php\/2015\/02\/14\/scrittura-pittura-omaggio-a-filiberto-menna\/#webpage\"},\"wordCount\":470,\"commentCount\":0,\"publisher\":{\"@id\":\"https:\/\/arteeluoghi.it\/#organization\"},\"image\":{\"@id\":\"https:\/\/arteeluoghi.it\/index.php\/2015\/02\/14\/scrittura-pittura-omaggio-a-filiberto-menna\/#primaryimage\"},\"thumbnailUrl\":\"\/images\/foto2015\/Scrittura%20Pittura%20copertina.jpg\",\"articleSection\":[\"Arte\"],\"inLanguage\":\"it-IT\",\"potentialAction\":[{\"@type\":\"CommentAction\",\"name\":\"Comment\",\"target\":[\"https:\/\/arteeluoghi.it\/index.php\/2015\/02\/14\/scrittura-pittura-omaggio-a-filiberto-menna\/#respond\"]}]},{\"@type\":\"Person\",\"@id\":\"https:\/\/arteeluoghi.it\/#\/schema\/person\/f84e814e36e91e01448ee07eaadd41d4\",\"name\":\"Staff\",\"image\":{\"@type\":\"ImageObject\",\"@id\":\"https:\/\/arteeluoghi.it\/#personlogo\",\"inLanguage\":\"it-IT\",\"url\":\"https:\/\/secure.gravatar.com\/avatar\/49d2f9e46271bb04e19cebfaf141313a?s=96&d=blank&r=g\",\"contentUrl\":\"https:\/\/secure.gravatar.com\/avatar\/49d2f9e46271bb04e19cebfaf141313a?s=96&d=blank&r=g\",\"caption\":\"Staff\"}}]}<\/script>\n<!-- \/ Yoast SEO plugin. -->","yoast_head_json":{"title":"Scrittura\/Pittura. Omaggio a Filiberto Menna | Arte e Luoghi","robots":{"index":"index","follow":"follow","max-snippet":"max-snippet:-1","max-image-preview":"max-image-preview:large","max-video-preview":"max-video-preview:-1"},"canonical":"https:\/\/arteeluoghi.it\/index.php\/2015\/02\/14\/scrittura-pittura-omaggio-a-filiberto-menna\/","og_locale":"it_IT","og_type":"article","og_title":"Scrittura\/Pittura. Omaggio a Filiberto Menna | Arte e Luoghi","og_description":"A Catania dal 14 febbraio al 6 marzo 2015 negli spazi della CataniaArtGallery\u00a0\u00a0 SCRITTURA-PITTURA (omaggio a Filiberto MENNA). Tomaso BINGA","og_url":"https:\/\/arteeluoghi.it\/index.php\/2015\/02\/14\/scrittura-pittura-omaggio-a-filiberto-menna\/","og_site_name":"Arte e Luoghi","article_publisher":"https:\/\/www.facebook.com\/ArteELuoghi\/","article_published_time":"2015-02-14T21:01:25+00:00","og_image":[{"url":"https:\/\/arteeluoghi.it\/images\/foto2015\/Scrittura%20Pittura%20copertina.jpg"}],"twitter_card":"summary","twitter_creator":"@arteeluoghi","twitter_site":"@arteeluoghi","twitter_misc":{"Scritto da":"Staff","Tempo di lettura stimato":"2 minuti"},"schema":{"@context":"https:\/\/schema.org","@graph":[{"@type":"Organization","@id":"https:\/\/arteeluoghi.it\/#organization","name":"Arte e Luoghi","url":"https:\/\/arteeluoghi.it\/","sameAs":["https:\/\/www.facebook.com\/ArteELuoghi\/","https:\/\/www.instagram.com\/arteeluoghi\/?hl=it","https:\/\/www.youtube.com\/channel\/UCuRVc4JW4-C5sg9rQB-srkw?view_as=subscriber","https:\/\/twitter.com\/arteeluoghi"],"logo":{"@type":"ImageObject","@id":"https:\/\/arteeluoghi.it\/#logo","inLanguage":"it-IT","url":"https:\/\/arteeluoghi.it\/wp-content\/uploads\/2018\/08\/logoinstagramarte.jpg","contentUrl":"https:\/\/arteeluoghi.it\/wp-content\/uploads\/2018\/08\/logoinstagramarte.jpg","width":150,"height":150,"caption":"Arte e Luoghi"},"image":{"@id":"https:\/\/arteeluoghi.it\/#logo"}},{"@type":"WebSite","@id":"https:\/\/arteeluoghi.it\/#website","url":"https:\/\/arteeluoghi.it\/","name":"Arte e Luoghi","description":"Mensile di arte, cultura, turismo e curiosit\u00e0","publisher":{"@id":"https:\/\/arteeluoghi.it\/#organization"},"potentialAction":[{"@type":"SearchAction","target":{"@type":"EntryPoint","urlTemplate":"https:\/\/arteeluoghi.it\/?s={search_term_string}"},"query-input":"required name=search_term_string"}],"inLanguage":"it-IT"},{"@type":"ImageObject","@id":"https:\/\/arteeluoghi.it\/index.php\/2015\/02\/14\/scrittura-pittura-omaggio-a-filiberto-menna\/#primaryimage","inLanguage":"it-IT","url":"\/images\/foto2015\/Scrittura%20Pittura%20copertina.jpg","contentUrl":"\/images\/foto2015\/Scrittura%20Pittura%20copertina.jpg"},{"@type":"WebPage","@id":"https:\/\/arteeluoghi.it\/index.php\/2015\/02\/14\/scrittura-pittura-omaggio-a-filiberto-menna\/#webpage","url":"https:\/\/arteeluoghi.it\/index.php\/2015\/02\/14\/scrittura-pittura-omaggio-a-filiberto-menna\/","name":"Scrittura\/Pittura. Omaggio a Filiberto Menna | Arte e Luoghi","isPartOf":{"@id":"https:\/\/arteeluoghi.it\/#website"},"primaryImageOfPage":{"@id":"https:\/\/arteeluoghi.it\/index.php\/2015\/02\/14\/scrittura-pittura-omaggio-a-filiberto-menna\/#primaryimage"},"datePublished":"2015-02-14T21:01:25+00:00","dateModified":"2015-02-14T21:01:25+00:00","breadcrumb":{"@id":"https:\/\/arteeluoghi.it\/index.php\/2015\/02\/14\/scrittura-pittura-omaggio-a-filiberto-menna\/#breadcrumb"},"inLanguage":"it-IT","potentialAction":[{"@type":"ReadAction","target":["https:\/\/arteeluoghi.it\/index.php\/2015\/02\/14\/scrittura-pittura-omaggio-a-filiberto-menna\/"]}]},{"@type":"BreadcrumbList","@id":"https:\/\/arteeluoghi.it\/index.php\/2015\/02\/14\/scrittura-pittura-omaggio-a-filiberto-menna\/#breadcrumb","itemListElement":[{"@type":"ListItem","position":1,"name":"Home","item":"https:\/\/arteeluoghi.it\/"},{"@type":"ListItem","position":2,"name":"Scrittura\/Pittura. Omaggio a Filiberto Menna"}]},{"@type":"Article","@id":"https:\/\/arteeluoghi.it\/index.php\/2015\/02\/14\/scrittura-pittura-omaggio-a-filiberto-menna\/#article","isPartOf":{"@id":"https:\/\/arteeluoghi.it\/index.php\/2015\/02\/14\/scrittura-pittura-omaggio-a-filiberto-menna\/#webpage"},"author":{"@id":"https:\/\/arteeluoghi.it\/#\/schema\/person\/f84e814e36e91e01448ee07eaadd41d4"},"headline":"Scrittura\/Pittura. Omaggio a Filiberto Menna","datePublished":"2015-02-14T21:01:25+00:00","dateModified":"2015-02-14T21:01:25+00:00","mainEntityOfPage":{"@id":"https:\/\/arteeluoghi.it\/index.php\/2015\/02\/14\/scrittura-pittura-omaggio-a-filiberto-menna\/#webpage"},"wordCount":470,"commentCount":0,"publisher":{"@id":"https:\/\/arteeluoghi.it\/#organization"},"image":{"@id":"https:\/\/arteeluoghi.it\/index.php\/2015\/02\/14\/scrittura-pittura-omaggio-a-filiberto-menna\/#primaryimage"},"thumbnailUrl":"\/images\/foto2015\/Scrittura%20Pittura%20copertina.jpg","articleSection":["Arte"],"inLanguage":"it-IT","potentialAction":[{"@type":"CommentAction","name":"Comment","target":["https:\/\/arteeluoghi.it\/index.php\/2015\/02\/14\/scrittura-pittura-omaggio-a-filiberto-menna\/#respond"]}]},{"@type":"Person","@id":"https:\/\/arteeluoghi.it\/#\/schema\/person\/f84e814e36e91e01448ee07eaadd41d4","name":"Staff","image":{"@type":"ImageObject","@id":"https:\/\/arteeluoghi.it\/#personlogo","inLanguage":"it-IT","url":"https:\/\/secure.gravatar.com\/avatar\/49d2f9e46271bb04e19cebfaf141313a?s=96&d=blank&r=g","contentUrl":"https:\/\/secure.gravatar.com\/avatar\/49d2f9e46271bb04e19cebfaf141313a?s=96&d=blank&r=g","caption":"Staff"}}]}},"_links":{"self":[{"href":"https:\/\/arteeluoghi.it\/index.php\/wp-json\/wp\/v2\/posts\/2062"}],"collection":[{"href":"https:\/\/arteeluoghi.it\/index.php\/wp-json\/wp\/v2\/posts"}],"about":[{"href":"https:\/\/arteeluoghi.it\/index.php\/wp-json\/wp\/v2\/types\/post"}],"author":[{"embeddable":true,"href":"https:\/\/arteeluoghi.it\/index.php\/wp-json\/wp\/v2\/users\/1"}],"replies":[{"embeddable":true,"href":"https:\/\/arteeluoghi.it\/index.php\/wp-json\/wp\/v2\/comments?post=2062"}],"version-history":[{"count":0,"href":"https:\/\/arteeluoghi.it\/index.php\/wp-json\/wp\/v2\/posts\/2062\/revisions"}],"wp:attachment":[{"href":"https:\/\/arteeluoghi.it\/index.php\/wp-json\/wp\/v2\/media?parent=2062"}],"wp:term":[{"taxonomy":"category","embeddable":true,"href":"https:\/\/arteeluoghi.it\/index.php\/wp-json\/wp\/v2\/categories?post=2062"},{"taxonomy":"post_tag","embeddable":true,"href":"https:\/\/arteeluoghi.it\/index.php\/wp-json\/wp\/v2\/tags?post=2062"}],"curies":[{"name":"wp","href":"https:\/\/api.w.org\/{rel}","templated":true}]}}