{"id":2072,"date":"2015-02-26T21:02:00","date_gmt":"2015-02-26T20:02:00","guid":{"rendered":"http:\/\/arteeluoghi.it\/index.php\/2015\/02\/26\/napoli-ed-eduardo-tra-poesia-e-dolci-melodie\/"},"modified":"2015-02-26T21:02:00","modified_gmt":"2015-02-26T20:02:00","slug":"napoli-ed-eduardo-tra-poesia-e-dolci-melodie","status":"publish","type":"post","link":"https:\/\/arteeluoghi.it\/index.php\/2015\/02\/26\/napoli-ed-eduardo-tra-poesia-e-dolci-melodie\/","title":{"rendered":"Napoli ed Eduardo, tra poesia e dolci melodie"},"content":{"rendered":"<p><img src=\"\/images\/foto2015\/PinoIngrossoEduardo.jpg\" border=\"0\" title=\"la locandina dello spettacolo\" width=\"300\" style=\"margin: 21px; float: left;\" \/>Sabato 28 febbraio, Teatro Paisiello di Lecce, \u00a0ore 21<\/p>\n<p><strong>Pino Ingrosso. Omaggio ad Eduardo<\/strong><\/p>\n<p>\u00a0<\/p>\n<p>Trent\u2019anni fa moriva Eduardo de Filippo, un gigante del teatro del Novecento. Le sue commedie sono dei classici della letteratura teatrale recitate in tutto il mondo. Attingendo a piene mani nell\u2019imponente patrimonio letterario che ci ha lasciato Pino Ingrosso, cantante e musicista gi\u00e0 noto al grande pubblico per la sua ventennale collaborazione con il Premio Oscar <strong>Nicola Piovani, <\/strong>ha ideato lo spettacolo omaggio \u201cNapoli ed Eduardo tra poesia e dolci melodie\u201d che lo vedr\u00e0 salire sul palco del teatro Paisiello di Lecce sabato 28 febbraio. Con lui anche l\u2019attrice <strong>Carla Guido<\/strong> voce recitante, <strong>Nando di Modugno<\/strong> alla chitarra classica, <strong>Stefano Indino<\/strong> alla fisarmonica, <strong>Daniela Guercia<\/strong> ai cori. Lo spettacolo rientra nella rassegna del Comune di Lecce \u201cTeatro a 99 centesimi\u201d.<\/p>\n<p>Il percorso musicale attraverso il quale Pino Ingrosso si muove \u00e8 dettato insieme da un bisogno di rinnovamento e da un desiderio di qualit\u00e0. La necessit\u00e0 di trasformare la storia e le tradizioni della musica Italiana, di fondere antico e nuovo allo stesso tempo \u00e8, infatti, una sua intuizione dettata dai sentimenti. \u00a0\u00a0\u00a0<\/p>\n<p>Lo spettacolo in programma per la stagione di prosa leccese ha inaugurato, lo scorso 4 ottobre, la stagione teatrale al Teatro Artemisio \u201cGian Maria Volont\u00e8\u201d di Velletri (Roma).<\/p>\n<p>  <!--more-->  <\/p>\n<p>E sar\u00e0 un viaggio nell\u2019universo eduardiano che a proposito della poesia diceva: \u201cDopo avere scritto poesie giovanili, come fanno pi\u00f9 o meno tutti i ragazzi, scrivere poesie divenne per me un aiuto durante la stesura delle mie opere teatrali. Mi succedeva, a volte, scrivendo una commedia, d&#8217;impuntarmi su una situazione da sviluppare in modo da poterla agganciare pi\u00f9 avanti a un&#8217;altra, e allora, messo da parte il copione, per non alzarmi dal tavolino con un problema irrisolto, il che avrebbe significato non aver pi\u00f9 voglia di riprendere il lavoro per chiss\u00e0 quanto tempo, mi mettevo davanti un foglio bianco e buttavo gi\u00f9 versi che avessero attinenza con l&#8217;argomento e i personaggi dei lavoro interrotto. Questo mi portava sempre pi\u00f9 vicino all\u2019essenza del mio pensiero e mi permetteva di superare gli ostacoli&#8230; \u00a0A poco a poco ci ho preso gusto, e ora scrivo poesie anche indipendentemente dalle commedie\u201d.<\/p>\n<p>Ma non solo poesia. Non si pu\u00f2 omaggiare Eduardo e la citt\u00e0 di Napoli senza tirare in ballo la canzone che\u00a0 &#8211; come scrisse Domenico Rea &#8211; per Napoli \u00e8 il romanzo per eccellenza. Ascoltare le canzoni di Napoli vuol dire dunque conoscere in pochi attimi l\u2019Anima di questa citt\u00e0, lo spirito, la filosofia, i sentimenti, vizi e virt\u00f9&#8230; A Napoli le tradizioni sono antiche e radicate, la musica \u00e8 l\u2019espressione pi\u00f9 forte e accessibile con la quale i napoletani riescono a esprimere ogni sentimento, espressivit\u00e0 di tutto un popolo che con il linguaggio universale della musica ha saputo farsi conoscere e riconoscere nel mondo\u201d.<\/p>\n<p>Sipario alle 21.<\/p>\n<p>Red. Arte e Luoghi<\/p>\n<div align=\"center\">\n<hr width=\"100%\" size=\"2\" \/><\/div>\n<p>\u00a0<\/p>\n<p>Salentino doc, <strong>Pino Ingrosso<\/strong> debutta a Napoli nel 1980 come voce solista nello spettacolo teatrale \u201cOpera\u201d, su musiche di <strong>Eugenio Bennato<\/strong>, con il quale collaborer\u00e0 per undici anni partecipando a vari spettacoli teatrali: \u201cAcqua, acqua, foco, foco\u201d, \u201cA sud di Mozart\u201d, \u201cMacchine lunari\u201d e alle tourn\u00e9e in Italia e all\u2019estero.<\/p>\n<p>Al fianco di <strong>Peppe Barra<\/strong> nelle \u201cVillanelle del \u2018500\u201d al Teatro Malibran di Venezia.<\/p>\n<p>Con <strong>Roberto De Simone<\/strong> al Teatro Greco di Siracusa nella Tragedia \u201cAgamennone\u201d di Eschilo.<\/p>\n<p>Nel 1993 l\u2019incontro con <strong>Nicola Piovani e Vincenzo Cerami<\/strong> (Premi Oscar de \u201cLa vita \u00e8 bella\u201d) e la collaborazione come voce solista negli spettacoli \u201cCanti di Scena\u201d, \u201cRomanzo Musicale\u201d, \u201cConcerto Fotogramma\u201d, \u201cSemo o nun semo\u201d, spettacolo per il quale \u00e8 stato insignito, nel 2004, del \u201cPremio Simpatia\u201d 34\u00b0 Edizione dell\u2019Oscar Capitolino e, nel 2005 del \u201c Premio Arte e Cultura Ettore Petrolini\u201d.<\/p>\n<p>Nel 2001 ospite nella trasmissione radiofonica \u201cViva Radio2\u201d, condotta da <strong>Fiorello e Marco Baldini.<\/strong><\/p>\n<p>Nel 2002 debutta al Teatro Flaiano di Roma nello spettacolo, scritto per lui da <strong>Pietro Piovani,<\/strong> \u201cCanzoni all\u2019Ingrosso (Refrain dell\u2019altro secolo)\u201d con la direzione artistica di Nicola Piovani<\/p>\n<p>\u00a0<\/p>\n<p>Partecipa a svariate trasmissioni televisive tra cui \u201cGeo &amp; Geo\u201d, edizione \u201998-\u201999, nella veste di musico. Autore delle musiche delle trasmissioni \u201cAlle cinque della sera\u201d (Rai3), \u201cMarmellata\u201d (Rai3), \u201cL\u2019ultima estate del \u201899\u201d (Radio1), \u201cC\u2019era due volte\u201d (Italia1), \u201cOcchio alla spesa\u201d (Rai1), \u201cGeo &amp; Geo\u201d (Rai3).<\/p>\n<p>\u00a0<\/p>\n<p>Attore-cantante nei Film: \u201cUomo d\u2019acqua dolce\u201d di <strong>Antonio Albanese<\/strong>; \u201cLa Carbonara\u201d di <strong>Gigi Magni<\/strong>; \u201cA-A-A-Achille\u201d di <strong>Giovanni Albanese,<\/strong> film vincitore nel 2003 del Premio Giffoni.<\/p>\n<p>Ha collaborato con <strong>Pino Donaggio<\/strong> alla colonna sonora del Film \u201cTra i due mondi\u201d, con <strong>Giancarlo Giannini<\/strong> come autore dei testi.<\/p>\n<p>\u00a0<\/p>\n<p>Interprete di Apollo nell\u2019opera \u201cL\u2019Isole della Luce\u201d, in prima mondiale a Delos nel settembre del 2003 accanto a Luce interpretato dalla cantante israeliana <strong>Noa<\/strong> e a <strong>Omero Antonutti<\/strong> voce recitante, opera ripresa nel 2005 all\u2019Auditorium dell\u2019Aula Magna della Sapienza a Roma e andato in onda nella trasmissione televisiva \u201cPrima della Prima\u201d, su Rai3.<\/p>\n<p>\u00a0<\/p>\n<p>Ospite nel 2005 della \u201cNotte della Taranta\u201d a Melpignano (Lecce) con <strong>Francesco De Gregori e Piero Pel\u00f9<\/strong>, con concerto registrato per il primo CD live; nel giugno 2006 ospite alla \u201cNotte della Taranta\u201d all\u2019Auditorium Parco della Musica a Roma insieme a Piero Pel\u00f9.<\/p>\n<p>Nel 2006 ha debuttato in prima nazionale all\u2019Auditorium Parco della Musica a Roma con \u201cLa Cantata dei Cent\u2019anni\u201d, spettacolo di Cerami e Piovani, come tenore, con voce recitante <strong>Gigi Proietti<\/strong>, spettacolo che ha continuato a girare nei pi\u00f9 grandi teatri d\u2019Italia con la voce recitante di <strong>Massimo Wertm\u00fcller<\/strong>.<\/p>\n<p>Autore della colonna sonora della docu-fiction \u201cGoodbye, Benevento\u201d di <strong>Puccio Corona<\/strong> con la regia di <strong>Elvira Grilli<\/strong>, commissionata dalla Regione Campania.<\/p>\n<p>A giugno del 2007 ha debuttato come voce solista nel nuovo spettacolo di Nicola Piovani \u201cPiovani dirige Piovani\u201d all\u2019Auditorium della Conciliazione.<\/p>\n<p>Nel 2009 da Bibli, in Trastevere a Roma, \u00e8 stato presentato il suo primo libro di pensieri dal titolo \u201cUn pensiero al giorno\u201d &#8211;\u00a0 Geva Edizioni.<\/p>\n<p>Nel suo nuovo \u201cRaccontiamoci le favole\u201d, liberamente tratto dalle favole e dalle filastrocche di <strong>Gianni Rodari<\/strong>, la sua musica \u00e8 il filo conduttore musicale dello spettacolo, accompagnato da\u00a0 un&#8217;attrice\/cantante, da 2 musicisti e un gruppo di alunni delle scuole elementari, medie\u00a0 e superiori scelti nei laboratori didattici che sta portando in giro per le scuole ed\u00a0 in particolare in Puglia. L\u2019iniziativa \u00e8 promossa dalla Regione Puglia in collaborazione con l\u2019associazione culturale Musicale \u201cNany Music\u201d e patrocinata dall&#8217;Ufficio Scolastico Regionale della Puglia.<\/p>\n<p>Tenore nello spettacolo di e con <strong>Luca De Filippo<\/strong> (opera inedita di Eduardo De Filippo), \u201cPadre Cicogna\u201d, la cui prima nazionale \u00e8 andata in scena a dicembre 2009 al Teatro San Ferdinando di Napoli, accompagnato dall\u2019Orchestra del Teatro San Carlo diretta da Nicola Piovani (autore delle musiche); lo spettacolo ha toccato il Teatro Carlo Felice di Genova, \u00a0il San Carlo a Napoli e il Petruzzelli di Bari.<\/p>\n<p>Il 6 gennaio 2011 ha inaugurato la stagione teatrale in Vernacolo presso il Teatro Antoniano di Lecce, con il suo ultimo lavoro \u201cNote di un viaggio \u2013 Parole e musica attraversando il Salento\u201d.<\/p>\n<p>Autore dello spettacolo teatrale \u201cSerenate Sincere\u201d, che porta in giro in Italia e all\u2019estero (Istituto di cultura a Stoccolma, Istituto di Cultura di Tunisi per il \u201cFestival della Medina\u201d, Guadalayara Mex in occasione della Fiera internazionale del libro, Bruxelles per la ricorrenza della Festa della Repubblica Italiana), da cui \u00e8 stato tratto un Cd.<\/p>\n<p>\u00a0<\/p>\n<p>In occasione della manifestazione \u201cLa notte dei musei\u201d\u00a0 2013, tenutasi a Roma, ha portato il suo nuovo spettacolo \u201cOgni parola \u00e8 musica\u201d in un percorso che ha avuto il suo inizio il 18 maggio presso il Casino Nobile dei Musei\u00a0 di Villa Torlonia, proseguito poi l\u20198 giugno al Museo di Roma in Trastevere, il 9 giugno\u00a0 al centro culturale \u201cAldo Fabrizi\u201d e il 23 giugno al centro culturale \u201cGabriella Ferri\u201d, che ha portato in giro in tour in Puglia toccando, tra le altre, Lecce, Oria e Trani.<\/p>\n<p>\u00a0<\/p>\n<p>Il 6 agosto a Mesagne (Br) special guest nello spettacolo \u201cSoundtrack \u2013 quando la musica incontra il cinema\u201d per la regia di <strong>Anna Rita Pinto<\/strong>, nel quale ha riproposto il brano \u201cLa luna lo sa\u201d, di Nicola Piovani e Vincenzo Cerami, interpretato nel film di Antonio Albanese \u201cUomo d\u2019acqua dolce\u201d.<\/p>\n<p>Il 10 agosto 2014 con il suo nuovo spettacolo \u201cA Mimmo\u201d, nel Castello di Copertino (Lecce), per la manifestazione \u201cCalici sotto le stelle\u201d in occasione del ventennale dalla scomparsa del grande Domenico Modugno.<\/p>\n<p>Ha appena concluso un mini tour organizzato dal Teatro Pubblico Pugliese nei castelli di Puglia con il suo spettacolo \u201cSerenate sincere\u201d, che lo ha visto protagonista nel castello di Grottaglie (Ta) il 12 settembre, nel Castello di Acaya (Le) il 13 settembre, nel Castello di Conversano (Ba) il 20 settembre e nel Castello di Manfredonia (Fg) il 21 settembre.<\/p>\n<p>E\u2019 in allestimento il suo nuovo spettacolo \u201cNote di un viaggio \u2013 Attraversando la Puglia\u201d.<\/p>\n<p>\u00a0<\/p>\n<p>\u00a0<\/p>\n<p>\u00a0<\/p>\n","protected":false},"excerpt":{"rendered":"<p>Sabato 28 febbraio, Teatro Paisiello di Lecce, \u00a0ore 21 Pino Ingrosso. Omaggio ad Eduardo \u00a0 Trent\u2019anni fa moriva Eduardo de<\/p>\n","protected":false},"author":1,"featured_media":0,"comment_status":"open","ping_status":"open","sticky":false,"template":"","format":"standard","meta":[],"categories":[13],"tags":[],"yoast_head":"<!-- This site is optimized with the Yoast SEO plugin v18.0 - https:\/\/yoast.com\/wordpress\/plugins\/seo\/ -->\n<title>Napoli ed Eduardo, tra poesia e dolci melodie | Arte e Luoghi<\/title>\n<meta name=\"robots\" content=\"index, follow, max-snippet:-1, max-image-preview:large, max-video-preview:-1\" \/>\n<link rel=\"canonical\" href=\"https:\/\/arteeluoghi.it\/index.php\/2015\/02\/26\/napoli-ed-eduardo-tra-poesia-e-dolci-melodie\/\" \/>\n<meta property=\"og:locale\" content=\"it_IT\" \/>\n<meta property=\"og:type\" content=\"article\" \/>\n<meta property=\"og:title\" content=\"Napoli ed Eduardo, tra poesia e dolci melodie | Arte e Luoghi\" \/>\n<meta property=\"og:description\" content=\"Sabato 28 febbraio, Teatro Paisiello di Lecce, \u00a0ore 21 Pino Ingrosso. Omaggio ad Eduardo \u00a0 Trent\u2019anni fa moriva Eduardo de\" \/>\n<meta property=\"og:url\" content=\"https:\/\/arteeluoghi.it\/index.php\/2015\/02\/26\/napoli-ed-eduardo-tra-poesia-e-dolci-melodie\/\" \/>\n<meta property=\"og:site_name\" content=\"Arte e Luoghi\" \/>\n<meta property=\"article:publisher\" content=\"https:\/\/www.facebook.com\/ArteELuoghi\/\" \/>\n<meta property=\"article:published_time\" content=\"2015-02-26T20:02:00+00:00\" \/>\n<meta property=\"og:image\" content=\"https:\/\/arteeluoghi.it\/images\/foto2015\/PinoIngrossoEduardo.jpg\" \/>\n<meta name=\"twitter:card\" content=\"summary\" \/>\n<meta name=\"twitter:creator\" content=\"@arteeluoghi\" \/>\n<meta name=\"twitter:site\" content=\"@arteeluoghi\" \/>\n<meta name=\"twitter:label1\" content=\"Scritto da\" \/>\n\t<meta name=\"twitter:data1\" content=\"Staff\" \/>\n\t<meta name=\"twitter:label2\" content=\"Tempo di lettura stimato\" \/>\n\t<meta name=\"twitter:data2\" content=\"7 minuti\" \/>\n<script type=\"application\/ld+json\" class=\"yoast-schema-graph\">{\"@context\":\"https:\/\/schema.org\",\"@graph\":[{\"@type\":\"Organization\",\"@id\":\"https:\/\/arteeluoghi.it\/#organization\",\"name\":\"Arte e Luoghi\",\"url\":\"https:\/\/arteeluoghi.it\/\",\"sameAs\":[\"https:\/\/www.facebook.com\/ArteELuoghi\/\",\"https:\/\/www.instagram.com\/arteeluoghi\/?hl=it\",\"https:\/\/www.youtube.com\/channel\/UCuRVc4JW4-C5sg9rQB-srkw?view_as=subscriber\",\"https:\/\/twitter.com\/arteeluoghi\"],\"logo\":{\"@type\":\"ImageObject\",\"@id\":\"https:\/\/arteeluoghi.it\/#logo\",\"inLanguage\":\"it-IT\",\"url\":\"https:\/\/arteeluoghi.it\/wp-content\/uploads\/2018\/08\/logoinstagramarte.jpg\",\"contentUrl\":\"https:\/\/arteeluoghi.it\/wp-content\/uploads\/2018\/08\/logoinstagramarte.jpg\",\"width\":150,\"height\":150,\"caption\":\"Arte e Luoghi\"},\"image\":{\"@id\":\"https:\/\/arteeluoghi.it\/#logo\"}},{\"@type\":\"WebSite\",\"@id\":\"https:\/\/arteeluoghi.it\/#website\",\"url\":\"https:\/\/arteeluoghi.it\/\",\"name\":\"Arte e Luoghi\",\"description\":\"Mensile di arte, cultura, turismo e curiosit\u00e0\",\"publisher\":{\"@id\":\"https:\/\/arteeluoghi.it\/#organization\"},\"potentialAction\":[{\"@type\":\"SearchAction\",\"target\":{\"@type\":\"EntryPoint\",\"urlTemplate\":\"https:\/\/arteeluoghi.it\/?s={search_term_string}\"},\"query-input\":\"required name=search_term_string\"}],\"inLanguage\":\"it-IT\"},{\"@type\":\"ImageObject\",\"@id\":\"https:\/\/arteeluoghi.it\/index.php\/2015\/02\/26\/napoli-ed-eduardo-tra-poesia-e-dolci-melodie\/#primaryimage\",\"inLanguage\":\"it-IT\",\"url\":\"\/images\/foto2015\/PinoIngrossoEduardo.jpg\",\"contentUrl\":\"\/images\/foto2015\/PinoIngrossoEduardo.jpg\"},{\"@type\":\"WebPage\",\"@id\":\"https:\/\/arteeluoghi.it\/index.php\/2015\/02\/26\/napoli-ed-eduardo-tra-poesia-e-dolci-melodie\/#webpage\",\"url\":\"https:\/\/arteeluoghi.it\/index.php\/2015\/02\/26\/napoli-ed-eduardo-tra-poesia-e-dolci-melodie\/\",\"name\":\"Napoli ed Eduardo, tra poesia e dolci melodie | Arte e Luoghi\",\"isPartOf\":{\"@id\":\"https:\/\/arteeluoghi.it\/#website\"},\"primaryImageOfPage\":{\"@id\":\"https:\/\/arteeluoghi.it\/index.php\/2015\/02\/26\/napoli-ed-eduardo-tra-poesia-e-dolci-melodie\/#primaryimage\"},\"datePublished\":\"2015-02-26T20:02:00+00:00\",\"dateModified\":\"2015-02-26T20:02:00+00:00\",\"breadcrumb\":{\"@id\":\"https:\/\/arteeluoghi.it\/index.php\/2015\/02\/26\/napoli-ed-eduardo-tra-poesia-e-dolci-melodie\/#breadcrumb\"},\"inLanguage\":\"it-IT\",\"potentialAction\":[{\"@type\":\"ReadAction\",\"target\":[\"https:\/\/arteeluoghi.it\/index.php\/2015\/02\/26\/napoli-ed-eduardo-tra-poesia-e-dolci-melodie\/\"]}]},{\"@type\":\"BreadcrumbList\",\"@id\":\"https:\/\/arteeluoghi.it\/index.php\/2015\/02\/26\/napoli-ed-eduardo-tra-poesia-e-dolci-melodie\/#breadcrumb\",\"itemListElement\":[{\"@type\":\"ListItem\",\"position\":1,\"name\":\"Home\",\"item\":\"https:\/\/arteeluoghi.it\/\"},{\"@type\":\"ListItem\",\"position\":2,\"name\":\"Napoli ed Eduardo, tra poesia e dolci melodie\"}]},{\"@type\":\"Article\",\"@id\":\"https:\/\/arteeluoghi.it\/index.php\/2015\/02\/26\/napoli-ed-eduardo-tra-poesia-e-dolci-melodie\/#article\",\"isPartOf\":{\"@id\":\"https:\/\/arteeluoghi.it\/index.php\/2015\/02\/26\/napoli-ed-eduardo-tra-poesia-e-dolci-melodie\/#webpage\"},\"author\":{\"@id\":\"https:\/\/arteeluoghi.it\/#\/schema\/person\/f84e814e36e91e01448ee07eaadd41d4\"},\"headline\":\"Napoli ed Eduardo, tra poesia e dolci melodie\",\"datePublished\":\"2015-02-26T20:02:00+00:00\",\"dateModified\":\"2015-02-26T20:02:00+00:00\",\"mainEntityOfPage\":{\"@id\":\"https:\/\/arteeluoghi.it\/index.php\/2015\/02\/26\/napoli-ed-eduardo-tra-poesia-e-dolci-melodie\/#webpage\"},\"wordCount\":1423,\"commentCount\":0,\"publisher\":{\"@id\":\"https:\/\/arteeluoghi.it\/#organization\"},\"image\":{\"@id\":\"https:\/\/arteeluoghi.it\/index.php\/2015\/02\/26\/napoli-ed-eduardo-tra-poesia-e-dolci-melodie\/#primaryimage\"},\"thumbnailUrl\":\"\/images\/foto2015\/PinoIngrossoEduardo.jpg\",\"articleSection\":[\"teatro\"],\"inLanguage\":\"it-IT\",\"potentialAction\":[{\"@type\":\"CommentAction\",\"name\":\"Comment\",\"target\":[\"https:\/\/arteeluoghi.it\/index.php\/2015\/02\/26\/napoli-ed-eduardo-tra-poesia-e-dolci-melodie\/#respond\"]}]},{\"@type\":\"Person\",\"@id\":\"https:\/\/arteeluoghi.it\/#\/schema\/person\/f84e814e36e91e01448ee07eaadd41d4\",\"name\":\"Staff\",\"image\":{\"@type\":\"ImageObject\",\"@id\":\"https:\/\/arteeluoghi.it\/#personlogo\",\"inLanguage\":\"it-IT\",\"url\":\"https:\/\/secure.gravatar.com\/avatar\/49d2f9e46271bb04e19cebfaf141313a?s=96&d=blank&r=g\",\"contentUrl\":\"https:\/\/secure.gravatar.com\/avatar\/49d2f9e46271bb04e19cebfaf141313a?s=96&d=blank&r=g\",\"caption\":\"Staff\"}}]}<\/script>\n<!-- \/ Yoast SEO plugin. -->","yoast_head_json":{"title":"Napoli ed Eduardo, tra poesia e dolci melodie | Arte e Luoghi","robots":{"index":"index","follow":"follow","max-snippet":"max-snippet:-1","max-image-preview":"max-image-preview:large","max-video-preview":"max-video-preview:-1"},"canonical":"https:\/\/arteeluoghi.it\/index.php\/2015\/02\/26\/napoli-ed-eduardo-tra-poesia-e-dolci-melodie\/","og_locale":"it_IT","og_type":"article","og_title":"Napoli ed Eduardo, tra poesia e dolci melodie | Arte e Luoghi","og_description":"Sabato 28 febbraio, Teatro Paisiello di Lecce, \u00a0ore 21 Pino Ingrosso. Omaggio ad Eduardo \u00a0 Trent\u2019anni fa moriva Eduardo de","og_url":"https:\/\/arteeluoghi.it\/index.php\/2015\/02\/26\/napoli-ed-eduardo-tra-poesia-e-dolci-melodie\/","og_site_name":"Arte e Luoghi","article_publisher":"https:\/\/www.facebook.com\/ArteELuoghi\/","article_published_time":"2015-02-26T20:02:00+00:00","og_image":[{"url":"https:\/\/arteeluoghi.it\/images\/foto2015\/PinoIngrossoEduardo.jpg"}],"twitter_card":"summary","twitter_creator":"@arteeluoghi","twitter_site":"@arteeluoghi","twitter_misc":{"Scritto da":"Staff","Tempo di lettura stimato":"7 minuti"},"schema":{"@context":"https:\/\/schema.org","@graph":[{"@type":"Organization","@id":"https:\/\/arteeluoghi.it\/#organization","name":"Arte e Luoghi","url":"https:\/\/arteeluoghi.it\/","sameAs":["https:\/\/www.facebook.com\/ArteELuoghi\/","https:\/\/www.instagram.com\/arteeluoghi\/?hl=it","https:\/\/www.youtube.com\/channel\/UCuRVc4JW4-C5sg9rQB-srkw?view_as=subscriber","https:\/\/twitter.com\/arteeluoghi"],"logo":{"@type":"ImageObject","@id":"https:\/\/arteeluoghi.it\/#logo","inLanguage":"it-IT","url":"https:\/\/arteeluoghi.it\/wp-content\/uploads\/2018\/08\/logoinstagramarte.jpg","contentUrl":"https:\/\/arteeluoghi.it\/wp-content\/uploads\/2018\/08\/logoinstagramarte.jpg","width":150,"height":150,"caption":"Arte e Luoghi"},"image":{"@id":"https:\/\/arteeluoghi.it\/#logo"}},{"@type":"WebSite","@id":"https:\/\/arteeluoghi.it\/#website","url":"https:\/\/arteeluoghi.it\/","name":"Arte e Luoghi","description":"Mensile di arte, cultura, turismo e curiosit\u00e0","publisher":{"@id":"https:\/\/arteeluoghi.it\/#organization"},"potentialAction":[{"@type":"SearchAction","target":{"@type":"EntryPoint","urlTemplate":"https:\/\/arteeluoghi.it\/?s={search_term_string}"},"query-input":"required name=search_term_string"}],"inLanguage":"it-IT"},{"@type":"ImageObject","@id":"https:\/\/arteeluoghi.it\/index.php\/2015\/02\/26\/napoli-ed-eduardo-tra-poesia-e-dolci-melodie\/#primaryimage","inLanguage":"it-IT","url":"\/images\/foto2015\/PinoIngrossoEduardo.jpg","contentUrl":"\/images\/foto2015\/PinoIngrossoEduardo.jpg"},{"@type":"WebPage","@id":"https:\/\/arteeluoghi.it\/index.php\/2015\/02\/26\/napoli-ed-eduardo-tra-poesia-e-dolci-melodie\/#webpage","url":"https:\/\/arteeluoghi.it\/index.php\/2015\/02\/26\/napoli-ed-eduardo-tra-poesia-e-dolci-melodie\/","name":"Napoli ed Eduardo, tra poesia e dolci melodie | Arte e Luoghi","isPartOf":{"@id":"https:\/\/arteeluoghi.it\/#website"},"primaryImageOfPage":{"@id":"https:\/\/arteeluoghi.it\/index.php\/2015\/02\/26\/napoli-ed-eduardo-tra-poesia-e-dolci-melodie\/#primaryimage"},"datePublished":"2015-02-26T20:02:00+00:00","dateModified":"2015-02-26T20:02:00+00:00","breadcrumb":{"@id":"https:\/\/arteeluoghi.it\/index.php\/2015\/02\/26\/napoli-ed-eduardo-tra-poesia-e-dolci-melodie\/#breadcrumb"},"inLanguage":"it-IT","potentialAction":[{"@type":"ReadAction","target":["https:\/\/arteeluoghi.it\/index.php\/2015\/02\/26\/napoli-ed-eduardo-tra-poesia-e-dolci-melodie\/"]}]},{"@type":"BreadcrumbList","@id":"https:\/\/arteeluoghi.it\/index.php\/2015\/02\/26\/napoli-ed-eduardo-tra-poesia-e-dolci-melodie\/#breadcrumb","itemListElement":[{"@type":"ListItem","position":1,"name":"Home","item":"https:\/\/arteeluoghi.it\/"},{"@type":"ListItem","position":2,"name":"Napoli ed Eduardo, tra poesia e dolci melodie"}]},{"@type":"Article","@id":"https:\/\/arteeluoghi.it\/index.php\/2015\/02\/26\/napoli-ed-eduardo-tra-poesia-e-dolci-melodie\/#article","isPartOf":{"@id":"https:\/\/arteeluoghi.it\/index.php\/2015\/02\/26\/napoli-ed-eduardo-tra-poesia-e-dolci-melodie\/#webpage"},"author":{"@id":"https:\/\/arteeluoghi.it\/#\/schema\/person\/f84e814e36e91e01448ee07eaadd41d4"},"headline":"Napoli ed Eduardo, tra poesia e dolci melodie","datePublished":"2015-02-26T20:02:00+00:00","dateModified":"2015-02-26T20:02:00+00:00","mainEntityOfPage":{"@id":"https:\/\/arteeluoghi.it\/index.php\/2015\/02\/26\/napoli-ed-eduardo-tra-poesia-e-dolci-melodie\/#webpage"},"wordCount":1423,"commentCount":0,"publisher":{"@id":"https:\/\/arteeluoghi.it\/#organization"},"image":{"@id":"https:\/\/arteeluoghi.it\/index.php\/2015\/02\/26\/napoli-ed-eduardo-tra-poesia-e-dolci-melodie\/#primaryimage"},"thumbnailUrl":"\/images\/foto2015\/PinoIngrossoEduardo.jpg","articleSection":["teatro"],"inLanguage":"it-IT","potentialAction":[{"@type":"CommentAction","name":"Comment","target":["https:\/\/arteeluoghi.it\/index.php\/2015\/02\/26\/napoli-ed-eduardo-tra-poesia-e-dolci-melodie\/#respond"]}]},{"@type":"Person","@id":"https:\/\/arteeluoghi.it\/#\/schema\/person\/f84e814e36e91e01448ee07eaadd41d4","name":"Staff","image":{"@type":"ImageObject","@id":"https:\/\/arteeluoghi.it\/#personlogo","inLanguage":"it-IT","url":"https:\/\/secure.gravatar.com\/avatar\/49d2f9e46271bb04e19cebfaf141313a?s=96&d=blank&r=g","contentUrl":"https:\/\/secure.gravatar.com\/avatar\/49d2f9e46271bb04e19cebfaf141313a?s=96&d=blank&r=g","caption":"Staff"}}]}},"_links":{"self":[{"href":"https:\/\/arteeluoghi.it\/index.php\/wp-json\/wp\/v2\/posts\/2072"}],"collection":[{"href":"https:\/\/arteeluoghi.it\/index.php\/wp-json\/wp\/v2\/posts"}],"about":[{"href":"https:\/\/arteeluoghi.it\/index.php\/wp-json\/wp\/v2\/types\/post"}],"author":[{"embeddable":true,"href":"https:\/\/arteeluoghi.it\/index.php\/wp-json\/wp\/v2\/users\/1"}],"replies":[{"embeddable":true,"href":"https:\/\/arteeluoghi.it\/index.php\/wp-json\/wp\/v2\/comments?post=2072"}],"version-history":[{"count":0,"href":"https:\/\/arteeluoghi.it\/index.php\/wp-json\/wp\/v2\/posts\/2072\/revisions"}],"wp:attachment":[{"href":"https:\/\/arteeluoghi.it\/index.php\/wp-json\/wp\/v2\/media?parent=2072"}],"wp:term":[{"taxonomy":"category","embeddable":true,"href":"https:\/\/arteeluoghi.it\/index.php\/wp-json\/wp\/v2\/categories?post=2072"},{"taxonomy":"post_tag","embeddable":true,"href":"https:\/\/arteeluoghi.it\/index.php\/wp-json\/wp\/v2\/tags?post=2072"}],"curies":[{"name":"wp","href":"https:\/\/api.w.org\/{rel}","templated":true}]}}