{"id":2074,"date":"2015-02-26T22:56:00","date_gmt":"2015-02-26T21:56:00","guid":{"rendered":"http:\/\/arteeluoghi.it\/index.php\/2015\/02\/26\/stasera-a-teatro-al-paisiello-di-lecce\/"},"modified":"2015-02-26T22:56:00","modified_gmt":"2015-02-26T21:56:00","slug":"stasera-a-teatro-al-paisiello-di-lecce","status":"publish","type":"post","link":"https:\/\/arteeluoghi.it\/index.php\/2015\/02\/26\/stasera-a-teatro-al-paisiello-di-lecce\/","title":{"rendered":"Stasera a teatro. Al Paisiello di Lecce"},"content":{"rendered":"<p><img src=\"\/images\/cornacchionevasini.jpg\" border=\"0\" title=\"la coppia Cornacchione - Vasini\" width=\"300\" style=\"margin: 21px; float: left;\" \/>Venerd\u00ec 27, sabato 28 e domenica 1 marzo gli appuntamenti con la stagione di prosa del Comune di Lecce<\/p>\n<p><strong>&#8220;L&#8217;ho fatto per il mio paese&#8221;. In scena la coppia Cornacchione Vasini<\/strong><\/p>\n<p>La stagione teatrale del Comune di Lecce prosegue con lo spettacolo di Antonio Cornacchione e Lucia Vasini<\/p>\n<p>Venerd\u00ec 27 febbraio (ore 21 &#8211; ingresso 8\/10\/12\/15 euro) la stagione di prosa del Comune di Lecce, organizzata in collaborazione con il Teatro Pubblico Pugliese, ospita al Teatro Paisiello lo spettacolo &#8220;L&#8217;ho fatto per il mio paese&#8221; di Francesco Freyrie e Andrea Zalone per la regia di Daniele Sala con Antonio Cornacchione e Lucia Vasini.<\/p>\n<p>  <!--more-->  <\/p>\n<p>Immaginatevi un uomo candido e incasinato, capace di sogni sconfinati, che parlano di libert\u00e0 uguaglianza e felicit\u00e0 per tutti. Un donchisciotte sempre comicamente in lotta con gli spigoli della vita, senza soldi, con la disdetta dell&#8217;affitto in una tasca e la lettera di fine rapporto di lavoro nell\u2019altra, artefice di un gesto folle e disperato: rapisce il Ministro che ha deciso il provvedimento e lo nasconde in cantina. Lo fa per s\u00e9, per la sua pensione ma soprattutto lo fa per il suo paese. Unite la tragicommedia di una donna Ministro, stimata docente universitaria, sposata con un finanziere ricchissimo, che vive in case raffinatissime secondo valori solidissimi e che \u00e8 scesa in politica solo per fare un favore al suo paese, ma un po\u2019 anche a se stessa, nella speranza di colmare una solitudine assai pi\u00f9 rara di tutte le specie rare che popolano la foresta pluviale del Borneo. Immaginate ora l&#8217;urto di questi due mondi e l\u2019inferno terrestre che si scatena vi regaler\u00e0 la commedia pi\u00f9 appassionata, folle e contemporanea a cui abbiate mai assistito dai tempi dell\u2019ultima crisi di Governo.<\/p>\n<p><img src=\"\/images\/foto2015\/PinoIngrossoEduardo.jpg\" border=\"0\" title=\"la locandina dello spettacolo\" width=\"300\" style=\"margin: 21px; float: right;\" \/>Sabato 28 febbraio (ore 21 &#8211; ingresso 99 centesimi) secondo appuntamento per la rassegna Teatro a 99 centesimi, organizzata dal Comune di Lecce con la direzione artistica di Carla Guido. In scena \u201cNapoli ed Eduardo, tra poesia e dolci melodie\u201d, spettacolo teatrale musicale di e con il tenore Pino Ingrosso e con l&#8217;attrice Carla Guido, il fisarmonicista Stefano Indino, il chitarrista Nando Di Modugno e Daniela Guercia (cori). Ascoltare le canzoni di Napoli vuol dire conoscere in pochi attimi l\u2019Anima di questa citt\u00e0, lo spirito, la filosofia, I sentimenti, i vizi e le virt\u00f9. A Napoli le tradizioni sono antiche e radicate, la musica \u00e8 l\u2019espressione pi\u00f9 forte con la quale i napoletani riescono ad esprimere ogni sentimento. A trent\u2019anni dalla scomparsa di Eduardo, questo spettacolo gli rende omaggio concedendosi un tuffo nel \u2018900 napoletano\u2019, attraverso i versi edoardiani incastonati, come per magia, nelle splendide melodie dell\u2019epoca.<\/p>\n<p>Domenica 1 marzo (ore 21 &#8211; ingresso 8\/10 euro) secondo appuntamento per &#8220;Improvviva! Rassegna Nazionale di Improvvisazione Teatrale&#8221;, organizzata da ImprovvisArt. In scena Improshow musicale, il sogno perfetto di ogni spettatore; Attori e Musicisti saranno i protagonisti di storie mai viste e assolutamente improvvisate: storie comiche, surreali, quotidiane, poetiche, musicali, che nascono solo da un piccolo spunto e dalla magia della musica capace di influenzare le atmosfere e i ritmi di ogni improvvisazione. Ogni attore lavorer\u00e0 accompagnato dal suono di uno strumento musicale, ogni musicista influenzer\u00e0 le scelte dell&#8217;improvvisatore: un legame inscindibile ma infinito, (come infinita \u00e8 la musica), un equilibrio improvvisato che porter\u00e0 l&#8217;attore a vivere emozioni, a cambiare ritmo, a giocare con la fantasia senza sosta. Oltre il Jazz, c&#8217;\u00e8 l&#8217;improvvisazione teatrale, quando l&#8217;improvvisazione teatrale si ferma, c&#8217;\u00e8 solo jazz; come un monologo, come un assolo (che beninteso non mancheranno durante lo spettacolo). Ed ecco l&#8217;Improshow Musicale: tante storie, piccole o lunghe, che nascono dal nulla o da poco, che viaggiano verso mondi sconosciuti o verso mondi cos\u00ec vicini a noi da non essere stati mai vissuti fino in fondo, che non hanno direzioni convenzionali perch\u00e9 sono esclusivamente improvvisate, istintive, vere, magiche. L&#8217;improvvisazione \u00e8 come la musica in fondo, infinita. Sul palco gli attori Debora Fedrigucci (Roma), Tiziano Storti (Roma), Mariadele Attanasio (Perugia) e i musicisti Giancarlo Dell&#8217;Anna (tromba), Marco Rollo (piano synth), Christian Martina (batteria) da Balkan Trip. La rassegna ha il contributo del Comune di Lecce (Assessorato alla Cultura, Turismo e Spettacolo), patrocinio della Regione Puglia e il supporto di Adisu Puglia (info347.8502529 &#8211; 328.7686080 &#8211; info@improvvisart.com).<\/p>\n<p>La lunga stagione del Teatro Paisiello \u00e8 divisa, infatti, in tre sezioni: una dedicata alla prosa con nove spettacoli (tra gli ospiti Emma Dante, Mario Perrotta e il cast di Dignit\u00e0 autonome di prostituzione che torna a Lecce per il terzo anno consecutivo); quella di improvvisazione teatrale a cura di Improvvisart e Teatro a 99 centesimi con alcuni spettacoli di compagnie pugliesi. Fuori abbonamento l&#8217;installazione 12Parole 7pentimenti della Officina Orsi a cura di Rubidori Manshaft al Castello Carlo V e Eva non \u00e8 ancora nata del magistrato Salvatore Cosentino, spettacolo di teatro-canzone dedicato alla condizione femminile nella societ\u00e0 odierna con sfumature polemiche e delicate.<\/p>\n<p>(fonte: comunicato stampa)<\/p>\n","protected":false},"excerpt":{"rendered":"<p>Venerd\u00ec 27, sabato 28 e domenica 1 marzo gli appuntamenti con la stagione di prosa del Comune di Lecce &#8220;L&#8217;ho<\/p>\n","protected":false},"author":1,"featured_media":0,"comment_status":"open","ping_status":"open","sticky":false,"template":"","format":"standard","meta":[],"categories":[13],"tags":[],"yoast_head":"<!-- This site is optimized with the Yoast SEO plugin v18.0 - https:\/\/yoast.com\/wordpress\/plugins\/seo\/ -->\n<title>Stasera a teatro. Al Paisiello di Lecce | Arte e Luoghi<\/title>\n<meta name=\"robots\" content=\"index, follow, max-snippet:-1, max-image-preview:large, max-video-preview:-1\" \/>\n<link rel=\"canonical\" href=\"https:\/\/arteeluoghi.it\/index.php\/2015\/02\/26\/stasera-a-teatro-al-paisiello-di-lecce\/\" \/>\n<meta property=\"og:locale\" content=\"it_IT\" \/>\n<meta property=\"og:type\" content=\"article\" \/>\n<meta property=\"og:title\" content=\"Stasera a teatro. Al Paisiello di Lecce | Arte e Luoghi\" \/>\n<meta property=\"og:description\" content=\"Venerd\u00ec 27, sabato 28 e domenica 1 marzo gli appuntamenti con la stagione di prosa del Comune di Lecce &#8220;L&#8217;ho\" \/>\n<meta property=\"og:url\" content=\"https:\/\/arteeluoghi.it\/index.php\/2015\/02\/26\/stasera-a-teatro-al-paisiello-di-lecce\/\" \/>\n<meta property=\"og:site_name\" content=\"Arte e Luoghi\" \/>\n<meta property=\"article:publisher\" content=\"https:\/\/www.facebook.com\/ArteELuoghi\/\" \/>\n<meta property=\"article:published_time\" content=\"2015-02-26T21:56:00+00:00\" \/>\n<meta property=\"og:image\" content=\"https:\/\/arteeluoghi.it\/images\/cornacchionevasini.jpg\" \/>\n<meta name=\"twitter:card\" content=\"summary\" \/>\n<meta name=\"twitter:creator\" content=\"@arteeluoghi\" \/>\n<meta name=\"twitter:site\" content=\"@arteeluoghi\" \/>\n<meta name=\"twitter:label1\" content=\"Scritto da\" \/>\n\t<meta name=\"twitter:data1\" content=\"Staff\" \/>\n\t<meta name=\"twitter:label2\" content=\"Tempo di lettura stimato\" \/>\n\t<meta name=\"twitter:data2\" content=\"4 minuti\" \/>\n<script type=\"application\/ld+json\" class=\"yoast-schema-graph\">{\"@context\":\"https:\/\/schema.org\",\"@graph\":[{\"@type\":\"Organization\",\"@id\":\"https:\/\/arteeluoghi.it\/#organization\",\"name\":\"Arte e Luoghi\",\"url\":\"https:\/\/arteeluoghi.it\/\",\"sameAs\":[\"https:\/\/www.facebook.com\/ArteELuoghi\/\",\"https:\/\/www.instagram.com\/arteeluoghi\/?hl=it\",\"https:\/\/www.youtube.com\/channel\/UCuRVc4JW4-C5sg9rQB-srkw?view_as=subscriber\",\"https:\/\/twitter.com\/arteeluoghi\"],\"logo\":{\"@type\":\"ImageObject\",\"@id\":\"https:\/\/arteeluoghi.it\/#logo\",\"inLanguage\":\"it-IT\",\"url\":\"https:\/\/arteeluoghi.it\/wp-content\/uploads\/2018\/08\/logoinstagramarte.jpg\",\"contentUrl\":\"https:\/\/arteeluoghi.it\/wp-content\/uploads\/2018\/08\/logoinstagramarte.jpg\",\"width\":150,\"height\":150,\"caption\":\"Arte e Luoghi\"},\"image\":{\"@id\":\"https:\/\/arteeluoghi.it\/#logo\"}},{\"@type\":\"WebSite\",\"@id\":\"https:\/\/arteeluoghi.it\/#website\",\"url\":\"https:\/\/arteeluoghi.it\/\",\"name\":\"Arte e Luoghi\",\"description\":\"Mensile di arte, cultura, turismo e curiosit\u00e0\",\"publisher\":{\"@id\":\"https:\/\/arteeluoghi.it\/#organization\"},\"potentialAction\":[{\"@type\":\"SearchAction\",\"target\":{\"@type\":\"EntryPoint\",\"urlTemplate\":\"https:\/\/arteeluoghi.it\/?s={search_term_string}\"},\"query-input\":\"required name=search_term_string\"}],\"inLanguage\":\"it-IT\"},{\"@type\":\"ImageObject\",\"@id\":\"https:\/\/arteeluoghi.it\/index.php\/2015\/02\/26\/stasera-a-teatro-al-paisiello-di-lecce\/#primaryimage\",\"inLanguage\":\"it-IT\",\"url\":\"\/images\/cornacchionevasini.jpg\",\"contentUrl\":\"\/images\/cornacchionevasini.jpg\"},{\"@type\":\"WebPage\",\"@id\":\"https:\/\/arteeluoghi.it\/index.php\/2015\/02\/26\/stasera-a-teatro-al-paisiello-di-lecce\/#webpage\",\"url\":\"https:\/\/arteeluoghi.it\/index.php\/2015\/02\/26\/stasera-a-teatro-al-paisiello-di-lecce\/\",\"name\":\"Stasera a teatro. Al Paisiello di Lecce | Arte e Luoghi\",\"isPartOf\":{\"@id\":\"https:\/\/arteeluoghi.it\/#website\"},\"primaryImageOfPage\":{\"@id\":\"https:\/\/arteeluoghi.it\/index.php\/2015\/02\/26\/stasera-a-teatro-al-paisiello-di-lecce\/#primaryimage\"},\"datePublished\":\"2015-02-26T21:56:00+00:00\",\"dateModified\":\"2015-02-26T21:56:00+00:00\",\"breadcrumb\":{\"@id\":\"https:\/\/arteeluoghi.it\/index.php\/2015\/02\/26\/stasera-a-teatro-al-paisiello-di-lecce\/#breadcrumb\"},\"inLanguage\":\"it-IT\",\"potentialAction\":[{\"@type\":\"ReadAction\",\"target\":[\"https:\/\/arteeluoghi.it\/index.php\/2015\/02\/26\/stasera-a-teatro-al-paisiello-di-lecce\/\"]}]},{\"@type\":\"BreadcrumbList\",\"@id\":\"https:\/\/arteeluoghi.it\/index.php\/2015\/02\/26\/stasera-a-teatro-al-paisiello-di-lecce\/#breadcrumb\",\"itemListElement\":[{\"@type\":\"ListItem\",\"position\":1,\"name\":\"Home\",\"item\":\"https:\/\/arteeluoghi.it\/\"},{\"@type\":\"ListItem\",\"position\":2,\"name\":\"Stasera a teatro. Al Paisiello di Lecce\"}]},{\"@type\":\"Article\",\"@id\":\"https:\/\/arteeluoghi.it\/index.php\/2015\/02\/26\/stasera-a-teatro-al-paisiello-di-lecce\/#article\",\"isPartOf\":{\"@id\":\"https:\/\/arteeluoghi.it\/index.php\/2015\/02\/26\/stasera-a-teatro-al-paisiello-di-lecce\/#webpage\"},\"author\":{\"@id\":\"https:\/\/arteeluoghi.it\/#\/schema\/person\/f84e814e36e91e01448ee07eaadd41d4\"},\"headline\":\"Stasera a teatro. Al Paisiello di Lecce\",\"datePublished\":\"2015-02-26T21:56:00+00:00\",\"dateModified\":\"2015-02-26T21:56:00+00:00\",\"mainEntityOfPage\":{\"@id\":\"https:\/\/arteeluoghi.it\/index.php\/2015\/02\/26\/stasera-a-teatro-al-paisiello-di-lecce\/#webpage\"},\"wordCount\":794,\"commentCount\":0,\"publisher\":{\"@id\":\"https:\/\/arteeluoghi.it\/#organization\"},\"image\":{\"@id\":\"https:\/\/arteeluoghi.it\/index.php\/2015\/02\/26\/stasera-a-teatro-al-paisiello-di-lecce\/#primaryimage\"},\"thumbnailUrl\":\"\/images\/cornacchionevasini.jpg\",\"articleSection\":[\"teatro\"],\"inLanguage\":\"it-IT\",\"potentialAction\":[{\"@type\":\"CommentAction\",\"name\":\"Comment\",\"target\":[\"https:\/\/arteeluoghi.it\/index.php\/2015\/02\/26\/stasera-a-teatro-al-paisiello-di-lecce\/#respond\"]}]},{\"@type\":\"Person\",\"@id\":\"https:\/\/arteeluoghi.it\/#\/schema\/person\/f84e814e36e91e01448ee07eaadd41d4\",\"name\":\"Staff\",\"image\":{\"@type\":\"ImageObject\",\"@id\":\"https:\/\/arteeluoghi.it\/#personlogo\",\"inLanguage\":\"it-IT\",\"url\":\"https:\/\/secure.gravatar.com\/avatar\/49d2f9e46271bb04e19cebfaf141313a?s=96&d=blank&r=g\",\"contentUrl\":\"https:\/\/secure.gravatar.com\/avatar\/49d2f9e46271bb04e19cebfaf141313a?s=96&d=blank&r=g\",\"caption\":\"Staff\"}}]}<\/script>\n<!-- \/ Yoast SEO plugin. -->","yoast_head_json":{"title":"Stasera a teatro. Al Paisiello di Lecce | Arte e Luoghi","robots":{"index":"index","follow":"follow","max-snippet":"max-snippet:-1","max-image-preview":"max-image-preview:large","max-video-preview":"max-video-preview:-1"},"canonical":"https:\/\/arteeluoghi.it\/index.php\/2015\/02\/26\/stasera-a-teatro-al-paisiello-di-lecce\/","og_locale":"it_IT","og_type":"article","og_title":"Stasera a teatro. Al Paisiello di Lecce | Arte e Luoghi","og_description":"Venerd\u00ec 27, sabato 28 e domenica 1 marzo gli appuntamenti con la stagione di prosa del Comune di Lecce &#8220;L&#8217;ho","og_url":"https:\/\/arteeluoghi.it\/index.php\/2015\/02\/26\/stasera-a-teatro-al-paisiello-di-lecce\/","og_site_name":"Arte e Luoghi","article_publisher":"https:\/\/www.facebook.com\/ArteELuoghi\/","article_published_time":"2015-02-26T21:56:00+00:00","og_image":[{"url":"https:\/\/arteeluoghi.it\/images\/cornacchionevasini.jpg"}],"twitter_card":"summary","twitter_creator":"@arteeluoghi","twitter_site":"@arteeluoghi","twitter_misc":{"Scritto da":"Staff","Tempo di lettura stimato":"4 minuti"},"schema":{"@context":"https:\/\/schema.org","@graph":[{"@type":"Organization","@id":"https:\/\/arteeluoghi.it\/#organization","name":"Arte e Luoghi","url":"https:\/\/arteeluoghi.it\/","sameAs":["https:\/\/www.facebook.com\/ArteELuoghi\/","https:\/\/www.instagram.com\/arteeluoghi\/?hl=it","https:\/\/www.youtube.com\/channel\/UCuRVc4JW4-C5sg9rQB-srkw?view_as=subscriber","https:\/\/twitter.com\/arteeluoghi"],"logo":{"@type":"ImageObject","@id":"https:\/\/arteeluoghi.it\/#logo","inLanguage":"it-IT","url":"https:\/\/arteeluoghi.it\/wp-content\/uploads\/2018\/08\/logoinstagramarte.jpg","contentUrl":"https:\/\/arteeluoghi.it\/wp-content\/uploads\/2018\/08\/logoinstagramarte.jpg","width":150,"height":150,"caption":"Arte e Luoghi"},"image":{"@id":"https:\/\/arteeluoghi.it\/#logo"}},{"@type":"WebSite","@id":"https:\/\/arteeluoghi.it\/#website","url":"https:\/\/arteeluoghi.it\/","name":"Arte e Luoghi","description":"Mensile di arte, cultura, turismo e curiosit\u00e0","publisher":{"@id":"https:\/\/arteeluoghi.it\/#organization"},"potentialAction":[{"@type":"SearchAction","target":{"@type":"EntryPoint","urlTemplate":"https:\/\/arteeluoghi.it\/?s={search_term_string}"},"query-input":"required name=search_term_string"}],"inLanguage":"it-IT"},{"@type":"ImageObject","@id":"https:\/\/arteeluoghi.it\/index.php\/2015\/02\/26\/stasera-a-teatro-al-paisiello-di-lecce\/#primaryimage","inLanguage":"it-IT","url":"\/images\/cornacchionevasini.jpg","contentUrl":"\/images\/cornacchionevasini.jpg"},{"@type":"WebPage","@id":"https:\/\/arteeluoghi.it\/index.php\/2015\/02\/26\/stasera-a-teatro-al-paisiello-di-lecce\/#webpage","url":"https:\/\/arteeluoghi.it\/index.php\/2015\/02\/26\/stasera-a-teatro-al-paisiello-di-lecce\/","name":"Stasera a teatro. Al Paisiello di Lecce | Arte e Luoghi","isPartOf":{"@id":"https:\/\/arteeluoghi.it\/#website"},"primaryImageOfPage":{"@id":"https:\/\/arteeluoghi.it\/index.php\/2015\/02\/26\/stasera-a-teatro-al-paisiello-di-lecce\/#primaryimage"},"datePublished":"2015-02-26T21:56:00+00:00","dateModified":"2015-02-26T21:56:00+00:00","breadcrumb":{"@id":"https:\/\/arteeluoghi.it\/index.php\/2015\/02\/26\/stasera-a-teatro-al-paisiello-di-lecce\/#breadcrumb"},"inLanguage":"it-IT","potentialAction":[{"@type":"ReadAction","target":["https:\/\/arteeluoghi.it\/index.php\/2015\/02\/26\/stasera-a-teatro-al-paisiello-di-lecce\/"]}]},{"@type":"BreadcrumbList","@id":"https:\/\/arteeluoghi.it\/index.php\/2015\/02\/26\/stasera-a-teatro-al-paisiello-di-lecce\/#breadcrumb","itemListElement":[{"@type":"ListItem","position":1,"name":"Home","item":"https:\/\/arteeluoghi.it\/"},{"@type":"ListItem","position":2,"name":"Stasera a teatro. Al Paisiello di Lecce"}]},{"@type":"Article","@id":"https:\/\/arteeluoghi.it\/index.php\/2015\/02\/26\/stasera-a-teatro-al-paisiello-di-lecce\/#article","isPartOf":{"@id":"https:\/\/arteeluoghi.it\/index.php\/2015\/02\/26\/stasera-a-teatro-al-paisiello-di-lecce\/#webpage"},"author":{"@id":"https:\/\/arteeluoghi.it\/#\/schema\/person\/f84e814e36e91e01448ee07eaadd41d4"},"headline":"Stasera a teatro. Al Paisiello di Lecce","datePublished":"2015-02-26T21:56:00+00:00","dateModified":"2015-02-26T21:56:00+00:00","mainEntityOfPage":{"@id":"https:\/\/arteeluoghi.it\/index.php\/2015\/02\/26\/stasera-a-teatro-al-paisiello-di-lecce\/#webpage"},"wordCount":794,"commentCount":0,"publisher":{"@id":"https:\/\/arteeluoghi.it\/#organization"},"image":{"@id":"https:\/\/arteeluoghi.it\/index.php\/2015\/02\/26\/stasera-a-teatro-al-paisiello-di-lecce\/#primaryimage"},"thumbnailUrl":"\/images\/cornacchionevasini.jpg","articleSection":["teatro"],"inLanguage":"it-IT","potentialAction":[{"@type":"CommentAction","name":"Comment","target":["https:\/\/arteeluoghi.it\/index.php\/2015\/02\/26\/stasera-a-teatro-al-paisiello-di-lecce\/#respond"]}]},{"@type":"Person","@id":"https:\/\/arteeluoghi.it\/#\/schema\/person\/f84e814e36e91e01448ee07eaadd41d4","name":"Staff","image":{"@type":"ImageObject","@id":"https:\/\/arteeluoghi.it\/#personlogo","inLanguage":"it-IT","url":"https:\/\/secure.gravatar.com\/avatar\/49d2f9e46271bb04e19cebfaf141313a?s=96&d=blank&r=g","contentUrl":"https:\/\/secure.gravatar.com\/avatar\/49d2f9e46271bb04e19cebfaf141313a?s=96&d=blank&r=g","caption":"Staff"}}]}},"_links":{"self":[{"href":"https:\/\/arteeluoghi.it\/index.php\/wp-json\/wp\/v2\/posts\/2074"}],"collection":[{"href":"https:\/\/arteeluoghi.it\/index.php\/wp-json\/wp\/v2\/posts"}],"about":[{"href":"https:\/\/arteeluoghi.it\/index.php\/wp-json\/wp\/v2\/types\/post"}],"author":[{"embeddable":true,"href":"https:\/\/arteeluoghi.it\/index.php\/wp-json\/wp\/v2\/users\/1"}],"replies":[{"embeddable":true,"href":"https:\/\/arteeluoghi.it\/index.php\/wp-json\/wp\/v2\/comments?post=2074"}],"version-history":[{"count":0,"href":"https:\/\/arteeluoghi.it\/index.php\/wp-json\/wp\/v2\/posts\/2074\/revisions"}],"wp:attachment":[{"href":"https:\/\/arteeluoghi.it\/index.php\/wp-json\/wp\/v2\/media?parent=2074"}],"wp:term":[{"taxonomy":"category","embeddable":true,"href":"https:\/\/arteeluoghi.it\/index.php\/wp-json\/wp\/v2\/categories?post=2074"},{"taxonomy":"post_tag","embeddable":true,"href":"https:\/\/arteeluoghi.it\/index.php\/wp-json\/wp\/v2\/tags?post=2074"}],"curies":[{"name":"wp","href":"https:\/\/api.w.org\/{rel}","templated":true}]}}