{"id":2075,"date":"2015-02-25T00:33:17","date_gmt":"2015-02-24T23:33:17","guid":{"rendered":"http:\/\/arteeluoghi.it\/index.php\/2015\/02\/25\/in-dono-un-libro-nati-per-leggere\/"},"modified":"2015-02-25T00:33:17","modified_gmt":"2015-02-24T23:33:17","slug":"in-dono-un-libro-nati-per-leggere","status":"publish","type":"post","link":"https:\/\/arteeluoghi.it\/index.php\/2015\/02\/25\/in-dono-un-libro-nati-per-leggere\/","title":{"rendered":"In dono un libro. Nati per leggere"},"content":{"rendered":"<p><img src=\"\/images\/bibliotecacavallino.jpg\" border=\"0\" title=\"Biblioteca &quot;Gino Rizzo&quot; Cavallino\" width=\"300\" style=\"margin: 21px; float: left;\" \/>Gioved\u00ec 26 Febbraio 2015 nella\u00a0Biblioteca comunale \u201cG. Rizzo&#8221; di cavallino\u00a0<\/p>\n<p><strong>Libro dono: un piccolo regalo di benvenuto<\/strong><\/p>\n<p>Gioved\u00ec 26 Febbraio 2015\u00a0 alle ore 16.30 presso la Biblioteca comunale \u201cG. Rizzo\u201d si svolger\u00e0 la cerimonia di consegna del \u201cLibro dono: un piccolo regalo di benvenuto\u201d , appuntamento annuale (\u00e8 questo il sesto anno consecutivo) con cui l\u2019 Amministrazione comunale di Cavallino accompagna la promozione del progetto nazionale \u201cNati per leggere\u201d (http:\/\/www.natiperleggere.it\/).<\/p>\n<p>  <!--more-->  <\/p>\n<p>A tutte le famiglie dei nati nel 2014 e residenti a Cavallino, sar\u00e0 consegnato il kit omaggio contenente un libro, adatto ai bambini di et\u00e0 compresa tra 0 e 18 mesi, guide per orientarsi nella scelta dei libri di qualit\u00e0 per la fascia di et\u00e0 0-6 anni, materiale informativo sull\u2019importanza della lettura sin dalla pi\u00f9 tenera et\u00e0 e il volume: Cavallino citt\u00e0 d&#8217;arte e di Cultura, disegni di P. Pascali, Congedo 2006. Il libro dono costituisce l&#8217;occasione per l&#8217;avvio di un dialogo con le famiglie alle quali la Biblioteca comunale di Cavallino garantisce spazi idonei all&#8217;accoglienza dei piccoli lettori e dei loro genitori, un&#8217;adeguata offerta libraria anche per i bambini in et\u00e0 prescolare, attivit\u00e0 di promozione delle proposte editoriali con letture ad alta voce rivolte ai pi\u00f9 piccoli, iniziative di sensibilizzazione e formazione circa i benefici della lettura precoce, attivazione di punti lettura presso gli ambulatori pediatrici. Eccezionalmente, quest&#8217;anno, a sostegno dell&#8217;importante e consolidata esperienza di \u201cNati per leggere\u201d, le famiglie ritireranno un ulteriore kit di libri (fascia 0-3 anni) offerto, attraverso il progetto \u201cIn Vitro\u201d (http:\/\/www.progettoinvitro.it\/), dal Ministero dei Beni e delle Attivit\u00e0 culturali e del Turismo.<br \/>Nel corso dell\u2019evento, il personale della biblioteca presenter\u00e0 i progetti nazionali \u201cNati Per Leggere\u201d e \u201cIn Vitro\u201d e le modalit\u00e0 di attuazione a livello locale, in una rete territoriale in cui sono impegnati da protagonisti, accanto alla Biblioteca, l&#8217;ASL Lecce, i Pediatri di Libera Scelta dottori Claudio Casile e Maria Innocente , l&#8217;Istituto comprensivo \u201cL. Da Vinci\u201d, l&#8217;Oratorio parrocchiale, il centro ludico \u201cSulle ali della farfalla\u201d, la scuola dell&#8217;infanzia \u201cVilla magia\u201d e in fine, ma non meno importanti, i lettori volontari. Per maggiori dettagli circa le iniziative di promozione della lettura nel comune di Cavallino sostenute e coordinate dalla Biblioteca si rinvia alla pagine dedicata all&#8217;interno del sito ufficiale del Comune (http:\/\/www.comune.cavallino.le.it\/index.php?option=com_content&amp;task=view&amp;id=41&amp;Itemid=54)<\/p>\n<p>(fonte: comunicato stampa)<\/p>\n","protected":false},"excerpt":{"rendered":"<p>Gioved\u00ec 26 Febbraio 2015 nella\u00a0Biblioteca comunale \u201cG. Rizzo&#8221; di cavallino\u00a0 Libro dono: un piccolo regalo di benvenuto Gioved\u00ec 26 Febbraio<\/p>\n","protected":false},"author":1,"featured_media":0,"comment_status":"open","ping_status":"open","sticky":false,"template":"","format":"standard","meta":[],"categories":[36],"tags":[],"yoast_head":"<!-- This site is optimized with the Yoast SEO plugin v18.0 - https:\/\/yoast.com\/wordpress\/plugins\/seo\/ -->\n<title>In dono un libro. Nati per leggere | Arte e Luoghi<\/title>\n<meta name=\"robots\" content=\"index, follow, max-snippet:-1, max-image-preview:large, max-video-preview:-1\" \/>\n<link rel=\"canonical\" href=\"https:\/\/arteeluoghi.it\/index.php\/2015\/02\/25\/in-dono-un-libro-nati-per-leggere\/\" \/>\n<meta property=\"og:locale\" content=\"it_IT\" \/>\n<meta property=\"og:type\" content=\"article\" \/>\n<meta property=\"og:title\" content=\"In dono un libro. Nati per leggere | Arte e Luoghi\" \/>\n<meta property=\"og:description\" content=\"Gioved\u00ec 26 Febbraio 2015 nella\u00a0Biblioteca comunale \u201cG. Rizzo&#8221; di cavallino\u00a0 Libro dono: un piccolo regalo di benvenuto Gioved\u00ec 26 Febbraio\" \/>\n<meta property=\"og:url\" content=\"https:\/\/arteeluoghi.it\/index.php\/2015\/02\/25\/in-dono-un-libro-nati-per-leggere\/\" \/>\n<meta property=\"og:site_name\" content=\"Arte e Luoghi\" \/>\n<meta property=\"article:publisher\" content=\"https:\/\/www.facebook.com\/ArteELuoghi\/\" \/>\n<meta property=\"article:published_time\" content=\"2015-02-24T23:33:17+00:00\" \/>\n<meta property=\"og:image\" content=\"https:\/\/arteeluoghi.it\/images\/bibliotecacavallino.jpg\" \/>\n<meta name=\"twitter:card\" content=\"summary\" \/>\n<meta name=\"twitter:creator\" content=\"@arteeluoghi\" \/>\n<meta name=\"twitter:site\" content=\"@arteeluoghi\" \/>\n<meta name=\"twitter:label1\" content=\"Scritto da\" \/>\n\t<meta name=\"twitter:data1\" content=\"Staff\" \/>\n\t<meta name=\"twitter:label2\" content=\"Tempo di lettura stimato\" \/>\n\t<meta name=\"twitter:data2\" content=\"2 minuti\" \/>\n<script type=\"application\/ld+json\" class=\"yoast-schema-graph\">{\"@context\":\"https:\/\/schema.org\",\"@graph\":[{\"@type\":\"Organization\",\"@id\":\"https:\/\/arteeluoghi.it\/#organization\",\"name\":\"Arte e Luoghi\",\"url\":\"https:\/\/arteeluoghi.it\/\",\"sameAs\":[\"https:\/\/www.facebook.com\/ArteELuoghi\/\",\"https:\/\/www.instagram.com\/arteeluoghi\/?hl=it\",\"https:\/\/www.youtube.com\/channel\/UCuRVc4JW4-C5sg9rQB-srkw?view_as=subscriber\",\"https:\/\/twitter.com\/arteeluoghi\"],\"logo\":{\"@type\":\"ImageObject\",\"@id\":\"https:\/\/arteeluoghi.it\/#logo\",\"inLanguage\":\"it-IT\",\"url\":\"https:\/\/arteeluoghi.it\/wp-content\/uploads\/2018\/08\/logoinstagramarte.jpg\",\"contentUrl\":\"https:\/\/arteeluoghi.it\/wp-content\/uploads\/2018\/08\/logoinstagramarte.jpg\",\"width\":150,\"height\":150,\"caption\":\"Arte e Luoghi\"},\"image\":{\"@id\":\"https:\/\/arteeluoghi.it\/#logo\"}},{\"@type\":\"WebSite\",\"@id\":\"https:\/\/arteeluoghi.it\/#website\",\"url\":\"https:\/\/arteeluoghi.it\/\",\"name\":\"Arte e Luoghi\",\"description\":\"Mensile di arte, cultura, turismo e curiosit\u00e0\",\"publisher\":{\"@id\":\"https:\/\/arteeluoghi.it\/#organization\"},\"potentialAction\":[{\"@type\":\"SearchAction\",\"target\":{\"@type\":\"EntryPoint\",\"urlTemplate\":\"https:\/\/arteeluoghi.it\/?s={search_term_string}\"},\"query-input\":\"required name=search_term_string\"}],\"inLanguage\":\"it-IT\"},{\"@type\":\"ImageObject\",\"@id\":\"https:\/\/arteeluoghi.it\/index.php\/2015\/02\/25\/in-dono-un-libro-nati-per-leggere\/#primaryimage\",\"inLanguage\":\"it-IT\",\"url\":\"\/images\/bibliotecacavallino.jpg\",\"contentUrl\":\"\/images\/bibliotecacavallino.jpg\"},{\"@type\":\"WebPage\",\"@id\":\"https:\/\/arteeluoghi.it\/index.php\/2015\/02\/25\/in-dono-un-libro-nati-per-leggere\/#webpage\",\"url\":\"https:\/\/arteeluoghi.it\/index.php\/2015\/02\/25\/in-dono-un-libro-nati-per-leggere\/\",\"name\":\"In dono un libro. Nati per leggere | Arte e Luoghi\",\"isPartOf\":{\"@id\":\"https:\/\/arteeluoghi.it\/#website\"},\"primaryImageOfPage\":{\"@id\":\"https:\/\/arteeluoghi.it\/index.php\/2015\/02\/25\/in-dono-un-libro-nati-per-leggere\/#primaryimage\"},\"datePublished\":\"2015-02-24T23:33:17+00:00\",\"dateModified\":\"2015-02-24T23:33:17+00:00\",\"breadcrumb\":{\"@id\":\"https:\/\/arteeluoghi.it\/index.php\/2015\/02\/25\/in-dono-un-libro-nati-per-leggere\/#breadcrumb\"},\"inLanguage\":\"it-IT\",\"potentialAction\":[{\"@type\":\"ReadAction\",\"target\":[\"https:\/\/arteeluoghi.it\/index.php\/2015\/02\/25\/in-dono-un-libro-nati-per-leggere\/\"]}]},{\"@type\":\"BreadcrumbList\",\"@id\":\"https:\/\/arteeluoghi.it\/index.php\/2015\/02\/25\/in-dono-un-libro-nati-per-leggere\/#breadcrumb\",\"itemListElement\":[{\"@type\":\"ListItem\",\"position\":1,\"name\":\"Home\",\"item\":\"https:\/\/arteeluoghi.it\/\"},{\"@type\":\"ListItem\",\"position\":2,\"name\":\"In dono un libro. Nati per leggere\"}]},{\"@type\":\"Article\",\"@id\":\"https:\/\/arteeluoghi.it\/index.php\/2015\/02\/25\/in-dono-un-libro-nati-per-leggere\/#article\",\"isPartOf\":{\"@id\":\"https:\/\/arteeluoghi.it\/index.php\/2015\/02\/25\/in-dono-un-libro-nati-per-leggere\/#webpage\"},\"author\":{\"@id\":\"https:\/\/arteeluoghi.it\/#\/schema\/person\/f84e814e36e91e01448ee07eaadd41d4\"},\"headline\":\"In dono un libro. Nati per leggere\",\"datePublished\":\"2015-02-24T23:33:17+00:00\",\"dateModified\":\"2015-02-24T23:33:17+00:00\",\"mainEntityOfPage\":{\"@id\":\"https:\/\/arteeluoghi.it\/index.php\/2015\/02\/25\/in-dono-un-libro-nati-per-leggere\/#webpage\"},\"wordCount\":394,\"commentCount\":0,\"publisher\":{\"@id\":\"https:\/\/arteeluoghi.it\/#organization\"},\"image\":{\"@id\":\"https:\/\/arteeluoghi.it\/index.php\/2015\/02\/25\/in-dono-un-libro-nati-per-leggere\/#primaryimage\"},\"thumbnailUrl\":\"\/images\/bibliotecacavallino.jpg\",\"articleSection\":[\"CuriosAr(t)e\"],\"inLanguage\":\"it-IT\",\"potentialAction\":[{\"@type\":\"CommentAction\",\"name\":\"Comment\",\"target\":[\"https:\/\/arteeluoghi.it\/index.php\/2015\/02\/25\/in-dono-un-libro-nati-per-leggere\/#respond\"]}]},{\"@type\":\"Person\",\"@id\":\"https:\/\/arteeluoghi.it\/#\/schema\/person\/f84e814e36e91e01448ee07eaadd41d4\",\"name\":\"Staff\",\"image\":{\"@type\":\"ImageObject\",\"@id\":\"https:\/\/arteeluoghi.it\/#personlogo\",\"inLanguage\":\"it-IT\",\"url\":\"https:\/\/secure.gravatar.com\/avatar\/49d2f9e46271bb04e19cebfaf141313a?s=96&d=blank&r=g\",\"contentUrl\":\"https:\/\/secure.gravatar.com\/avatar\/49d2f9e46271bb04e19cebfaf141313a?s=96&d=blank&r=g\",\"caption\":\"Staff\"}}]}<\/script>\n<!-- \/ Yoast SEO plugin. -->","yoast_head_json":{"title":"In dono un libro. Nati per leggere | Arte e Luoghi","robots":{"index":"index","follow":"follow","max-snippet":"max-snippet:-1","max-image-preview":"max-image-preview:large","max-video-preview":"max-video-preview:-1"},"canonical":"https:\/\/arteeluoghi.it\/index.php\/2015\/02\/25\/in-dono-un-libro-nati-per-leggere\/","og_locale":"it_IT","og_type":"article","og_title":"In dono un libro. Nati per leggere | Arte e Luoghi","og_description":"Gioved\u00ec 26 Febbraio 2015 nella\u00a0Biblioteca comunale \u201cG. Rizzo&#8221; di cavallino\u00a0 Libro dono: un piccolo regalo di benvenuto Gioved\u00ec 26 Febbraio","og_url":"https:\/\/arteeluoghi.it\/index.php\/2015\/02\/25\/in-dono-un-libro-nati-per-leggere\/","og_site_name":"Arte e Luoghi","article_publisher":"https:\/\/www.facebook.com\/ArteELuoghi\/","article_published_time":"2015-02-24T23:33:17+00:00","og_image":[{"url":"https:\/\/arteeluoghi.it\/images\/bibliotecacavallino.jpg"}],"twitter_card":"summary","twitter_creator":"@arteeluoghi","twitter_site":"@arteeluoghi","twitter_misc":{"Scritto da":"Staff","Tempo di lettura stimato":"2 minuti"},"schema":{"@context":"https:\/\/schema.org","@graph":[{"@type":"Organization","@id":"https:\/\/arteeluoghi.it\/#organization","name":"Arte e Luoghi","url":"https:\/\/arteeluoghi.it\/","sameAs":["https:\/\/www.facebook.com\/ArteELuoghi\/","https:\/\/www.instagram.com\/arteeluoghi\/?hl=it","https:\/\/www.youtube.com\/channel\/UCuRVc4JW4-C5sg9rQB-srkw?view_as=subscriber","https:\/\/twitter.com\/arteeluoghi"],"logo":{"@type":"ImageObject","@id":"https:\/\/arteeluoghi.it\/#logo","inLanguage":"it-IT","url":"https:\/\/arteeluoghi.it\/wp-content\/uploads\/2018\/08\/logoinstagramarte.jpg","contentUrl":"https:\/\/arteeluoghi.it\/wp-content\/uploads\/2018\/08\/logoinstagramarte.jpg","width":150,"height":150,"caption":"Arte e Luoghi"},"image":{"@id":"https:\/\/arteeluoghi.it\/#logo"}},{"@type":"WebSite","@id":"https:\/\/arteeluoghi.it\/#website","url":"https:\/\/arteeluoghi.it\/","name":"Arte e Luoghi","description":"Mensile di arte, cultura, turismo e curiosit\u00e0","publisher":{"@id":"https:\/\/arteeluoghi.it\/#organization"},"potentialAction":[{"@type":"SearchAction","target":{"@type":"EntryPoint","urlTemplate":"https:\/\/arteeluoghi.it\/?s={search_term_string}"},"query-input":"required name=search_term_string"}],"inLanguage":"it-IT"},{"@type":"ImageObject","@id":"https:\/\/arteeluoghi.it\/index.php\/2015\/02\/25\/in-dono-un-libro-nati-per-leggere\/#primaryimage","inLanguage":"it-IT","url":"\/images\/bibliotecacavallino.jpg","contentUrl":"\/images\/bibliotecacavallino.jpg"},{"@type":"WebPage","@id":"https:\/\/arteeluoghi.it\/index.php\/2015\/02\/25\/in-dono-un-libro-nati-per-leggere\/#webpage","url":"https:\/\/arteeluoghi.it\/index.php\/2015\/02\/25\/in-dono-un-libro-nati-per-leggere\/","name":"In dono un libro. Nati per leggere | Arte e Luoghi","isPartOf":{"@id":"https:\/\/arteeluoghi.it\/#website"},"primaryImageOfPage":{"@id":"https:\/\/arteeluoghi.it\/index.php\/2015\/02\/25\/in-dono-un-libro-nati-per-leggere\/#primaryimage"},"datePublished":"2015-02-24T23:33:17+00:00","dateModified":"2015-02-24T23:33:17+00:00","breadcrumb":{"@id":"https:\/\/arteeluoghi.it\/index.php\/2015\/02\/25\/in-dono-un-libro-nati-per-leggere\/#breadcrumb"},"inLanguage":"it-IT","potentialAction":[{"@type":"ReadAction","target":["https:\/\/arteeluoghi.it\/index.php\/2015\/02\/25\/in-dono-un-libro-nati-per-leggere\/"]}]},{"@type":"BreadcrumbList","@id":"https:\/\/arteeluoghi.it\/index.php\/2015\/02\/25\/in-dono-un-libro-nati-per-leggere\/#breadcrumb","itemListElement":[{"@type":"ListItem","position":1,"name":"Home","item":"https:\/\/arteeluoghi.it\/"},{"@type":"ListItem","position":2,"name":"In dono un libro. Nati per leggere"}]},{"@type":"Article","@id":"https:\/\/arteeluoghi.it\/index.php\/2015\/02\/25\/in-dono-un-libro-nati-per-leggere\/#article","isPartOf":{"@id":"https:\/\/arteeluoghi.it\/index.php\/2015\/02\/25\/in-dono-un-libro-nati-per-leggere\/#webpage"},"author":{"@id":"https:\/\/arteeluoghi.it\/#\/schema\/person\/f84e814e36e91e01448ee07eaadd41d4"},"headline":"In dono un libro. Nati per leggere","datePublished":"2015-02-24T23:33:17+00:00","dateModified":"2015-02-24T23:33:17+00:00","mainEntityOfPage":{"@id":"https:\/\/arteeluoghi.it\/index.php\/2015\/02\/25\/in-dono-un-libro-nati-per-leggere\/#webpage"},"wordCount":394,"commentCount":0,"publisher":{"@id":"https:\/\/arteeluoghi.it\/#organization"},"image":{"@id":"https:\/\/arteeluoghi.it\/index.php\/2015\/02\/25\/in-dono-un-libro-nati-per-leggere\/#primaryimage"},"thumbnailUrl":"\/images\/bibliotecacavallino.jpg","articleSection":["CuriosAr(t)e"],"inLanguage":"it-IT","potentialAction":[{"@type":"CommentAction","name":"Comment","target":["https:\/\/arteeluoghi.it\/index.php\/2015\/02\/25\/in-dono-un-libro-nati-per-leggere\/#respond"]}]},{"@type":"Person","@id":"https:\/\/arteeluoghi.it\/#\/schema\/person\/f84e814e36e91e01448ee07eaadd41d4","name":"Staff","image":{"@type":"ImageObject","@id":"https:\/\/arteeluoghi.it\/#personlogo","inLanguage":"it-IT","url":"https:\/\/secure.gravatar.com\/avatar\/49d2f9e46271bb04e19cebfaf141313a?s=96&d=blank&r=g","contentUrl":"https:\/\/secure.gravatar.com\/avatar\/49d2f9e46271bb04e19cebfaf141313a?s=96&d=blank&r=g","caption":"Staff"}}]}},"_links":{"self":[{"href":"https:\/\/arteeluoghi.it\/index.php\/wp-json\/wp\/v2\/posts\/2075"}],"collection":[{"href":"https:\/\/arteeluoghi.it\/index.php\/wp-json\/wp\/v2\/posts"}],"about":[{"href":"https:\/\/arteeluoghi.it\/index.php\/wp-json\/wp\/v2\/types\/post"}],"author":[{"embeddable":true,"href":"https:\/\/arteeluoghi.it\/index.php\/wp-json\/wp\/v2\/users\/1"}],"replies":[{"embeddable":true,"href":"https:\/\/arteeluoghi.it\/index.php\/wp-json\/wp\/v2\/comments?post=2075"}],"version-history":[{"count":0,"href":"https:\/\/arteeluoghi.it\/index.php\/wp-json\/wp\/v2\/posts\/2075\/revisions"}],"wp:attachment":[{"href":"https:\/\/arteeluoghi.it\/index.php\/wp-json\/wp\/v2\/media?parent=2075"}],"wp:term":[{"taxonomy":"category","embeddable":true,"href":"https:\/\/arteeluoghi.it\/index.php\/wp-json\/wp\/v2\/categories?post=2075"},{"taxonomy":"post_tag","embeddable":true,"href":"https:\/\/arteeluoghi.it\/index.php\/wp-json\/wp\/v2\/tags?post=2075"}],"curies":[{"name":"wp","href":"https:\/\/api.w.org\/{rel}","templated":true}]}}