{"id":2076,"date":"2015-02-25T00:30:00","date_gmt":"2015-02-24T23:30:00","guid":{"rendered":"http:\/\/arteeluoghi.it\/index.php\/2015\/02\/25\/nel-segno-di-rossini\/"},"modified":"2015-02-25T00:30:00","modified_gmt":"2015-02-24T23:30:00","slug":"nel-segno-di-rossini","status":"publish","type":"post","link":"https:\/\/arteeluoghi.it\/index.php\/2015\/02\/25\/nel-segno-di-rossini\/","title":{"rendered":"Nel segno di Rossini"},"content":{"rendered":"<p>\u00a0<\/p>\n<p>\u00a0<\/p>\n<p><img src=\"\/images\/confstampabarbiere.jpg\" border=\"0\" title=\"un momento della conferenza stampa nel foyer del Politeama Greco\" width=\"400\" style=\"margin: 21px; float: left;\" \/>Tre titoli, Il Barbiere di Siviglia, il Nabucco e Madama Butterfly, per il cartellone della 46esima stagione Lirica della Provincia di Lecce. Si inizia il 27 febbraio 2015 con replica il 1\u00b0 marzo<\/p>\n<p><strong>Su il sipario con Il barbiere di Siviglia\u00a0<\/strong><\/p>\n<p>di Antonietta Fulvio<\/p>\n<p>\u00a0<\/p>\n<p>Lecce. Nel segno di Gioacchino Rossini. Con Il Barbiere di Siviglia (opera in due atti con libretto di Cesare Sterbini), \u00a0regia di Bruno Pratic\u00f2, si alza venerd\u00ec 27 febbraio nel Politeama Greco il sipario sulla 46esima stagione lirica della Provincia di Lecce. Una stagione che rischiava di essere cancellata per le risorse, divenute ancor pi\u00f9 esigue con la riforma delle province ma, grazie all\u2019apporto della famiglia Greco, e al lavoro del direttore artistico De Lucia, anche quest\u2019anno Lecce avr\u00e0 la sua stagione, ha rimarcato la consigliera Simona Manca.<\/p>\n<p>  <!--more-->  <\/p>\n<p>\u201cSiamo lieti di presentare questo cartellone perch\u00e9 garantiamo continuit\u00e0 alla storia lirica della citt\u00e0. Non realizzarlo sarebbe stato come commettere un omicidio, non fatto da noi naturalmente. La nostra maggiore soddisfazione sta anche in un\u2019altra ragione: la stagione lirica dar\u00e0 un po\u2019 di respiro a chi non riesce a lavorare tutto l\u2019anno, dalle maestranze, allo staff, ai professori d\u2019orchestra\u201d. E a dirigere l\u2019orchestra per la prima opera in programma ci sar\u00e0 il Maestro direttore e concertatore Alberto Veronesi, per lui un gradito ritorno a Lecce: \u201cSono felice di essere qui. \u2013 ha commentato il maestro &#8211; Lecce \u00e8 una citt\u00e0 che mi \u00e8 rimasta nel cuore e nella memoria in maniera notevole gi\u00e0 da quando venni, quindici anni fa, su invito di Katia Ricciarelli. Sono stato il primo direttore stabile del Petruzzelli ricostruito e, quindi, ho una particolare propensione per questa regione e per i suoi gioielli. Trovo straordinario che si faccia una Stagione Lirica con tutte le problematiche che ci sono. All\u2019estero la programmazione si fa con cinque anni di anticipo, qui in Italia con dieci giorni di anticipo ha ironizzato il maestro evidenziando lo stato dell\u2019arte, le difficolt\u00e0 con le quali chi fa spettacolo deve misurarsi ma la Lirica va avanti nonostante tutto grazie anche agli impegni della politica che sa investire su un progetto culturale. \u201cSiamo venuti qui quasi gratuitamente, proprio perch\u00e9 vogliamo dare una mano. \u00c8 un impegno che abbiamo preso con sacrificio, ma anche con grande gioia\u201d.<\/p>\n<p>\u201cLa Stagione Lirica \u00e8 una Stagione che vive, non sopravvive. Stiamo facendo una Stagione che \u00e8 un patrimonio della Citt\u00e0 e Lecce \u00e8 un patrimonio di tutti. Nonostante le difficolt\u00e0 la qualit\u00e0 \u00e8 elevatissima \u2013 \u00e8 intervenuto il direttore artistico Carlo Antonio De Lucia che ha rimarcato come sia stata scelta per la prima\u00a0 un\u2019opera viva quale Il barbiere di Siviglia. Una messa in scena nel segno della classicit\u00e0 e, soprattutto, nella sua giusta ambientazione storica, non \u00e8 giusto far vivere al pubblico la quotidianit\u00e0 anche nel teatro ha spiegato il regista Bruno Pratic\u00f2, \u00a0tra l\u2019altro, grande interprete dei ruoli da baritono buffo, con all\u2019attivo pi\u00f9 di cento ruoli sui palcoscenici dei maggiori teatri del mondo. \u201cCredo, infatti, che il teatro sia un\u2019occasione di evasione e <img src=\"\/images\/Barbiere_di_Siviglia_frontespizio.JPG\" border=\"0\" width=\"300\" style=\"margin: 21px; float: left; border: 1px solid black;\" \/>lo spettatore pu\u00f2 evadere solo se si cala in un altro mondo, in un\u2019altra epoca. Ci sono costumi molto belli, anche la scenografia \u00e8 ottima\u201d.<\/p>\n<p>Ottimo anche il cast con Blagoy Nacoski che sar\u00e0 il conte di Almaviva (interpretato nella replica del 1\u00b0 marzo da Filippo Pina Castiglioni ), lo stesso Bruno Pratic\u00f2 nel ruolo di Don Bartolo e Fulvio Valenti in quello di Don Basilio, mentre Anna Corvino\u00a0 vestir\u00e0 i panni di Rosina e Maurizio Leoni sar\u00e0 Figaro. Completano il cast Idilia Annese (Berta), Carlo Provenzano (Fiorello \u2013 un ufficiale).<\/p>\n<p>Le note rossiniane saranno eseguite dall\u2019Orchestra Sinfonica di Lecce diretta dal maestro Alberto Veronesi, nato a Milano, fondatore, ancora studente, dell\u2019Orchestra Guido Cantelli del Conservatorio Verdi di Milano, direttore artistico e musicale del Festival Puccini di Torre del Lago (1999), direttore dell\u2019Orchestra Sinfonica Siciliana di Palermo (2001), Musical Director della stagione 2011-2012 dell\u2019Opera Orchestra of New York (2010), primo Direttore Stabile del Teatro Petruzzelli di Bari dopo la sua ricostruzione (2011)<\/p>\n<p>Al maestro Andrea Crastolla sar\u00e0 affidata la direzione del Coro lirico di Lecce.<\/p>\n<p>Una prima che si preannuncia straordinaria come lo \u00e8 l\u2019opera lirica che \u2013 ha rimarcato lo stesso Pratic\u00f2 \u2013 \u00e8 l\u2019unico mezzo per far conoscere al mondo la nostra lingua\u201d.<\/p>\n<p>\u00a0<\/p>\n<p>\u00a0<\/p>\n<p>\u00a0<\/p>\n<p>\u00a0<\/p>\n<p>\u00a0<\/p>\n<p>\u00a0<\/p>\n<p>\u00a0<\/p>\n<p>\u00a0<\/p>\n","protected":false},"excerpt":{"rendered":"<p>\u00a0 \u00a0 Tre titoli, Il Barbiere di Siviglia, il Nabucco e Madama Butterfly, per il cartellone della 46esima stagione Lirica<\/p>\n","protected":false},"author":1,"featured_media":0,"comment_status":"open","ping_status":"open","sticky":false,"template":"","format":"standard","meta":[],"categories":[12],"tags":[],"yoast_head":"<!-- This site is optimized with the Yoast SEO plugin v18.0 - https:\/\/yoast.com\/wordpress\/plugins\/seo\/ -->\n<title>Nel segno di Rossini | Arte e Luoghi<\/title>\n<meta name=\"robots\" content=\"index, follow, max-snippet:-1, max-image-preview:large, max-video-preview:-1\" \/>\n<link rel=\"canonical\" href=\"https:\/\/arteeluoghi.it\/index.php\/2015\/02\/25\/nel-segno-di-rossini\/\" \/>\n<meta property=\"og:locale\" content=\"it_IT\" \/>\n<meta property=\"og:type\" content=\"article\" \/>\n<meta property=\"og:title\" content=\"Nel segno di Rossini | Arte e Luoghi\" \/>\n<meta property=\"og:description\" content=\"\u00a0 \u00a0 Tre titoli, Il Barbiere di Siviglia, il Nabucco e Madama Butterfly, per il cartellone della 46esima stagione Lirica\" \/>\n<meta property=\"og:url\" content=\"https:\/\/arteeluoghi.it\/index.php\/2015\/02\/25\/nel-segno-di-rossini\/\" \/>\n<meta property=\"og:site_name\" content=\"Arte e Luoghi\" \/>\n<meta property=\"article:publisher\" content=\"https:\/\/www.facebook.com\/ArteELuoghi\/\" \/>\n<meta property=\"article:published_time\" content=\"2015-02-24T23:30:00+00:00\" \/>\n<meta property=\"og:image\" content=\"https:\/\/arteeluoghi.it\/images\/confstampabarbiere.jpg\" \/>\n<meta name=\"twitter:card\" content=\"summary\" \/>\n<meta name=\"twitter:creator\" content=\"@arteeluoghi\" \/>\n<meta name=\"twitter:site\" content=\"@arteeluoghi\" \/>\n<meta name=\"twitter:label1\" content=\"Scritto da\" \/>\n\t<meta name=\"twitter:data1\" content=\"Staff\" \/>\n\t<meta name=\"twitter:label2\" content=\"Tempo di lettura stimato\" \/>\n\t<meta name=\"twitter:data2\" content=\"3 minuti\" \/>\n<script type=\"application\/ld+json\" class=\"yoast-schema-graph\">{\"@context\":\"https:\/\/schema.org\",\"@graph\":[{\"@type\":\"Organization\",\"@id\":\"https:\/\/arteeluoghi.it\/#organization\",\"name\":\"Arte e Luoghi\",\"url\":\"https:\/\/arteeluoghi.it\/\",\"sameAs\":[\"https:\/\/www.facebook.com\/ArteELuoghi\/\",\"https:\/\/www.instagram.com\/arteeluoghi\/?hl=it\",\"https:\/\/www.youtube.com\/channel\/UCuRVc4JW4-C5sg9rQB-srkw?view_as=subscriber\",\"https:\/\/twitter.com\/arteeluoghi\"],\"logo\":{\"@type\":\"ImageObject\",\"@id\":\"https:\/\/arteeluoghi.it\/#logo\",\"inLanguage\":\"it-IT\",\"url\":\"https:\/\/arteeluoghi.it\/wp-content\/uploads\/2018\/08\/logoinstagramarte.jpg\",\"contentUrl\":\"https:\/\/arteeluoghi.it\/wp-content\/uploads\/2018\/08\/logoinstagramarte.jpg\",\"width\":150,\"height\":150,\"caption\":\"Arte e Luoghi\"},\"image\":{\"@id\":\"https:\/\/arteeluoghi.it\/#logo\"}},{\"@type\":\"WebSite\",\"@id\":\"https:\/\/arteeluoghi.it\/#website\",\"url\":\"https:\/\/arteeluoghi.it\/\",\"name\":\"Arte e Luoghi\",\"description\":\"Mensile di arte, cultura, turismo e curiosit\u00e0\",\"publisher\":{\"@id\":\"https:\/\/arteeluoghi.it\/#organization\"},\"potentialAction\":[{\"@type\":\"SearchAction\",\"target\":{\"@type\":\"EntryPoint\",\"urlTemplate\":\"https:\/\/arteeluoghi.it\/?s={search_term_string}\"},\"query-input\":\"required name=search_term_string\"}],\"inLanguage\":\"it-IT\"},{\"@type\":\"ImageObject\",\"@id\":\"https:\/\/arteeluoghi.it\/index.php\/2015\/02\/25\/nel-segno-di-rossini\/#primaryimage\",\"inLanguage\":\"it-IT\",\"url\":\"\/images\/confstampabarbiere.jpg\",\"contentUrl\":\"\/images\/confstampabarbiere.jpg\"},{\"@type\":\"WebPage\",\"@id\":\"https:\/\/arteeluoghi.it\/index.php\/2015\/02\/25\/nel-segno-di-rossini\/#webpage\",\"url\":\"https:\/\/arteeluoghi.it\/index.php\/2015\/02\/25\/nel-segno-di-rossini\/\",\"name\":\"Nel segno di Rossini | Arte e Luoghi\",\"isPartOf\":{\"@id\":\"https:\/\/arteeluoghi.it\/#website\"},\"primaryImageOfPage\":{\"@id\":\"https:\/\/arteeluoghi.it\/index.php\/2015\/02\/25\/nel-segno-di-rossini\/#primaryimage\"},\"datePublished\":\"2015-02-24T23:30:00+00:00\",\"dateModified\":\"2015-02-24T23:30:00+00:00\",\"breadcrumb\":{\"@id\":\"https:\/\/arteeluoghi.it\/index.php\/2015\/02\/25\/nel-segno-di-rossini\/#breadcrumb\"},\"inLanguage\":\"it-IT\",\"potentialAction\":[{\"@type\":\"ReadAction\",\"target\":[\"https:\/\/arteeluoghi.it\/index.php\/2015\/02\/25\/nel-segno-di-rossini\/\"]}]},{\"@type\":\"BreadcrumbList\",\"@id\":\"https:\/\/arteeluoghi.it\/index.php\/2015\/02\/25\/nel-segno-di-rossini\/#breadcrumb\",\"itemListElement\":[{\"@type\":\"ListItem\",\"position\":1,\"name\":\"Home\",\"item\":\"https:\/\/arteeluoghi.it\/\"},{\"@type\":\"ListItem\",\"position\":2,\"name\":\"Nel segno di Rossini\"}]},{\"@type\":\"Article\",\"@id\":\"https:\/\/arteeluoghi.it\/index.php\/2015\/02\/25\/nel-segno-di-rossini\/#article\",\"isPartOf\":{\"@id\":\"https:\/\/arteeluoghi.it\/index.php\/2015\/02\/25\/nel-segno-di-rossini\/#webpage\"},\"author\":{\"@id\":\"https:\/\/arteeluoghi.it\/#\/schema\/person\/f84e814e36e91e01448ee07eaadd41d4\"},\"headline\":\"Nel segno di Rossini\",\"datePublished\":\"2015-02-24T23:30:00+00:00\",\"dateModified\":\"2015-02-24T23:30:00+00:00\",\"mainEntityOfPage\":{\"@id\":\"https:\/\/arteeluoghi.it\/index.php\/2015\/02\/25\/nel-segno-di-rossini\/#webpage\"},\"wordCount\":701,\"commentCount\":0,\"publisher\":{\"@id\":\"https:\/\/arteeluoghi.it\/#organization\"},\"image\":{\"@id\":\"https:\/\/arteeluoghi.it\/index.php\/2015\/02\/25\/nel-segno-di-rossini\/#primaryimage\"},\"thumbnailUrl\":\"\/images\/confstampabarbiere.jpg\",\"articleSection\":[\"MUSICA\"],\"inLanguage\":\"it-IT\",\"potentialAction\":[{\"@type\":\"CommentAction\",\"name\":\"Comment\",\"target\":[\"https:\/\/arteeluoghi.it\/index.php\/2015\/02\/25\/nel-segno-di-rossini\/#respond\"]}]},{\"@type\":\"Person\",\"@id\":\"https:\/\/arteeluoghi.it\/#\/schema\/person\/f84e814e36e91e01448ee07eaadd41d4\",\"name\":\"Staff\",\"image\":{\"@type\":\"ImageObject\",\"@id\":\"https:\/\/arteeluoghi.it\/#personlogo\",\"inLanguage\":\"it-IT\",\"url\":\"https:\/\/secure.gravatar.com\/avatar\/49d2f9e46271bb04e19cebfaf141313a?s=96&d=blank&r=g\",\"contentUrl\":\"https:\/\/secure.gravatar.com\/avatar\/49d2f9e46271bb04e19cebfaf141313a?s=96&d=blank&r=g\",\"caption\":\"Staff\"}}]}<\/script>\n<!-- \/ Yoast SEO plugin. -->","yoast_head_json":{"title":"Nel segno di Rossini | Arte e Luoghi","robots":{"index":"index","follow":"follow","max-snippet":"max-snippet:-1","max-image-preview":"max-image-preview:large","max-video-preview":"max-video-preview:-1"},"canonical":"https:\/\/arteeluoghi.it\/index.php\/2015\/02\/25\/nel-segno-di-rossini\/","og_locale":"it_IT","og_type":"article","og_title":"Nel segno di Rossini | Arte e Luoghi","og_description":"\u00a0 \u00a0 Tre titoli, Il Barbiere di Siviglia, il Nabucco e Madama Butterfly, per il cartellone della 46esima stagione Lirica","og_url":"https:\/\/arteeluoghi.it\/index.php\/2015\/02\/25\/nel-segno-di-rossini\/","og_site_name":"Arte e Luoghi","article_publisher":"https:\/\/www.facebook.com\/ArteELuoghi\/","article_published_time":"2015-02-24T23:30:00+00:00","og_image":[{"url":"https:\/\/arteeluoghi.it\/images\/confstampabarbiere.jpg"}],"twitter_card":"summary","twitter_creator":"@arteeluoghi","twitter_site":"@arteeluoghi","twitter_misc":{"Scritto da":"Staff","Tempo di lettura stimato":"3 minuti"},"schema":{"@context":"https:\/\/schema.org","@graph":[{"@type":"Organization","@id":"https:\/\/arteeluoghi.it\/#organization","name":"Arte e Luoghi","url":"https:\/\/arteeluoghi.it\/","sameAs":["https:\/\/www.facebook.com\/ArteELuoghi\/","https:\/\/www.instagram.com\/arteeluoghi\/?hl=it","https:\/\/www.youtube.com\/channel\/UCuRVc4JW4-C5sg9rQB-srkw?view_as=subscriber","https:\/\/twitter.com\/arteeluoghi"],"logo":{"@type":"ImageObject","@id":"https:\/\/arteeluoghi.it\/#logo","inLanguage":"it-IT","url":"https:\/\/arteeluoghi.it\/wp-content\/uploads\/2018\/08\/logoinstagramarte.jpg","contentUrl":"https:\/\/arteeluoghi.it\/wp-content\/uploads\/2018\/08\/logoinstagramarte.jpg","width":150,"height":150,"caption":"Arte e Luoghi"},"image":{"@id":"https:\/\/arteeluoghi.it\/#logo"}},{"@type":"WebSite","@id":"https:\/\/arteeluoghi.it\/#website","url":"https:\/\/arteeluoghi.it\/","name":"Arte e Luoghi","description":"Mensile di arte, cultura, turismo e curiosit\u00e0","publisher":{"@id":"https:\/\/arteeluoghi.it\/#organization"},"potentialAction":[{"@type":"SearchAction","target":{"@type":"EntryPoint","urlTemplate":"https:\/\/arteeluoghi.it\/?s={search_term_string}"},"query-input":"required name=search_term_string"}],"inLanguage":"it-IT"},{"@type":"ImageObject","@id":"https:\/\/arteeluoghi.it\/index.php\/2015\/02\/25\/nel-segno-di-rossini\/#primaryimage","inLanguage":"it-IT","url":"\/images\/confstampabarbiere.jpg","contentUrl":"\/images\/confstampabarbiere.jpg"},{"@type":"WebPage","@id":"https:\/\/arteeluoghi.it\/index.php\/2015\/02\/25\/nel-segno-di-rossini\/#webpage","url":"https:\/\/arteeluoghi.it\/index.php\/2015\/02\/25\/nel-segno-di-rossini\/","name":"Nel segno di Rossini | Arte e Luoghi","isPartOf":{"@id":"https:\/\/arteeluoghi.it\/#website"},"primaryImageOfPage":{"@id":"https:\/\/arteeluoghi.it\/index.php\/2015\/02\/25\/nel-segno-di-rossini\/#primaryimage"},"datePublished":"2015-02-24T23:30:00+00:00","dateModified":"2015-02-24T23:30:00+00:00","breadcrumb":{"@id":"https:\/\/arteeluoghi.it\/index.php\/2015\/02\/25\/nel-segno-di-rossini\/#breadcrumb"},"inLanguage":"it-IT","potentialAction":[{"@type":"ReadAction","target":["https:\/\/arteeluoghi.it\/index.php\/2015\/02\/25\/nel-segno-di-rossini\/"]}]},{"@type":"BreadcrumbList","@id":"https:\/\/arteeluoghi.it\/index.php\/2015\/02\/25\/nel-segno-di-rossini\/#breadcrumb","itemListElement":[{"@type":"ListItem","position":1,"name":"Home","item":"https:\/\/arteeluoghi.it\/"},{"@type":"ListItem","position":2,"name":"Nel segno di Rossini"}]},{"@type":"Article","@id":"https:\/\/arteeluoghi.it\/index.php\/2015\/02\/25\/nel-segno-di-rossini\/#article","isPartOf":{"@id":"https:\/\/arteeluoghi.it\/index.php\/2015\/02\/25\/nel-segno-di-rossini\/#webpage"},"author":{"@id":"https:\/\/arteeluoghi.it\/#\/schema\/person\/f84e814e36e91e01448ee07eaadd41d4"},"headline":"Nel segno di Rossini","datePublished":"2015-02-24T23:30:00+00:00","dateModified":"2015-02-24T23:30:00+00:00","mainEntityOfPage":{"@id":"https:\/\/arteeluoghi.it\/index.php\/2015\/02\/25\/nel-segno-di-rossini\/#webpage"},"wordCount":701,"commentCount":0,"publisher":{"@id":"https:\/\/arteeluoghi.it\/#organization"},"image":{"@id":"https:\/\/arteeluoghi.it\/index.php\/2015\/02\/25\/nel-segno-di-rossini\/#primaryimage"},"thumbnailUrl":"\/images\/confstampabarbiere.jpg","articleSection":["MUSICA"],"inLanguage":"it-IT","potentialAction":[{"@type":"CommentAction","name":"Comment","target":["https:\/\/arteeluoghi.it\/index.php\/2015\/02\/25\/nel-segno-di-rossini\/#respond"]}]},{"@type":"Person","@id":"https:\/\/arteeluoghi.it\/#\/schema\/person\/f84e814e36e91e01448ee07eaadd41d4","name":"Staff","image":{"@type":"ImageObject","@id":"https:\/\/arteeluoghi.it\/#personlogo","inLanguage":"it-IT","url":"https:\/\/secure.gravatar.com\/avatar\/49d2f9e46271bb04e19cebfaf141313a?s=96&d=blank&r=g","contentUrl":"https:\/\/secure.gravatar.com\/avatar\/49d2f9e46271bb04e19cebfaf141313a?s=96&d=blank&r=g","caption":"Staff"}}]}},"_links":{"self":[{"href":"https:\/\/arteeluoghi.it\/index.php\/wp-json\/wp\/v2\/posts\/2076"}],"collection":[{"href":"https:\/\/arteeluoghi.it\/index.php\/wp-json\/wp\/v2\/posts"}],"about":[{"href":"https:\/\/arteeluoghi.it\/index.php\/wp-json\/wp\/v2\/types\/post"}],"author":[{"embeddable":true,"href":"https:\/\/arteeluoghi.it\/index.php\/wp-json\/wp\/v2\/users\/1"}],"replies":[{"embeddable":true,"href":"https:\/\/arteeluoghi.it\/index.php\/wp-json\/wp\/v2\/comments?post=2076"}],"version-history":[{"count":0,"href":"https:\/\/arteeluoghi.it\/index.php\/wp-json\/wp\/v2\/posts\/2076\/revisions"}],"wp:attachment":[{"href":"https:\/\/arteeluoghi.it\/index.php\/wp-json\/wp\/v2\/media?parent=2076"}],"wp:term":[{"taxonomy":"category","embeddable":true,"href":"https:\/\/arteeluoghi.it\/index.php\/wp-json\/wp\/v2\/categories?post=2076"},{"taxonomy":"post_tag","embeddable":true,"href":"https:\/\/arteeluoghi.it\/index.php\/wp-json\/wp\/v2\/tags?post=2076"}],"curies":[{"name":"wp","href":"https:\/\/api.w.org\/{rel}","templated":true}]}}