{"id":2090,"date":"2015-03-14T19:22:07","date_gmt":"2015-03-14T18:22:07","guid":{"rendered":"http:\/\/arteeluoghi.it\/index.php\/2015\/03\/14\/tanti-sguardi-un-solo-cielo\/"},"modified":"2015-03-14T19:22:07","modified_gmt":"2015-03-14T18:22:07","slug":"tanti-sguardi-un-solo-cielo","status":"publish","type":"post","link":"https:\/\/arteeluoghi.it\/index.php\/2015\/03\/14\/tanti-sguardi-un-solo-cielo\/","title":{"rendered":"Tanti sguardi, un solo cielo"},"content":{"rendered":"<p><span><img src=\"\/images\/foto2015\/logocongressoastrologia.png\" border=\"0\" width=\"300\" style=\"float: left; margin: 21px;\" \/>A Lecce il congresso nazionale del CIDA d<\/span>al 21 al 24 marzo a Palazzo Turrisi esperti astrologi da tutt&#8217;Italia a confronto<\/p>\n<p><strong>\u201cFestival dell\u2019Astrologia del Salento e del Sud Adriatico\u201d<\/strong><\/p>\n<p>\u00a0<\/p>\n<p>L\u2019Astrologia, quella seria. Protagonista per quattro giorni del <strong>\u201cFestival dell\u2019Astrologia del Salento e del Sud Adriatico\u201d<\/strong>, ovvero del congresso nazionale del CIDA (Centro Italiano Discipline Astrologiche, www.cida.net), in programma a Lecce, <strong>presso Palazzo Turrisi, dal 21 al 24 marzo (dalle 9.30 alle 17.30)<\/strong> nell\u2019ambito della sedicesima edizione della rassegna \u201cItinerario rosa 2015\u201d, promossa dal Comune di Lecce. Evento internazionale per il quale stanno giungendo appassionati da tutta l\u2019Italia.<\/p>\n<p>  <!--more-->  <\/p>\n<p>\u00a0Organizzata dalla delegazione leccese del CIDA, presieduta da <strong>Iuly Ferrari<\/strong>, e dall\u2019associazione <strong>Kosmos \u2013 Accademia Stellium Salento<\/strong>, la rassegna sar\u00e0 infatti occasione per ascoltare dal vivo i maggiori astrologi italiani (e non solo), tra quelli <strong>che si preoccupano infatti soprattutto di alimentare la conoscenza e la divulgazione di una materia che gli antichi definivano la \u201cregina delle scienze\u201d, ma che la moderna pubblicistica, complice l\u2019ignoranza, spesso ha ridotto a pura superstizione, con tutte le distorsioni e i malintesi che ne sono conseguiti.<\/strong><\/p>\n<p>\u00a0<span style=\"font-size: 12.1599998474121px; line-height: 1.3em;\">L\u2019obiettivo primario della manifestazione\u00a0 resta infatti quello tracciato negli anni dal CIDa in favore dell\u2019aspetto culturale dell\u2019Astrologia, e della ricerca di un punto di confluenza con altre discipline umanistiche, come la psicologia (peraltro caldeggiato agli inizi del XX secolo nientemeno che da Carl Gustav Jung, lo psicologo svizzero allievo di Sigmund Freud), la filosofia, la medicina, la psicosomatica, l\u2019arte, il simbolismo, l\u2019astronomia, la geometria, la storia\u2026. \u201cTutte discipline che fanno parte integrante della cultura astrologica, senza le quali\u201d spiega Iuly Ferrari, \u201c\u00e8 impossibile comprendere veramente la disciplina delle stelle\u201d.<\/span><\/p>\n<p>Non \u00e8 un dunque caso che la maggior parte dei relatori cultori degli astri &#8211; \u00a0che per due giorni si alterneranno e si confronteranno al tavolo dei lavori &#8211; siano professionisti affermati, psicologi, scrittori, scienziati: a partire dal presidente CIDA <strong>Dante Valente<\/strong>, <strong>biologo che ha diretto per 35 anni un laboratorio di ricerca dell\u2019Ospedale Maggiore Ca\u2019\u00a0\u00a0Granda di Milano &#8211; Niguarda. <\/strong><\/p>\n<p><strong>\u00a0<\/strong><\/p>\n<p>Insomma, <strong>\u201cTanti sguardi, un solo cielo\u201d<\/strong>: cos\u00ec recita il titolo del congresso, che sabato 21 e domenica 22 sar\u00e0 dedicato anche a rileggere le antiche discipline alla luce della modernit\u00e0 culturale del nostro territorio, delle tante scuole di pensiero e degli studi specifici che ci riportano ad altri mondi, culture, popoli. E sullo sfondo numerosi altri contorni \u201cstellari\u201d, dalla presentazione di libri a momenti di meditazione e di confronto tra associazioni.<\/p>\n<p><strong>I lavori del congresso, a ingresso libero ma a iscrizione obbligatoria, si apriranno sabato 21 alle ore 9.30<\/strong> con i saluti istituzionali del sindaco di Lecce, <strong>Paolo Perrone<\/strong>, e dell\u2019assessore alla Cultura <strong>Luigi Coclite<\/strong>, cui faranno seguito quelli di benvenuto del presidente nazionale CIDA Dante Valente e della delegata Iuly Ferrari.<\/p>\n<p>Si entrer\u00e0\u00a0 quindi nel vivo con le relazioni di <strong>Grazia Bordoni e Paolo Quagliarella, Enzo Barill\u00e0, Giancarlo Ufficiale, Fabrizio Corrias, Nunzia Meskalila Coppola, Giovanni Pelosini, Antonio Capitani, Margherita Fiorillo, Maria Grazia La Rosa e Lucia Bellizia<\/strong>. I lavori continueranno nel primo pomeriggio (dalle 14.30 alle 17.30) con gli interventi di <strong>Massimiliano Gaetano, Sara Chelli<\/strong> e quelli dei partecipanti al concorso \u201cVoci nuove\u201d <strong>Daniela Di Menna, Alessandro Scrocco<\/strong> e, in coppia, <strong>Leda Cesari e Dora Garzya<\/strong>.<\/p>\n<p>A seguire, alle 17.45, la presentazione del libro di <strong>Nunzia Meskalila Coppola<\/strong> <strong>\u201cLa Luna e le sue Dee\u201d<\/strong> (Casa Editrice Capone) e poi \u201cLa salute attraverso lo yoga\u201d, momento di meditazione per rilassare il corpo e la mente a cura di <strong>Giusi Toma<\/strong> (terapeuta esoterica Scuola <strong>Energheia<\/strong> di Modena). Poi, a partire dalle 18.15, la flautista <strong>Giorgia Santoro<\/strong> nel concerto per flauti &amp; live electronics intitolato \u201cD\u00e9j\u00e0 vu\u201d, e alle20.30 tutti \u201cA cena con l\u2019astrologia\u201d (all\u20198pi\u00f9 Hotel; per prenotazioni )con menuispirato ai quattro elementi (fuoco, terra, aria, acqua) a cura dello chef <strong>Matteo Cal\u00f2 (per info e prenotazioni 0832.306686 e <\/strong><a href=\"mailto:bookinglecce@8piuhotel.com\"><strong>bookinglecce@8piuhotel.com<\/strong><\/a><strong>).<\/strong><\/p>\n<p><strong>Domenica 22<\/strong> <strong>il congresso ripartir\u00e0 alle ore 9.30<\/strong> con le relazioni di\u00a0 <strong>Dante Valente, Stefano Vanni, <\/strong><strong>Erik van Slooten, Vittorio e Caterina Ruata, Sonja van Slooten, Settimio Staniscia,\u00a0 Marco Gambassi, Francesco Astore, Elda Fossi, Franca Mazzei, Cristina Caretta, Giacomo Albano,\u00a0 Chiara Capone<\/strong>. Per la sezione \u201cFilosofia\u201d interverr\u00e0 invece l\u2019esperta <strong>Erika Ranfoni<\/strong>; per \u201cAstrologia e Medicina\u201d la dottoressa <strong>Antonia Di Francesco<\/strong>; per la sezione \u201cMistero\u201d il presidente dell\u2019Associazione Italiana Ricercatori del Mistero <strong>Mario Contino e Paride Pino, <\/strong>con i quali, alle 16.10, gli astrologi potranno gustarsi una \u201cPasseggiata virtuale nella Lecce esoterica\u201d. Dalle 17.30 in poi, ancora, spazio agli scambi culturali \u201cliberi\u201d attraverso tavole rotonde, confronto tra associazioni, presentazione di libri e quant\u2019altro da parte di tutti coloro che intendono far conoscere i propri lavori. Gran finale alle 18.15 con la presentazione del libro <strong>\u201cIl punto dell\u2019Astrologia\u201d di Enzo Barill\u00e0<\/strong> <strong>(Libreria Limerrima)<\/strong> e\u00a0 alle 19 aperi-cena astrologico-musicale\u00a0 \u201cLa Luna lo sa\u201d, con la voce di <strong>Pino<\/strong><strong> Ingrosso<\/strong>, <strong>presso il caff\u00e8-ristorante \u201c<\/strong><strong>All\u2019Ombra del Barocco &#8211; <\/strong>(con menu ispirato alle quattro fasi lunari <strong>(Corte dei Cicala, Lecce; per info e prenotazioni 0832.245524).<\/strong><\/p>\n<p>\u00a0<\/p>\n<p>\u00a0<\/p>\n<p>Ma il Festival dell\u2019Astrologia non finisce qui. <strong>Luned\u00ec 23 e marted\u00ec 24 marzo 2015, dalle ore 16.30 alle 20.30 e sempre a Palazzo Turrisi<\/strong>, si terr\u00e0 un <strong>laboratorio\/corso formativo di base per l\u2019apprendimento della cultura astrologica,<\/strong> con lezioni di astronomia di base, mitologia, simbolismo dei glifi dei pianeti e dei segni zodiacali, storia e filosofia, tecnica di base, esempi pratici sul tema natale dei partecipanti. <strong>Le lezioni saranno tenute da docenti iscritti all\u2019Albo nazionale degli astrologi CIDA,<\/strong> <strong>l\u2019unico riconosciuto dallo Stato italiano per l\u2019esercizio della professione astrologica (per informazioni e iscrizioni\u00a0 CIDA, <\/strong><strong>Centro Italiano Discipline Astrologiche &#8211;\u00a0 <\/strong>Delegazione di Lecce, viaMichele Laporta, 9; tel. 0832.350457, 389.1836553, 347.3142925; e-mail <a href=\"mailto:julyferrari@inwind.it\">julyferrari@inwind.it<\/a> \u2013 <a href=\"mailto:iulyferrari9@gmail.com\">iulyferrari9@gmail.com<\/a>).\u00a0<\/p>\n<p>\u00a0(fonte: comunicato stampa)<\/p>\n","protected":false},"excerpt":{"rendered":"<p>A Lecce il congresso nazionale del CIDA dal 21 al 24 marzo a Palazzo Turrisi esperti astrologi da tutt&#8217;Italia a<\/p>\n","protected":false},"author":1,"featured_media":0,"comment_status":"open","ping_status":"open","sticky":false,"template":"","format":"standard","meta":[],"categories":[52],"tags":[],"yoast_head":"<!-- This site is optimized with the Yoast SEO plugin v18.0 - https:\/\/yoast.com\/wordpress\/plugins\/seo\/ -->\n<title>Tanti sguardi, un solo cielo | Arte e Luoghi<\/title>\n<meta name=\"robots\" content=\"index, follow, max-snippet:-1, max-image-preview:large, max-video-preview:-1\" \/>\n<link rel=\"canonical\" href=\"https:\/\/arteeluoghi.it\/index.php\/2015\/03\/14\/tanti-sguardi-un-solo-cielo\/\" \/>\n<meta property=\"og:locale\" content=\"it_IT\" \/>\n<meta property=\"og:type\" content=\"article\" \/>\n<meta property=\"og:title\" content=\"Tanti sguardi, un solo cielo | Arte e Luoghi\" \/>\n<meta property=\"og:description\" content=\"A Lecce il congresso nazionale del CIDA dal 21 al 24 marzo a Palazzo Turrisi esperti astrologi da tutt&#8217;Italia a\" \/>\n<meta property=\"og:url\" content=\"https:\/\/arteeluoghi.it\/index.php\/2015\/03\/14\/tanti-sguardi-un-solo-cielo\/\" \/>\n<meta property=\"og:site_name\" content=\"Arte e Luoghi\" \/>\n<meta property=\"article:publisher\" content=\"https:\/\/www.facebook.com\/ArteELuoghi\/\" \/>\n<meta property=\"article:published_time\" content=\"2015-03-14T18:22:07+00:00\" \/>\n<meta property=\"og:image\" content=\"https:\/\/arteeluoghi.it\/images\/foto2015\/logocongressoastrologia.png\" \/>\n<meta name=\"twitter:card\" content=\"summary\" \/>\n<meta name=\"twitter:creator\" content=\"@arteeluoghi\" \/>\n<meta name=\"twitter:site\" content=\"@arteeluoghi\" \/>\n<meta name=\"twitter:label1\" content=\"Scritto da\" \/>\n\t<meta name=\"twitter:data1\" content=\"Staff\" \/>\n\t<meta name=\"twitter:label2\" content=\"Tempo di lettura stimato\" \/>\n\t<meta name=\"twitter:data2\" content=\"5 minuti\" \/>\n<script type=\"application\/ld+json\" class=\"yoast-schema-graph\">{\"@context\":\"https:\/\/schema.org\",\"@graph\":[{\"@type\":\"Organization\",\"@id\":\"https:\/\/arteeluoghi.it\/#organization\",\"name\":\"Arte e Luoghi\",\"url\":\"https:\/\/arteeluoghi.it\/\",\"sameAs\":[\"https:\/\/www.facebook.com\/ArteELuoghi\/\",\"https:\/\/www.instagram.com\/arteeluoghi\/?hl=it\",\"https:\/\/www.youtube.com\/channel\/UCuRVc4JW4-C5sg9rQB-srkw?view_as=subscriber\",\"https:\/\/twitter.com\/arteeluoghi\"],\"logo\":{\"@type\":\"ImageObject\",\"@id\":\"https:\/\/arteeluoghi.it\/#logo\",\"inLanguage\":\"it-IT\",\"url\":\"https:\/\/arteeluoghi.it\/wp-content\/uploads\/2018\/08\/logoinstagramarte.jpg\",\"contentUrl\":\"https:\/\/arteeluoghi.it\/wp-content\/uploads\/2018\/08\/logoinstagramarte.jpg\",\"width\":150,\"height\":150,\"caption\":\"Arte e Luoghi\"},\"image\":{\"@id\":\"https:\/\/arteeluoghi.it\/#logo\"}},{\"@type\":\"WebSite\",\"@id\":\"https:\/\/arteeluoghi.it\/#website\",\"url\":\"https:\/\/arteeluoghi.it\/\",\"name\":\"Arte e Luoghi\",\"description\":\"Mensile di arte, cultura, turismo e curiosit\u00e0\",\"publisher\":{\"@id\":\"https:\/\/arteeluoghi.it\/#organization\"},\"potentialAction\":[{\"@type\":\"SearchAction\",\"target\":{\"@type\":\"EntryPoint\",\"urlTemplate\":\"https:\/\/arteeluoghi.it\/?s={search_term_string}\"},\"query-input\":\"required name=search_term_string\"}],\"inLanguage\":\"it-IT\"},{\"@type\":\"ImageObject\",\"@id\":\"https:\/\/arteeluoghi.it\/index.php\/2015\/03\/14\/tanti-sguardi-un-solo-cielo\/#primaryimage\",\"inLanguage\":\"it-IT\",\"url\":\"\/images\/foto2015\/logocongressoastrologia.png\",\"contentUrl\":\"\/images\/foto2015\/logocongressoastrologia.png\"},{\"@type\":\"WebPage\",\"@id\":\"https:\/\/arteeluoghi.it\/index.php\/2015\/03\/14\/tanti-sguardi-un-solo-cielo\/#webpage\",\"url\":\"https:\/\/arteeluoghi.it\/index.php\/2015\/03\/14\/tanti-sguardi-un-solo-cielo\/\",\"name\":\"Tanti sguardi, un solo cielo | Arte e Luoghi\",\"isPartOf\":{\"@id\":\"https:\/\/arteeluoghi.it\/#website\"},\"primaryImageOfPage\":{\"@id\":\"https:\/\/arteeluoghi.it\/index.php\/2015\/03\/14\/tanti-sguardi-un-solo-cielo\/#primaryimage\"},\"datePublished\":\"2015-03-14T18:22:07+00:00\",\"dateModified\":\"2015-03-14T18:22:07+00:00\",\"breadcrumb\":{\"@id\":\"https:\/\/arteeluoghi.it\/index.php\/2015\/03\/14\/tanti-sguardi-un-solo-cielo\/#breadcrumb\"},\"inLanguage\":\"it-IT\",\"potentialAction\":[{\"@type\":\"ReadAction\",\"target\":[\"https:\/\/arteeluoghi.it\/index.php\/2015\/03\/14\/tanti-sguardi-un-solo-cielo\/\"]}]},{\"@type\":\"BreadcrumbList\",\"@id\":\"https:\/\/arteeluoghi.it\/index.php\/2015\/03\/14\/tanti-sguardi-un-solo-cielo\/#breadcrumb\",\"itemListElement\":[{\"@type\":\"ListItem\",\"position\":1,\"name\":\"Home\",\"item\":\"https:\/\/arteeluoghi.it\/\"},{\"@type\":\"ListItem\",\"position\":2,\"name\":\"Tanti sguardi, un solo cielo\"}]},{\"@type\":\"Article\",\"@id\":\"https:\/\/arteeluoghi.it\/index.php\/2015\/03\/14\/tanti-sguardi-un-solo-cielo\/#article\",\"isPartOf\":{\"@id\":\"https:\/\/arteeluoghi.it\/index.php\/2015\/03\/14\/tanti-sguardi-un-solo-cielo\/#webpage\"},\"author\":{\"@id\":\"https:\/\/arteeluoghi.it\/#\/schema\/person\/f84e814e36e91e01448ee07eaadd41d4\"},\"headline\":\"Tanti sguardi, un solo cielo\",\"datePublished\":\"2015-03-14T18:22:07+00:00\",\"dateModified\":\"2015-03-14T18:22:07+00:00\",\"mainEntityOfPage\":{\"@id\":\"https:\/\/arteeluoghi.it\/index.php\/2015\/03\/14\/tanti-sguardi-un-solo-cielo\/#webpage\"},\"wordCount\":925,\"commentCount\":0,\"publisher\":{\"@id\":\"https:\/\/arteeluoghi.it\/#organization\"},\"image\":{\"@id\":\"https:\/\/arteeluoghi.it\/index.php\/2015\/03\/14\/tanti-sguardi-un-solo-cielo\/#primaryimage\"},\"thumbnailUrl\":\"\/images\/foto2015\/logocongressoastrologia.png\",\"articleSection\":[\"I luoghi della parola\"],\"inLanguage\":\"it-IT\",\"potentialAction\":[{\"@type\":\"CommentAction\",\"name\":\"Comment\",\"target\":[\"https:\/\/arteeluoghi.it\/index.php\/2015\/03\/14\/tanti-sguardi-un-solo-cielo\/#respond\"]}]},{\"@type\":\"Person\",\"@id\":\"https:\/\/arteeluoghi.it\/#\/schema\/person\/f84e814e36e91e01448ee07eaadd41d4\",\"name\":\"Staff\",\"image\":{\"@type\":\"ImageObject\",\"@id\":\"https:\/\/arteeluoghi.it\/#personlogo\",\"inLanguage\":\"it-IT\",\"url\":\"https:\/\/secure.gravatar.com\/avatar\/49d2f9e46271bb04e19cebfaf141313a?s=96&d=blank&r=g\",\"contentUrl\":\"https:\/\/secure.gravatar.com\/avatar\/49d2f9e46271bb04e19cebfaf141313a?s=96&d=blank&r=g\",\"caption\":\"Staff\"}}]}<\/script>\n<!-- \/ Yoast SEO plugin. -->","yoast_head_json":{"title":"Tanti sguardi, un solo cielo | Arte e Luoghi","robots":{"index":"index","follow":"follow","max-snippet":"max-snippet:-1","max-image-preview":"max-image-preview:large","max-video-preview":"max-video-preview:-1"},"canonical":"https:\/\/arteeluoghi.it\/index.php\/2015\/03\/14\/tanti-sguardi-un-solo-cielo\/","og_locale":"it_IT","og_type":"article","og_title":"Tanti sguardi, un solo cielo | Arte e Luoghi","og_description":"A Lecce il congresso nazionale del CIDA dal 21 al 24 marzo a Palazzo Turrisi esperti astrologi da tutt&#8217;Italia a","og_url":"https:\/\/arteeluoghi.it\/index.php\/2015\/03\/14\/tanti-sguardi-un-solo-cielo\/","og_site_name":"Arte e Luoghi","article_publisher":"https:\/\/www.facebook.com\/ArteELuoghi\/","article_published_time":"2015-03-14T18:22:07+00:00","og_image":[{"url":"https:\/\/arteeluoghi.it\/images\/foto2015\/logocongressoastrologia.png"}],"twitter_card":"summary","twitter_creator":"@arteeluoghi","twitter_site":"@arteeluoghi","twitter_misc":{"Scritto da":"Staff","Tempo di lettura stimato":"5 minuti"},"schema":{"@context":"https:\/\/schema.org","@graph":[{"@type":"Organization","@id":"https:\/\/arteeluoghi.it\/#organization","name":"Arte e Luoghi","url":"https:\/\/arteeluoghi.it\/","sameAs":["https:\/\/www.facebook.com\/ArteELuoghi\/","https:\/\/www.instagram.com\/arteeluoghi\/?hl=it","https:\/\/www.youtube.com\/channel\/UCuRVc4JW4-C5sg9rQB-srkw?view_as=subscriber","https:\/\/twitter.com\/arteeluoghi"],"logo":{"@type":"ImageObject","@id":"https:\/\/arteeluoghi.it\/#logo","inLanguage":"it-IT","url":"https:\/\/arteeluoghi.it\/wp-content\/uploads\/2018\/08\/logoinstagramarte.jpg","contentUrl":"https:\/\/arteeluoghi.it\/wp-content\/uploads\/2018\/08\/logoinstagramarte.jpg","width":150,"height":150,"caption":"Arte e Luoghi"},"image":{"@id":"https:\/\/arteeluoghi.it\/#logo"}},{"@type":"WebSite","@id":"https:\/\/arteeluoghi.it\/#website","url":"https:\/\/arteeluoghi.it\/","name":"Arte e Luoghi","description":"Mensile di arte, cultura, turismo e curiosit\u00e0","publisher":{"@id":"https:\/\/arteeluoghi.it\/#organization"},"potentialAction":[{"@type":"SearchAction","target":{"@type":"EntryPoint","urlTemplate":"https:\/\/arteeluoghi.it\/?s={search_term_string}"},"query-input":"required name=search_term_string"}],"inLanguage":"it-IT"},{"@type":"ImageObject","@id":"https:\/\/arteeluoghi.it\/index.php\/2015\/03\/14\/tanti-sguardi-un-solo-cielo\/#primaryimage","inLanguage":"it-IT","url":"\/images\/foto2015\/logocongressoastrologia.png","contentUrl":"\/images\/foto2015\/logocongressoastrologia.png"},{"@type":"WebPage","@id":"https:\/\/arteeluoghi.it\/index.php\/2015\/03\/14\/tanti-sguardi-un-solo-cielo\/#webpage","url":"https:\/\/arteeluoghi.it\/index.php\/2015\/03\/14\/tanti-sguardi-un-solo-cielo\/","name":"Tanti sguardi, un solo cielo | Arte e Luoghi","isPartOf":{"@id":"https:\/\/arteeluoghi.it\/#website"},"primaryImageOfPage":{"@id":"https:\/\/arteeluoghi.it\/index.php\/2015\/03\/14\/tanti-sguardi-un-solo-cielo\/#primaryimage"},"datePublished":"2015-03-14T18:22:07+00:00","dateModified":"2015-03-14T18:22:07+00:00","breadcrumb":{"@id":"https:\/\/arteeluoghi.it\/index.php\/2015\/03\/14\/tanti-sguardi-un-solo-cielo\/#breadcrumb"},"inLanguage":"it-IT","potentialAction":[{"@type":"ReadAction","target":["https:\/\/arteeluoghi.it\/index.php\/2015\/03\/14\/tanti-sguardi-un-solo-cielo\/"]}]},{"@type":"BreadcrumbList","@id":"https:\/\/arteeluoghi.it\/index.php\/2015\/03\/14\/tanti-sguardi-un-solo-cielo\/#breadcrumb","itemListElement":[{"@type":"ListItem","position":1,"name":"Home","item":"https:\/\/arteeluoghi.it\/"},{"@type":"ListItem","position":2,"name":"Tanti sguardi, un solo cielo"}]},{"@type":"Article","@id":"https:\/\/arteeluoghi.it\/index.php\/2015\/03\/14\/tanti-sguardi-un-solo-cielo\/#article","isPartOf":{"@id":"https:\/\/arteeluoghi.it\/index.php\/2015\/03\/14\/tanti-sguardi-un-solo-cielo\/#webpage"},"author":{"@id":"https:\/\/arteeluoghi.it\/#\/schema\/person\/f84e814e36e91e01448ee07eaadd41d4"},"headline":"Tanti sguardi, un solo cielo","datePublished":"2015-03-14T18:22:07+00:00","dateModified":"2015-03-14T18:22:07+00:00","mainEntityOfPage":{"@id":"https:\/\/arteeluoghi.it\/index.php\/2015\/03\/14\/tanti-sguardi-un-solo-cielo\/#webpage"},"wordCount":925,"commentCount":0,"publisher":{"@id":"https:\/\/arteeluoghi.it\/#organization"},"image":{"@id":"https:\/\/arteeluoghi.it\/index.php\/2015\/03\/14\/tanti-sguardi-un-solo-cielo\/#primaryimage"},"thumbnailUrl":"\/images\/foto2015\/logocongressoastrologia.png","articleSection":["I luoghi della parola"],"inLanguage":"it-IT","potentialAction":[{"@type":"CommentAction","name":"Comment","target":["https:\/\/arteeluoghi.it\/index.php\/2015\/03\/14\/tanti-sguardi-un-solo-cielo\/#respond"]}]},{"@type":"Person","@id":"https:\/\/arteeluoghi.it\/#\/schema\/person\/f84e814e36e91e01448ee07eaadd41d4","name":"Staff","image":{"@type":"ImageObject","@id":"https:\/\/arteeluoghi.it\/#personlogo","inLanguage":"it-IT","url":"https:\/\/secure.gravatar.com\/avatar\/49d2f9e46271bb04e19cebfaf141313a?s=96&d=blank&r=g","contentUrl":"https:\/\/secure.gravatar.com\/avatar\/49d2f9e46271bb04e19cebfaf141313a?s=96&d=blank&r=g","caption":"Staff"}}]}},"_links":{"self":[{"href":"https:\/\/arteeluoghi.it\/index.php\/wp-json\/wp\/v2\/posts\/2090"}],"collection":[{"href":"https:\/\/arteeluoghi.it\/index.php\/wp-json\/wp\/v2\/posts"}],"about":[{"href":"https:\/\/arteeluoghi.it\/index.php\/wp-json\/wp\/v2\/types\/post"}],"author":[{"embeddable":true,"href":"https:\/\/arteeluoghi.it\/index.php\/wp-json\/wp\/v2\/users\/1"}],"replies":[{"embeddable":true,"href":"https:\/\/arteeluoghi.it\/index.php\/wp-json\/wp\/v2\/comments?post=2090"}],"version-history":[{"count":0,"href":"https:\/\/arteeluoghi.it\/index.php\/wp-json\/wp\/v2\/posts\/2090\/revisions"}],"wp:attachment":[{"href":"https:\/\/arteeluoghi.it\/index.php\/wp-json\/wp\/v2\/media?parent=2090"}],"wp:term":[{"taxonomy":"category","embeddable":true,"href":"https:\/\/arteeluoghi.it\/index.php\/wp-json\/wp\/v2\/categories?post=2090"},{"taxonomy":"post_tag","embeddable":true,"href":"https:\/\/arteeluoghi.it\/index.php\/wp-json\/wp\/v2\/tags?post=2090"}],"curies":[{"name":"wp","href":"https:\/\/api.w.org\/{rel}","templated":true}]}}