{"id":2099,"date":"2015-03-19T18:24:33","date_gmt":"2015-03-19T17:24:33","guid":{"rendered":"http:\/\/arteeluoghi.it\/index.php\/2015\/03\/19\/catherine-phiri-lila-racconta-storie-di-donne\/"},"modified":"2015-03-19T18:24:33","modified_gmt":"2015-03-19T17:24:33","slug":"catherine-phiri-lila-racconta-storie-di-donne","status":"publish","type":"post","link":"https:\/\/arteeluoghi.it\/index.php\/2015\/03\/19\/catherine-phiri-lila-racconta-storie-di-donne\/","title":{"rendered":"Catherine Phiri. Lila racconta storie di Donne"},"content":{"rendered":"<p>\u00a0<img src=\"\/images\/foto2015\/RitrattiDiDonne_locandina.jpg\" border=\"0\" title=\"la locandina dell'evento\" width=\"300\" style=\"margin: 21px; float: left;\" \/>A Lecce sabato 21 marzo 2014 nelle sale dell&#8217;Ammirato House<\/p>\n<p>\u00a0In visione il <strong>documentario &#8220;Eyes wide open&#8221; di Elisa Mereghetti <\/strong><\/p>\n<p><strong>Sabato 21 marzo alle 18 presso l\u2019Ammirato Culture House la Lila Lecce racconta storie di donne che diventano speciali<\/strong> nella normalit\u00e0 e nella loro quotidianit\u00e0, semplicemente nel loro essere \u2018Donne\u2019 che accettano e lottano la malattia\/e, che si fanno portatrici di straordinario coraggio e coscienza civile. <strong>Le giornaliste Lara Napoli e Melissa Perrone, dialogando con Viviana Bello, presidente LILA LECCE che in quest&#8217;occasione ufficializzer\u00e0 la\u00a0 sua neo-elezione nel Coordinamento Nazionale della LILA, e altre attiviste LILA, guideranno e accompagneranno alla proiezione di estratti del documentario &#8220;Eyes wide open&#8221; di Elisa Mereghetti che racconta la storia di Catherine Phiri, donna sieropositiva, attivista in Africa. <\/strong>Un incontro per ricordare quanto sia necessario continuare a parlare di un tema che a volte sembra essere dimenticato e di cui si parla solo nella Giornata Mondiale di Lotta all&#8217;Aids.<\/p>\n<p>  <!--more-->  <\/p>\n<p>\u00a0<\/p>\n<p>Catherine Phiri, infermiera malawiana di 40 anni e madre di due figli, scopre di essere sieropositiva a seguito della morte del marito per AIDS. Rischiando l\u2019emarginazione e persino la violenza in una societ\u00e0 conservatrice qual \u00e8 quella del suo paese, Catherine decide di uscire allo scoperto, di dichiarare pubblicamente la sua condizione, e di usare la sua esperienza personale per rompere il silenzio che circonda l\u2019AIDS. Diviene cos\u00ec una leader rispettata, una figura carismatica, una fonte di ispirazione per migliaia di persone. La Salima HIV\/AIDS Support Organization (SASO), da lei fondata nel 1994, si dedica all\u2019assistenza a migliaia di orfani dell\u2019AIDS, alla diffusione di informazione sul virus HIV, e alla cura di centinaia di malati terminali. Catherine Phiri ha esemplificato in modo eccezionale la capacit\u00e0 delle donne africane di reagire alle avversit\u00e0, e il loro continuo impegno in nuove esperienze di solidariet\u00e0, auto-organizzazione e creativit\u00e0 sociale. Con il peggioramento del suo stato di salute, Catherine ha continuato la sua battaglia fino all\u2019ultimo giorno, con la stessa determinazione e lo stesso coraggio che hanno caratterizzato tutta la sua vita. La straordinariet\u00e0 di Catherine Phiri \u00e8 stata premiata anche con il riconoscimento del Powerty Awards, premio istituito dal Programma delle Nazioni Unite per lo Sviluppo, ricevuto a New York nel 2000.<\/p>\n<p><strong>Occasione importante, l\u2019incontro del 21 marzo, per raccontare alle donne l&#8217;importanza e la possibilit\u00e0 di proteggere se stesse, anche attraverso gli ancora poco conosciuti Femidom, ossia i profilattici femminili.<\/strong> Durante la serata Lila Lecce allestir\u00e0 anche un banchetto informativo con distribuzione di gadget e materiale di profilassi.<\/p>\n<p>\u00a0<\/p>\n<p>Per info ammiratoculturehouse@gmail.com e\/o telefonare al 370.3229955<\/p>\n<p>(fonte: comunicato stampa)<\/p>\n","protected":false},"excerpt":{"rendered":"<p>\u00a0A Lecce sabato 21 marzo 2014 nelle sale dell&#8217;Ammirato House \u00a0In visione il documentario &#8220;Eyes wide open&#8221; di Elisa Mereghetti<\/p>\n","protected":false},"author":1,"featured_media":0,"comment_status":"open","ping_status":"open","sticky":false,"template":"","format":"standard","meta":[],"categories":[28],"tags":[],"yoast_head":"<!-- This site is optimized with the Yoast SEO plugin v18.0 - https:\/\/yoast.com\/wordpress\/plugins\/seo\/ -->\n<title>Catherine Phiri. Lila racconta storie di Donne | Arte e Luoghi<\/title>\n<meta name=\"robots\" content=\"index, follow, max-snippet:-1, max-image-preview:large, max-video-preview:-1\" \/>\n<link rel=\"canonical\" href=\"https:\/\/arteeluoghi.it\/index.php\/2015\/03\/19\/catherine-phiri-lila-racconta-storie-di-donne\/\" \/>\n<meta property=\"og:locale\" content=\"it_IT\" \/>\n<meta property=\"og:type\" content=\"article\" \/>\n<meta property=\"og:title\" content=\"Catherine Phiri. Lila racconta storie di Donne | Arte e Luoghi\" \/>\n<meta property=\"og:description\" content=\"\u00a0A Lecce sabato 21 marzo 2014 nelle sale dell&#8217;Ammirato House \u00a0In visione il documentario &#8220;Eyes wide open&#8221; di Elisa Mereghetti\" \/>\n<meta property=\"og:url\" content=\"https:\/\/arteeluoghi.it\/index.php\/2015\/03\/19\/catherine-phiri-lila-racconta-storie-di-donne\/\" \/>\n<meta property=\"og:site_name\" content=\"Arte e Luoghi\" \/>\n<meta property=\"article:publisher\" content=\"https:\/\/www.facebook.com\/ArteELuoghi\/\" \/>\n<meta property=\"article:published_time\" content=\"2015-03-19T17:24:33+00:00\" \/>\n<meta property=\"og:image\" content=\"https:\/\/arteeluoghi.it\/images\/foto2015\/RitrattiDiDonne_locandina.jpg\" \/>\n<meta name=\"twitter:card\" content=\"summary\" \/>\n<meta name=\"twitter:creator\" content=\"@arteeluoghi\" \/>\n<meta name=\"twitter:site\" content=\"@arteeluoghi\" \/>\n<meta name=\"twitter:label1\" content=\"Scritto da\" \/>\n\t<meta name=\"twitter:data1\" content=\"Staff\" \/>\n\t<meta name=\"twitter:label2\" content=\"Tempo di lettura stimato\" \/>\n\t<meta name=\"twitter:data2\" content=\"2 minuti\" \/>\n<script type=\"application\/ld+json\" class=\"yoast-schema-graph\">{\"@context\":\"https:\/\/schema.org\",\"@graph\":[{\"@type\":\"Organization\",\"@id\":\"https:\/\/arteeluoghi.it\/#organization\",\"name\":\"Arte e Luoghi\",\"url\":\"https:\/\/arteeluoghi.it\/\",\"sameAs\":[\"https:\/\/www.facebook.com\/ArteELuoghi\/\",\"https:\/\/www.instagram.com\/arteeluoghi\/?hl=it\",\"https:\/\/www.youtube.com\/channel\/UCuRVc4JW4-C5sg9rQB-srkw?view_as=subscriber\",\"https:\/\/twitter.com\/arteeluoghi\"],\"logo\":{\"@type\":\"ImageObject\",\"@id\":\"https:\/\/arteeluoghi.it\/#logo\",\"inLanguage\":\"it-IT\",\"url\":\"https:\/\/arteeluoghi.it\/wp-content\/uploads\/2018\/08\/logoinstagramarte.jpg\",\"contentUrl\":\"https:\/\/arteeluoghi.it\/wp-content\/uploads\/2018\/08\/logoinstagramarte.jpg\",\"width\":150,\"height\":150,\"caption\":\"Arte e Luoghi\"},\"image\":{\"@id\":\"https:\/\/arteeluoghi.it\/#logo\"}},{\"@type\":\"WebSite\",\"@id\":\"https:\/\/arteeluoghi.it\/#website\",\"url\":\"https:\/\/arteeluoghi.it\/\",\"name\":\"Arte e Luoghi\",\"description\":\"Mensile di arte, cultura, turismo e curiosit\u00e0\",\"publisher\":{\"@id\":\"https:\/\/arteeluoghi.it\/#organization\"},\"potentialAction\":[{\"@type\":\"SearchAction\",\"target\":{\"@type\":\"EntryPoint\",\"urlTemplate\":\"https:\/\/arteeluoghi.it\/?s={search_term_string}\"},\"query-input\":\"required name=search_term_string\"}],\"inLanguage\":\"it-IT\"},{\"@type\":\"ImageObject\",\"@id\":\"https:\/\/arteeluoghi.it\/index.php\/2015\/03\/19\/catherine-phiri-lila-racconta-storie-di-donne\/#primaryimage\",\"inLanguage\":\"it-IT\",\"url\":\"\/images\/foto2015\/RitrattiDiDonne_locandina.jpg\",\"contentUrl\":\"\/images\/foto2015\/RitrattiDiDonne_locandina.jpg\"},{\"@type\":\"WebPage\",\"@id\":\"https:\/\/arteeluoghi.it\/index.php\/2015\/03\/19\/catherine-phiri-lila-racconta-storie-di-donne\/#webpage\",\"url\":\"https:\/\/arteeluoghi.it\/index.php\/2015\/03\/19\/catherine-phiri-lila-racconta-storie-di-donne\/\",\"name\":\"Catherine Phiri. Lila racconta storie di Donne | Arte e Luoghi\",\"isPartOf\":{\"@id\":\"https:\/\/arteeluoghi.it\/#website\"},\"primaryImageOfPage\":{\"@id\":\"https:\/\/arteeluoghi.it\/index.php\/2015\/03\/19\/catherine-phiri-lila-racconta-storie-di-donne\/#primaryimage\"},\"datePublished\":\"2015-03-19T17:24:33+00:00\",\"dateModified\":\"2015-03-19T17:24:33+00:00\",\"breadcrumb\":{\"@id\":\"https:\/\/arteeluoghi.it\/index.php\/2015\/03\/19\/catherine-phiri-lila-racconta-storie-di-donne\/#breadcrumb\"},\"inLanguage\":\"it-IT\",\"potentialAction\":[{\"@type\":\"ReadAction\",\"target\":[\"https:\/\/arteeluoghi.it\/index.php\/2015\/03\/19\/catherine-phiri-lila-racconta-storie-di-donne\/\"]}]},{\"@type\":\"BreadcrumbList\",\"@id\":\"https:\/\/arteeluoghi.it\/index.php\/2015\/03\/19\/catherine-phiri-lila-racconta-storie-di-donne\/#breadcrumb\",\"itemListElement\":[{\"@type\":\"ListItem\",\"position\":1,\"name\":\"Home\",\"item\":\"https:\/\/arteeluoghi.it\/\"},{\"@type\":\"ListItem\",\"position\":2,\"name\":\"Catherine Phiri. Lila racconta storie di Donne\"}]},{\"@type\":\"Article\",\"@id\":\"https:\/\/arteeluoghi.it\/index.php\/2015\/03\/19\/catherine-phiri-lila-racconta-storie-di-donne\/#article\",\"isPartOf\":{\"@id\":\"https:\/\/arteeluoghi.it\/index.php\/2015\/03\/19\/catherine-phiri-lila-racconta-storie-di-donne\/#webpage\"},\"author\":{\"@id\":\"https:\/\/arteeluoghi.it\/#\/schema\/person\/f84e814e36e91e01448ee07eaadd41d4\"},\"headline\":\"Catherine Phiri. Lila racconta storie di Donne\",\"datePublished\":\"2015-03-19T17:24:33+00:00\",\"dateModified\":\"2015-03-19T17:24:33+00:00\",\"mainEntityOfPage\":{\"@id\":\"https:\/\/arteeluoghi.it\/index.php\/2015\/03\/19\/catherine-phiri-lila-racconta-storie-di-donne\/#webpage\"},\"wordCount\":428,\"commentCount\":0,\"publisher\":{\"@id\":\"https:\/\/arteeluoghi.it\/#organization\"},\"image\":{\"@id\":\"https:\/\/arteeluoghi.it\/index.php\/2015\/03\/19\/catherine-phiri-lila-racconta-storie-di-donne\/#primaryimage\"},\"thumbnailUrl\":\"\/images\/foto2015\/RitrattiDiDonne_locandina.jpg\",\"articleSection\":[\"Notizie\"],\"inLanguage\":\"it-IT\",\"potentialAction\":[{\"@type\":\"CommentAction\",\"name\":\"Comment\",\"target\":[\"https:\/\/arteeluoghi.it\/index.php\/2015\/03\/19\/catherine-phiri-lila-racconta-storie-di-donne\/#respond\"]}]},{\"@type\":\"Person\",\"@id\":\"https:\/\/arteeluoghi.it\/#\/schema\/person\/f84e814e36e91e01448ee07eaadd41d4\",\"name\":\"Staff\",\"image\":{\"@type\":\"ImageObject\",\"@id\":\"https:\/\/arteeluoghi.it\/#personlogo\",\"inLanguage\":\"it-IT\",\"url\":\"https:\/\/secure.gravatar.com\/avatar\/49d2f9e46271bb04e19cebfaf141313a?s=96&d=blank&r=g\",\"contentUrl\":\"https:\/\/secure.gravatar.com\/avatar\/49d2f9e46271bb04e19cebfaf141313a?s=96&d=blank&r=g\",\"caption\":\"Staff\"}}]}<\/script>\n<!-- \/ Yoast SEO plugin. -->","yoast_head_json":{"title":"Catherine Phiri. Lila racconta storie di Donne | Arte e Luoghi","robots":{"index":"index","follow":"follow","max-snippet":"max-snippet:-1","max-image-preview":"max-image-preview:large","max-video-preview":"max-video-preview:-1"},"canonical":"https:\/\/arteeluoghi.it\/index.php\/2015\/03\/19\/catherine-phiri-lila-racconta-storie-di-donne\/","og_locale":"it_IT","og_type":"article","og_title":"Catherine Phiri. Lila racconta storie di Donne | Arte e Luoghi","og_description":"\u00a0A Lecce sabato 21 marzo 2014 nelle sale dell&#8217;Ammirato House \u00a0In visione il documentario &#8220;Eyes wide open&#8221; di Elisa Mereghetti","og_url":"https:\/\/arteeluoghi.it\/index.php\/2015\/03\/19\/catherine-phiri-lila-racconta-storie-di-donne\/","og_site_name":"Arte e Luoghi","article_publisher":"https:\/\/www.facebook.com\/ArteELuoghi\/","article_published_time":"2015-03-19T17:24:33+00:00","og_image":[{"url":"https:\/\/arteeluoghi.it\/images\/foto2015\/RitrattiDiDonne_locandina.jpg"}],"twitter_card":"summary","twitter_creator":"@arteeluoghi","twitter_site":"@arteeluoghi","twitter_misc":{"Scritto da":"Staff","Tempo di lettura stimato":"2 minuti"},"schema":{"@context":"https:\/\/schema.org","@graph":[{"@type":"Organization","@id":"https:\/\/arteeluoghi.it\/#organization","name":"Arte e Luoghi","url":"https:\/\/arteeluoghi.it\/","sameAs":["https:\/\/www.facebook.com\/ArteELuoghi\/","https:\/\/www.instagram.com\/arteeluoghi\/?hl=it","https:\/\/www.youtube.com\/channel\/UCuRVc4JW4-C5sg9rQB-srkw?view_as=subscriber","https:\/\/twitter.com\/arteeluoghi"],"logo":{"@type":"ImageObject","@id":"https:\/\/arteeluoghi.it\/#logo","inLanguage":"it-IT","url":"https:\/\/arteeluoghi.it\/wp-content\/uploads\/2018\/08\/logoinstagramarte.jpg","contentUrl":"https:\/\/arteeluoghi.it\/wp-content\/uploads\/2018\/08\/logoinstagramarte.jpg","width":150,"height":150,"caption":"Arte e Luoghi"},"image":{"@id":"https:\/\/arteeluoghi.it\/#logo"}},{"@type":"WebSite","@id":"https:\/\/arteeluoghi.it\/#website","url":"https:\/\/arteeluoghi.it\/","name":"Arte e Luoghi","description":"Mensile di arte, cultura, turismo e curiosit\u00e0","publisher":{"@id":"https:\/\/arteeluoghi.it\/#organization"},"potentialAction":[{"@type":"SearchAction","target":{"@type":"EntryPoint","urlTemplate":"https:\/\/arteeluoghi.it\/?s={search_term_string}"},"query-input":"required name=search_term_string"}],"inLanguage":"it-IT"},{"@type":"ImageObject","@id":"https:\/\/arteeluoghi.it\/index.php\/2015\/03\/19\/catherine-phiri-lila-racconta-storie-di-donne\/#primaryimage","inLanguage":"it-IT","url":"\/images\/foto2015\/RitrattiDiDonne_locandina.jpg","contentUrl":"\/images\/foto2015\/RitrattiDiDonne_locandina.jpg"},{"@type":"WebPage","@id":"https:\/\/arteeluoghi.it\/index.php\/2015\/03\/19\/catherine-phiri-lila-racconta-storie-di-donne\/#webpage","url":"https:\/\/arteeluoghi.it\/index.php\/2015\/03\/19\/catherine-phiri-lila-racconta-storie-di-donne\/","name":"Catherine Phiri. Lila racconta storie di Donne | Arte e Luoghi","isPartOf":{"@id":"https:\/\/arteeluoghi.it\/#website"},"primaryImageOfPage":{"@id":"https:\/\/arteeluoghi.it\/index.php\/2015\/03\/19\/catherine-phiri-lila-racconta-storie-di-donne\/#primaryimage"},"datePublished":"2015-03-19T17:24:33+00:00","dateModified":"2015-03-19T17:24:33+00:00","breadcrumb":{"@id":"https:\/\/arteeluoghi.it\/index.php\/2015\/03\/19\/catherine-phiri-lila-racconta-storie-di-donne\/#breadcrumb"},"inLanguage":"it-IT","potentialAction":[{"@type":"ReadAction","target":["https:\/\/arteeluoghi.it\/index.php\/2015\/03\/19\/catherine-phiri-lila-racconta-storie-di-donne\/"]}]},{"@type":"BreadcrumbList","@id":"https:\/\/arteeluoghi.it\/index.php\/2015\/03\/19\/catherine-phiri-lila-racconta-storie-di-donne\/#breadcrumb","itemListElement":[{"@type":"ListItem","position":1,"name":"Home","item":"https:\/\/arteeluoghi.it\/"},{"@type":"ListItem","position":2,"name":"Catherine Phiri. Lila racconta storie di Donne"}]},{"@type":"Article","@id":"https:\/\/arteeluoghi.it\/index.php\/2015\/03\/19\/catherine-phiri-lila-racconta-storie-di-donne\/#article","isPartOf":{"@id":"https:\/\/arteeluoghi.it\/index.php\/2015\/03\/19\/catherine-phiri-lila-racconta-storie-di-donne\/#webpage"},"author":{"@id":"https:\/\/arteeluoghi.it\/#\/schema\/person\/f84e814e36e91e01448ee07eaadd41d4"},"headline":"Catherine Phiri. Lila racconta storie di Donne","datePublished":"2015-03-19T17:24:33+00:00","dateModified":"2015-03-19T17:24:33+00:00","mainEntityOfPage":{"@id":"https:\/\/arteeluoghi.it\/index.php\/2015\/03\/19\/catherine-phiri-lila-racconta-storie-di-donne\/#webpage"},"wordCount":428,"commentCount":0,"publisher":{"@id":"https:\/\/arteeluoghi.it\/#organization"},"image":{"@id":"https:\/\/arteeluoghi.it\/index.php\/2015\/03\/19\/catherine-phiri-lila-racconta-storie-di-donne\/#primaryimage"},"thumbnailUrl":"\/images\/foto2015\/RitrattiDiDonne_locandina.jpg","articleSection":["Notizie"],"inLanguage":"it-IT","potentialAction":[{"@type":"CommentAction","name":"Comment","target":["https:\/\/arteeluoghi.it\/index.php\/2015\/03\/19\/catherine-phiri-lila-racconta-storie-di-donne\/#respond"]}]},{"@type":"Person","@id":"https:\/\/arteeluoghi.it\/#\/schema\/person\/f84e814e36e91e01448ee07eaadd41d4","name":"Staff","image":{"@type":"ImageObject","@id":"https:\/\/arteeluoghi.it\/#personlogo","inLanguage":"it-IT","url":"https:\/\/secure.gravatar.com\/avatar\/49d2f9e46271bb04e19cebfaf141313a?s=96&d=blank&r=g","contentUrl":"https:\/\/secure.gravatar.com\/avatar\/49d2f9e46271bb04e19cebfaf141313a?s=96&d=blank&r=g","caption":"Staff"}}]}},"_links":{"self":[{"href":"https:\/\/arteeluoghi.it\/index.php\/wp-json\/wp\/v2\/posts\/2099"}],"collection":[{"href":"https:\/\/arteeluoghi.it\/index.php\/wp-json\/wp\/v2\/posts"}],"about":[{"href":"https:\/\/arteeluoghi.it\/index.php\/wp-json\/wp\/v2\/types\/post"}],"author":[{"embeddable":true,"href":"https:\/\/arteeluoghi.it\/index.php\/wp-json\/wp\/v2\/users\/1"}],"replies":[{"embeddable":true,"href":"https:\/\/arteeluoghi.it\/index.php\/wp-json\/wp\/v2\/comments?post=2099"}],"version-history":[{"count":0,"href":"https:\/\/arteeluoghi.it\/index.php\/wp-json\/wp\/v2\/posts\/2099\/revisions"}],"wp:attachment":[{"href":"https:\/\/arteeluoghi.it\/index.php\/wp-json\/wp\/v2\/media?parent=2099"}],"wp:term":[{"taxonomy":"category","embeddable":true,"href":"https:\/\/arteeluoghi.it\/index.php\/wp-json\/wp\/v2\/categories?post=2099"},{"taxonomy":"post_tag","embeddable":true,"href":"https:\/\/arteeluoghi.it\/index.php\/wp-json\/wp\/v2\/tags?post=2099"}],"curies":[{"name":"wp","href":"https:\/\/api.w.org\/{rel}","templated":true}]}}