{"id":212,"date":"2011-03-25T17:46:34","date_gmt":"2011-03-25T16:46:34","guid":{"rendered":"http:\/\/arteeluoghi.it\/index.php\/2011\/03\/25\/la-rinascita-nellunita-q-x-edizione-de-luovo-dartista\/"},"modified":"2011-03-25T17:46:34","modified_gmt":"2011-03-25T16:46:34","slug":"la-rinascita-nellunita-q-x-edizione-de-luovo-dartista","status":"publish","type":"post","link":"https:\/\/arteeluoghi.it\/index.php\/2011\/03\/25\/la-rinascita-nellunita-q-x-edizione-de-luovo-dartista\/","title":{"rendered":"\u201cLA RINASCITA NELL&#8217;UNITA&#8217; &#8220;, X edizione de l\u2019Uovo d\u2019Artista"},"content":{"rendered":"<p><img src=\"\/images\/stories\/uova.jpg\" border=\"0\" style=\"margin: 12px; vertical-align: text-top; float: left;\" \/>\u201cLA RINASCITA NELL&#8217;UNITA&#8217; &#8220;, X edizione de l\u2019Uovo d\u2019Artista<\/p>\n<p>Omaggio al 150 anniversario dell&#8217;Unit\u00e0 d&#8217;Italia con ben cento opere in mostra<\/p>\n<p>Borgo di Calcata<\/p>\n<p align=\"left\">Palazzo Baronale\u201d, Piazza Umberto I<\/p>\n<p>\u201cIl Granarone\u201d Via di Porta Segreta 8<\/p>\n<p>\u201cl\u2019arte \u00e8 \u2026\u201d Via degli Anguillara 4<\/p>\n<p align=\"left\">10\/25 aprile (solo sabato e domenica e festivi)<\/p>\n<p>Patrocinata da Provincia di Viterbo, Comune di Calcata, Ente Parco Valle del Treja<\/p>\n<p>Inaugurazione: domenica 10 aprile ore 16.00<\/p>\n<p>\u00a0<\/p>\n<p>L\u2019Uovo d\u2019Artista, rassegna ideata da Marijcke Van Der Maden per l\u2019associazione Il Granarone di Calcata, celebra, nel suo decimo anno, il 150ennale dell\u2019Unit\u00e0 d\u2019Italia, con una esposizione di cento opere curata da Giuseppe Salerno, di cui riportiamo uno stralcio della presentazione inserita nel catalogo:<\/p>\n<p>Un anno importante il 2011 nel quale l\u2019Italia celebra i 150 anni dall\u2019avvenuta unit\u00e0. Una storia lontana e\u00a0 non ancora compiutamente realizzata che ci parla dell\u2019aspirazione all\u2019unificazione di territori e popoli divisi da montagne e percorsi diversi.<\/p>\n<p>  <!--more-->  <\/p>\n<p>Mai\u00a0 avrei pensato ad un collegamento tra la manifestazione dedicata all\u2019uovo, simbolo universale di eterna rinascita, ed il 150ennale dell\u2019Unit\u00e0 d\u2019Italia, evento di grande rilievo ma decisamente circoscritto nel tempo e nello spazio.<\/p>\n<p>Mai lo avrei pensato se a ci\u00f2 non mi avesse indotto la rimessa in discussione, da parte di talune componenti della nostra societ\u00e0 italiana, di questa tappa fondamentale nel cammino delle genti verso un mondo unico, armonicamente unito, fondato sul superamento di confini territoriali, razziali e culturali, dove \u201cvalore\u201d \u00e8 il rispetto d\u2019ogni diversit\u00e0.<\/p>\n<p>Nel nostro vivere globalizzato, dove il pensiero attraversa quotidianamente gli oceani e tutto interagisce con una istantaneit\u00e0 che ignora le distanze fisiche e mentali, ogni piccola aggregazione dovrebbe preludere a nuove, sempre pi\u00f9 grandi confluenze di popoli e culture accomunate dal bisogno imprescindibile di comunicare alla ricerca di condivisioni capaci di garantire la continuit\u00e0 della specie e la qualit\u00e0 della vita.<\/p>\n<p>Concetti che, per quanto diversamente intesi, sempre pi\u00f9 abbisognano per la loro affermazione di\u00a0 flussi ininterrotti di comunicazione in ambiti istituzionali che mirino al progressivo superamento di ogni antica frontiera.<\/p>\n<p>Quando per\u00f2 la continuit\u00e0 della specie e la qualit\u00e0 della vita si collocano lontano dalla naturalit\u00e0 delle cose e si confondono con l\u2019affermazione e la massima diffusione di meccanismi che sottostanno a logiche astrattamente economiche ed estranee alla natura umana, allora il genere umano resta imbrigliato in un divenire che, in nome di una errata concezione della societ\u00e0, rischia di appiattire le differenze e segnare la morte dell\u2019individualit\u00e0.<\/p>\n<p>La magia propria dell\u2019uovo, quella di riuscire a contenere e proteggere la coesistenza di componenti ugualmente necessarie nella loro diversit\u00e0 alla continuit\u00e0 della vita, stenta dunque ad applicarsi alle societ\u00e0 umane la cui storia, in una ciclica alternanza di aggregazioni sempre maggiori e rovinose frammentazioni, denuncia l\u2019incapacit\u00e0 politica di far propria in via definitiva quella visione unitaria che governa in natura.<\/p>\n<p>Il rischio avvertito di una drammatica inversione di tendenza non pu\u00f2 lasciare indifferente il mondo dell\u2019arte la cui natura \u00e8 anche quella di dar luce al futuro attraverso la riflessione sul contemporaneo.<\/p>\n<p>Ecco dunque che quel simbolo al quale da tempo Calcata dedica questa importante rassegna si presta a nuove letture che lo rendono\u00a0 riferimento prezioso anche per quella rinascita spirituale e politica senza la quale la vita cede terreno alla morte.<\/p>\n<p>Anno dopo anno innumerevoli sono le opere che \u201cL\u2019Uovo d\u2019Artista\u201d ha messo in mostra. Ci\u00f2 nonostante, anche quest\u2019anno, quando ormai si poteva ritenere che il\u00a0 possibile fosse stato gi\u00e0 detto, ci si torna a meravigliare di fronte a cento nuovi lavori che si vestono di attualit\u00e0 confermando ogni volta la misura di quanto l\u2019arte possa ancora esprimere in relazione a una forma semplice, fragile e potente che custodisce e rappresenta l\u2019esistenza nella sua complessit\u00e0 e nelle sue infinite possibili varianze.<\/p>\n<p>\u00a0<\/p>\n<p style=\"text-align: right;\"><strong>Giuseppe Salerno<\/strong><\/p>\n<p>\u00a0<\/p>\n<p>\u00a0<\/p>\n<p>\u00a0<\/p>\n<p>LA MOSTRA<\/p>\n<p>scheda informativa<\/p>\n<p align=\"left\">Localit\u00e0:\u00a0\u00a0\u00a0\u00a0\u00a0\u00a0\u00a0\u00a0\u00a0\u00a0\u00a0 \u00a0\u00a0\u00a0\u00a0\u00a0\u00a0\u00a0\u00a0\u00a0\u00a0\u00a0 Borgo di Calcata<\/p>\n<p align=\"left\">Spazi espositivi:\u00a0 \u00a0\u00a0\u00a0\u00a0\u00a0\u00a0\u00a0\u00a0\u00a0\u00a0\u00a0 \u201cPalazzo Baronale\u201d, Piazza Umberto I<\/p>\n<p>\u201cIl Granarone\u201d Via di Porta Segreta 8<\/p>\n<p>\u201cl\u2019arte \u00e8 \u2026\u201d Via degli Anguillara 4<\/p>\n<p align=\"left\">Periodo: \u00a0\u00a0\u00a0\u00a0\u00a0\u00a0\u00a0\u00a0\u00a0\u00a0\u00a0 \u00a0\u00a0\u00a0\u00a0\u00a0\u00a0\u00a0\u00a0\u00a0\u00a0\u00a0 10\/25 aprile (solo sabato e domenica e festivi)<\/p>\n<p align=\"left\">Orario:\u00a0\u00a0\u00a0\u00a0\u00a0\u00a0\u00a0\u00a0\u00a0\u00a0\u00a0 \u00a0\u00a0\u00a0\u00a0\u00a0\u00a0\u00a0\u00a0\u00a0\u00a0\u00a0 \u00a0\u00a0\u00a0\u00a0\u00a0\u00a0\u00a0\u00a0\u00a0\u00a0\u00a0 15.00-19.00<\/p>\n<p align=\"left\">Titolo:\u00a0\u00a0\u00a0\u00a0\u00a0\u00a0\u00a0\u00a0\u00a0\u00a0\u00a0 \u00a0\u00a0\u00a0\u00a0\u00a0\u00a0\u00a0\u00a0\u00a0\u00a0\u00a0 \u00a0\u00a0\u00a0\u00a0\u00a0\u00a0\u00a0\u00a0\u00a0\u00a0\u00a0 \u201cLa rinascita nell\u2019unit\u00e0\u201d, X edizione de l\u2019Uovo d\u2019Artista<\/p>\n<p>Artisti:<strong> <\/strong>Enrico Abenavoli, Gabriella Amato, Roberta Amurri, Associazione Hagape 2000, Anna Maria Ballarati, Luigi Ballarin, Renzo Barbarossa,\u00a0 Tiziana Bargagnati, Piergiorgio Baroldi, Franca Bernardi, Wanda Bettozzi, Isa Biasini, Tomaso Binga, Claudio Bozzaotra, Thomas Bugno, Loredana Cacucciolo, Paolo Camiz, Giuseppe Canali, Eugenio Cannilla, Enrica Capone, Giovanni Carpentieri, Giorgio Casari, Lucia Cenni, Luigi Cioli, Daniele Colaiacomo, Teresa Coratella, Paola Cordischi, Maria Cristina Crespo, Publia Cruciani, Anna Del Vecchio, Alessandro D\u2019Ercole, Gerardo Di Salvatore, Gabriella Di Trani, Vittorio Fava, Francesco Ferlisi, Stefano Ferracci, Roberta Filippi, Lucilla Frangini Ballerini, Stefano Frasca, Roberta Fratini, Fulvio Fugalli, Angelo Gioia, Filippo Gioia, Salvatore Giunta, Barbara Hoehn, Velia Iannotta, Alexander Jakhnagiev, Kalos, Janis D. Klien, Hans-Hermann Koopmann, Silvana Leonardi, Luciano Lombardi, Lughia, Maria Grazia Lunghi, Sergio Macchioli, Stefania Maciocci, Domenico Malarb\u00ec, Paolo Malfanti, Mirna Manni, Roberto Marino, Fiorenzo Mascagna, Anna Massinissa, Giulio Cesare Matusali, Gabriele Mazzara, Monica Melani, Massimo Melchiorri, Laura Migotto, Adamo Modesto, Pancho Monty Ray Garrison, Fabrizio Mosc\u00e8, Gianni Musacchio, Ada Natale, Massimo Nicotra, Francesco Nolli, Genny Oddis e Sergio Bortoli, Emiliano Yuri Paolini, Rosella Passeri, Vittorio Pavoncello, Massimo Piergrossi, Claudio G. Pisani, Achille Quadrini, Elvi Ratti, Fernando Rea, Paolo Rinaldi, Rodolfo Roschini, Simone Salimbeni, Angela Scappaticci, Claudio Schiavoni, Vincenza Spiridione, Franco Squadrelli, Maurizio Tiberti, Marijcke Van Der Maden, Francesco Varesano, Isabella Venantini, Xo, Maria Pia Zepponi, Franco Zingaretti<\/p>\n","protected":false},"excerpt":{"rendered":"<p>\u201cLA RINASCITA NELL&#8217;UNITA&#8217; &#8220;, X edizione de l\u2019Uovo d\u2019Artista Omaggio al 150 anniversario dell&#8217;Unit\u00e0 d&#8217;Italia con ben cento opere in<\/p>\n","protected":false},"author":1,"featured_media":0,"comment_status":"open","ping_status":"open","sticky":false,"template":"","format":"standard","meta":[],"categories":[3],"tags":[],"yoast_head":"<!-- This site is optimized with the Yoast SEO plugin v18.0 - https:\/\/yoast.com\/wordpress\/plugins\/seo\/ -->\n<title>\u201cLA RINASCITA NELL&#039;UNITA&#039; &quot;, X edizione de l\u2019Uovo d\u2019Artista | Arte e Luoghi<\/title>\n<meta name=\"robots\" content=\"index, follow, max-snippet:-1, max-image-preview:large, max-video-preview:-1\" \/>\n<link rel=\"canonical\" href=\"https:\/\/arteeluoghi.it\/index.php\/2011\/03\/25\/la-rinascita-nellunita-q-x-edizione-de-luovo-dartista\/\" \/>\n<meta property=\"og:locale\" content=\"it_IT\" \/>\n<meta property=\"og:type\" content=\"article\" \/>\n<meta property=\"og:title\" content=\"\u201cLA RINASCITA NELL&#039;UNITA&#039; &quot;, X edizione de l\u2019Uovo d\u2019Artista | Arte e Luoghi\" \/>\n<meta property=\"og:description\" content=\"\u201cLA RINASCITA NELL&#8217;UNITA&#8217; &#8220;, X edizione de l\u2019Uovo d\u2019Artista Omaggio al 150 anniversario dell&#8217;Unit\u00e0 d&#8217;Italia con ben cento opere in\" \/>\n<meta property=\"og:url\" content=\"https:\/\/arteeluoghi.it\/index.php\/2011\/03\/25\/la-rinascita-nellunita-q-x-edizione-de-luovo-dartista\/\" \/>\n<meta property=\"og:site_name\" content=\"Arte e Luoghi\" \/>\n<meta property=\"article:publisher\" content=\"https:\/\/www.facebook.com\/ArteELuoghi\/\" \/>\n<meta property=\"article:published_time\" content=\"2011-03-25T16:46:34+00:00\" \/>\n<meta property=\"og:image\" content=\"https:\/\/arteeluoghi.it\/images\/stories\/uova.jpg\" \/>\n<meta name=\"twitter:card\" content=\"summary\" \/>\n<meta name=\"twitter:creator\" content=\"@arteeluoghi\" \/>\n<meta name=\"twitter:site\" content=\"@arteeluoghi\" \/>\n<meta name=\"twitter:label1\" content=\"Scritto da\" \/>\n\t<meta name=\"twitter:data1\" content=\"Staff\" \/>\n\t<meta name=\"twitter:label2\" content=\"Tempo di lettura stimato\" \/>\n\t<meta name=\"twitter:data2\" content=\"4 minuti\" \/>\n<script type=\"application\/ld+json\" class=\"yoast-schema-graph\">{\"@context\":\"https:\/\/schema.org\",\"@graph\":[{\"@type\":\"Organization\",\"@id\":\"https:\/\/arteeluoghi.it\/#organization\",\"name\":\"Arte e Luoghi\",\"url\":\"https:\/\/arteeluoghi.it\/\",\"sameAs\":[\"https:\/\/www.facebook.com\/ArteELuoghi\/\",\"https:\/\/www.instagram.com\/arteeluoghi\/?hl=it\",\"https:\/\/www.youtube.com\/channel\/UCuRVc4JW4-C5sg9rQB-srkw?view_as=subscriber\",\"https:\/\/twitter.com\/arteeluoghi\"],\"logo\":{\"@type\":\"ImageObject\",\"@id\":\"https:\/\/arteeluoghi.it\/#logo\",\"inLanguage\":\"it-IT\",\"url\":\"https:\/\/arteeluoghi.it\/wp-content\/uploads\/2018\/08\/logoinstagramarte.jpg\",\"contentUrl\":\"https:\/\/arteeluoghi.it\/wp-content\/uploads\/2018\/08\/logoinstagramarte.jpg\",\"width\":150,\"height\":150,\"caption\":\"Arte e Luoghi\"},\"image\":{\"@id\":\"https:\/\/arteeluoghi.it\/#logo\"}},{\"@type\":\"WebSite\",\"@id\":\"https:\/\/arteeluoghi.it\/#website\",\"url\":\"https:\/\/arteeluoghi.it\/\",\"name\":\"Arte e Luoghi\",\"description\":\"Mensile di arte, cultura, turismo e curiosit\u00e0\",\"publisher\":{\"@id\":\"https:\/\/arteeluoghi.it\/#organization\"},\"potentialAction\":[{\"@type\":\"SearchAction\",\"target\":{\"@type\":\"EntryPoint\",\"urlTemplate\":\"https:\/\/arteeluoghi.it\/?s={search_term_string}\"},\"query-input\":\"required name=search_term_string\"}],\"inLanguage\":\"it-IT\"},{\"@type\":\"ImageObject\",\"@id\":\"https:\/\/arteeluoghi.it\/index.php\/2011\/03\/25\/la-rinascita-nellunita-q-x-edizione-de-luovo-dartista\/#primaryimage\",\"inLanguage\":\"it-IT\",\"url\":\"\/images\/stories\/uova.jpg\",\"contentUrl\":\"\/images\/stories\/uova.jpg\"},{\"@type\":\"WebPage\",\"@id\":\"https:\/\/arteeluoghi.it\/index.php\/2011\/03\/25\/la-rinascita-nellunita-q-x-edizione-de-luovo-dartista\/#webpage\",\"url\":\"https:\/\/arteeluoghi.it\/index.php\/2011\/03\/25\/la-rinascita-nellunita-q-x-edizione-de-luovo-dartista\/\",\"name\":\"\u201cLA RINASCITA NELL'UNITA' \\\", X edizione de l\u2019Uovo d\u2019Artista | Arte e Luoghi\",\"isPartOf\":{\"@id\":\"https:\/\/arteeluoghi.it\/#website\"},\"primaryImageOfPage\":{\"@id\":\"https:\/\/arteeluoghi.it\/index.php\/2011\/03\/25\/la-rinascita-nellunita-q-x-edizione-de-luovo-dartista\/#primaryimage\"},\"datePublished\":\"2011-03-25T16:46:34+00:00\",\"dateModified\":\"2011-03-25T16:46:34+00:00\",\"breadcrumb\":{\"@id\":\"https:\/\/arteeluoghi.it\/index.php\/2011\/03\/25\/la-rinascita-nellunita-q-x-edizione-de-luovo-dartista\/#breadcrumb\"},\"inLanguage\":\"it-IT\",\"potentialAction\":[{\"@type\":\"ReadAction\",\"target\":[\"https:\/\/arteeluoghi.it\/index.php\/2011\/03\/25\/la-rinascita-nellunita-q-x-edizione-de-luovo-dartista\/\"]}]},{\"@type\":\"BreadcrumbList\",\"@id\":\"https:\/\/arteeluoghi.it\/index.php\/2011\/03\/25\/la-rinascita-nellunita-q-x-edizione-de-luovo-dartista\/#breadcrumb\",\"itemListElement\":[{\"@type\":\"ListItem\",\"position\":1,\"name\":\"Home\",\"item\":\"https:\/\/arteeluoghi.it\/\"},{\"@type\":\"ListItem\",\"position\":2,\"name\":\"\u201cLA RINASCITA NELL&#8217;UNITA&#8217; &#8220;, X edizione de l\u2019Uovo d\u2019Artista\"}]},{\"@type\":\"Article\",\"@id\":\"https:\/\/arteeluoghi.it\/index.php\/2011\/03\/25\/la-rinascita-nellunita-q-x-edizione-de-luovo-dartista\/#article\",\"isPartOf\":{\"@id\":\"https:\/\/arteeluoghi.it\/index.php\/2011\/03\/25\/la-rinascita-nellunita-q-x-edizione-de-luovo-dartista\/#webpage\"},\"author\":{\"@id\":\"https:\/\/arteeluoghi.it\/#\/schema\/person\/f84e814e36e91e01448ee07eaadd41d4\"},\"headline\":\"\u201cLA RINASCITA NELL&#8217;UNITA&#8217; &#8220;, X edizione de l\u2019Uovo d\u2019Artista\",\"datePublished\":\"2011-03-25T16:46:34+00:00\",\"dateModified\":\"2011-03-25T16:46:34+00:00\",\"mainEntityOfPage\":{\"@id\":\"https:\/\/arteeluoghi.it\/index.php\/2011\/03\/25\/la-rinascita-nellunita-q-x-edizione-de-luovo-dartista\/#webpage\"},\"wordCount\":895,\"commentCount\":0,\"publisher\":{\"@id\":\"https:\/\/arteeluoghi.it\/#organization\"},\"image\":{\"@id\":\"https:\/\/arteeluoghi.it\/index.php\/2011\/03\/25\/la-rinascita-nellunita-q-x-edizione-de-luovo-dartista\/#primaryimage\"},\"thumbnailUrl\":\"\/images\/stories\/uova.jpg\",\"articleSection\":[\"Arti visive\"],\"inLanguage\":\"it-IT\",\"potentialAction\":[{\"@type\":\"CommentAction\",\"name\":\"Comment\",\"target\":[\"https:\/\/arteeluoghi.it\/index.php\/2011\/03\/25\/la-rinascita-nellunita-q-x-edizione-de-luovo-dartista\/#respond\"]}]},{\"@type\":\"Person\",\"@id\":\"https:\/\/arteeluoghi.it\/#\/schema\/person\/f84e814e36e91e01448ee07eaadd41d4\",\"name\":\"Staff\",\"image\":{\"@type\":\"ImageObject\",\"@id\":\"https:\/\/arteeluoghi.it\/#personlogo\",\"inLanguage\":\"it-IT\",\"url\":\"https:\/\/secure.gravatar.com\/avatar\/49d2f9e46271bb04e19cebfaf141313a?s=96&d=blank&r=g\",\"contentUrl\":\"https:\/\/secure.gravatar.com\/avatar\/49d2f9e46271bb04e19cebfaf141313a?s=96&d=blank&r=g\",\"caption\":\"Staff\"}}]}<\/script>\n<!-- \/ Yoast SEO plugin. -->","yoast_head_json":{"title":"\u201cLA RINASCITA NELL'UNITA' \", X edizione de l\u2019Uovo d\u2019Artista | Arte e Luoghi","robots":{"index":"index","follow":"follow","max-snippet":"max-snippet:-1","max-image-preview":"max-image-preview:large","max-video-preview":"max-video-preview:-1"},"canonical":"https:\/\/arteeluoghi.it\/index.php\/2011\/03\/25\/la-rinascita-nellunita-q-x-edizione-de-luovo-dartista\/","og_locale":"it_IT","og_type":"article","og_title":"\u201cLA RINASCITA NELL'UNITA' \", X edizione de l\u2019Uovo d\u2019Artista | Arte e Luoghi","og_description":"\u201cLA RINASCITA NELL&#8217;UNITA&#8217; &#8220;, X edizione de l\u2019Uovo d\u2019Artista Omaggio al 150 anniversario dell&#8217;Unit\u00e0 d&#8217;Italia con ben cento opere in","og_url":"https:\/\/arteeluoghi.it\/index.php\/2011\/03\/25\/la-rinascita-nellunita-q-x-edizione-de-luovo-dartista\/","og_site_name":"Arte e Luoghi","article_publisher":"https:\/\/www.facebook.com\/ArteELuoghi\/","article_published_time":"2011-03-25T16:46:34+00:00","og_image":[{"url":"https:\/\/arteeluoghi.it\/images\/stories\/uova.jpg"}],"twitter_card":"summary","twitter_creator":"@arteeluoghi","twitter_site":"@arteeluoghi","twitter_misc":{"Scritto da":"Staff","Tempo di lettura stimato":"4 minuti"},"schema":{"@context":"https:\/\/schema.org","@graph":[{"@type":"Organization","@id":"https:\/\/arteeluoghi.it\/#organization","name":"Arte e Luoghi","url":"https:\/\/arteeluoghi.it\/","sameAs":["https:\/\/www.facebook.com\/ArteELuoghi\/","https:\/\/www.instagram.com\/arteeluoghi\/?hl=it","https:\/\/www.youtube.com\/channel\/UCuRVc4JW4-C5sg9rQB-srkw?view_as=subscriber","https:\/\/twitter.com\/arteeluoghi"],"logo":{"@type":"ImageObject","@id":"https:\/\/arteeluoghi.it\/#logo","inLanguage":"it-IT","url":"https:\/\/arteeluoghi.it\/wp-content\/uploads\/2018\/08\/logoinstagramarte.jpg","contentUrl":"https:\/\/arteeluoghi.it\/wp-content\/uploads\/2018\/08\/logoinstagramarte.jpg","width":150,"height":150,"caption":"Arte e Luoghi"},"image":{"@id":"https:\/\/arteeluoghi.it\/#logo"}},{"@type":"WebSite","@id":"https:\/\/arteeluoghi.it\/#website","url":"https:\/\/arteeluoghi.it\/","name":"Arte e Luoghi","description":"Mensile di arte, cultura, turismo e curiosit\u00e0","publisher":{"@id":"https:\/\/arteeluoghi.it\/#organization"},"potentialAction":[{"@type":"SearchAction","target":{"@type":"EntryPoint","urlTemplate":"https:\/\/arteeluoghi.it\/?s={search_term_string}"},"query-input":"required name=search_term_string"}],"inLanguage":"it-IT"},{"@type":"ImageObject","@id":"https:\/\/arteeluoghi.it\/index.php\/2011\/03\/25\/la-rinascita-nellunita-q-x-edizione-de-luovo-dartista\/#primaryimage","inLanguage":"it-IT","url":"\/images\/stories\/uova.jpg","contentUrl":"\/images\/stories\/uova.jpg"},{"@type":"WebPage","@id":"https:\/\/arteeluoghi.it\/index.php\/2011\/03\/25\/la-rinascita-nellunita-q-x-edizione-de-luovo-dartista\/#webpage","url":"https:\/\/arteeluoghi.it\/index.php\/2011\/03\/25\/la-rinascita-nellunita-q-x-edizione-de-luovo-dartista\/","name":"\u201cLA RINASCITA NELL'UNITA' \", X edizione de l\u2019Uovo d\u2019Artista | Arte e Luoghi","isPartOf":{"@id":"https:\/\/arteeluoghi.it\/#website"},"primaryImageOfPage":{"@id":"https:\/\/arteeluoghi.it\/index.php\/2011\/03\/25\/la-rinascita-nellunita-q-x-edizione-de-luovo-dartista\/#primaryimage"},"datePublished":"2011-03-25T16:46:34+00:00","dateModified":"2011-03-25T16:46:34+00:00","breadcrumb":{"@id":"https:\/\/arteeluoghi.it\/index.php\/2011\/03\/25\/la-rinascita-nellunita-q-x-edizione-de-luovo-dartista\/#breadcrumb"},"inLanguage":"it-IT","potentialAction":[{"@type":"ReadAction","target":["https:\/\/arteeluoghi.it\/index.php\/2011\/03\/25\/la-rinascita-nellunita-q-x-edizione-de-luovo-dartista\/"]}]},{"@type":"BreadcrumbList","@id":"https:\/\/arteeluoghi.it\/index.php\/2011\/03\/25\/la-rinascita-nellunita-q-x-edizione-de-luovo-dartista\/#breadcrumb","itemListElement":[{"@type":"ListItem","position":1,"name":"Home","item":"https:\/\/arteeluoghi.it\/"},{"@type":"ListItem","position":2,"name":"\u201cLA RINASCITA NELL&#8217;UNITA&#8217; &#8220;, X edizione de l\u2019Uovo d\u2019Artista"}]},{"@type":"Article","@id":"https:\/\/arteeluoghi.it\/index.php\/2011\/03\/25\/la-rinascita-nellunita-q-x-edizione-de-luovo-dartista\/#article","isPartOf":{"@id":"https:\/\/arteeluoghi.it\/index.php\/2011\/03\/25\/la-rinascita-nellunita-q-x-edizione-de-luovo-dartista\/#webpage"},"author":{"@id":"https:\/\/arteeluoghi.it\/#\/schema\/person\/f84e814e36e91e01448ee07eaadd41d4"},"headline":"\u201cLA RINASCITA NELL&#8217;UNITA&#8217; &#8220;, X edizione de l\u2019Uovo d\u2019Artista","datePublished":"2011-03-25T16:46:34+00:00","dateModified":"2011-03-25T16:46:34+00:00","mainEntityOfPage":{"@id":"https:\/\/arteeluoghi.it\/index.php\/2011\/03\/25\/la-rinascita-nellunita-q-x-edizione-de-luovo-dartista\/#webpage"},"wordCount":895,"commentCount":0,"publisher":{"@id":"https:\/\/arteeluoghi.it\/#organization"},"image":{"@id":"https:\/\/arteeluoghi.it\/index.php\/2011\/03\/25\/la-rinascita-nellunita-q-x-edizione-de-luovo-dartista\/#primaryimage"},"thumbnailUrl":"\/images\/stories\/uova.jpg","articleSection":["Arti visive"],"inLanguage":"it-IT","potentialAction":[{"@type":"CommentAction","name":"Comment","target":["https:\/\/arteeluoghi.it\/index.php\/2011\/03\/25\/la-rinascita-nellunita-q-x-edizione-de-luovo-dartista\/#respond"]}]},{"@type":"Person","@id":"https:\/\/arteeluoghi.it\/#\/schema\/person\/f84e814e36e91e01448ee07eaadd41d4","name":"Staff","image":{"@type":"ImageObject","@id":"https:\/\/arteeluoghi.it\/#personlogo","inLanguage":"it-IT","url":"https:\/\/secure.gravatar.com\/avatar\/49d2f9e46271bb04e19cebfaf141313a?s=96&d=blank&r=g","contentUrl":"https:\/\/secure.gravatar.com\/avatar\/49d2f9e46271bb04e19cebfaf141313a?s=96&d=blank&r=g","caption":"Staff"}}]}},"_links":{"self":[{"href":"https:\/\/arteeluoghi.it\/index.php\/wp-json\/wp\/v2\/posts\/212"}],"collection":[{"href":"https:\/\/arteeluoghi.it\/index.php\/wp-json\/wp\/v2\/posts"}],"about":[{"href":"https:\/\/arteeluoghi.it\/index.php\/wp-json\/wp\/v2\/types\/post"}],"author":[{"embeddable":true,"href":"https:\/\/arteeluoghi.it\/index.php\/wp-json\/wp\/v2\/users\/1"}],"replies":[{"embeddable":true,"href":"https:\/\/arteeluoghi.it\/index.php\/wp-json\/wp\/v2\/comments?post=212"}],"version-history":[{"count":0,"href":"https:\/\/arteeluoghi.it\/index.php\/wp-json\/wp\/v2\/posts\/212\/revisions"}],"wp:attachment":[{"href":"https:\/\/arteeluoghi.it\/index.php\/wp-json\/wp\/v2\/media?parent=212"}],"wp:term":[{"taxonomy":"category","embeddable":true,"href":"https:\/\/arteeluoghi.it\/index.php\/wp-json\/wp\/v2\/categories?post=212"},{"taxonomy":"post_tag","embeddable":true,"href":"https:\/\/arteeluoghi.it\/index.php\/wp-json\/wp\/v2\/tags?post=212"}],"curies":[{"name":"wp","href":"https:\/\/api.w.org\/{rel}","templated":true}]}}