{"id":2135,"date":"2015-04-13T21:29:35","date_gmt":"2015-04-13T19:29:35","guid":{"rendered":"http:\/\/arteeluoghi.it\/index.php\/2015\/04\/13\/riflettendo-su-il-deserto-dei-tartari\/"},"modified":"2017-08-06T23:07:05","modified_gmt":"2017-08-06T21:07:05","slug":"riflettendo-su-il-deserto-dei-tartari","status":"publish","type":"post","link":"https:\/\/arteeluoghi.it\/index.php\/2015\/04\/13\/riflettendo-su-il-deserto-dei-tartari\/","title":{"rendered":"Riflettendo su &#8220;Il deserto dei tartari&#8221;"},"content":{"rendered":"<p><strong><img src=\"\/images\/foto2015\/1940deserto_buzzati.jpg\" border=\"0\" title=\"la copertina del libro \" style=\"float: left; margin: 21px;\" \/>I luoghi della parola|<\/strong>piccola riflessione su<strong> <strong>\u201cIl deserto dei Tartari\u201d <\/strong><\/strong>di<strong><strong> Dino Buzzati<\/strong><\/strong><\/p>\n<p><strong>IL DESERTO DEGLI ATTIMI <\/strong><\/p>\n<p>di Leo Tenneriello<\/p>\n<p><strong>\u00a0<\/strong><\/p>\n<p>Ci sono romanzi che mi somigliano: \u201c<em>Il deserto dei Tartari<\/em>\u201d \u00e8 uno di quelli.<\/p>\n<p>Sto con Giovanni Drogo quando riceve finalmente la nomina di ufficiale: \u201c<em>il giorno atteso da anni, il principio della sua vera vita [\u2026] libera e presumibilmente felice<\/em>\u201d. \u00c8 il giorno dell\u2019entusiasmo, dell\u2019ottimismo, del sentire di avere davanti una grande vita, del tempo che promette.<\/p>\n<p>La sua destinazione \u00e8 la Fortezza Bastiani, ultimo distaccamento a Nord di chiss\u00e0 quale Nulla, sperduta in una pianura avvilente chiamata il \u201c<em>deserto dei Tartari<\/em>\u201d perch\u00e9 in un remoto passato era stata arena di tragiche scorribande.<\/p>\n<p>Se mai lo fosse stata, ora nessuno la considera pi\u00f9 cos\u00ec strategica. N\u00e9 i nemici, n\u00e9 gli amici. \u00c8 solo una costruzione, un vecchio edificio sperduto su un\u2019altura dimenticata, niente di pi\u00f9. Pochi sanno che esiste. \u201c<em>\u00c8 una fortezza di seconda categoria, una frontiera morta, che non d\u00e0 pensiero, che non serve a niente<\/em>\u201d.<\/p>\n<p>  <!--more-->  <\/p>\n<p>\u00a0<\/p>\n<p>La Fortezza Bastiani \u00e8 la vita che mi tocca vivere. \u00c8 il destino e la destinazione che il caso mi ha assegnato. \u00c8 la scelta imposta. \u00c8 la vita controvoglia. \u00c8 il tempo che promette e che non mantiene.<\/p>\n<p>Il viaggio per raggiungerla \u00e8 lungo. La fatica amplifica l\u2019attesa per chiss\u00e0 quale meraviglia. Ma \u201c<em>la via che si arrampicava a zig zag<\/em>\u201d conduce ben presto a una pungente e raggelante delusione. Appena arrivato Giovanni \u201c<em>stava pensando alla vita che lo attendeva, si sentiva estraneo a quel mondo, a quella solitudine, a quelle montagne<\/em>\u201d.<\/p>\n<p>Dall\u2019incanto alla disillusione. Dall\u2019entusiasmo al disincanto. \u201c<em>Tutti l\u00e0 dentro parevano essersi dimenticati che in qualche parte del mondo esistevano fiori, donne ridenti, case allegre e ospitali. Tutto l\u00e0 dentro era rinuncia, ma per chi, per quale misterioso bene?<\/em>\u201d.<\/p>\n<p>Giovanni vuole fuggire. Vuole ritornare indietro, ma deve aspettare la visita medica periodica e sperare in un falso certificato medico per farsi rispedire a casa.<\/p>\n<p>In quel periodo di attesa Giovanni subisce, senza rendersene conto, la seduzione della vita della Fortezza. Le regole avulse dalla ragionevolezza, le norme inflessibili della vita militare, lontane dal buon senso, colmano un vuoto esistenziale. La noia \u00e8 come il canto delle sirene che ammalia e inchioda i militari in quel posto. Altrove, forse, sarebbero quello che sono: esseri in balia del non essere. L\u00ec il nulla ha le sembianze del rigore, del dover rispondere a chiss\u00e0 quale elezione, a quale missione. Il Nemico pu\u00f2 apparire all\u2019improvviso, all\u2019orizzonte e la battaglia \u00e8 il parametro di misura e di confronto con la realt\u00e0 alla quale dimostrare il proprio valore. Per ottenere il riconoscimento di uomini veri bisogna combattere. Il Nemico immaginario \u00e8 il senso ultimo di un\u2019esistenza vuota gettata via ai confini della vita.<\/p>\n<p>L\u2019esaltazione lascia subito il posto all\u2019oppressione della solitudine, frutto di una notte insonne, fino a realizzarne il significato profondo: \u201c<em>molte volte egli era stato solo [\u2026] ma adesso era una cosa ben diversa, [\u2026] Adesso s\u00ec capiva sul serio che cosa fosse solitudine (una camera non brutta, tutta tappezzata di legno, con un grande letto, un tavolo, un incomodo divano, un armadio) [\u2026] \u00a0nessuno in tutta la Fortezza pensava a lui e non solo nella Fortezza, probabilmente anche in tutto il mondo non c&#8217;era un&#8217;anima che pensasse a Drogo; ciascuno ha le proprie occupazioni ciascuno basta appena a se stesso<\/em>\u201d.<\/p>\n<p>In quegli attimi statici, in \u201c<em>quello smisurato mare immobile<\/em>\u201d sentiva lavorare dentro di s\u00e9 una \u201c<em>forza sconosciuta<\/em>\u201d che lo tratteneva in quel luogo in cui vedeva gi\u00e0 consumare la sua giovinezza.<\/p>\n<p>A volte anche io ho la sensazione che abiti dentro di me una presenza oscura che mi fa piacere quello che non mi piace, che mi inchioda l\u00ec nella mia prigione e che quasi mi restituisce un senso di appagamento.<\/p>\n<p>I sentimenti sono contradditori; si alternano esigenza di discontinuit\u00e0 e di stabilit\u00e0. Due giorni dopo Giovanni ha il comando della terza ridotta, quella delle mura che danno a Nord, e \u201c<em>cos\u00ec, mentre veniva il buio, si impadroniva nuovamente di Drogo il desiderio di fuggire<\/em>\u201d.<\/p>\n<p>Il capitolo VI del libro descrive il profondo senso di disagio e di conflitto interiore. Giovanni cerca conforto in una lettera da inviare alla madre raccontandole del malessere che vive nella Fortezza \u201c<em>a chi altri se non alla mamma poteva dire la verit\u00e0<\/em>? [\u2026]<em>La verit\u00e0 era la stanchezza del viaggio, l&#8217;oppressione delle tetre mura, il sentirsi completamente solo [\u2026]La Fortezza \u00e8 malinconica, non ci sono paesi vicini, non c&#8217;\u00e8 nessun divertimento e nessuna allegria. Questo le avrebbe scritto<\/em>\u201d.<\/p>\n<p>Per\u00f2 gli pare sgarbato e inutile farla preoccupare e alla fine scrive \u201c<em>la fortezza \u00e8 grandiosa<\/em>\u201d. Perch\u00e9 caricare la mamma di un dolore gi\u00e0 per lui difficile da gestire?\u00a0 Il suo sollievo sarebbe stato un turbamento per la lei.<\/p>\n<p>\u00a0<\/p>\n<p>\u201c<em>No, neppure con la mamma poteva essere sincero, nemmeno a lei confessare gli oscuri timori che non gli lasciavano pace<\/em>\u201d.<\/p>\n<p>\u00a0<\/p>\n<p>Segue la riflessione topica, centrale, magnifica del romanzo \u201c<em>proprio quella notte cominciava per lui l&#8217;irreparabile fuga del tempo. Fino allora egli era avanzato per la spensierata et\u00e0 della prima giovinezza, una strada che da bambini sembra infinita, dove gli anni scorrono lenti e con passo lieve, cos\u00ec che nessuno nota la loro partenza. Si cammina placidamente, guardandosi con curiosit\u00e0 attorno, non c&#8217;\u00e8 proprio bisogno di affrettarsi, nessuno preme di dietro e nessuno ci aspetta, anche i compagni procedono senza pensieri, fermandosi spesso a scherzare. Dalle case, sulle porte, la gente grande saluta benigna, e fa cenno indicando l&#8217;orizzonte con sorrisi di intesa; cos\u00ec il cuore comincia a battere per eroici e teneri desideri, si assapora la vigilia delle cose meravigliose che si attendono pi\u00f9 avanti; ancora non si vedono, no, ma \u00e8 certo, assolutamente certo che un giorno ci arriveremo. [\u2026] Ancora molto? No [\u2026] Per qualche istante si ha l\u2019impressione di s\u00ec e ci si vorrebbe fermare: Poi si sente che il meglio \u00e8 pi\u00f9 avanti e si riprende affanno la strada. Cos\u00ec si continua il cammino in una attesa fiduciosa e le giornate sono lunghe e tranquille, il sole risplende alto nel cielo e sembra non abbia mai voglia di calare al tramonto. Ma a un certo punto, quasi istintivamente, ci si volta indietro e si vede che un cancello \u00e8 stato sprangato alle spalle nostre, chiudendo la via del ritorno. Allora si sente che qualche cosa \u00e8 cambiato, il sole non sembra pi\u00f9 immobile ma si sposta rapidamente, ahim\u00e8, non si fa tempo a fissarlo che gi\u00e0 precipita verso il fiume dell&#8217;orizzonte, ci si accorge che le nubi non ristagnano pi\u00f9 nei golfi azzurri del cielo ma fuggono accavallandosi l&#8217;una sull&#8217;altra, tanto \u00e8 il loro affanno; si capisce che il tempo passa e che la strada un giorno dovr\u00e0 pur finire\u201d<\/em>.<\/p>\n<p>\u00a0<\/p>\n<p>Giovanni si addormenta e io con lui. Non svegliatemi, guai se potessi vedere me stesso \u201c<em>come sar\u00e0 un giorno, l\u00e0 dove la strada finisce<\/em>\u201d. Tanto ci pensa l\u2019abitudine con le sue piccole, grette e \u201c<em>misere cose<\/em>\u201d a farmi apprezzare l\u2019accumulo di attimi, di \u201c<em>fuga del tempo<\/em>\u201d che \u201c<em>inghiottisce i giorni uno dopo l\u2019altro, tutti simili, con velocit\u00e0 vertiginosa<\/em>\u201d.<\/p>\n<p>\u00a0<\/p>\n<p>\u00c8 l\u2019abitudine del capitolo decimo del <em>Deserto<\/em> che lega Giovanni alla Fortezza. Decide di rimanere arrendendosi al richiamo annientante di quelle mura. Sceglie di non scegliersi pi\u00f9. Baratta la ricerca della felicita per la certezza.<\/p>\n<p>\u00a0<\/p>\n<p>Aspettando la &#8220;<em>grande occasione<\/em>&#8221; la vita passa cos\u00ec come l\u2019occasione attesa da sempre.<\/p>\n<p>\u00a0<\/p>\n<p>Giovanni \u00e8 malato e deve fare spazio ai nuovi ufficiali ed \u00e8 fuori dai giochi, fuori dalla fortezza e dalla guerra, che finalmente si concretizza, contro il regno del Nord.<\/p>\n<p>\u00a0<\/p>\n<p>La fuga del tempo \u00e8 finita, \u201c<em>il mondo ristagnava in una orizzontale apatia e gli orologi correvano inutilmente<\/em> [\u2026] <em>La vita dunque si era risolta in una specie di scherzo, per un\u2019orgogliosa scommessa tutto era stato perduto<\/em>\u201d.<\/p>\n<p>\u00a0<\/p>\n<p>Muore solo. Rassegnato e tranquillo. Negli attimi conclusivi della sua vita, realizza che il suo alto compito in realt\u00e0 \u00e8 affrontare con dignit\u00e0 la Morte e aspettandola \u201c<em>raddrizza il busto<\/em>\u201d.<\/p>\n<p>\u00a0<\/p>\n<p>Sconfiggendo la paura di morire, Giovanni ottiene quel riconoscimento sul campo di battaglia della vita dove dimostra finalmente il suo grande valore di soldato e di uomo. Muore in pace con se stesso e con la sua storia.<\/p>\n<p>\u00a0<\/p>\n<p>\u201c<em>Non c\u2019\u00e8 nessuno che guardi, nessuno che gli dir\u00e0 bravo<\/em>\u201d, ma lui \u00e8 l\u00ec pronto a ricevere e sfidare \u201c<em>l\u2019ultimo nemico<\/em>\u201d; solo nella sua stanza \u201c<em>nel buio, bench\u00e9 nessuno lo veda, sorride<\/em>\u201d prendendosi gioco della Vita e della Morte.<\/p>\n<p>\u00a0<\/p>\n","protected":false},"excerpt":{"rendered":"<p>I luoghi della parola|piccola riflessione su \u201cIl deserto dei Tartari\u201d di Dino Buzzati IL DESERTO DEGLI ATTIMI di Leo Tenneriello<\/p>\n","protected":false},"author":1,"featured_media":0,"comment_status":"open","ping_status":"open","sticky":false,"template":"","format":"standard","meta":[],"categories":[52],"tags":[],"yoast_head":"<!-- This site is optimized with the Yoast SEO plugin v18.0 - https:\/\/yoast.com\/wordpress\/plugins\/seo\/ -->\n<title>Riflettendo su &quot;Il deserto dei tartari&quot; | Arte e Luoghi<\/title>\n<meta name=\"robots\" content=\"index, follow, max-snippet:-1, max-image-preview:large, max-video-preview:-1\" \/>\n<link rel=\"canonical\" href=\"https:\/\/arteeluoghi.it\/index.php\/2015\/04\/13\/riflettendo-su-il-deserto-dei-tartari\/\" \/>\n<meta property=\"og:locale\" content=\"it_IT\" \/>\n<meta property=\"og:type\" content=\"article\" \/>\n<meta property=\"og:title\" content=\"Riflettendo su &quot;Il deserto dei tartari&quot; | Arte e Luoghi\" \/>\n<meta property=\"og:description\" content=\"I luoghi della parola|piccola riflessione su \u201cIl deserto dei Tartari\u201d di Dino Buzzati IL DESERTO DEGLI ATTIMI di Leo Tenneriello\" \/>\n<meta property=\"og:url\" content=\"https:\/\/arteeluoghi.it\/index.php\/2015\/04\/13\/riflettendo-su-il-deserto-dei-tartari\/\" \/>\n<meta property=\"og:site_name\" content=\"Arte e Luoghi\" \/>\n<meta property=\"article:publisher\" content=\"https:\/\/www.facebook.com\/ArteELuoghi\/\" \/>\n<meta property=\"article:published_time\" content=\"2015-04-13T19:29:35+00:00\" \/>\n<meta property=\"article:modified_time\" content=\"2017-08-06T21:07:05+00:00\" \/>\n<meta property=\"og:image\" content=\"https:\/\/arteeluoghi.it\/images\/foto2015\/1940deserto_buzzati.jpg\" \/>\n<meta name=\"twitter:card\" content=\"summary\" \/>\n<meta name=\"twitter:creator\" content=\"@arteeluoghi\" \/>\n<meta name=\"twitter:site\" content=\"@arteeluoghi\" \/>\n<meta name=\"twitter:label1\" content=\"Scritto da\" \/>\n\t<meta name=\"twitter:data1\" content=\"Staff\" \/>\n\t<meta name=\"twitter:label2\" content=\"Tempo di lettura stimato\" \/>\n\t<meta name=\"twitter:data2\" content=\"7 minuti\" \/>\n<script type=\"application\/ld+json\" class=\"yoast-schema-graph\">{\"@context\":\"https:\/\/schema.org\",\"@graph\":[{\"@type\":\"Organization\",\"@id\":\"https:\/\/arteeluoghi.it\/#organization\",\"name\":\"Arte e Luoghi\",\"url\":\"https:\/\/arteeluoghi.it\/\",\"sameAs\":[\"https:\/\/www.facebook.com\/ArteELuoghi\/\",\"https:\/\/www.instagram.com\/arteeluoghi\/?hl=it\",\"https:\/\/www.youtube.com\/channel\/UCuRVc4JW4-C5sg9rQB-srkw?view_as=subscriber\",\"https:\/\/twitter.com\/arteeluoghi\"],\"logo\":{\"@type\":\"ImageObject\",\"@id\":\"https:\/\/arteeluoghi.it\/#logo\",\"inLanguage\":\"it-IT\",\"url\":\"https:\/\/arteeluoghi.it\/wp-content\/uploads\/2018\/08\/logoinstagramarte.jpg\",\"contentUrl\":\"https:\/\/arteeluoghi.it\/wp-content\/uploads\/2018\/08\/logoinstagramarte.jpg\",\"width\":150,\"height\":150,\"caption\":\"Arte e Luoghi\"},\"image\":{\"@id\":\"https:\/\/arteeluoghi.it\/#logo\"}},{\"@type\":\"WebSite\",\"@id\":\"https:\/\/arteeluoghi.it\/#website\",\"url\":\"https:\/\/arteeluoghi.it\/\",\"name\":\"Arte e Luoghi\",\"description\":\"Mensile di arte, cultura, turismo e curiosit\u00e0\",\"publisher\":{\"@id\":\"https:\/\/arteeluoghi.it\/#organization\"},\"potentialAction\":[{\"@type\":\"SearchAction\",\"target\":{\"@type\":\"EntryPoint\",\"urlTemplate\":\"https:\/\/arteeluoghi.it\/?s={search_term_string}\"},\"query-input\":\"required name=search_term_string\"}],\"inLanguage\":\"it-IT\"},{\"@type\":\"ImageObject\",\"@id\":\"https:\/\/arteeluoghi.it\/index.php\/2015\/04\/13\/riflettendo-su-il-deserto-dei-tartari\/#primaryimage\",\"inLanguage\":\"it-IT\",\"url\":\"\/images\/foto2015\/1940deserto_buzzati.jpg\",\"contentUrl\":\"\/images\/foto2015\/1940deserto_buzzati.jpg\"},{\"@type\":\"WebPage\",\"@id\":\"https:\/\/arteeluoghi.it\/index.php\/2015\/04\/13\/riflettendo-su-il-deserto-dei-tartari\/#webpage\",\"url\":\"https:\/\/arteeluoghi.it\/index.php\/2015\/04\/13\/riflettendo-su-il-deserto-dei-tartari\/\",\"name\":\"Riflettendo su \\\"Il deserto dei tartari\\\" | Arte e Luoghi\",\"isPartOf\":{\"@id\":\"https:\/\/arteeluoghi.it\/#website\"},\"primaryImageOfPage\":{\"@id\":\"https:\/\/arteeluoghi.it\/index.php\/2015\/04\/13\/riflettendo-su-il-deserto-dei-tartari\/#primaryimage\"},\"datePublished\":\"2015-04-13T19:29:35+00:00\",\"dateModified\":\"2017-08-06T21:07:05+00:00\",\"breadcrumb\":{\"@id\":\"https:\/\/arteeluoghi.it\/index.php\/2015\/04\/13\/riflettendo-su-il-deserto-dei-tartari\/#breadcrumb\"},\"inLanguage\":\"it-IT\",\"potentialAction\":[{\"@type\":\"ReadAction\",\"target\":[\"https:\/\/arteeluoghi.it\/index.php\/2015\/04\/13\/riflettendo-su-il-deserto-dei-tartari\/\"]}]},{\"@type\":\"BreadcrumbList\",\"@id\":\"https:\/\/arteeluoghi.it\/index.php\/2015\/04\/13\/riflettendo-su-il-deserto-dei-tartari\/#breadcrumb\",\"itemListElement\":[{\"@type\":\"ListItem\",\"position\":1,\"name\":\"Home\",\"item\":\"https:\/\/arteeluoghi.it\/\"},{\"@type\":\"ListItem\",\"position\":2,\"name\":\"Riflettendo su &#8220;Il deserto dei tartari&#8221;\"}]},{\"@type\":\"Article\",\"@id\":\"https:\/\/arteeluoghi.it\/index.php\/2015\/04\/13\/riflettendo-su-il-deserto-dei-tartari\/#article\",\"isPartOf\":{\"@id\":\"https:\/\/arteeluoghi.it\/index.php\/2015\/04\/13\/riflettendo-su-il-deserto-dei-tartari\/#webpage\"},\"author\":{\"@id\":\"https:\/\/arteeluoghi.it\/#\/schema\/person\/f84e814e36e91e01448ee07eaadd41d4\"},\"headline\":\"Riflettendo su &#8220;Il deserto dei tartari&#8221;\",\"datePublished\":\"2015-04-13T19:29:35+00:00\",\"dateModified\":\"2017-08-06T21:07:05+00:00\",\"mainEntityOfPage\":{\"@id\":\"https:\/\/arteeluoghi.it\/index.php\/2015\/04\/13\/riflettendo-su-il-deserto-dei-tartari\/#webpage\"},\"wordCount\":1385,\"commentCount\":0,\"publisher\":{\"@id\":\"https:\/\/arteeluoghi.it\/#organization\"},\"image\":{\"@id\":\"https:\/\/arteeluoghi.it\/index.php\/2015\/04\/13\/riflettendo-su-il-deserto-dei-tartari\/#primaryimage\"},\"thumbnailUrl\":\"\/images\/foto2015\/1940deserto_buzzati.jpg\",\"articleSection\":[\"I luoghi della parola\"],\"inLanguage\":\"it-IT\",\"potentialAction\":[{\"@type\":\"CommentAction\",\"name\":\"Comment\",\"target\":[\"https:\/\/arteeluoghi.it\/index.php\/2015\/04\/13\/riflettendo-su-il-deserto-dei-tartari\/#respond\"]}]},{\"@type\":\"Person\",\"@id\":\"https:\/\/arteeluoghi.it\/#\/schema\/person\/f84e814e36e91e01448ee07eaadd41d4\",\"name\":\"Staff\",\"image\":{\"@type\":\"ImageObject\",\"@id\":\"https:\/\/arteeluoghi.it\/#personlogo\",\"inLanguage\":\"it-IT\",\"url\":\"https:\/\/secure.gravatar.com\/avatar\/49d2f9e46271bb04e19cebfaf141313a?s=96&d=blank&r=g\",\"contentUrl\":\"https:\/\/secure.gravatar.com\/avatar\/49d2f9e46271bb04e19cebfaf141313a?s=96&d=blank&r=g\",\"caption\":\"Staff\"}}]}<\/script>\n<!-- \/ Yoast SEO plugin. -->","yoast_head_json":{"title":"Riflettendo su \"Il deserto dei tartari\" | Arte e Luoghi","robots":{"index":"index","follow":"follow","max-snippet":"max-snippet:-1","max-image-preview":"max-image-preview:large","max-video-preview":"max-video-preview:-1"},"canonical":"https:\/\/arteeluoghi.it\/index.php\/2015\/04\/13\/riflettendo-su-il-deserto-dei-tartari\/","og_locale":"it_IT","og_type":"article","og_title":"Riflettendo su \"Il deserto dei tartari\" | Arte e Luoghi","og_description":"I luoghi della parola|piccola riflessione su \u201cIl deserto dei Tartari\u201d di Dino Buzzati IL DESERTO DEGLI ATTIMI di Leo Tenneriello","og_url":"https:\/\/arteeluoghi.it\/index.php\/2015\/04\/13\/riflettendo-su-il-deserto-dei-tartari\/","og_site_name":"Arte e Luoghi","article_publisher":"https:\/\/www.facebook.com\/ArteELuoghi\/","article_published_time":"2015-04-13T19:29:35+00:00","article_modified_time":"2017-08-06T21:07:05+00:00","og_image":[{"url":"https:\/\/arteeluoghi.it\/images\/foto2015\/1940deserto_buzzati.jpg"}],"twitter_card":"summary","twitter_creator":"@arteeluoghi","twitter_site":"@arteeluoghi","twitter_misc":{"Scritto da":"Staff","Tempo di lettura stimato":"7 minuti"},"schema":{"@context":"https:\/\/schema.org","@graph":[{"@type":"Organization","@id":"https:\/\/arteeluoghi.it\/#organization","name":"Arte e Luoghi","url":"https:\/\/arteeluoghi.it\/","sameAs":["https:\/\/www.facebook.com\/ArteELuoghi\/","https:\/\/www.instagram.com\/arteeluoghi\/?hl=it","https:\/\/www.youtube.com\/channel\/UCuRVc4JW4-C5sg9rQB-srkw?view_as=subscriber","https:\/\/twitter.com\/arteeluoghi"],"logo":{"@type":"ImageObject","@id":"https:\/\/arteeluoghi.it\/#logo","inLanguage":"it-IT","url":"https:\/\/arteeluoghi.it\/wp-content\/uploads\/2018\/08\/logoinstagramarte.jpg","contentUrl":"https:\/\/arteeluoghi.it\/wp-content\/uploads\/2018\/08\/logoinstagramarte.jpg","width":150,"height":150,"caption":"Arte e Luoghi"},"image":{"@id":"https:\/\/arteeluoghi.it\/#logo"}},{"@type":"WebSite","@id":"https:\/\/arteeluoghi.it\/#website","url":"https:\/\/arteeluoghi.it\/","name":"Arte e Luoghi","description":"Mensile di arte, cultura, turismo e curiosit\u00e0","publisher":{"@id":"https:\/\/arteeluoghi.it\/#organization"},"potentialAction":[{"@type":"SearchAction","target":{"@type":"EntryPoint","urlTemplate":"https:\/\/arteeluoghi.it\/?s={search_term_string}"},"query-input":"required name=search_term_string"}],"inLanguage":"it-IT"},{"@type":"ImageObject","@id":"https:\/\/arteeluoghi.it\/index.php\/2015\/04\/13\/riflettendo-su-il-deserto-dei-tartari\/#primaryimage","inLanguage":"it-IT","url":"\/images\/foto2015\/1940deserto_buzzati.jpg","contentUrl":"\/images\/foto2015\/1940deserto_buzzati.jpg"},{"@type":"WebPage","@id":"https:\/\/arteeluoghi.it\/index.php\/2015\/04\/13\/riflettendo-su-il-deserto-dei-tartari\/#webpage","url":"https:\/\/arteeluoghi.it\/index.php\/2015\/04\/13\/riflettendo-su-il-deserto-dei-tartari\/","name":"Riflettendo su \"Il deserto dei tartari\" | Arte e Luoghi","isPartOf":{"@id":"https:\/\/arteeluoghi.it\/#website"},"primaryImageOfPage":{"@id":"https:\/\/arteeluoghi.it\/index.php\/2015\/04\/13\/riflettendo-su-il-deserto-dei-tartari\/#primaryimage"},"datePublished":"2015-04-13T19:29:35+00:00","dateModified":"2017-08-06T21:07:05+00:00","breadcrumb":{"@id":"https:\/\/arteeluoghi.it\/index.php\/2015\/04\/13\/riflettendo-su-il-deserto-dei-tartari\/#breadcrumb"},"inLanguage":"it-IT","potentialAction":[{"@type":"ReadAction","target":["https:\/\/arteeluoghi.it\/index.php\/2015\/04\/13\/riflettendo-su-il-deserto-dei-tartari\/"]}]},{"@type":"BreadcrumbList","@id":"https:\/\/arteeluoghi.it\/index.php\/2015\/04\/13\/riflettendo-su-il-deserto-dei-tartari\/#breadcrumb","itemListElement":[{"@type":"ListItem","position":1,"name":"Home","item":"https:\/\/arteeluoghi.it\/"},{"@type":"ListItem","position":2,"name":"Riflettendo su &#8220;Il deserto dei tartari&#8221;"}]},{"@type":"Article","@id":"https:\/\/arteeluoghi.it\/index.php\/2015\/04\/13\/riflettendo-su-il-deserto-dei-tartari\/#article","isPartOf":{"@id":"https:\/\/arteeluoghi.it\/index.php\/2015\/04\/13\/riflettendo-su-il-deserto-dei-tartari\/#webpage"},"author":{"@id":"https:\/\/arteeluoghi.it\/#\/schema\/person\/f84e814e36e91e01448ee07eaadd41d4"},"headline":"Riflettendo su &#8220;Il deserto dei tartari&#8221;","datePublished":"2015-04-13T19:29:35+00:00","dateModified":"2017-08-06T21:07:05+00:00","mainEntityOfPage":{"@id":"https:\/\/arteeluoghi.it\/index.php\/2015\/04\/13\/riflettendo-su-il-deserto-dei-tartari\/#webpage"},"wordCount":1385,"commentCount":0,"publisher":{"@id":"https:\/\/arteeluoghi.it\/#organization"},"image":{"@id":"https:\/\/arteeluoghi.it\/index.php\/2015\/04\/13\/riflettendo-su-il-deserto-dei-tartari\/#primaryimage"},"thumbnailUrl":"\/images\/foto2015\/1940deserto_buzzati.jpg","articleSection":["I luoghi della parola"],"inLanguage":"it-IT","potentialAction":[{"@type":"CommentAction","name":"Comment","target":["https:\/\/arteeluoghi.it\/index.php\/2015\/04\/13\/riflettendo-su-il-deserto-dei-tartari\/#respond"]}]},{"@type":"Person","@id":"https:\/\/arteeluoghi.it\/#\/schema\/person\/f84e814e36e91e01448ee07eaadd41d4","name":"Staff","image":{"@type":"ImageObject","@id":"https:\/\/arteeluoghi.it\/#personlogo","inLanguage":"it-IT","url":"https:\/\/secure.gravatar.com\/avatar\/49d2f9e46271bb04e19cebfaf141313a?s=96&d=blank&r=g","contentUrl":"https:\/\/secure.gravatar.com\/avatar\/49d2f9e46271bb04e19cebfaf141313a?s=96&d=blank&r=g","caption":"Staff"}}]}},"_links":{"self":[{"href":"https:\/\/arteeluoghi.it\/index.php\/wp-json\/wp\/v2\/posts\/2135"}],"collection":[{"href":"https:\/\/arteeluoghi.it\/index.php\/wp-json\/wp\/v2\/posts"}],"about":[{"href":"https:\/\/arteeluoghi.it\/index.php\/wp-json\/wp\/v2\/types\/post"}],"author":[{"embeddable":true,"href":"https:\/\/arteeluoghi.it\/index.php\/wp-json\/wp\/v2\/users\/1"}],"replies":[{"embeddable":true,"href":"https:\/\/arteeluoghi.it\/index.php\/wp-json\/wp\/v2\/comments?post=2135"}],"version-history":[{"count":1,"href":"https:\/\/arteeluoghi.it\/index.php\/wp-json\/wp\/v2\/posts\/2135\/revisions"}],"predecessor-version":[{"id":2959,"href":"https:\/\/arteeluoghi.it\/index.php\/wp-json\/wp\/v2\/posts\/2135\/revisions\/2959"}],"wp:attachment":[{"href":"https:\/\/arteeluoghi.it\/index.php\/wp-json\/wp\/v2\/media?parent=2135"}],"wp:term":[{"taxonomy":"category","embeddable":true,"href":"https:\/\/arteeluoghi.it\/index.php\/wp-json\/wp\/v2\/categories?post=2135"},{"taxonomy":"post_tag","embeddable":true,"href":"https:\/\/arteeluoghi.it\/index.php\/wp-json\/wp\/v2\/tags?post=2135"}],"curies":[{"name":"wp","href":"https:\/\/api.w.org\/{rel}","templated":true}]}}