{"id":2139,"date":"2015-04-15T08:43:30","date_gmt":"2015-04-15T06:43:30","guid":{"rendered":"http:\/\/arteeluoghi.it\/index.php\/2015\/04\/15\/il-pumo-di-futuroremoto\/"},"modified":"2018-01-04T22:46:39","modified_gmt":"2018-01-04T21:46:39","slug":"il-pumo-di-futuroremoto","status":"publish","type":"post","link":"https:\/\/arteeluoghi.it\/index.php\/2015\/04\/15\/il-pumo-di-futuroremoto\/","title":{"rendered":"il Pumo di FuturoRemoto"},"content":{"rendered":"<p><img src=\"\/images\/foto2015\/Il%20Pumo%20di%20Gianni%20De%20Benedittis%20futuroRemoto%20GIOIELLI%20.JPG\" border=\"0\" title=\"Il Pumo di Gianni De Benedittis futuroRemoto\" width=\"200\" style=\"margin: 21px; border: 1px solid black; float: left;\" \/>Gioved\u00ec 16 aprile 2015 nello store LEA Accessori a Milano<\/p>\n<p><strong>La nuova creazione di Gianni De Benedittis<\/strong><\/p>\n<p>Un nome intrigante, <strong>Pumo<\/strong>, per il nuovo gioiello firmato\u00a0futuroRemoto disegnato e creato dal jewelry designer <strong>Gianni De Benedittis<\/strong>. Sar\u00e0 presentato gioved\u00ec 16 aprile, dalle ore 18.00 alle ore 21.00, nello store LEA Accessori di via San Damiano 2, a Milano.<\/p>\n<p>\u00a0\u00a0\u00a0\u00a0\u00a0 Un pendente portafortuna che s\u2019ispira a un tradizionale oggetto della cultura popolare pugliese. Rappresenta il bocciolo di una rosa che sta per schiudersi, quindi il nuovo che nasce. Un tipico ornamento di balconi e cornicioni del sud diviene un prezioso monile, pronto a suggellare importanti cambiamenti e novit\u00e0 della vita. Regalandolo si augura prosperit\u00e0, fortuna e fertilit\u00e0.<\/p>\n<p>Ogni Pumo \u00e8 un pezzo unico in argento, realizzato a mano, con finiture di pietre preziose che lo rendono personale.<\/p>\n<p>  <!--more-->  <\/p>\n<p>Gianni De Benedittis, vincitore del concorso Who is on Next? di VOGUE Italia. Numerose le partecipazioni ad Altaroma e le collaborazioni nel mondo del cinema e del teatro, con il registra Ferzan Ozpetek, nella creazione dei gioielli per il film Mine Vaganti (2010), per l\u2019Aida del 74\u00b0 Maggio Musicale Fiorentino (2011), per il film Magnifica Presenza (2012), per La Traviata al Teatro San Carlo di Napoli (2012), a Hong Kong (2013), a Bari (2014) e per il film Allacciate le cinture (2014).<\/p>\n<p>red. Arte e Luoghi<\/p>\n","protected":false},"excerpt":{"rendered":"<p>Gioved\u00ec 16 aprile 2015 nello store LEA Accessori a Milano La nuova creazione di Gianni De Benedittis Un nome intrigante,<\/p>\n","protected":false},"author":1,"featured_media":0,"comment_status":"open","ping_status":"open","sticky":false,"template":"","format":"standard","meta":[],"categories":[19],"tags":[],"yoast_head":"<!-- This site is optimized with the Yoast SEO plugin v18.0 - https:\/\/yoast.com\/wordpress\/plugins\/seo\/ -->\n<title>il Pumo di FuturoRemoto | Arte e Luoghi<\/title>\n<meta name=\"robots\" content=\"index, follow, max-snippet:-1, max-image-preview:large, max-video-preview:-1\" \/>\n<link rel=\"canonical\" href=\"https:\/\/arteeluoghi.it\/index.php\/2015\/04\/15\/il-pumo-di-futuroremoto\/\" \/>\n<meta property=\"og:locale\" content=\"it_IT\" \/>\n<meta property=\"og:type\" content=\"article\" \/>\n<meta property=\"og:title\" content=\"il Pumo di FuturoRemoto | Arte e Luoghi\" \/>\n<meta property=\"og:description\" content=\"Gioved\u00ec 16 aprile 2015 nello store LEA Accessori a Milano La nuova creazione di Gianni De Benedittis Un nome intrigante,\" \/>\n<meta property=\"og:url\" content=\"https:\/\/arteeluoghi.it\/index.php\/2015\/04\/15\/il-pumo-di-futuroremoto\/\" \/>\n<meta property=\"og:site_name\" content=\"Arte e Luoghi\" \/>\n<meta property=\"article:publisher\" content=\"https:\/\/www.facebook.com\/ArteELuoghi\/\" \/>\n<meta property=\"article:published_time\" content=\"2015-04-15T06:43:30+00:00\" \/>\n<meta property=\"article:modified_time\" content=\"2018-01-04T21:46:39+00:00\" \/>\n<meta property=\"og:image\" content=\"https:\/\/arteeluoghi.it\/images\/foto2015\/Il%20Pumo%20di%20Gianni%20De%20Benedittis%20futuroRemoto%20GIOIELLI%20.JPG\" \/>\n<meta name=\"twitter:card\" content=\"summary\" \/>\n<meta name=\"twitter:creator\" content=\"@arteeluoghi\" \/>\n<meta name=\"twitter:site\" content=\"@arteeluoghi\" \/>\n<meta name=\"twitter:label1\" content=\"Scritto da\" \/>\n\t<meta name=\"twitter:data1\" content=\"Staff\" \/>\n\t<meta name=\"twitter:label2\" content=\"Tempo di lettura stimato\" \/>\n\t<meta name=\"twitter:data2\" content=\"1 minuto\" \/>\n<script type=\"application\/ld+json\" class=\"yoast-schema-graph\">{\"@context\":\"https:\/\/schema.org\",\"@graph\":[{\"@type\":\"Organization\",\"@id\":\"https:\/\/arteeluoghi.it\/#organization\",\"name\":\"Arte e Luoghi\",\"url\":\"https:\/\/arteeluoghi.it\/\",\"sameAs\":[\"https:\/\/www.facebook.com\/ArteELuoghi\/\",\"https:\/\/www.instagram.com\/arteeluoghi\/?hl=it\",\"https:\/\/www.youtube.com\/channel\/UCuRVc4JW4-C5sg9rQB-srkw?view_as=subscriber\",\"https:\/\/twitter.com\/arteeluoghi\"],\"logo\":{\"@type\":\"ImageObject\",\"@id\":\"https:\/\/arteeluoghi.it\/#logo\",\"inLanguage\":\"it-IT\",\"url\":\"https:\/\/arteeluoghi.it\/wp-content\/uploads\/2018\/08\/logoinstagramarte.jpg\",\"contentUrl\":\"https:\/\/arteeluoghi.it\/wp-content\/uploads\/2018\/08\/logoinstagramarte.jpg\",\"width\":150,\"height\":150,\"caption\":\"Arte e Luoghi\"},\"image\":{\"@id\":\"https:\/\/arteeluoghi.it\/#logo\"}},{\"@type\":\"WebSite\",\"@id\":\"https:\/\/arteeluoghi.it\/#website\",\"url\":\"https:\/\/arteeluoghi.it\/\",\"name\":\"Arte e Luoghi\",\"description\":\"Mensile di arte, cultura, turismo e curiosit\u00e0\",\"publisher\":{\"@id\":\"https:\/\/arteeluoghi.it\/#organization\"},\"potentialAction\":[{\"@type\":\"SearchAction\",\"target\":{\"@type\":\"EntryPoint\",\"urlTemplate\":\"https:\/\/arteeluoghi.it\/?s={search_term_string}\"},\"query-input\":\"required name=search_term_string\"}],\"inLanguage\":\"it-IT\"},{\"@type\":\"ImageObject\",\"@id\":\"https:\/\/arteeluoghi.it\/index.php\/2015\/04\/15\/il-pumo-di-futuroremoto\/#primaryimage\",\"inLanguage\":\"it-IT\",\"url\":\"\/images\/foto2015\/Il%20Pumo%20di%20Gianni%20De%20Benedittis%20futuroRemoto%20GIOIELLI%20.JPG\",\"contentUrl\":\"\/images\/foto2015\/Il%20Pumo%20di%20Gianni%20De%20Benedittis%20futuroRemoto%20GIOIELLI%20.JPG\"},{\"@type\":\"WebPage\",\"@id\":\"https:\/\/arteeluoghi.it\/index.php\/2015\/04\/15\/il-pumo-di-futuroremoto\/#webpage\",\"url\":\"https:\/\/arteeluoghi.it\/index.php\/2015\/04\/15\/il-pumo-di-futuroremoto\/\",\"name\":\"il Pumo di FuturoRemoto | Arte e Luoghi\",\"isPartOf\":{\"@id\":\"https:\/\/arteeluoghi.it\/#website\"},\"primaryImageOfPage\":{\"@id\":\"https:\/\/arteeluoghi.it\/index.php\/2015\/04\/15\/il-pumo-di-futuroremoto\/#primaryimage\"},\"datePublished\":\"2015-04-15T06:43:30+00:00\",\"dateModified\":\"2018-01-04T21:46:39+00:00\",\"breadcrumb\":{\"@id\":\"https:\/\/arteeluoghi.it\/index.php\/2015\/04\/15\/il-pumo-di-futuroremoto\/#breadcrumb\"},\"inLanguage\":\"it-IT\",\"potentialAction\":[{\"@type\":\"ReadAction\",\"target\":[\"https:\/\/arteeluoghi.it\/index.php\/2015\/04\/15\/il-pumo-di-futuroremoto\/\"]}]},{\"@type\":\"BreadcrumbList\",\"@id\":\"https:\/\/arteeluoghi.it\/index.php\/2015\/04\/15\/il-pumo-di-futuroremoto\/#breadcrumb\",\"itemListElement\":[{\"@type\":\"ListItem\",\"position\":1,\"name\":\"Home\",\"item\":\"https:\/\/arteeluoghi.it\/\"},{\"@type\":\"ListItem\",\"position\":2,\"name\":\"il Pumo di FuturoRemoto\"}]},{\"@type\":\"Article\",\"@id\":\"https:\/\/arteeluoghi.it\/index.php\/2015\/04\/15\/il-pumo-di-futuroremoto\/#article\",\"isPartOf\":{\"@id\":\"https:\/\/arteeluoghi.it\/index.php\/2015\/04\/15\/il-pumo-di-futuroremoto\/#webpage\"},\"author\":{\"@id\":\"https:\/\/arteeluoghi.it\/#\/schema\/person\/f84e814e36e91e01448ee07eaadd41d4\"},\"headline\":\"il Pumo di FuturoRemoto\",\"datePublished\":\"2015-04-15T06:43:30+00:00\",\"dateModified\":\"2018-01-04T21:46:39+00:00\",\"mainEntityOfPage\":{\"@id\":\"https:\/\/arteeluoghi.it\/index.php\/2015\/04\/15\/il-pumo-di-futuroremoto\/#webpage\"},\"wordCount\":212,\"commentCount\":0,\"publisher\":{\"@id\":\"https:\/\/arteeluoghi.it\/#organization\"},\"image\":{\"@id\":\"https:\/\/arteeluoghi.it\/index.php\/2015\/04\/15\/il-pumo-di-futuroremoto\/#primaryimage\"},\"thumbnailUrl\":\"\/images\/foto2015\/Il%20Pumo%20di%20Gianni%20De%20Benedittis%20futuroRemoto%20GIOIELLI%20.JPG\",\"articleSection\":[\"design\"],\"inLanguage\":\"it-IT\",\"potentialAction\":[{\"@type\":\"CommentAction\",\"name\":\"Comment\",\"target\":[\"https:\/\/arteeluoghi.it\/index.php\/2015\/04\/15\/il-pumo-di-futuroremoto\/#respond\"]}]},{\"@type\":\"Person\",\"@id\":\"https:\/\/arteeluoghi.it\/#\/schema\/person\/f84e814e36e91e01448ee07eaadd41d4\",\"name\":\"Staff\",\"image\":{\"@type\":\"ImageObject\",\"@id\":\"https:\/\/arteeluoghi.it\/#personlogo\",\"inLanguage\":\"it-IT\",\"url\":\"https:\/\/secure.gravatar.com\/avatar\/49d2f9e46271bb04e19cebfaf141313a?s=96&d=blank&r=g\",\"contentUrl\":\"https:\/\/secure.gravatar.com\/avatar\/49d2f9e46271bb04e19cebfaf141313a?s=96&d=blank&r=g\",\"caption\":\"Staff\"}}]}<\/script>\n<!-- \/ Yoast SEO plugin. -->","yoast_head_json":{"title":"il Pumo di FuturoRemoto | Arte e Luoghi","robots":{"index":"index","follow":"follow","max-snippet":"max-snippet:-1","max-image-preview":"max-image-preview:large","max-video-preview":"max-video-preview:-1"},"canonical":"https:\/\/arteeluoghi.it\/index.php\/2015\/04\/15\/il-pumo-di-futuroremoto\/","og_locale":"it_IT","og_type":"article","og_title":"il Pumo di FuturoRemoto | Arte e Luoghi","og_description":"Gioved\u00ec 16 aprile 2015 nello store LEA Accessori a Milano La nuova creazione di Gianni De Benedittis Un nome intrigante,","og_url":"https:\/\/arteeluoghi.it\/index.php\/2015\/04\/15\/il-pumo-di-futuroremoto\/","og_site_name":"Arte e Luoghi","article_publisher":"https:\/\/www.facebook.com\/ArteELuoghi\/","article_published_time":"2015-04-15T06:43:30+00:00","article_modified_time":"2018-01-04T21:46:39+00:00","og_image":[{"url":"https:\/\/arteeluoghi.it\/images\/foto2015\/Il%20Pumo%20di%20Gianni%20De%20Benedittis%20futuroRemoto%20GIOIELLI%20.JPG"}],"twitter_card":"summary","twitter_creator":"@arteeluoghi","twitter_site":"@arteeluoghi","twitter_misc":{"Scritto da":"Staff","Tempo di lettura stimato":"1 minuto"},"schema":{"@context":"https:\/\/schema.org","@graph":[{"@type":"Organization","@id":"https:\/\/arteeluoghi.it\/#organization","name":"Arte e Luoghi","url":"https:\/\/arteeluoghi.it\/","sameAs":["https:\/\/www.facebook.com\/ArteELuoghi\/","https:\/\/www.instagram.com\/arteeluoghi\/?hl=it","https:\/\/www.youtube.com\/channel\/UCuRVc4JW4-C5sg9rQB-srkw?view_as=subscriber","https:\/\/twitter.com\/arteeluoghi"],"logo":{"@type":"ImageObject","@id":"https:\/\/arteeluoghi.it\/#logo","inLanguage":"it-IT","url":"https:\/\/arteeluoghi.it\/wp-content\/uploads\/2018\/08\/logoinstagramarte.jpg","contentUrl":"https:\/\/arteeluoghi.it\/wp-content\/uploads\/2018\/08\/logoinstagramarte.jpg","width":150,"height":150,"caption":"Arte e Luoghi"},"image":{"@id":"https:\/\/arteeluoghi.it\/#logo"}},{"@type":"WebSite","@id":"https:\/\/arteeluoghi.it\/#website","url":"https:\/\/arteeluoghi.it\/","name":"Arte e Luoghi","description":"Mensile di arte, cultura, turismo e curiosit\u00e0","publisher":{"@id":"https:\/\/arteeluoghi.it\/#organization"},"potentialAction":[{"@type":"SearchAction","target":{"@type":"EntryPoint","urlTemplate":"https:\/\/arteeluoghi.it\/?s={search_term_string}"},"query-input":"required name=search_term_string"}],"inLanguage":"it-IT"},{"@type":"ImageObject","@id":"https:\/\/arteeluoghi.it\/index.php\/2015\/04\/15\/il-pumo-di-futuroremoto\/#primaryimage","inLanguage":"it-IT","url":"\/images\/foto2015\/Il%20Pumo%20di%20Gianni%20De%20Benedittis%20futuroRemoto%20GIOIELLI%20.JPG","contentUrl":"\/images\/foto2015\/Il%20Pumo%20di%20Gianni%20De%20Benedittis%20futuroRemoto%20GIOIELLI%20.JPG"},{"@type":"WebPage","@id":"https:\/\/arteeluoghi.it\/index.php\/2015\/04\/15\/il-pumo-di-futuroremoto\/#webpage","url":"https:\/\/arteeluoghi.it\/index.php\/2015\/04\/15\/il-pumo-di-futuroremoto\/","name":"il Pumo di FuturoRemoto | Arte e Luoghi","isPartOf":{"@id":"https:\/\/arteeluoghi.it\/#website"},"primaryImageOfPage":{"@id":"https:\/\/arteeluoghi.it\/index.php\/2015\/04\/15\/il-pumo-di-futuroremoto\/#primaryimage"},"datePublished":"2015-04-15T06:43:30+00:00","dateModified":"2018-01-04T21:46:39+00:00","breadcrumb":{"@id":"https:\/\/arteeluoghi.it\/index.php\/2015\/04\/15\/il-pumo-di-futuroremoto\/#breadcrumb"},"inLanguage":"it-IT","potentialAction":[{"@type":"ReadAction","target":["https:\/\/arteeluoghi.it\/index.php\/2015\/04\/15\/il-pumo-di-futuroremoto\/"]}]},{"@type":"BreadcrumbList","@id":"https:\/\/arteeluoghi.it\/index.php\/2015\/04\/15\/il-pumo-di-futuroremoto\/#breadcrumb","itemListElement":[{"@type":"ListItem","position":1,"name":"Home","item":"https:\/\/arteeluoghi.it\/"},{"@type":"ListItem","position":2,"name":"il Pumo di FuturoRemoto"}]},{"@type":"Article","@id":"https:\/\/arteeluoghi.it\/index.php\/2015\/04\/15\/il-pumo-di-futuroremoto\/#article","isPartOf":{"@id":"https:\/\/arteeluoghi.it\/index.php\/2015\/04\/15\/il-pumo-di-futuroremoto\/#webpage"},"author":{"@id":"https:\/\/arteeluoghi.it\/#\/schema\/person\/f84e814e36e91e01448ee07eaadd41d4"},"headline":"il Pumo di FuturoRemoto","datePublished":"2015-04-15T06:43:30+00:00","dateModified":"2018-01-04T21:46:39+00:00","mainEntityOfPage":{"@id":"https:\/\/arteeluoghi.it\/index.php\/2015\/04\/15\/il-pumo-di-futuroremoto\/#webpage"},"wordCount":212,"commentCount":0,"publisher":{"@id":"https:\/\/arteeluoghi.it\/#organization"},"image":{"@id":"https:\/\/arteeluoghi.it\/index.php\/2015\/04\/15\/il-pumo-di-futuroremoto\/#primaryimage"},"thumbnailUrl":"\/images\/foto2015\/Il%20Pumo%20di%20Gianni%20De%20Benedittis%20futuroRemoto%20GIOIELLI%20.JPG","articleSection":["design"],"inLanguage":"it-IT","potentialAction":[{"@type":"CommentAction","name":"Comment","target":["https:\/\/arteeluoghi.it\/index.php\/2015\/04\/15\/il-pumo-di-futuroremoto\/#respond"]}]},{"@type":"Person","@id":"https:\/\/arteeluoghi.it\/#\/schema\/person\/f84e814e36e91e01448ee07eaadd41d4","name":"Staff","image":{"@type":"ImageObject","@id":"https:\/\/arteeluoghi.it\/#personlogo","inLanguage":"it-IT","url":"https:\/\/secure.gravatar.com\/avatar\/49d2f9e46271bb04e19cebfaf141313a?s=96&d=blank&r=g","contentUrl":"https:\/\/secure.gravatar.com\/avatar\/49d2f9e46271bb04e19cebfaf141313a?s=96&d=blank&r=g","caption":"Staff"}}]}},"_links":{"self":[{"href":"https:\/\/arteeluoghi.it\/index.php\/wp-json\/wp\/v2\/posts\/2139"}],"collection":[{"href":"https:\/\/arteeluoghi.it\/index.php\/wp-json\/wp\/v2\/posts"}],"about":[{"href":"https:\/\/arteeluoghi.it\/index.php\/wp-json\/wp\/v2\/types\/post"}],"author":[{"embeddable":true,"href":"https:\/\/arteeluoghi.it\/index.php\/wp-json\/wp\/v2\/users\/1"}],"replies":[{"embeddable":true,"href":"https:\/\/arteeluoghi.it\/index.php\/wp-json\/wp\/v2\/comments?post=2139"}],"version-history":[{"count":1,"href":"https:\/\/arteeluoghi.it\/index.php\/wp-json\/wp\/v2\/posts\/2139\/revisions"}],"predecessor-version":[{"id":4641,"href":"https:\/\/arteeluoghi.it\/index.php\/wp-json\/wp\/v2\/posts\/2139\/revisions\/4641"}],"wp:attachment":[{"href":"https:\/\/arteeluoghi.it\/index.php\/wp-json\/wp\/v2\/media?parent=2139"}],"wp:term":[{"taxonomy":"category","embeddable":true,"href":"https:\/\/arteeluoghi.it\/index.php\/wp-json\/wp\/v2\/categories?post=2139"},{"taxonomy":"post_tag","embeddable":true,"href":"https:\/\/arteeluoghi.it\/index.php\/wp-json\/wp\/v2\/tags?post=2139"}],"curies":[{"name":"wp","href":"https:\/\/api.w.org\/{rel}","templated":true}]}}