{"id":2149,"date":"2015-04-18T18:25:32","date_gmt":"2015-04-18T16:25:32","guid":{"rendered":"http:\/\/arteeluoghi.it\/index.php\/2015\/04\/18\/paola-cortellesi\/"},"modified":"2017-08-14T03:35:36","modified_gmt":"2017-08-14T01:35:36","slug":"paola-cortellesi","status":"publish","type":"post","link":"https:\/\/arteeluoghi.it\/index.php\/2015\/04\/18\/paola-cortellesi\/","title":{"rendered":"Paola Cortellesi"},"content":{"rendered":"<p><strong><object width=\"425\" height=\"350\" align=\"left\" hspace=\"11\" vspace=\"11\" data=\"http:\/\/www.youtube.com\/embed\/vvis51eoA6c\" type=\"audio\/x-pn-realaudio-plugin\"><param name=\"src\" value=\"http:\/\/www.youtube.com\/embed\/vvis51eoA6c\" \/><param name=\"frameborder\" value=\"0\" \/><param name=\"autostart\" value=\"true\" \/><param name=\"loop\" value=\"true\" \/><\/object>Ulivo d&#8217;oro per l&#8217;attrice romana protagonista del cinema italiano<\/strong><\/p>\n<p><strong>E meno male che esiste!<br \/><\/strong><\/p>\n<p>di Antonietta Fulvio<strong><br \/><\/strong><\/p>\n<p align=\"right\">\u00a0<\/p>\n<p align=\"right\">&#8220;Il segreto \u00e8 rubare da quelli pi\u00f9 bravi&#8221;<\/p>\n<p align=\"right\">\u201cAdesso dobbiamo superare un altro ostacolo, noi stesse&#8221;<\/p>\n<p align=\"right\">\u00a0<\/p>\n<p>Bella, ironica, simpatica. Ha un fascino particolare Paola Cortellesi,\u00a0 superospite del Festival del Cinema europeo che l\u2019ha premiata con l\u2019ulivo d\u2019oro alla carriera quale protagonista del cinema italiano. Artista trasversale, Paola Cortellesi \u00e8 capace di passare con disinvoltura dal teatro \u2013 si \u00e8 formata con Beatrice Bracco del \u201cTeatro Blu\u201d &#8211; \u00a0alla radio dove ha esordito ventenne con Enrico Vaime sulle frequenze di Radio 2 con \u201cIl programma lo fate voi\u201d. Alla tv con \u201cMacao\u201d di Gianni Boncomagni (1998), con la Gialappas\u2019 band in \u201cMai dire goal\u201d (Italia 1, 2000) conquistando l\u2019Oscar tv e il Premio Flaiano con \u201cNessundorma\u201d (Rai 2, 2004) e la Grolla d\u2019oro per il ruolo di Maria Montessori (2008). Infine, il cinema nel 1999 il primo set con Alberto Taraglio, dopo aver dato prove delle sue doti canore duettando con Claudio Baglioni, Laura Pausini, Tiziano Ferro, Giorgia, Enzo Jannacci.<\/p>\n<p>  <!--more-->  <\/p>\n<p>\u00a0<\/p>\n<p><img src=\"\/images\/cortellesi.jpg\" border=\"0\" title=\"L'attrice Paola Cortellesi\" width=\"300\" style=\"margin: 21px; float: right;\" \/>Poi sono arrivate le pellicole con Aldo Giovanni e Giacomo, Fabrizio Ventivoglio, Claudio Santamaria e Gianmarco Tognazzi, Rocco Papaleo, Raoul Bova, Carlo Verdone.<\/p>\n<p>Felice di ricevere l\u2019Ulivo d\u2019oro Paola Cortellesi ricorda la sua prima volta a Lecce, tra le tappe dello strepitoso spettacolo teatrale \u201cGli ultimi saranno i primi\u201d che le \u00e8 valso il Premio E.T.I. e il premio della critica 2006. \u201cUno spettacolo a cui sono molto legata, scritto da una mia idea dal regista Massimiliano Bruno da cui \u00e8 stata tratta una sceneggiatura per un film e a maggio cominceranno le riprese\u201d ha rivelato emozionata durante l\u2019incontro con la stampa.<\/p>\n<p>Dal teatro al cinema, dunque, per \u201cGli ultimi saranno i primi\u201d che non era un soliloquio \u2013 ha precisato \u2013 ma un monologo, dove interpretavo tutti i personaggi, uomini, donne, senza nessun tipo di camuffamento caratterizzandoli con la postura e i diversi dialetti. La storia si svolge in una nottataccia, Colacci Luciana, lavoratrice precaria con un contratto a termine si ritrova a non veder rinnovato il suo contratto di lavoro. E per di pi\u00f9 incinta. Una serie di vicissitudini personali\u00a0 la portano psicologicamente ad un punto di non ritorno per cui compie un gesto estremo e va a minacciare i suoi datori di lavoro con una pistola. Non \u00e8 una Lara Croft\u00a0 ma una persona completamente inadatta a compiere gesti del genere fatti sull\u2019onda di un momento di follia e di\u00a0 esasperazione. Intorno a questa storia ruotavano i vari personaggi che popolavano quella nottata. La sceneggiatura del film \u00e8 diversa, io sar\u00f2 Colacci Luciana ma ci saranno anche altri personaggi che faranno parte della storia che non si svolge pi\u00f9 in una sola notte\u201d.<\/p>\n<p>Una vicenda tremendamente attuale.<\/p>\n<p>\u201cLa storia, nata nel 2005, era stata suggerita da fatti di cronaca e ahim\u00e8 da allora ne sono purtroppo accaduti degli altri\u201d &#8211; ha continuato l\u2019attrice spiegando come alla base del lavoro teatrale ci fosse \u201cla voglia di raccontare le difficolt\u00e0 di una donna nel mondo del lavoro e alle prese con una gravidanza e con tutto ci\u00f2 che comporta\u201d.<\/p>\n<p>L\u2019emancipazione femminile \u00e8 un tema affrontato frequentemente nelle pellicole interpretate da Paola Cortellesi come in \u201cDue partite\u201d dove interpreta il ruolo di Sofia ma anche nelle sceneggiature che scrive, ha aggiunto l\u2019attrice. \u201cSi parla sempre di cose che si conoscono, e mi viene naturale parlare delle donne, dei desideri, di ci\u00f2 che vorremmo e di ci\u00f2 che \u00e8 ingiusto\u201d.<\/p>\n<p>Nel suo ultimo film \u201cScusate se esisto\u201d in coppia con Raoul Bova interpreta il ruolo di Serena, un architetto di talento che, dopo una serie di successi professionali all\u2019estero, ritorna nel suo paese d\u2019origine scontrandosi con un mondo lavorativo dove ancora purtroppo essere donna non aiuta. Anzi. Ma la colpa non \u00e8 sempre degli uomini. \u201cAdesso dobbiamo superare un altro ostacolo, noi stesse \u2013 ha commentato la Cortellesi e a proposito del suo ultimo film, di cui firma la sua prima sceneggiatura con Giulia Calenda, ha spiegato \u201cci sono dei personaggi che non sono legati ad una mentalit\u00e0 maschilista degli uomini ma delle donne, la figura interpretata meravigliosamente da Lunetta Savino, ad esempio, \u00e8 una assistente capo di una grande azienda che rimane chioccia e non perch\u00e9 qualcuno glielo abbia chiesto, ma perch\u00e9 a volte noi donne non ci pensiamo a fare il salto di qualit\u00e0 pur avendo tutte le carte in regola per diventare una figura di riferimento\u201d.\u00a0<\/p>\n<p><sub><img src=\"\/images\/foto2015\/LecceFCE2015_protagonisti%20cinema%20italiano_PAOLA%20CORTELLESI_Scusate%20se%20esisto.jpg\" border=\"0\" title=\"Gli attori Paola Cortellesi e Raoul Bova n &quot;Scusate se esisto&quot; (foto Claudio Iannone)\" width=\"400\" style=\"margin: 21px; float: left;\" \/><\/sub><span id=\"__caret\">_<\/span>E ancora oggi nel cinema e, in particolar modo nella commedia, la comicit\u00e0 sembra essere una prerogativa maschile.<\/p>\n<p>\u201cI protagonisti del cinema e della commedia in generale sono maschi \u2013 ha commentato l\u2019attrice &#8211; \u00a0le donne sono pi\u00f9 che altro figure che accompagnano e questo riguarda la vita reale come le storie che raccontiamo che sono lo specchio della vita. Il male sta nel detto dietro un grande uomo c\u2019\u00e8 una grande donna. Non \u00e8 nemmeno al fianco, ma dietro. E si scrivono anche poche storie dedicate completamente alle donne\u201d.<\/p>\n<p>Scrivere pi\u00f9 ruoli femminili in commedia, che \u00e8 il suo genere preferito, ha ammesso l\u2019attrice.<\/p>\n<p>\u00a0\u201cMi piace la commedia, quella dei grandi autori come Comencini, Monicelli, perch\u00e9 nel dopoguerra raccontava storie drammatiche con un registro umoristico. Si parlava di guerra ma si riusciva a sorridere. \u00a0I grandissimi sceneggiatori, Scarpelli, Cecco D\u2019amico che hanno affiancato i grandi registi sono quelli che hanno raccontato in modo poetico e coinvolgente questo paese in un modo che noi conosciamo e sappiamo fare bene: noi sappiamo raccontare la verit\u00e0 in modo realistico e nella vita quotidiana non c\u2019\u00e8 un solo registro, si sorride e si piange. Nella mia commedia ideale si sorride, si piange, si fa ironia anche su se stessi, per\u00f2 ci si commuove anche. La comicit\u00e0 \u00e8 una cosa serissima e fare un film solo comico o solo drammatico \u00e8 molto pi\u00f9 facile che riuscire a mantenere un equilibrio fra due registri apparentemente cos\u00ec distanti ma conformi\u201d. \u00a0<\/p>\n<p>Dietro la macchina da presa? \u201cQuando sar\u00f2 pronta lo far\u00f2, \u2013 ha concluso, aggiungendo &#8211; Ho il privilegio di poter partecipare ancora con Giulia Calenda alla sceneggiatura del nuovo film di Cristina Comencini che gireremo in ottobre e sar\u00e0 una commedia con vari registri. Ancora non c\u2019\u00e8 un titolo, perch\u00e9 si cerca quello giusto\u201d.<\/p>\n<p>Presto dunque sar\u00e0 impegnata su due fronti, con due nuovi film che attenderemo di vedere sul grande schermo, e alla domanda &#8220;quale \u00e8 il suo segreto?&#8221; l\u2019attrice con la sua inconfondibile verve ha risposto\u00a0 \u201cIl segreto \u00e8 rubare da quelli pi\u00f9 bravi. Non ho una formula per lavorare bene non lavoro sempre bene non faccio sempre le cose come vorrei e il pi\u00f9 delle volte non mi piace come le faccio e vorrei farle in modo migliore e questo sia al cinema che al teatro. In fondo non sono mai contenta in realt\u00e0 fino in fondo e in questo mestiere non lo \u00e8 mai nessuno, per\u00f2 se c\u2019\u00e8 un metodo \u00e8 quello di apprendere dagli altri. Il nostro \u00e8 un mestiere di squadra, sia che si faccia radio, soprattutto se si fa teatro e cinema. Mi auguro di lavorare sempre con persone pi\u00f9 brave di me cos\u00ec posso imparare qualcosa di nuovo e crescere.\u201d<\/p>\n<p>\u00a0<\/p>\n","protected":false},"excerpt":{"rendered":"<p>Ulivo d&#8217;oro per l&#8217;attrice romana protagonista del cinema italiano E meno male che esiste! di Antonietta Fulvio \u00a0 &#8220;Il segreto<\/p>\n","protected":false},"author":1,"featured_media":0,"comment_status":"open","ping_status":"open","sticky":false,"template":"","format":"standard","meta":[],"categories":[29],"tags":[],"yoast_head":"<!-- This site is optimized with the Yoast SEO plugin v18.0 - https:\/\/yoast.com\/wordpress\/plugins\/seo\/ -->\n<title>Paola Cortellesi | Arte e Luoghi<\/title>\n<meta name=\"robots\" content=\"index, follow, max-snippet:-1, max-image-preview:large, max-video-preview:-1\" \/>\n<link rel=\"canonical\" href=\"https:\/\/arteeluoghi.it\/index.php\/2015\/04\/18\/paola-cortellesi\/\" \/>\n<meta property=\"og:locale\" content=\"it_IT\" \/>\n<meta property=\"og:type\" content=\"article\" \/>\n<meta property=\"og:title\" content=\"Paola Cortellesi | Arte e Luoghi\" \/>\n<meta property=\"og:description\" content=\"Ulivo d&#8217;oro per l&#8217;attrice romana protagonista del cinema italiano E meno male che esiste! di Antonietta Fulvio \u00a0 &#8220;Il segreto\" \/>\n<meta property=\"og:url\" content=\"https:\/\/arteeluoghi.it\/index.php\/2015\/04\/18\/paola-cortellesi\/\" \/>\n<meta property=\"og:site_name\" content=\"Arte e Luoghi\" \/>\n<meta property=\"article:publisher\" content=\"https:\/\/www.facebook.com\/ArteELuoghi\/\" \/>\n<meta property=\"article:published_time\" content=\"2015-04-18T16:25:32+00:00\" \/>\n<meta property=\"article:modified_time\" content=\"2017-08-14T01:35:36+00:00\" \/>\n<meta property=\"og:image\" content=\"https:\/\/arteeluoghi.it\/images\/cortellesi.jpg\" \/>\n<meta name=\"twitter:card\" content=\"summary\" \/>\n<meta name=\"twitter:creator\" content=\"@arteeluoghi\" \/>\n<meta name=\"twitter:site\" content=\"@arteeluoghi\" \/>\n<meta name=\"twitter:label1\" content=\"Scritto da\" \/>\n\t<meta name=\"twitter:data1\" content=\"Staff\" \/>\n\t<meta name=\"twitter:label2\" content=\"Tempo di lettura stimato\" \/>\n\t<meta name=\"twitter:data2\" content=\"6 minuti\" \/>\n<script type=\"application\/ld+json\" class=\"yoast-schema-graph\">{\"@context\":\"https:\/\/schema.org\",\"@graph\":[{\"@type\":\"Organization\",\"@id\":\"https:\/\/arteeluoghi.it\/#organization\",\"name\":\"Arte e Luoghi\",\"url\":\"https:\/\/arteeluoghi.it\/\",\"sameAs\":[\"https:\/\/www.facebook.com\/ArteELuoghi\/\",\"https:\/\/www.instagram.com\/arteeluoghi\/?hl=it\",\"https:\/\/www.youtube.com\/channel\/UCuRVc4JW4-C5sg9rQB-srkw?view_as=subscriber\",\"https:\/\/twitter.com\/arteeluoghi\"],\"logo\":{\"@type\":\"ImageObject\",\"@id\":\"https:\/\/arteeluoghi.it\/#logo\",\"inLanguage\":\"it-IT\",\"url\":\"https:\/\/arteeluoghi.it\/wp-content\/uploads\/2018\/08\/logoinstagramarte.jpg\",\"contentUrl\":\"https:\/\/arteeluoghi.it\/wp-content\/uploads\/2018\/08\/logoinstagramarte.jpg\",\"width\":150,\"height\":150,\"caption\":\"Arte e Luoghi\"},\"image\":{\"@id\":\"https:\/\/arteeluoghi.it\/#logo\"}},{\"@type\":\"WebSite\",\"@id\":\"https:\/\/arteeluoghi.it\/#website\",\"url\":\"https:\/\/arteeluoghi.it\/\",\"name\":\"Arte e Luoghi\",\"description\":\"Mensile di arte, cultura, turismo e curiosit\u00e0\",\"publisher\":{\"@id\":\"https:\/\/arteeluoghi.it\/#organization\"},\"potentialAction\":[{\"@type\":\"SearchAction\",\"target\":{\"@type\":\"EntryPoint\",\"urlTemplate\":\"https:\/\/arteeluoghi.it\/?s={search_term_string}\"},\"query-input\":\"required name=search_term_string\"}],\"inLanguage\":\"it-IT\"},{\"@type\":\"ImageObject\",\"@id\":\"https:\/\/arteeluoghi.it\/index.php\/2015\/04\/18\/paola-cortellesi\/#primaryimage\",\"inLanguage\":\"it-IT\",\"url\":\"\/images\/cortellesi.jpg\",\"contentUrl\":\"\/images\/cortellesi.jpg\"},{\"@type\":\"WebPage\",\"@id\":\"https:\/\/arteeluoghi.it\/index.php\/2015\/04\/18\/paola-cortellesi\/#webpage\",\"url\":\"https:\/\/arteeluoghi.it\/index.php\/2015\/04\/18\/paola-cortellesi\/\",\"name\":\"Paola Cortellesi | Arte e Luoghi\",\"isPartOf\":{\"@id\":\"https:\/\/arteeluoghi.it\/#website\"},\"primaryImageOfPage\":{\"@id\":\"https:\/\/arteeluoghi.it\/index.php\/2015\/04\/18\/paola-cortellesi\/#primaryimage\"},\"datePublished\":\"2015-04-18T16:25:32+00:00\",\"dateModified\":\"2017-08-14T01:35:36+00:00\",\"breadcrumb\":{\"@id\":\"https:\/\/arteeluoghi.it\/index.php\/2015\/04\/18\/paola-cortellesi\/#breadcrumb\"},\"inLanguage\":\"it-IT\",\"potentialAction\":[{\"@type\":\"ReadAction\",\"target\":[\"https:\/\/arteeluoghi.it\/index.php\/2015\/04\/18\/paola-cortellesi\/\"]}]},{\"@type\":\"BreadcrumbList\",\"@id\":\"https:\/\/arteeluoghi.it\/index.php\/2015\/04\/18\/paola-cortellesi\/#breadcrumb\",\"itemListElement\":[{\"@type\":\"ListItem\",\"position\":1,\"name\":\"Home\",\"item\":\"https:\/\/arteeluoghi.it\/\"},{\"@type\":\"ListItem\",\"position\":2,\"name\":\"Paola Cortellesi\"}]},{\"@type\":\"Article\",\"@id\":\"https:\/\/arteeluoghi.it\/index.php\/2015\/04\/18\/paola-cortellesi\/#article\",\"isPartOf\":{\"@id\":\"https:\/\/arteeluoghi.it\/index.php\/2015\/04\/18\/paola-cortellesi\/#webpage\"},\"author\":{\"@id\":\"https:\/\/arteeluoghi.it\/#\/schema\/person\/f84e814e36e91e01448ee07eaadd41d4\"},\"headline\":\"Paola Cortellesi\",\"datePublished\":\"2015-04-18T16:25:32+00:00\",\"dateModified\":\"2017-08-14T01:35:36+00:00\",\"mainEntityOfPage\":{\"@id\":\"https:\/\/arteeluoghi.it\/index.php\/2015\/04\/18\/paola-cortellesi\/#webpage\"},\"wordCount\":1172,\"commentCount\":0,\"publisher\":{\"@id\":\"https:\/\/arteeluoghi.it\/#organization\"},\"image\":{\"@id\":\"https:\/\/arteeluoghi.it\/index.php\/2015\/04\/18\/paola-cortellesi\/#primaryimage\"},\"thumbnailUrl\":\"\/images\/cortellesi.jpg\",\"articleSection\":[\"Cinema\"],\"inLanguage\":\"it-IT\",\"potentialAction\":[{\"@type\":\"CommentAction\",\"name\":\"Comment\",\"target\":[\"https:\/\/arteeluoghi.it\/index.php\/2015\/04\/18\/paola-cortellesi\/#respond\"]}]},{\"@type\":\"Person\",\"@id\":\"https:\/\/arteeluoghi.it\/#\/schema\/person\/f84e814e36e91e01448ee07eaadd41d4\",\"name\":\"Staff\",\"image\":{\"@type\":\"ImageObject\",\"@id\":\"https:\/\/arteeluoghi.it\/#personlogo\",\"inLanguage\":\"it-IT\",\"url\":\"https:\/\/secure.gravatar.com\/avatar\/49d2f9e46271bb04e19cebfaf141313a?s=96&d=blank&r=g\",\"contentUrl\":\"https:\/\/secure.gravatar.com\/avatar\/49d2f9e46271bb04e19cebfaf141313a?s=96&d=blank&r=g\",\"caption\":\"Staff\"}}]}<\/script>\n<!-- \/ Yoast SEO plugin. -->","yoast_head_json":{"title":"Paola Cortellesi | Arte e Luoghi","robots":{"index":"index","follow":"follow","max-snippet":"max-snippet:-1","max-image-preview":"max-image-preview:large","max-video-preview":"max-video-preview:-1"},"canonical":"https:\/\/arteeluoghi.it\/index.php\/2015\/04\/18\/paola-cortellesi\/","og_locale":"it_IT","og_type":"article","og_title":"Paola Cortellesi | Arte e Luoghi","og_description":"Ulivo d&#8217;oro per l&#8217;attrice romana protagonista del cinema italiano E meno male che esiste! di Antonietta Fulvio \u00a0 &#8220;Il segreto","og_url":"https:\/\/arteeluoghi.it\/index.php\/2015\/04\/18\/paola-cortellesi\/","og_site_name":"Arte e Luoghi","article_publisher":"https:\/\/www.facebook.com\/ArteELuoghi\/","article_published_time":"2015-04-18T16:25:32+00:00","article_modified_time":"2017-08-14T01:35:36+00:00","og_image":[{"url":"https:\/\/arteeluoghi.it\/images\/cortellesi.jpg"}],"twitter_card":"summary","twitter_creator":"@arteeluoghi","twitter_site":"@arteeluoghi","twitter_misc":{"Scritto da":"Staff","Tempo di lettura stimato":"6 minuti"},"schema":{"@context":"https:\/\/schema.org","@graph":[{"@type":"Organization","@id":"https:\/\/arteeluoghi.it\/#organization","name":"Arte e Luoghi","url":"https:\/\/arteeluoghi.it\/","sameAs":["https:\/\/www.facebook.com\/ArteELuoghi\/","https:\/\/www.instagram.com\/arteeluoghi\/?hl=it","https:\/\/www.youtube.com\/channel\/UCuRVc4JW4-C5sg9rQB-srkw?view_as=subscriber","https:\/\/twitter.com\/arteeluoghi"],"logo":{"@type":"ImageObject","@id":"https:\/\/arteeluoghi.it\/#logo","inLanguage":"it-IT","url":"https:\/\/arteeluoghi.it\/wp-content\/uploads\/2018\/08\/logoinstagramarte.jpg","contentUrl":"https:\/\/arteeluoghi.it\/wp-content\/uploads\/2018\/08\/logoinstagramarte.jpg","width":150,"height":150,"caption":"Arte e Luoghi"},"image":{"@id":"https:\/\/arteeluoghi.it\/#logo"}},{"@type":"WebSite","@id":"https:\/\/arteeluoghi.it\/#website","url":"https:\/\/arteeluoghi.it\/","name":"Arte e Luoghi","description":"Mensile di arte, cultura, turismo e curiosit\u00e0","publisher":{"@id":"https:\/\/arteeluoghi.it\/#organization"},"potentialAction":[{"@type":"SearchAction","target":{"@type":"EntryPoint","urlTemplate":"https:\/\/arteeluoghi.it\/?s={search_term_string}"},"query-input":"required name=search_term_string"}],"inLanguage":"it-IT"},{"@type":"ImageObject","@id":"https:\/\/arteeluoghi.it\/index.php\/2015\/04\/18\/paola-cortellesi\/#primaryimage","inLanguage":"it-IT","url":"\/images\/cortellesi.jpg","contentUrl":"\/images\/cortellesi.jpg"},{"@type":"WebPage","@id":"https:\/\/arteeluoghi.it\/index.php\/2015\/04\/18\/paola-cortellesi\/#webpage","url":"https:\/\/arteeluoghi.it\/index.php\/2015\/04\/18\/paola-cortellesi\/","name":"Paola Cortellesi | Arte e Luoghi","isPartOf":{"@id":"https:\/\/arteeluoghi.it\/#website"},"primaryImageOfPage":{"@id":"https:\/\/arteeluoghi.it\/index.php\/2015\/04\/18\/paola-cortellesi\/#primaryimage"},"datePublished":"2015-04-18T16:25:32+00:00","dateModified":"2017-08-14T01:35:36+00:00","breadcrumb":{"@id":"https:\/\/arteeluoghi.it\/index.php\/2015\/04\/18\/paola-cortellesi\/#breadcrumb"},"inLanguage":"it-IT","potentialAction":[{"@type":"ReadAction","target":["https:\/\/arteeluoghi.it\/index.php\/2015\/04\/18\/paola-cortellesi\/"]}]},{"@type":"BreadcrumbList","@id":"https:\/\/arteeluoghi.it\/index.php\/2015\/04\/18\/paola-cortellesi\/#breadcrumb","itemListElement":[{"@type":"ListItem","position":1,"name":"Home","item":"https:\/\/arteeluoghi.it\/"},{"@type":"ListItem","position":2,"name":"Paola Cortellesi"}]},{"@type":"Article","@id":"https:\/\/arteeluoghi.it\/index.php\/2015\/04\/18\/paola-cortellesi\/#article","isPartOf":{"@id":"https:\/\/arteeluoghi.it\/index.php\/2015\/04\/18\/paola-cortellesi\/#webpage"},"author":{"@id":"https:\/\/arteeluoghi.it\/#\/schema\/person\/f84e814e36e91e01448ee07eaadd41d4"},"headline":"Paola Cortellesi","datePublished":"2015-04-18T16:25:32+00:00","dateModified":"2017-08-14T01:35:36+00:00","mainEntityOfPage":{"@id":"https:\/\/arteeluoghi.it\/index.php\/2015\/04\/18\/paola-cortellesi\/#webpage"},"wordCount":1172,"commentCount":0,"publisher":{"@id":"https:\/\/arteeluoghi.it\/#organization"},"image":{"@id":"https:\/\/arteeluoghi.it\/index.php\/2015\/04\/18\/paola-cortellesi\/#primaryimage"},"thumbnailUrl":"\/images\/cortellesi.jpg","articleSection":["Cinema"],"inLanguage":"it-IT","potentialAction":[{"@type":"CommentAction","name":"Comment","target":["https:\/\/arteeluoghi.it\/index.php\/2015\/04\/18\/paola-cortellesi\/#respond"]}]},{"@type":"Person","@id":"https:\/\/arteeluoghi.it\/#\/schema\/person\/f84e814e36e91e01448ee07eaadd41d4","name":"Staff","image":{"@type":"ImageObject","@id":"https:\/\/arteeluoghi.it\/#personlogo","inLanguage":"it-IT","url":"https:\/\/secure.gravatar.com\/avatar\/49d2f9e46271bb04e19cebfaf141313a?s=96&d=blank&r=g","contentUrl":"https:\/\/secure.gravatar.com\/avatar\/49d2f9e46271bb04e19cebfaf141313a?s=96&d=blank&r=g","caption":"Staff"}}]}},"_links":{"self":[{"href":"https:\/\/arteeluoghi.it\/index.php\/wp-json\/wp\/v2\/posts\/2149"}],"collection":[{"href":"https:\/\/arteeluoghi.it\/index.php\/wp-json\/wp\/v2\/posts"}],"about":[{"href":"https:\/\/arteeluoghi.it\/index.php\/wp-json\/wp\/v2\/types\/post"}],"author":[{"embeddable":true,"href":"https:\/\/arteeluoghi.it\/index.php\/wp-json\/wp\/v2\/users\/1"}],"replies":[{"embeddable":true,"href":"https:\/\/arteeluoghi.it\/index.php\/wp-json\/wp\/v2\/comments?post=2149"}],"version-history":[{"count":1,"href":"https:\/\/arteeluoghi.it\/index.php\/wp-json\/wp\/v2\/posts\/2149\/revisions"}],"predecessor-version":[{"id":3424,"href":"https:\/\/arteeluoghi.it\/index.php\/wp-json\/wp\/v2\/posts\/2149\/revisions\/3424"}],"wp:attachment":[{"href":"https:\/\/arteeluoghi.it\/index.php\/wp-json\/wp\/v2\/media?parent=2149"}],"wp:term":[{"taxonomy":"category","embeddable":true,"href":"https:\/\/arteeluoghi.it\/index.php\/wp-json\/wp\/v2\/categories?post=2149"},{"taxonomy":"post_tag","embeddable":true,"href":"https:\/\/arteeluoghi.it\/index.php\/wp-json\/wp\/v2\/tags?post=2149"}],"curies":[{"name":"wp","href":"https:\/\/api.w.org\/{rel}","templated":true}]}}