{"id":2156,"date":"2015-04-21T15:57:11","date_gmt":"2015-04-21T13:57:11","guid":{"rendered":"http:\/\/arteeluoghi.it\/index.php\/2015\/04\/21\/la-tecnologia-sociale-al-servizio-delle-comunita-intelligenti\/"},"modified":"2018-01-04T22:46:26","modified_gmt":"2018-01-04T21:46:26","slug":"la-tecnologia-sociale-al-servizio-delle-comunita-intelligenti","status":"publish","type":"post","link":"https:\/\/arteeluoghi.it\/index.php\/2015\/04\/21\/la-tecnologia-sociale-al-servizio-delle-comunita-intelligenti\/","title":{"rendered":"La Tecnologia sociale al servizio delle comunit\u00e0 intelligenti"},"content":{"rendered":"<p><img src=\"\/images\/locandinaditech.jpg\" border=\"0\" title=\"la locandina dell'evento\" width=\"200\" style=\"margin: 21px; border: 1px solid black; float: left;\" \/><\/p>\n<p>Mercoled\u00ec 22 aprile 2015 a Lecce, Castello Carlo V<\/p>\n<p style=\"text-align: left;\" align=\"center\"><strong>Esperti dagli Usa e da tutta Italia a confronto per fare il punto sull\u2019innovazione<\/strong><\/p>\n<p style=\"text-align: left;\" align=\"center\"><strong>\u00a0<\/strong><\/p>\n<p>Tecnologia sociale e comunit\u00e0 intelligenti: qual \u00e8 lo stato dell\u2019arte? Per fare il punto sulla situazione il Dhitech, Distretto Tecnologico Pugliese, organizza per domani, 22 aprile 2015, presso la sala \u201cMaria d\u2019Enghien\u201d del castello di Carlo V, una \u201cgiornata di lavoro\u201d sul tema dell\u2019innovazione, in corrispondenza di tre momenti importanti per la vita dell\u2019ente: la chiusura del progetto PON R&amp;C Puglia@Service, l\u2019avvio della startup innovativa beMINT e il lancio del Piano Strategico ICT 2020 che vedr\u00e0 il Dhitech protagonista nel settore nei prossimi anni.<\/p>\n<p>  <!--more-->  <\/p>\n<p>\u00a0<\/p>\n<p><strong>Puglia@Service <\/strong>\u00e8 un progetto ammesso dal MIUR ai finanziamenti previsti dal PON R&amp;C 2007\/2013 nell\u2019ambito dell\u2019\u201cIngegneria dei Servizi Internet-based\u201d che ha realizzato innovazioni radicali nella concezione, progettazione ed erogazione di servizi Open Innovation, grazie all\u2019ausilio del Living Lab <strong>PugliaSmartLab, <\/strong>spazio d\u2019innovazione in cui cittadini, Pubblica Amministrazione e imprese collaborano in modo paritario per l\u2019individuazione di bisogni concreti del territorio.<\/p>\n<p>Dal desiderio di dare valore e continuit\u00e0 alle attivit\u00e0 e ai progetti realizzati all&#8217;interno di Puglia@Service \u00e8 nato poi <strong>beMINT, spin-off <\/strong>del Dhitech costituito da 15 giovani tecnologi sociali che, alla fine di un percorso formativo durato due anni, concretizzano cos\u00ec il desiderio di dare valore e continuit\u00e0 alle attivit\u00e0 e ai progetti realizzati all&#8217;interno di Puglia@Service.<\/p>\n<p>La giornata di lavoro vuole condividere premesse ed esiti di questa positiva esperienza e vede la partecipazione di <strong>Gartner Inc<\/strong>., societ\u00e0 Usa leader nella consulenza e nella ricerca specializzata nel settore dell\u2019innovazione. Il titolo della Giornata, <strong>\u201cLa Tecnologia sociale al servizio delle comunit\u00e0 intelligenti\u201d<\/strong>, lascia spazio a molti interventi, workshop e dibattiti valorizzati dalla presenza di <strong>Andrea Di Maio<\/strong>, vicepresidente del Settore Pubblico in Gartner Research, e di <strong>Greg Delaune<\/strong>, CEO e founder di UIX Global, agenzia di consulenza per lo sviluppo economico con sede a Berkeley.<\/p>\n<p>L\u2019evento si propone come momento di riflessione internazionale sullo stato dell\u2019arte nel settore dell\u2019innovazione in Italia e di confronto tra diversi punti di vista in campo accademico, economico e nel settore pubblico-privato, affrontando i temi della reciproca interazione tra i processi d\u2019innovazione tecnologica e di trasformazione sociale, ed evidenziando come le Pubbliche Amministrazioni e tutti gli attori di un territorio possano e debbano farsi garanti di questa relazione virtuosa, ricercando le strade pi\u00f9 consone a offrire spazio e opportunit\u00e0 di impiego concreto alle risorse, in termini d\u2019innovazione e sviluppo, che il nostro Paese possiede.<\/p>\n<p>Un\u2019occasione per fare il punto della situazione, ma anche per rafforzare le sinergie fra pubblico e privato, tra cittadini e professionisti della tecnologia: obiettivo, dare spazio e voce all\u2019innovazione in tutti i settori, fare rete, scambiarsi idee e soluzioni, stringere partnership e pianificare nuove opportunit\u00e0, in linea con il nuovo piano strategico del Dhitech per la valorizzazione del territorio di riferimento e delle sue risorse umane, sociali ed economico-culturali.<\/p>\n<p>(fonte: comunicato stampa)<\/p>\n<p>\u00a0<\/p>\n<hr \/>\n<p>\u00a0<\/p>\n<p><strong>Programma della giornata:<\/strong><\/p>\n<p class=\"Corpo\">09:30 <strong>Welcome coffee di registrazione<\/strong><\/p>\n<p class=\"Corpo\">\u00a0<\/p>\n<p class=\"Corpo\">10:00 \u2013 10.20 <strong>Saluti istituzionali<\/strong><\/p>\n<ul>\n<li><strong>Paolo Perrone<\/strong> &#8211; Sindaco del Comune di Lecce<\/li>\n<li><strong>Loredana Capone<\/strong> &#8211; Assessore allo sviluppo economico della Regione Puglia<\/li>\n<li><strong>Vincenzo Zara <\/strong>\u2013 Rettore Universit\u00e0 del Salento<\/li>\n<\/ul>\n<p class=\"Corpo\">\u00a0<\/p>\n<p class=\"Corpo\">10:20 \u2013 10.30 <strong>Introduzione ai lavori Lorenzo Vasanelli<\/strong> &#8211; Presidente Distretto Tecnologico della Regione Puglia<\/p>\n<p class=\"Corpo\">\u00a0<\/p>\n<p class=\"Corpo\">10.30 -10.50<strong> La strategia di sviluppo del Cluster Smart Communities, opportunit\u00e0 italiane e europee <\/strong>&#8211; <strong>Laura Morgagni<\/strong> \u2013 Cluster \u201cSmart Communities Tech\u201d.<\/p>\n<p class=\"Corpo\">\u00a0<\/p>\n<p>10:50 &#8211; 11:20 Keynote speech <strong>&#8220;Miti e Realt\u00e0 del Digital Government\u201d<\/strong> di <strong>Andrea Di Maio<\/strong>, vice presidente Settore Pubblico Gartner Research. In questa sessione saranno affrontate le seguenti tematiche:<\/p>\n<ul>\n<li>I paradigmi e le traiettorie tecnologiche del futuro<\/li>\n<li>Il ruolo del government nelle Smart Community<\/li>\n<li>Opportunit\u00e0 e rischi delle nuove tecnologie\u00a0\u00a0\u00a0<\/li>\n<\/ul>\n<p class=\"Corpo\">11:20 \u2013 12:10 <strong><em>Focus sulla Tecnologia e gli strumenti per gli <\/em><\/strong><strong><em>\u201c<\/em><\/strong><strong><em>innovation makers<\/em><\/strong><strong><em>\u201d<\/em><\/strong>, modera <strong>Flavia Marzano<\/strong> \u2013 Docente alla Sapienza di Roma e membro del Tavolo permanente per l&#8217;innovazione e l&#8217;agenda digitale italiana, partecipano:<\/p>\n<ul>\n<li><strong>Laura Cavallaro<\/strong> &#8211; Politecnico di Milano<\/li>\n<li><strong>Michele Vianello<\/strong> &#8211; Digital Evangelist presso Ars et Inventio<\/li>\n<li><strong>Nello Iacono<\/strong> \u2013 Vice Presidente Stati Generali Innovazione<\/li>\n<li><strong>Paolo Dini<\/strong> &#8211; Senior Research Fellow nel Dipartimento di Media e Comunicazione London School of Economics<\/li>\n<\/ul>\n<p class=\"Corpo\">\u00a0<\/p>\n<p class=\"Corpo\">12:10 &#8211; 13:00 <strong>Focus sull<\/strong><strong>\u2019<\/strong><strong>Innovazione sociale come strategia per il benessere collettivo, <\/strong>modera <strong>Greg Delaune<\/strong> &#8211; CEO e founder di UIX Global, partecipano:<\/p>\n<ul>\n<li><strong>Luigi Di Prinzio<\/strong> \u2013 Professore Universit\u00e0 IUAV di Venezia<\/li>\n<li><strong>Alessandro Delli Noci<\/strong> \u2013 Assessore all\u2019innovazione tecnologica e politiche giovanili, Comune di Lecce.<\/li>\n<li><strong>Dario Carrera \u2013 <\/strong>Impact Hub Roma<\/li>\n<li><strong>Mauro Moruzzi \u2013 <\/strong>Direttore Scientifico CUP2000<\/li>\n<li><strong>Giuseppe Marchionna<\/strong> &#8211; Vice Sindaco, Comune di Brindisi<\/li>\n<\/ul>\n<p class=\"Corpo\">\u00a0<\/p>\n<p class=\"Corpo\">\u00a0<\/p>\n<p class=\"Corpo\">13:00 &#8211; 14:00 <strong>eat, drink &amp; pitch!<\/strong><\/p>\n<p class=\"Corpo\">\u00a0<\/p>\n<p class=\"Corpo\">\u00a0<\/p>\n<p>14:00 \u2013 16.00 \u201c<strong>Dibattito e riflessioni sul futuro: #Innovazione e #Government\u201d<\/strong> moderato da <strong>Giacomo Ferrari,<\/strong> giornalista presso il <strong>Corriere della Sera<\/strong>.<\/p>\n<ul>\n<li><strong>Adriana Agrimi<\/strong> &#8211; Dirigente Servizio Ricerca industriale e Innovazione, Regione Puglia<\/li>\n<li><strong>Dario Avallone <\/strong>&#8211; Direttore Ricerca &amp; Sviluppo Engineering Ingegneria Informatica.<\/li>\n<li><strong>Domenico Favuzzi &#8211; <\/strong>Presidente &amp; A.D, Exprivia SPA, Presidente Confindustria Puglia\n<ul>\n<li><strong>Giuseppe Pirlo<\/strong> \u2013 Referente Universit\u00e0 degli Studi di Bari per Agenda Digitale e Smart City<\/li>\n<li><strong>Eugenio Di Sciascio <\/strong>\u2013 Rettore Politecnico di Bari<\/li>\n<li><strong>Giovanni Aloisio \u2013 <\/strong>Professore Ordinario Facolt\u00e0 di Ingegneria, Universit\u00e0 del Salento<\/li>\n<li><strong>Raffaele Parlangeli<\/strong> &#8211; Dirigente Settore Programmazione Strategica e Comunitaria, Comune di Lecce<\/li>\n<li><strong>Greg Delaune<\/strong> &#8211; CEO e founder di UIX Global<\/li>\n<li><strong>Valentino Moretto<\/strong> \u2013 Co-founder di beMINT e rappresentante del Living Lab PugliaSmartLab<\/li>\n<\/ul>\n<\/li>\n<\/ul>\n","protected":false},"excerpt":{"rendered":"<p>Mercoled\u00ec 22 aprile 2015 a Lecce, Castello Carlo V Esperti dagli Usa e da tutta Italia a confronto per fare<\/p>\n","protected":false},"author":1,"featured_media":0,"comment_status":"open","ping_status":"open","sticky":false,"template":"","format":"standard","meta":[],"categories":[28],"tags":[],"yoast_head":"<!-- This site is optimized with the Yoast SEO plugin v18.0 - https:\/\/yoast.com\/wordpress\/plugins\/seo\/ -->\n<title>La Tecnologia sociale al servizio delle comunit\u00e0 intelligenti | Arte e Luoghi<\/title>\n<meta name=\"robots\" content=\"index, follow, max-snippet:-1, max-image-preview:large, max-video-preview:-1\" \/>\n<link rel=\"canonical\" href=\"https:\/\/arteeluoghi.it\/index.php\/2015\/04\/21\/la-tecnologia-sociale-al-servizio-delle-comunita-intelligenti\/\" \/>\n<meta property=\"og:locale\" content=\"it_IT\" \/>\n<meta property=\"og:type\" content=\"article\" \/>\n<meta property=\"og:title\" content=\"La Tecnologia sociale al servizio delle comunit\u00e0 intelligenti | Arte e Luoghi\" \/>\n<meta property=\"og:description\" content=\"Mercoled\u00ec 22 aprile 2015 a Lecce, Castello Carlo V Esperti dagli Usa e da tutta Italia a confronto per fare\" \/>\n<meta property=\"og:url\" content=\"https:\/\/arteeluoghi.it\/index.php\/2015\/04\/21\/la-tecnologia-sociale-al-servizio-delle-comunita-intelligenti\/\" \/>\n<meta property=\"og:site_name\" content=\"Arte e Luoghi\" \/>\n<meta property=\"article:publisher\" content=\"https:\/\/www.facebook.com\/ArteELuoghi\/\" \/>\n<meta property=\"article:published_time\" content=\"2015-04-21T13:57:11+00:00\" \/>\n<meta property=\"article:modified_time\" content=\"2018-01-04T21:46:26+00:00\" \/>\n<meta property=\"og:image\" content=\"https:\/\/arteeluoghi.it\/images\/locandinaditech.jpg\" \/>\n<meta name=\"twitter:card\" content=\"summary\" \/>\n<meta name=\"twitter:creator\" content=\"@arteeluoghi\" \/>\n<meta name=\"twitter:site\" content=\"@arteeluoghi\" \/>\n<meta name=\"twitter:label1\" content=\"Scritto da\" \/>\n\t<meta name=\"twitter:data1\" content=\"Staff\" \/>\n\t<meta name=\"twitter:label2\" content=\"Tempo di lettura stimato\" \/>\n\t<meta name=\"twitter:data2\" content=\"4 minuti\" \/>\n<script type=\"application\/ld+json\" class=\"yoast-schema-graph\">{\"@context\":\"https:\/\/schema.org\",\"@graph\":[{\"@type\":\"Organization\",\"@id\":\"https:\/\/arteeluoghi.it\/#organization\",\"name\":\"Arte e Luoghi\",\"url\":\"https:\/\/arteeluoghi.it\/\",\"sameAs\":[\"https:\/\/www.facebook.com\/ArteELuoghi\/\",\"https:\/\/www.instagram.com\/arteeluoghi\/?hl=it\",\"https:\/\/www.youtube.com\/channel\/UCuRVc4JW4-C5sg9rQB-srkw?view_as=subscriber\",\"https:\/\/twitter.com\/arteeluoghi\"],\"logo\":{\"@type\":\"ImageObject\",\"@id\":\"https:\/\/arteeluoghi.it\/#logo\",\"inLanguage\":\"it-IT\",\"url\":\"https:\/\/arteeluoghi.it\/wp-content\/uploads\/2018\/08\/logoinstagramarte.jpg\",\"contentUrl\":\"https:\/\/arteeluoghi.it\/wp-content\/uploads\/2018\/08\/logoinstagramarte.jpg\",\"width\":150,\"height\":150,\"caption\":\"Arte e Luoghi\"},\"image\":{\"@id\":\"https:\/\/arteeluoghi.it\/#logo\"}},{\"@type\":\"WebSite\",\"@id\":\"https:\/\/arteeluoghi.it\/#website\",\"url\":\"https:\/\/arteeluoghi.it\/\",\"name\":\"Arte e Luoghi\",\"description\":\"Mensile di arte, cultura, turismo e curiosit\u00e0\",\"publisher\":{\"@id\":\"https:\/\/arteeluoghi.it\/#organization\"},\"potentialAction\":[{\"@type\":\"SearchAction\",\"target\":{\"@type\":\"EntryPoint\",\"urlTemplate\":\"https:\/\/arteeluoghi.it\/?s={search_term_string}\"},\"query-input\":\"required name=search_term_string\"}],\"inLanguage\":\"it-IT\"},{\"@type\":\"ImageObject\",\"@id\":\"https:\/\/arteeluoghi.it\/index.php\/2015\/04\/21\/la-tecnologia-sociale-al-servizio-delle-comunita-intelligenti\/#primaryimage\",\"inLanguage\":\"it-IT\",\"url\":\"\/images\/locandinaditech.jpg\",\"contentUrl\":\"\/images\/locandinaditech.jpg\"},{\"@type\":\"WebPage\",\"@id\":\"https:\/\/arteeluoghi.it\/index.php\/2015\/04\/21\/la-tecnologia-sociale-al-servizio-delle-comunita-intelligenti\/#webpage\",\"url\":\"https:\/\/arteeluoghi.it\/index.php\/2015\/04\/21\/la-tecnologia-sociale-al-servizio-delle-comunita-intelligenti\/\",\"name\":\"La Tecnologia sociale al servizio delle comunit\u00e0 intelligenti | Arte e Luoghi\",\"isPartOf\":{\"@id\":\"https:\/\/arteeluoghi.it\/#website\"},\"primaryImageOfPage\":{\"@id\":\"https:\/\/arteeluoghi.it\/index.php\/2015\/04\/21\/la-tecnologia-sociale-al-servizio-delle-comunita-intelligenti\/#primaryimage\"},\"datePublished\":\"2015-04-21T13:57:11+00:00\",\"dateModified\":\"2018-01-04T21:46:26+00:00\",\"breadcrumb\":{\"@id\":\"https:\/\/arteeluoghi.it\/index.php\/2015\/04\/21\/la-tecnologia-sociale-al-servizio-delle-comunita-intelligenti\/#breadcrumb\"},\"inLanguage\":\"it-IT\",\"potentialAction\":[{\"@type\":\"ReadAction\",\"target\":[\"https:\/\/arteeluoghi.it\/index.php\/2015\/04\/21\/la-tecnologia-sociale-al-servizio-delle-comunita-intelligenti\/\"]}]},{\"@type\":\"BreadcrumbList\",\"@id\":\"https:\/\/arteeluoghi.it\/index.php\/2015\/04\/21\/la-tecnologia-sociale-al-servizio-delle-comunita-intelligenti\/#breadcrumb\",\"itemListElement\":[{\"@type\":\"ListItem\",\"position\":1,\"name\":\"Home\",\"item\":\"https:\/\/arteeluoghi.it\/\"},{\"@type\":\"ListItem\",\"position\":2,\"name\":\"La Tecnologia sociale al servizio delle comunit\u00e0 intelligenti\"}]},{\"@type\":\"Article\",\"@id\":\"https:\/\/arteeluoghi.it\/index.php\/2015\/04\/21\/la-tecnologia-sociale-al-servizio-delle-comunita-intelligenti\/#article\",\"isPartOf\":{\"@id\":\"https:\/\/arteeluoghi.it\/index.php\/2015\/04\/21\/la-tecnologia-sociale-al-servizio-delle-comunita-intelligenti\/#webpage\"},\"author\":{\"@id\":\"https:\/\/arteeluoghi.it\/#\/schema\/person\/f84e814e36e91e01448ee07eaadd41d4\"},\"headline\":\"La Tecnologia sociale al servizio delle comunit\u00e0 intelligenti\",\"datePublished\":\"2015-04-21T13:57:11+00:00\",\"dateModified\":\"2018-01-04T21:46:26+00:00\",\"mainEntityOfPage\":{\"@id\":\"https:\/\/arteeluoghi.it\/index.php\/2015\/04\/21\/la-tecnologia-sociale-al-servizio-delle-comunita-intelligenti\/#webpage\"},\"wordCount\":862,\"commentCount\":0,\"publisher\":{\"@id\":\"https:\/\/arteeluoghi.it\/#organization\"},\"image\":{\"@id\":\"https:\/\/arteeluoghi.it\/index.php\/2015\/04\/21\/la-tecnologia-sociale-al-servizio-delle-comunita-intelligenti\/#primaryimage\"},\"thumbnailUrl\":\"\/images\/locandinaditech.jpg\",\"articleSection\":[\"Notizie\"],\"inLanguage\":\"it-IT\",\"potentialAction\":[{\"@type\":\"CommentAction\",\"name\":\"Comment\",\"target\":[\"https:\/\/arteeluoghi.it\/index.php\/2015\/04\/21\/la-tecnologia-sociale-al-servizio-delle-comunita-intelligenti\/#respond\"]}]},{\"@type\":\"Person\",\"@id\":\"https:\/\/arteeluoghi.it\/#\/schema\/person\/f84e814e36e91e01448ee07eaadd41d4\",\"name\":\"Staff\",\"image\":{\"@type\":\"ImageObject\",\"@id\":\"https:\/\/arteeluoghi.it\/#personlogo\",\"inLanguage\":\"it-IT\",\"url\":\"https:\/\/secure.gravatar.com\/avatar\/49d2f9e46271bb04e19cebfaf141313a?s=96&d=blank&r=g\",\"contentUrl\":\"https:\/\/secure.gravatar.com\/avatar\/49d2f9e46271bb04e19cebfaf141313a?s=96&d=blank&r=g\",\"caption\":\"Staff\"}}]}<\/script>\n<!-- \/ Yoast SEO plugin. -->","yoast_head_json":{"title":"La Tecnologia sociale al servizio delle comunit\u00e0 intelligenti | Arte e Luoghi","robots":{"index":"index","follow":"follow","max-snippet":"max-snippet:-1","max-image-preview":"max-image-preview:large","max-video-preview":"max-video-preview:-1"},"canonical":"https:\/\/arteeluoghi.it\/index.php\/2015\/04\/21\/la-tecnologia-sociale-al-servizio-delle-comunita-intelligenti\/","og_locale":"it_IT","og_type":"article","og_title":"La Tecnologia sociale al servizio delle comunit\u00e0 intelligenti | Arte e Luoghi","og_description":"Mercoled\u00ec 22 aprile 2015 a Lecce, Castello Carlo V Esperti dagli Usa e da tutta Italia a confronto per fare","og_url":"https:\/\/arteeluoghi.it\/index.php\/2015\/04\/21\/la-tecnologia-sociale-al-servizio-delle-comunita-intelligenti\/","og_site_name":"Arte e Luoghi","article_publisher":"https:\/\/www.facebook.com\/ArteELuoghi\/","article_published_time":"2015-04-21T13:57:11+00:00","article_modified_time":"2018-01-04T21:46:26+00:00","og_image":[{"url":"https:\/\/arteeluoghi.it\/images\/locandinaditech.jpg"}],"twitter_card":"summary","twitter_creator":"@arteeluoghi","twitter_site":"@arteeluoghi","twitter_misc":{"Scritto da":"Staff","Tempo di lettura stimato":"4 minuti"},"schema":{"@context":"https:\/\/schema.org","@graph":[{"@type":"Organization","@id":"https:\/\/arteeluoghi.it\/#organization","name":"Arte e Luoghi","url":"https:\/\/arteeluoghi.it\/","sameAs":["https:\/\/www.facebook.com\/ArteELuoghi\/","https:\/\/www.instagram.com\/arteeluoghi\/?hl=it","https:\/\/www.youtube.com\/channel\/UCuRVc4JW4-C5sg9rQB-srkw?view_as=subscriber","https:\/\/twitter.com\/arteeluoghi"],"logo":{"@type":"ImageObject","@id":"https:\/\/arteeluoghi.it\/#logo","inLanguage":"it-IT","url":"https:\/\/arteeluoghi.it\/wp-content\/uploads\/2018\/08\/logoinstagramarte.jpg","contentUrl":"https:\/\/arteeluoghi.it\/wp-content\/uploads\/2018\/08\/logoinstagramarte.jpg","width":150,"height":150,"caption":"Arte e Luoghi"},"image":{"@id":"https:\/\/arteeluoghi.it\/#logo"}},{"@type":"WebSite","@id":"https:\/\/arteeluoghi.it\/#website","url":"https:\/\/arteeluoghi.it\/","name":"Arte e Luoghi","description":"Mensile di arte, cultura, turismo e curiosit\u00e0","publisher":{"@id":"https:\/\/arteeluoghi.it\/#organization"},"potentialAction":[{"@type":"SearchAction","target":{"@type":"EntryPoint","urlTemplate":"https:\/\/arteeluoghi.it\/?s={search_term_string}"},"query-input":"required name=search_term_string"}],"inLanguage":"it-IT"},{"@type":"ImageObject","@id":"https:\/\/arteeluoghi.it\/index.php\/2015\/04\/21\/la-tecnologia-sociale-al-servizio-delle-comunita-intelligenti\/#primaryimage","inLanguage":"it-IT","url":"\/images\/locandinaditech.jpg","contentUrl":"\/images\/locandinaditech.jpg"},{"@type":"WebPage","@id":"https:\/\/arteeluoghi.it\/index.php\/2015\/04\/21\/la-tecnologia-sociale-al-servizio-delle-comunita-intelligenti\/#webpage","url":"https:\/\/arteeluoghi.it\/index.php\/2015\/04\/21\/la-tecnologia-sociale-al-servizio-delle-comunita-intelligenti\/","name":"La Tecnologia sociale al servizio delle comunit\u00e0 intelligenti | Arte e Luoghi","isPartOf":{"@id":"https:\/\/arteeluoghi.it\/#website"},"primaryImageOfPage":{"@id":"https:\/\/arteeluoghi.it\/index.php\/2015\/04\/21\/la-tecnologia-sociale-al-servizio-delle-comunita-intelligenti\/#primaryimage"},"datePublished":"2015-04-21T13:57:11+00:00","dateModified":"2018-01-04T21:46:26+00:00","breadcrumb":{"@id":"https:\/\/arteeluoghi.it\/index.php\/2015\/04\/21\/la-tecnologia-sociale-al-servizio-delle-comunita-intelligenti\/#breadcrumb"},"inLanguage":"it-IT","potentialAction":[{"@type":"ReadAction","target":["https:\/\/arteeluoghi.it\/index.php\/2015\/04\/21\/la-tecnologia-sociale-al-servizio-delle-comunita-intelligenti\/"]}]},{"@type":"BreadcrumbList","@id":"https:\/\/arteeluoghi.it\/index.php\/2015\/04\/21\/la-tecnologia-sociale-al-servizio-delle-comunita-intelligenti\/#breadcrumb","itemListElement":[{"@type":"ListItem","position":1,"name":"Home","item":"https:\/\/arteeluoghi.it\/"},{"@type":"ListItem","position":2,"name":"La Tecnologia sociale al servizio delle comunit\u00e0 intelligenti"}]},{"@type":"Article","@id":"https:\/\/arteeluoghi.it\/index.php\/2015\/04\/21\/la-tecnologia-sociale-al-servizio-delle-comunita-intelligenti\/#article","isPartOf":{"@id":"https:\/\/arteeluoghi.it\/index.php\/2015\/04\/21\/la-tecnologia-sociale-al-servizio-delle-comunita-intelligenti\/#webpage"},"author":{"@id":"https:\/\/arteeluoghi.it\/#\/schema\/person\/f84e814e36e91e01448ee07eaadd41d4"},"headline":"La Tecnologia sociale al servizio delle comunit\u00e0 intelligenti","datePublished":"2015-04-21T13:57:11+00:00","dateModified":"2018-01-04T21:46:26+00:00","mainEntityOfPage":{"@id":"https:\/\/arteeluoghi.it\/index.php\/2015\/04\/21\/la-tecnologia-sociale-al-servizio-delle-comunita-intelligenti\/#webpage"},"wordCount":862,"commentCount":0,"publisher":{"@id":"https:\/\/arteeluoghi.it\/#organization"},"image":{"@id":"https:\/\/arteeluoghi.it\/index.php\/2015\/04\/21\/la-tecnologia-sociale-al-servizio-delle-comunita-intelligenti\/#primaryimage"},"thumbnailUrl":"\/images\/locandinaditech.jpg","articleSection":["Notizie"],"inLanguage":"it-IT","potentialAction":[{"@type":"CommentAction","name":"Comment","target":["https:\/\/arteeluoghi.it\/index.php\/2015\/04\/21\/la-tecnologia-sociale-al-servizio-delle-comunita-intelligenti\/#respond"]}]},{"@type":"Person","@id":"https:\/\/arteeluoghi.it\/#\/schema\/person\/f84e814e36e91e01448ee07eaadd41d4","name":"Staff","image":{"@type":"ImageObject","@id":"https:\/\/arteeluoghi.it\/#personlogo","inLanguage":"it-IT","url":"https:\/\/secure.gravatar.com\/avatar\/49d2f9e46271bb04e19cebfaf141313a?s=96&d=blank&r=g","contentUrl":"https:\/\/secure.gravatar.com\/avatar\/49d2f9e46271bb04e19cebfaf141313a?s=96&d=blank&r=g","caption":"Staff"}}]}},"_links":{"self":[{"href":"https:\/\/arteeluoghi.it\/index.php\/wp-json\/wp\/v2\/posts\/2156"}],"collection":[{"href":"https:\/\/arteeluoghi.it\/index.php\/wp-json\/wp\/v2\/posts"}],"about":[{"href":"https:\/\/arteeluoghi.it\/index.php\/wp-json\/wp\/v2\/types\/post"}],"author":[{"embeddable":true,"href":"https:\/\/arteeluoghi.it\/index.php\/wp-json\/wp\/v2\/users\/1"}],"replies":[{"embeddable":true,"href":"https:\/\/arteeluoghi.it\/index.php\/wp-json\/wp\/v2\/comments?post=2156"}],"version-history":[{"count":1,"href":"https:\/\/arteeluoghi.it\/index.php\/wp-json\/wp\/v2\/posts\/2156\/revisions"}],"predecessor-version":[{"id":4640,"href":"https:\/\/arteeluoghi.it\/index.php\/wp-json\/wp\/v2\/posts\/2156\/revisions\/4640"}],"wp:attachment":[{"href":"https:\/\/arteeluoghi.it\/index.php\/wp-json\/wp\/v2\/media?parent=2156"}],"wp:term":[{"taxonomy":"category","embeddable":true,"href":"https:\/\/arteeluoghi.it\/index.php\/wp-json\/wp\/v2\/categories?post=2156"},{"taxonomy":"post_tag","embeddable":true,"href":"https:\/\/arteeluoghi.it\/index.php\/wp-json\/wp\/v2\/tags?post=2156"}],"curies":[{"name":"wp","href":"https:\/\/api.w.org\/{rel}","templated":true}]}}