{"id":2158,"date":"2015-04-21T16:31:47","date_gmt":"2015-04-21T14:31:47","guid":{"rendered":"http:\/\/arteeluoghi.it\/index.php\/2015\/04\/21\/i-colori-mediterranei-di-bellante\/"},"modified":"2015-04-21T16:31:47","modified_gmt":"2015-04-21T14:31:47","slug":"i-colori-mediterranei-di-bellante","status":"publish","type":"post","link":"https:\/\/arteeluoghi.it\/index.php\/2015\/04\/21\/i-colori-mediterranei-di-bellante\/","title":{"rendered":"I colori mediterranei di Bellante"},"content":{"rendered":"<p><img src=\"\/images\/foto2015\/Incanto-sul-fiume.jpg\" border=\"0\" title=\"Bellante, Incanto sul fiume\" width=\"300\" style=\"margin: 21px; float: left;\" \/>Alla Galleria Mentana di Firenze la personale di Rosario Bellante. Vernissage sabato 18 aprile 2015<\/p>\n<p><strong>Paesaggi dell&#8217;anima<\/strong><\/p>\n<p>di Federica Murgia<\/p>\n<p>Bellante \u00e8 un colorista dalle tonalit\u00e0 mediterranee e dalla pennellata che procede senza indugio. Da molti anni \u00e8 rappresentato, nel modo migliore, dalla \u201cMentana\u201d di Firenze e in quest\u2019esposizione personale, presenta dipinti che ripercorrono i temi a lui cari: opere che hanno come filo conduttore il paesaggio visto nel momento pi\u00f9 felice delle sue fasi. Per l\u2019artista la natura \u00e8 matrice, che ispira i suoi stati d\u2019animo pittorici che diventano armonie visive di panorami conosciuti e dell\u2019inconscio, che riportano alla sua amata Sicilia.<\/p>\n<p>  <!--more-->  <\/p>\n<p>\u00a0<\/p>\n<p><span style=\"font-size: 12.1599998474121px; line-height: 1.3em;\">Le opere di Bellante sono animate da chiarori, dove le vibrazioni cromatiche sono capaci di coinvolgere sensibilmente lo spettatore che, inoltrandosi negli scorci descritti, si ritrova a esplorare la sfera emozionale dell\u2019artista. La dinamicit\u00e0, descritta delle masse pittoriche, \u00e8 esaltata dalle gradazioni di luce che, nelle forme delineate da pacificanti colori ed equilibrate pennellate, sembrano volersi svelare in contrasti di segni e di toni di rossi, di gialli e di verdi dei primi piani: sfumature di tinte che declinano nel canto del paesaggio e dell\u2019Io dell\u2019artista. La sua osservazione della natura si fa analisi che coglie mille particolari che, prepotentemente, vogliono emergere dal groviglio di arbusti per fermarsi nelle sue primavere dipinte, che ricercano gioia e speranza.<\/span><\/p>\n<p>Un concento di colori vivaci si accorda nelle radure pacate, smorzandosi fra le dune dove i tocchi di chiaro fanno avvertire fragranze di mare e di vita di fiori di sabbia. Nella solitudine del paesaggio c\u2019\u00e8 un animo investito da pensieri profondi, che, in un monologo interiore, tenta di sfuggire al tempo dalle ombre incombenti che si addensano in uno sfondo di nuvole e che muovono verso la malinconia dell\u2019autunno.\u00a0\u00a0\u00a0\u00a0<\/p>\n<p>La personale di Bellante rientra nell&#8217;inizitiva due eventi in parallelo. Mentre nella saletta Mentana \u00e8 allestita la personale di Bellante, nella galleria sono esposte le opere partecipanti al Premio Pittura &#8211; SCultura &#8211; Fotografia \u201cMentana in Florence\u201d\u00a0 inauguratasi sabato 18 aprile ore 18.00. Gli artisti in mostra: Ghenadie Popic, Mark Petrasso, Lucilla Labianca, Ilaria Turco, Enrico Garoia, Enrico Napoletano, Silvia Maccacaro, Caroggi, Giulia Riva, Antonio Lucarelli, Monia Pentolini, Moirym, Mauro Piccoli, Robesol, Duccio Degl\u2019Innocenti.<\/p>\n","protected":false},"excerpt":{"rendered":"<p>Alla Galleria Mentana di Firenze la personale di Rosario Bellante. Vernissage sabato 18 aprile 2015 Paesaggi dell&#8217;anima di Federica Murgia<\/p>\n","protected":false},"author":1,"featured_media":0,"comment_status":"open","ping_status":"open","sticky":false,"template":"","format":"standard","meta":[],"categories":[27],"tags":[],"yoast_head":"<!-- This site is optimized with the Yoast SEO plugin v18.0 - https:\/\/yoast.com\/wordpress\/plugins\/seo\/ -->\n<title>I colori mediterranei di Bellante | Arte e Luoghi<\/title>\n<meta name=\"robots\" content=\"index, follow, max-snippet:-1, max-image-preview:large, max-video-preview:-1\" \/>\n<link rel=\"canonical\" href=\"https:\/\/arteeluoghi.it\/index.php\/2015\/04\/21\/i-colori-mediterranei-di-bellante\/\" \/>\n<meta property=\"og:locale\" content=\"it_IT\" \/>\n<meta property=\"og:type\" content=\"article\" \/>\n<meta property=\"og:title\" content=\"I colori mediterranei di Bellante | Arte e Luoghi\" \/>\n<meta property=\"og:description\" content=\"Alla Galleria Mentana di Firenze la personale di Rosario Bellante. Vernissage sabato 18 aprile 2015 Paesaggi dell&#8217;anima di Federica Murgia\" \/>\n<meta property=\"og:url\" content=\"https:\/\/arteeluoghi.it\/index.php\/2015\/04\/21\/i-colori-mediterranei-di-bellante\/\" \/>\n<meta property=\"og:site_name\" content=\"Arte e Luoghi\" \/>\n<meta property=\"article:publisher\" content=\"https:\/\/www.facebook.com\/ArteELuoghi\/\" \/>\n<meta property=\"article:published_time\" content=\"2015-04-21T14:31:47+00:00\" \/>\n<meta property=\"og:image\" content=\"https:\/\/arteeluoghi.it\/images\/foto2015\/Incanto-sul-fiume.jpg\" \/>\n<meta name=\"twitter:card\" content=\"summary\" \/>\n<meta name=\"twitter:creator\" content=\"@arteeluoghi\" \/>\n<meta name=\"twitter:site\" content=\"@arteeluoghi\" \/>\n<meta name=\"twitter:label1\" content=\"Scritto da\" \/>\n\t<meta name=\"twitter:data1\" content=\"Staff\" \/>\n\t<meta name=\"twitter:label2\" content=\"Tempo di lettura stimato\" \/>\n\t<meta name=\"twitter:data2\" content=\"2 minuti\" \/>\n<script type=\"application\/ld+json\" class=\"yoast-schema-graph\">{\"@context\":\"https:\/\/schema.org\",\"@graph\":[{\"@type\":\"Organization\",\"@id\":\"https:\/\/arteeluoghi.it\/#organization\",\"name\":\"Arte e Luoghi\",\"url\":\"https:\/\/arteeluoghi.it\/\",\"sameAs\":[\"https:\/\/www.facebook.com\/ArteELuoghi\/\",\"https:\/\/www.instagram.com\/arteeluoghi\/?hl=it\",\"https:\/\/www.youtube.com\/channel\/UCuRVc4JW4-C5sg9rQB-srkw?view_as=subscriber\",\"https:\/\/twitter.com\/arteeluoghi\"],\"logo\":{\"@type\":\"ImageObject\",\"@id\":\"https:\/\/arteeluoghi.it\/#logo\",\"inLanguage\":\"it-IT\",\"url\":\"https:\/\/arteeluoghi.it\/wp-content\/uploads\/2018\/08\/logoinstagramarte.jpg\",\"contentUrl\":\"https:\/\/arteeluoghi.it\/wp-content\/uploads\/2018\/08\/logoinstagramarte.jpg\",\"width\":150,\"height\":150,\"caption\":\"Arte e Luoghi\"},\"image\":{\"@id\":\"https:\/\/arteeluoghi.it\/#logo\"}},{\"@type\":\"WebSite\",\"@id\":\"https:\/\/arteeluoghi.it\/#website\",\"url\":\"https:\/\/arteeluoghi.it\/\",\"name\":\"Arte e Luoghi\",\"description\":\"Mensile di arte, cultura, turismo e curiosit\u00e0\",\"publisher\":{\"@id\":\"https:\/\/arteeluoghi.it\/#organization\"},\"potentialAction\":[{\"@type\":\"SearchAction\",\"target\":{\"@type\":\"EntryPoint\",\"urlTemplate\":\"https:\/\/arteeluoghi.it\/?s={search_term_string}\"},\"query-input\":\"required name=search_term_string\"}],\"inLanguage\":\"it-IT\"},{\"@type\":\"ImageObject\",\"@id\":\"https:\/\/arteeluoghi.it\/index.php\/2015\/04\/21\/i-colori-mediterranei-di-bellante\/#primaryimage\",\"inLanguage\":\"it-IT\",\"url\":\"\/images\/foto2015\/Incanto-sul-fiume.jpg\",\"contentUrl\":\"\/images\/foto2015\/Incanto-sul-fiume.jpg\"},{\"@type\":\"WebPage\",\"@id\":\"https:\/\/arteeluoghi.it\/index.php\/2015\/04\/21\/i-colori-mediterranei-di-bellante\/#webpage\",\"url\":\"https:\/\/arteeluoghi.it\/index.php\/2015\/04\/21\/i-colori-mediterranei-di-bellante\/\",\"name\":\"I colori mediterranei di Bellante | Arte e Luoghi\",\"isPartOf\":{\"@id\":\"https:\/\/arteeluoghi.it\/#website\"},\"primaryImageOfPage\":{\"@id\":\"https:\/\/arteeluoghi.it\/index.php\/2015\/04\/21\/i-colori-mediterranei-di-bellante\/#primaryimage\"},\"datePublished\":\"2015-04-21T14:31:47+00:00\",\"dateModified\":\"2015-04-21T14:31:47+00:00\",\"breadcrumb\":{\"@id\":\"https:\/\/arteeluoghi.it\/index.php\/2015\/04\/21\/i-colori-mediterranei-di-bellante\/#breadcrumb\"},\"inLanguage\":\"it-IT\",\"potentialAction\":[{\"@type\":\"ReadAction\",\"target\":[\"https:\/\/arteeluoghi.it\/index.php\/2015\/04\/21\/i-colori-mediterranei-di-bellante\/\"]}]},{\"@type\":\"BreadcrumbList\",\"@id\":\"https:\/\/arteeluoghi.it\/index.php\/2015\/04\/21\/i-colori-mediterranei-di-bellante\/#breadcrumb\",\"itemListElement\":[{\"@type\":\"ListItem\",\"position\":1,\"name\":\"Home\",\"item\":\"https:\/\/arteeluoghi.it\/\"},{\"@type\":\"ListItem\",\"position\":2,\"name\":\"I colori mediterranei di Bellante\"}]},{\"@type\":\"Article\",\"@id\":\"https:\/\/arteeluoghi.it\/index.php\/2015\/04\/21\/i-colori-mediterranei-di-bellante\/#article\",\"isPartOf\":{\"@id\":\"https:\/\/arteeluoghi.it\/index.php\/2015\/04\/21\/i-colori-mediterranei-di-bellante\/#webpage\"},\"author\":{\"@id\":\"https:\/\/arteeluoghi.it\/#\/schema\/person\/f84e814e36e91e01448ee07eaadd41d4\"},\"headline\":\"I colori mediterranei di Bellante\",\"datePublished\":\"2015-04-21T14:31:47+00:00\",\"dateModified\":\"2015-04-21T14:31:47+00:00\",\"mainEntityOfPage\":{\"@id\":\"https:\/\/arteeluoghi.it\/index.php\/2015\/04\/21\/i-colori-mediterranei-di-bellante\/#webpage\"},\"wordCount\":369,\"commentCount\":0,\"publisher\":{\"@id\":\"https:\/\/arteeluoghi.it\/#organization\"},\"image\":{\"@id\":\"https:\/\/arteeluoghi.it\/index.php\/2015\/04\/21\/i-colori-mediterranei-di-bellante\/#primaryimage\"},\"thumbnailUrl\":\"\/images\/foto2015\/Incanto-sul-fiume.jpg\",\"articleSection\":[\"Arte\"],\"inLanguage\":\"it-IT\",\"potentialAction\":[{\"@type\":\"CommentAction\",\"name\":\"Comment\",\"target\":[\"https:\/\/arteeluoghi.it\/index.php\/2015\/04\/21\/i-colori-mediterranei-di-bellante\/#respond\"]}]},{\"@type\":\"Person\",\"@id\":\"https:\/\/arteeluoghi.it\/#\/schema\/person\/f84e814e36e91e01448ee07eaadd41d4\",\"name\":\"Staff\",\"image\":{\"@type\":\"ImageObject\",\"@id\":\"https:\/\/arteeluoghi.it\/#personlogo\",\"inLanguage\":\"it-IT\",\"url\":\"https:\/\/secure.gravatar.com\/avatar\/49d2f9e46271bb04e19cebfaf141313a?s=96&d=blank&r=g\",\"contentUrl\":\"https:\/\/secure.gravatar.com\/avatar\/49d2f9e46271bb04e19cebfaf141313a?s=96&d=blank&r=g\",\"caption\":\"Staff\"}}]}<\/script>\n<!-- \/ Yoast SEO plugin. -->","yoast_head_json":{"title":"I colori mediterranei di Bellante | Arte e Luoghi","robots":{"index":"index","follow":"follow","max-snippet":"max-snippet:-1","max-image-preview":"max-image-preview:large","max-video-preview":"max-video-preview:-1"},"canonical":"https:\/\/arteeluoghi.it\/index.php\/2015\/04\/21\/i-colori-mediterranei-di-bellante\/","og_locale":"it_IT","og_type":"article","og_title":"I colori mediterranei di Bellante | Arte e Luoghi","og_description":"Alla Galleria Mentana di Firenze la personale di Rosario Bellante. Vernissage sabato 18 aprile 2015 Paesaggi dell&#8217;anima di Federica Murgia","og_url":"https:\/\/arteeluoghi.it\/index.php\/2015\/04\/21\/i-colori-mediterranei-di-bellante\/","og_site_name":"Arte e Luoghi","article_publisher":"https:\/\/www.facebook.com\/ArteELuoghi\/","article_published_time":"2015-04-21T14:31:47+00:00","og_image":[{"url":"https:\/\/arteeluoghi.it\/images\/foto2015\/Incanto-sul-fiume.jpg"}],"twitter_card":"summary","twitter_creator":"@arteeluoghi","twitter_site":"@arteeluoghi","twitter_misc":{"Scritto da":"Staff","Tempo di lettura stimato":"2 minuti"},"schema":{"@context":"https:\/\/schema.org","@graph":[{"@type":"Organization","@id":"https:\/\/arteeluoghi.it\/#organization","name":"Arte e Luoghi","url":"https:\/\/arteeluoghi.it\/","sameAs":["https:\/\/www.facebook.com\/ArteELuoghi\/","https:\/\/www.instagram.com\/arteeluoghi\/?hl=it","https:\/\/www.youtube.com\/channel\/UCuRVc4JW4-C5sg9rQB-srkw?view_as=subscriber","https:\/\/twitter.com\/arteeluoghi"],"logo":{"@type":"ImageObject","@id":"https:\/\/arteeluoghi.it\/#logo","inLanguage":"it-IT","url":"https:\/\/arteeluoghi.it\/wp-content\/uploads\/2018\/08\/logoinstagramarte.jpg","contentUrl":"https:\/\/arteeluoghi.it\/wp-content\/uploads\/2018\/08\/logoinstagramarte.jpg","width":150,"height":150,"caption":"Arte e Luoghi"},"image":{"@id":"https:\/\/arteeluoghi.it\/#logo"}},{"@type":"WebSite","@id":"https:\/\/arteeluoghi.it\/#website","url":"https:\/\/arteeluoghi.it\/","name":"Arte e Luoghi","description":"Mensile di arte, cultura, turismo e curiosit\u00e0","publisher":{"@id":"https:\/\/arteeluoghi.it\/#organization"},"potentialAction":[{"@type":"SearchAction","target":{"@type":"EntryPoint","urlTemplate":"https:\/\/arteeluoghi.it\/?s={search_term_string}"},"query-input":"required name=search_term_string"}],"inLanguage":"it-IT"},{"@type":"ImageObject","@id":"https:\/\/arteeluoghi.it\/index.php\/2015\/04\/21\/i-colori-mediterranei-di-bellante\/#primaryimage","inLanguage":"it-IT","url":"\/images\/foto2015\/Incanto-sul-fiume.jpg","contentUrl":"\/images\/foto2015\/Incanto-sul-fiume.jpg"},{"@type":"WebPage","@id":"https:\/\/arteeluoghi.it\/index.php\/2015\/04\/21\/i-colori-mediterranei-di-bellante\/#webpage","url":"https:\/\/arteeluoghi.it\/index.php\/2015\/04\/21\/i-colori-mediterranei-di-bellante\/","name":"I colori mediterranei di Bellante | Arte e Luoghi","isPartOf":{"@id":"https:\/\/arteeluoghi.it\/#website"},"primaryImageOfPage":{"@id":"https:\/\/arteeluoghi.it\/index.php\/2015\/04\/21\/i-colori-mediterranei-di-bellante\/#primaryimage"},"datePublished":"2015-04-21T14:31:47+00:00","dateModified":"2015-04-21T14:31:47+00:00","breadcrumb":{"@id":"https:\/\/arteeluoghi.it\/index.php\/2015\/04\/21\/i-colori-mediterranei-di-bellante\/#breadcrumb"},"inLanguage":"it-IT","potentialAction":[{"@type":"ReadAction","target":["https:\/\/arteeluoghi.it\/index.php\/2015\/04\/21\/i-colori-mediterranei-di-bellante\/"]}]},{"@type":"BreadcrumbList","@id":"https:\/\/arteeluoghi.it\/index.php\/2015\/04\/21\/i-colori-mediterranei-di-bellante\/#breadcrumb","itemListElement":[{"@type":"ListItem","position":1,"name":"Home","item":"https:\/\/arteeluoghi.it\/"},{"@type":"ListItem","position":2,"name":"I colori mediterranei di Bellante"}]},{"@type":"Article","@id":"https:\/\/arteeluoghi.it\/index.php\/2015\/04\/21\/i-colori-mediterranei-di-bellante\/#article","isPartOf":{"@id":"https:\/\/arteeluoghi.it\/index.php\/2015\/04\/21\/i-colori-mediterranei-di-bellante\/#webpage"},"author":{"@id":"https:\/\/arteeluoghi.it\/#\/schema\/person\/f84e814e36e91e01448ee07eaadd41d4"},"headline":"I colori mediterranei di Bellante","datePublished":"2015-04-21T14:31:47+00:00","dateModified":"2015-04-21T14:31:47+00:00","mainEntityOfPage":{"@id":"https:\/\/arteeluoghi.it\/index.php\/2015\/04\/21\/i-colori-mediterranei-di-bellante\/#webpage"},"wordCount":369,"commentCount":0,"publisher":{"@id":"https:\/\/arteeluoghi.it\/#organization"},"image":{"@id":"https:\/\/arteeluoghi.it\/index.php\/2015\/04\/21\/i-colori-mediterranei-di-bellante\/#primaryimage"},"thumbnailUrl":"\/images\/foto2015\/Incanto-sul-fiume.jpg","articleSection":["Arte"],"inLanguage":"it-IT","potentialAction":[{"@type":"CommentAction","name":"Comment","target":["https:\/\/arteeluoghi.it\/index.php\/2015\/04\/21\/i-colori-mediterranei-di-bellante\/#respond"]}]},{"@type":"Person","@id":"https:\/\/arteeluoghi.it\/#\/schema\/person\/f84e814e36e91e01448ee07eaadd41d4","name":"Staff","image":{"@type":"ImageObject","@id":"https:\/\/arteeluoghi.it\/#personlogo","inLanguage":"it-IT","url":"https:\/\/secure.gravatar.com\/avatar\/49d2f9e46271bb04e19cebfaf141313a?s=96&d=blank&r=g","contentUrl":"https:\/\/secure.gravatar.com\/avatar\/49d2f9e46271bb04e19cebfaf141313a?s=96&d=blank&r=g","caption":"Staff"}}]}},"_links":{"self":[{"href":"https:\/\/arteeluoghi.it\/index.php\/wp-json\/wp\/v2\/posts\/2158"}],"collection":[{"href":"https:\/\/arteeluoghi.it\/index.php\/wp-json\/wp\/v2\/posts"}],"about":[{"href":"https:\/\/arteeluoghi.it\/index.php\/wp-json\/wp\/v2\/types\/post"}],"author":[{"embeddable":true,"href":"https:\/\/arteeluoghi.it\/index.php\/wp-json\/wp\/v2\/users\/1"}],"replies":[{"embeddable":true,"href":"https:\/\/arteeluoghi.it\/index.php\/wp-json\/wp\/v2\/comments?post=2158"}],"version-history":[{"count":0,"href":"https:\/\/arteeluoghi.it\/index.php\/wp-json\/wp\/v2\/posts\/2158\/revisions"}],"wp:attachment":[{"href":"https:\/\/arteeluoghi.it\/index.php\/wp-json\/wp\/v2\/media?parent=2158"}],"wp:term":[{"taxonomy":"category","embeddable":true,"href":"https:\/\/arteeluoghi.it\/index.php\/wp-json\/wp\/v2\/categories?post=2158"},{"taxonomy":"post_tag","embeddable":true,"href":"https:\/\/arteeluoghi.it\/index.php\/wp-json\/wp\/v2\/tags?post=2158"}],"curies":[{"name":"wp","href":"https:\/\/api.w.org\/{rel}","templated":true}]}}