{"id":2167,"date":"2015-04-24T21:28:44","date_gmt":"2015-04-24T19:28:44","guid":{"rendered":"http:\/\/arteeluoghi.it\/index.php\/2015\/04\/24\/quattro-numeri-due-colori-per-presentare-vite-d-artista\/"},"modified":"2018-01-04T22:45:58","modified_gmt":"2018-01-04T21:45:58","slug":"quattro-numeri-due-colori-per-presentare-vite-d-artista","status":"publish","type":"post","link":"https:\/\/arteeluoghi.it\/index.php\/2015\/04\/24\/quattro-numeri-due-colori-per-presentare-vite-d-artista\/","title":{"rendered":"Quattro numeri, due colori per presentare Vite d&#8217;artista"},"content":{"rendered":"<p style=\"text-align: left;\" align=\"center\"><img src=\"\/images\/foto2015\/ercolepignatelli.jpg\" border=\"0\" title=\"L'artista Ercole Pignatelli e Claudio Quarta \" width=\"300\" style=\"margin: 21px; float: right;\" \/>Evento nelle cantine Moros di Claudio Quarta, marted\u00ec 28 aprile 2015<strong><strong><br \/><\/strong><\/strong><\/p>\n<p style=\"text-align: left;\" align=\"center\"><strong><strong>80 20 10 1 Blu Rosso<\/strong><\/strong><\/p>\n<p style=\"text-align: left;\" align=\"center\"><em>Tributo a Ercole Pignatelli &#8211; Degustazione guidata della Serie 1<\/em><\/p>\n<p><strong>\u00a0<\/strong><\/p>\n<p><strong>80 20 10 1 Blu Rosso<\/strong>. Quale \u00e8 il filo\u00a0 rosso che lega questi quattro numeri ai due colori? Un ideale incontro tra arte e vino. Ovvero &#8220;Vite d&#8217;artista&#8221;.\u00a0 Si chiamer\u00e0 cos\u00ec la collezione di etichette pregiate che vestiranno i vini della Cantina Moros di Claudio Quarta.\u00a0 La presentazione si terr\u00e0 marted\u00ec 28 aprile nella Cantina Moros di Guagnano con un tributo al grande artista salentino Ercole Pignatelli nel giorno del suo 80\u00b0 compleanno. Ed ecco, dunque, svelato il significato del primo numero connesso al 20 come gli anni di un&#8217;amicizia che come il vino e l&#8217;arte \u00e8 un connubio perfetto \u201cal quale credo moltissimo per la capacit\u00e0 di entrambi di ispirare l\u2019essenza creativa dell\u2019uomo e reinterpretare il rapporto con la terra\u201d spiega il titolare di Cantina Moros che aggiunge \u201cVite d\u2019Artista\u201d\u00a0\u00e8\u00a0una collezione di pregiate etichette, prodotte in edizione limitata, che ogni anno sar\u00e0 dedicata a un artista contemporaneo. E la serie 1 non poteva che essere dedicata all&#8217;amico Ercole Pignatelli: un\u00a0blend\u00a0rosso di Sanpaolo Taurasi Riserva 2009, Oro di Em\u00e9ra 2012 e Moros Salice Salentino Riserva 2012.<\/p>\n<p>  <!--more-->  <\/p>\n<p style=\"text-align: left;\">\u201cUn rosso robusto ed elegante, come Ercole\u201d, spie<img src=\"\/images\/pignatelli.jpg\" border=\"0\" title=\"Il logo di Vite d'artista\" width=\"300\" style=\"margin: 21px; float: left;\" \/>ga ancora Quarta. Come il blu che campeggia sull\u2019etichetta, ispirata a \u201cProliferazione\u201d, una delle pi\u00f9 recenti opere di Pignatelli esposta al Mia Fair di Milano. \u201cLo stesso blu\u201d, prosegue Quarta, \u201cche casualmente e in modo bizzarro ci ha fatti conoscere 20 anni fa, entrambi salentini a Como. Il blu della mia auto colp\u00ec Ercole: mi ferm\u00f2 per dirmelo, era estasiato da quella particolare sfumatura di colore. Nacque cos\u00ec un\u2019amicizia singolare, ed io mi innamorai subito della sua arte\u201d. Per questo la scelta di dedicare la prima etichetta di \u201cVite d\u2019artista\u201d a Pignatelli: un tributo a un grande artista internazionale che ha sempre mantenuto un forte legame con la sua, e nostra, terra. Lo stesso logo che accompagner\u00e0 negli anni la nuova collezione \u00e8 stato realizzato da Pignatelli. <\/p>\n<p style=\"text-align: right;\"><img loading=\"lazy\" src=\"\/images\/foto2015\/vitedartista.jpg\" border=\"0\" title=\"Vite d'artista serie 1\" width=\"100\" height=\"197\" style=\"margin: 21px; float: left;\" \/>Il 2015 rappresenta un anniversario simbolico per lo stesso Claudio Quarta, biologo genetista che 10 anni fa decise di abbandonare l\u2019attivit\u00e0 scientifica che lo aveva condotto negli Stati Uniti, dove riusc\u00ec a far quotare al NASDAQ di New York la societ\u00e0 di biotecnologie che lo stesso Quarta aveva fondato per salvare il Centro di Ricerche di Gerenzano, noto in tutto il mondo per l\u2019eccellenza delle sue ricerche. Inizi\u00f2 cos\u00ec la sua \u201cseconda vita\u201d di vignaiolo, e la realizzazione di un suo vecchio sogno nel cassetto: produrre vini capaci di esprimere l\u2019intima essenza del territorio di provenienza, insieme con le sue tradizioni e culture. Nascono cos\u00ec le sue attuali tre cantine: due nel Salento, Tenute Em\u00e9ra a Marina di Lizzano (TA) e Moros a Guagnano, e una in Irpinia, Sanpaolo, a San Paolo di Tufo, in provincia di Avellino.<br \/>\u00a0<br \/>\u201cVite d\u2019Artista\u201d\u00a0sar\u00e0 presentata durante una cerimonia riservata, alla presenza di Ercole Pignatelli e di Toti Carpentieri, che accompagneranno gli ospiti nella visita della personale collezione Ercole Pignatelli esposta all\u2019interno di Cantina Moros. Subito dopo il responsabile eventi AIS Lecce, Fabrizio Miccoli, guider\u00e0 la degustazione del vino \u201cVite d\u2019Artista- Ercole Pignatelli\u201d.<br \/>\u00a0<\/p>\n","protected":false},"excerpt":{"rendered":"<p>Evento nelle cantine Moros di Claudio Quarta, marted\u00ec 28 aprile 2015 80 20 10 1 Blu Rosso Tributo a Ercole<\/p>\n","protected":false},"author":1,"featured_media":0,"comment_status":"open","ping_status":"open","sticky":false,"template":"","format":"standard","meta":[],"categories":[28],"tags":[],"yoast_head":"<!-- This site is optimized with the Yoast SEO plugin v18.0 - https:\/\/yoast.com\/wordpress\/plugins\/seo\/ -->\n<title>Quattro numeri, due colori per presentare Vite d&#039;artista | Arte e Luoghi<\/title>\n<meta name=\"robots\" content=\"index, follow, max-snippet:-1, max-image-preview:large, max-video-preview:-1\" \/>\n<link rel=\"canonical\" href=\"https:\/\/arteeluoghi.it\/index.php\/2015\/04\/24\/quattro-numeri-due-colori-per-presentare-vite-d-artista\/\" \/>\n<meta property=\"og:locale\" content=\"it_IT\" \/>\n<meta property=\"og:type\" content=\"article\" \/>\n<meta property=\"og:title\" content=\"Quattro numeri, due colori per presentare Vite d&#039;artista | Arte e Luoghi\" \/>\n<meta property=\"og:description\" content=\"Evento nelle cantine Moros di Claudio Quarta, marted\u00ec 28 aprile 2015 80 20 10 1 Blu Rosso Tributo a Ercole\" \/>\n<meta property=\"og:url\" content=\"https:\/\/arteeluoghi.it\/index.php\/2015\/04\/24\/quattro-numeri-due-colori-per-presentare-vite-d-artista\/\" \/>\n<meta property=\"og:site_name\" content=\"Arte e Luoghi\" \/>\n<meta property=\"article:publisher\" content=\"https:\/\/www.facebook.com\/ArteELuoghi\/\" \/>\n<meta property=\"article:published_time\" content=\"2015-04-24T19:28:44+00:00\" \/>\n<meta property=\"article:modified_time\" content=\"2018-01-04T21:45:58+00:00\" \/>\n<meta property=\"og:image\" content=\"https:\/\/arteeluoghi.it\/images\/foto2015\/ercolepignatelli.jpg\" \/>\n<meta name=\"twitter:card\" content=\"summary\" \/>\n<meta name=\"twitter:creator\" content=\"@arteeluoghi\" \/>\n<meta name=\"twitter:site\" content=\"@arteeluoghi\" \/>\n<meta name=\"twitter:label1\" content=\"Scritto da\" \/>\n\t<meta name=\"twitter:data1\" content=\"Staff\" \/>\n\t<meta name=\"twitter:label2\" content=\"Tempo di lettura stimato\" \/>\n\t<meta name=\"twitter:data2\" content=\"3 minuti\" \/>\n<script type=\"application\/ld+json\" class=\"yoast-schema-graph\">{\"@context\":\"https:\/\/schema.org\",\"@graph\":[{\"@type\":\"Organization\",\"@id\":\"https:\/\/arteeluoghi.it\/#organization\",\"name\":\"Arte e Luoghi\",\"url\":\"https:\/\/arteeluoghi.it\/\",\"sameAs\":[\"https:\/\/www.facebook.com\/ArteELuoghi\/\",\"https:\/\/www.instagram.com\/arteeluoghi\/?hl=it\",\"https:\/\/www.youtube.com\/channel\/UCuRVc4JW4-C5sg9rQB-srkw?view_as=subscriber\",\"https:\/\/twitter.com\/arteeluoghi\"],\"logo\":{\"@type\":\"ImageObject\",\"@id\":\"https:\/\/arteeluoghi.it\/#logo\",\"inLanguage\":\"it-IT\",\"url\":\"https:\/\/arteeluoghi.it\/wp-content\/uploads\/2018\/08\/logoinstagramarte.jpg\",\"contentUrl\":\"https:\/\/arteeluoghi.it\/wp-content\/uploads\/2018\/08\/logoinstagramarte.jpg\",\"width\":150,\"height\":150,\"caption\":\"Arte e Luoghi\"},\"image\":{\"@id\":\"https:\/\/arteeluoghi.it\/#logo\"}},{\"@type\":\"WebSite\",\"@id\":\"https:\/\/arteeluoghi.it\/#website\",\"url\":\"https:\/\/arteeluoghi.it\/\",\"name\":\"Arte e Luoghi\",\"description\":\"Mensile di arte, cultura, turismo e curiosit\u00e0\",\"publisher\":{\"@id\":\"https:\/\/arteeluoghi.it\/#organization\"},\"potentialAction\":[{\"@type\":\"SearchAction\",\"target\":{\"@type\":\"EntryPoint\",\"urlTemplate\":\"https:\/\/arteeluoghi.it\/?s={search_term_string}\"},\"query-input\":\"required name=search_term_string\"}],\"inLanguage\":\"it-IT\"},{\"@type\":\"ImageObject\",\"@id\":\"https:\/\/arteeluoghi.it\/index.php\/2015\/04\/24\/quattro-numeri-due-colori-per-presentare-vite-d-artista\/#primaryimage\",\"inLanguage\":\"it-IT\",\"url\":\"\/images\/foto2015\/ercolepignatelli.jpg\",\"contentUrl\":\"\/images\/foto2015\/ercolepignatelli.jpg\"},{\"@type\":\"WebPage\",\"@id\":\"https:\/\/arteeluoghi.it\/index.php\/2015\/04\/24\/quattro-numeri-due-colori-per-presentare-vite-d-artista\/#webpage\",\"url\":\"https:\/\/arteeluoghi.it\/index.php\/2015\/04\/24\/quattro-numeri-due-colori-per-presentare-vite-d-artista\/\",\"name\":\"Quattro numeri, due colori per presentare Vite d'artista | Arte e Luoghi\",\"isPartOf\":{\"@id\":\"https:\/\/arteeluoghi.it\/#website\"},\"primaryImageOfPage\":{\"@id\":\"https:\/\/arteeluoghi.it\/index.php\/2015\/04\/24\/quattro-numeri-due-colori-per-presentare-vite-d-artista\/#primaryimage\"},\"datePublished\":\"2015-04-24T19:28:44+00:00\",\"dateModified\":\"2018-01-04T21:45:58+00:00\",\"breadcrumb\":{\"@id\":\"https:\/\/arteeluoghi.it\/index.php\/2015\/04\/24\/quattro-numeri-due-colori-per-presentare-vite-d-artista\/#breadcrumb\"},\"inLanguage\":\"it-IT\",\"potentialAction\":[{\"@type\":\"ReadAction\",\"target\":[\"https:\/\/arteeluoghi.it\/index.php\/2015\/04\/24\/quattro-numeri-due-colori-per-presentare-vite-d-artista\/\"]}]},{\"@type\":\"BreadcrumbList\",\"@id\":\"https:\/\/arteeluoghi.it\/index.php\/2015\/04\/24\/quattro-numeri-due-colori-per-presentare-vite-d-artista\/#breadcrumb\",\"itemListElement\":[{\"@type\":\"ListItem\",\"position\":1,\"name\":\"Home\",\"item\":\"https:\/\/arteeluoghi.it\/\"},{\"@type\":\"ListItem\",\"position\":2,\"name\":\"Quattro numeri, due colori per presentare Vite d&#8217;artista\"}]},{\"@type\":\"Article\",\"@id\":\"https:\/\/arteeluoghi.it\/index.php\/2015\/04\/24\/quattro-numeri-due-colori-per-presentare-vite-d-artista\/#article\",\"isPartOf\":{\"@id\":\"https:\/\/arteeluoghi.it\/index.php\/2015\/04\/24\/quattro-numeri-due-colori-per-presentare-vite-d-artista\/#webpage\"},\"author\":{\"@id\":\"https:\/\/arteeluoghi.it\/#\/schema\/person\/f84e814e36e91e01448ee07eaadd41d4\"},\"headline\":\"Quattro numeri, due colori per presentare Vite d&#8217;artista\",\"datePublished\":\"2015-04-24T19:28:44+00:00\",\"dateModified\":\"2018-01-04T21:45:58+00:00\",\"mainEntityOfPage\":{\"@id\":\"https:\/\/arteeluoghi.it\/index.php\/2015\/04\/24\/quattro-numeri-due-colori-per-presentare-vite-d-artista\/#webpage\"},\"wordCount\":528,\"commentCount\":0,\"publisher\":{\"@id\":\"https:\/\/arteeluoghi.it\/#organization\"},\"image\":{\"@id\":\"https:\/\/arteeluoghi.it\/index.php\/2015\/04\/24\/quattro-numeri-due-colori-per-presentare-vite-d-artista\/#primaryimage\"},\"thumbnailUrl\":\"\/images\/foto2015\/ercolepignatelli.jpg\",\"articleSection\":[\"Notizie\"],\"inLanguage\":\"it-IT\",\"potentialAction\":[{\"@type\":\"CommentAction\",\"name\":\"Comment\",\"target\":[\"https:\/\/arteeluoghi.it\/index.php\/2015\/04\/24\/quattro-numeri-due-colori-per-presentare-vite-d-artista\/#respond\"]}]},{\"@type\":\"Person\",\"@id\":\"https:\/\/arteeluoghi.it\/#\/schema\/person\/f84e814e36e91e01448ee07eaadd41d4\",\"name\":\"Staff\",\"image\":{\"@type\":\"ImageObject\",\"@id\":\"https:\/\/arteeluoghi.it\/#personlogo\",\"inLanguage\":\"it-IT\",\"url\":\"https:\/\/secure.gravatar.com\/avatar\/49d2f9e46271bb04e19cebfaf141313a?s=96&d=blank&r=g\",\"contentUrl\":\"https:\/\/secure.gravatar.com\/avatar\/49d2f9e46271bb04e19cebfaf141313a?s=96&d=blank&r=g\",\"caption\":\"Staff\"}}]}<\/script>\n<!-- \/ Yoast SEO plugin. -->","yoast_head_json":{"title":"Quattro numeri, due colori per presentare Vite d'artista | Arte e Luoghi","robots":{"index":"index","follow":"follow","max-snippet":"max-snippet:-1","max-image-preview":"max-image-preview:large","max-video-preview":"max-video-preview:-1"},"canonical":"https:\/\/arteeluoghi.it\/index.php\/2015\/04\/24\/quattro-numeri-due-colori-per-presentare-vite-d-artista\/","og_locale":"it_IT","og_type":"article","og_title":"Quattro numeri, due colori per presentare Vite d'artista | Arte e Luoghi","og_description":"Evento nelle cantine Moros di Claudio Quarta, marted\u00ec 28 aprile 2015 80 20 10 1 Blu Rosso Tributo a Ercole","og_url":"https:\/\/arteeluoghi.it\/index.php\/2015\/04\/24\/quattro-numeri-due-colori-per-presentare-vite-d-artista\/","og_site_name":"Arte e Luoghi","article_publisher":"https:\/\/www.facebook.com\/ArteELuoghi\/","article_published_time":"2015-04-24T19:28:44+00:00","article_modified_time":"2018-01-04T21:45:58+00:00","og_image":[{"url":"https:\/\/arteeluoghi.it\/images\/foto2015\/ercolepignatelli.jpg"}],"twitter_card":"summary","twitter_creator":"@arteeluoghi","twitter_site":"@arteeluoghi","twitter_misc":{"Scritto da":"Staff","Tempo di lettura stimato":"3 minuti"},"schema":{"@context":"https:\/\/schema.org","@graph":[{"@type":"Organization","@id":"https:\/\/arteeluoghi.it\/#organization","name":"Arte e Luoghi","url":"https:\/\/arteeluoghi.it\/","sameAs":["https:\/\/www.facebook.com\/ArteELuoghi\/","https:\/\/www.instagram.com\/arteeluoghi\/?hl=it","https:\/\/www.youtube.com\/channel\/UCuRVc4JW4-C5sg9rQB-srkw?view_as=subscriber","https:\/\/twitter.com\/arteeluoghi"],"logo":{"@type":"ImageObject","@id":"https:\/\/arteeluoghi.it\/#logo","inLanguage":"it-IT","url":"https:\/\/arteeluoghi.it\/wp-content\/uploads\/2018\/08\/logoinstagramarte.jpg","contentUrl":"https:\/\/arteeluoghi.it\/wp-content\/uploads\/2018\/08\/logoinstagramarte.jpg","width":150,"height":150,"caption":"Arte e Luoghi"},"image":{"@id":"https:\/\/arteeluoghi.it\/#logo"}},{"@type":"WebSite","@id":"https:\/\/arteeluoghi.it\/#website","url":"https:\/\/arteeluoghi.it\/","name":"Arte e Luoghi","description":"Mensile di arte, cultura, turismo e curiosit\u00e0","publisher":{"@id":"https:\/\/arteeluoghi.it\/#organization"},"potentialAction":[{"@type":"SearchAction","target":{"@type":"EntryPoint","urlTemplate":"https:\/\/arteeluoghi.it\/?s={search_term_string}"},"query-input":"required name=search_term_string"}],"inLanguage":"it-IT"},{"@type":"ImageObject","@id":"https:\/\/arteeluoghi.it\/index.php\/2015\/04\/24\/quattro-numeri-due-colori-per-presentare-vite-d-artista\/#primaryimage","inLanguage":"it-IT","url":"\/images\/foto2015\/ercolepignatelli.jpg","contentUrl":"\/images\/foto2015\/ercolepignatelli.jpg"},{"@type":"WebPage","@id":"https:\/\/arteeluoghi.it\/index.php\/2015\/04\/24\/quattro-numeri-due-colori-per-presentare-vite-d-artista\/#webpage","url":"https:\/\/arteeluoghi.it\/index.php\/2015\/04\/24\/quattro-numeri-due-colori-per-presentare-vite-d-artista\/","name":"Quattro numeri, due colori per presentare Vite d'artista | Arte e Luoghi","isPartOf":{"@id":"https:\/\/arteeluoghi.it\/#website"},"primaryImageOfPage":{"@id":"https:\/\/arteeluoghi.it\/index.php\/2015\/04\/24\/quattro-numeri-due-colori-per-presentare-vite-d-artista\/#primaryimage"},"datePublished":"2015-04-24T19:28:44+00:00","dateModified":"2018-01-04T21:45:58+00:00","breadcrumb":{"@id":"https:\/\/arteeluoghi.it\/index.php\/2015\/04\/24\/quattro-numeri-due-colori-per-presentare-vite-d-artista\/#breadcrumb"},"inLanguage":"it-IT","potentialAction":[{"@type":"ReadAction","target":["https:\/\/arteeluoghi.it\/index.php\/2015\/04\/24\/quattro-numeri-due-colori-per-presentare-vite-d-artista\/"]}]},{"@type":"BreadcrumbList","@id":"https:\/\/arteeluoghi.it\/index.php\/2015\/04\/24\/quattro-numeri-due-colori-per-presentare-vite-d-artista\/#breadcrumb","itemListElement":[{"@type":"ListItem","position":1,"name":"Home","item":"https:\/\/arteeluoghi.it\/"},{"@type":"ListItem","position":2,"name":"Quattro numeri, due colori per presentare Vite d&#8217;artista"}]},{"@type":"Article","@id":"https:\/\/arteeluoghi.it\/index.php\/2015\/04\/24\/quattro-numeri-due-colori-per-presentare-vite-d-artista\/#article","isPartOf":{"@id":"https:\/\/arteeluoghi.it\/index.php\/2015\/04\/24\/quattro-numeri-due-colori-per-presentare-vite-d-artista\/#webpage"},"author":{"@id":"https:\/\/arteeluoghi.it\/#\/schema\/person\/f84e814e36e91e01448ee07eaadd41d4"},"headline":"Quattro numeri, due colori per presentare Vite d&#8217;artista","datePublished":"2015-04-24T19:28:44+00:00","dateModified":"2018-01-04T21:45:58+00:00","mainEntityOfPage":{"@id":"https:\/\/arteeluoghi.it\/index.php\/2015\/04\/24\/quattro-numeri-due-colori-per-presentare-vite-d-artista\/#webpage"},"wordCount":528,"commentCount":0,"publisher":{"@id":"https:\/\/arteeluoghi.it\/#organization"},"image":{"@id":"https:\/\/arteeluoghi.it\/index.php\/2015\/04\/24\/quattro-numeri-due-colori-per-presentare-vite-d-artista\/#primaryimage"},"thumbnailUrl":"\/images\/foto2015\/ercolepignatelli.jpg","articleSection":["Notizie"],"inLanguage":"it-IT","potentialAction":[{"@type":"CommentAction","name":"Comment","target":["https:\/\/arteeluoghi.it\/index.php\/2015\/04\/24\/quattro-numeri-due-colori-per-presentare-vite-d-artista\/#respond"]}]},{"@type":"Person","@id":"https:\/\/arteeluoghi.it\/#\/schema\/person\/f84e814e36e91e01448ee07eaadd41d4","name":"Staff","image":{"@type":"ImageObject","@id":"https:\/\/arteeluoghi.it\/#personlogo","inLanguage":"it-IT","url":"https:\/\/secure.gravatar.com\/avatar\/49d2f9e46271bb04e19cebfaf141313a?s=96&d=blank&r=g","contentUrl":"https:\/\/secure.gravatar.com\/avatar\/49d2f9e46271bb04e19cebfaf141313a?s=96&d=blank&r=g","caption":"Staff"}}]}},"_links":{"self":[{"href":"https:\/\/arteeluoghi.it\/index.php\/wp-json\/wp\/v2\/posts\/2167"}],"collection":[{"href":"https:\/\/arteeluoghi.it\/index.php\/wp-json\/wp\/v2\/posts"}],"about":[{"href":"https:\/\/arteeluoghi.it\/index.php\/wp-json\/wp\/v2\/types\/post"}],"author":[{"embeddable":true,"href":"https:\/\/arteeluoghi.it\/index.php\/wp-json\/wp\/v2\/users\/1"}],"replies":[{"embeddable":true,"href":"https:\/\/arteeluoghi.it\/index.php\/wp-json\/wp\/v2\/comments?post=2167"}],"version-history":[{"count":1,"href":"https:\/\/arteeluoghi.it\/index.php\/wp-json\/wp\/v2\/posts\/2167\/revisions"}],"predecessor-version":[{"id":4639,"href":"https:\/\/arteeluoghi.it\/index.php\/wp-json\/wp\/v2\/posts\/2167\/revisions\/4639"}],"wp:attachment":[{"href":"https:\/\/arteeluoghi.it\/index.php\/wp-json\/wp\/v2\/media?parent=2167"}],"wp:term":[{"taxonomy":"category","embeddable":true,"href":"https:\/\/arteeluoghi.it\/index.php\/wp-json\/wp\/v2\/categories?post=2167"},{"taxonomy":"post_tag","embeddable":true,"href":"https:\/\/arteeluoghi.it\/index.php\/wp-json\/wp\/v2\/tags?post=2167"}],"curies":[{"name":"wp","href":"https:\/\/api.w.org\/{rel}","templated":true}]}}