{"id":2171,"date":"2015-04-25T20:13:21","date_gmt":"2015-04-25T18:13:21","guid":{"rendered":"http:\/\/arteeluoghi.it\/index.php\/2015\/04\/25\/al-museo-novecento\/"},"modified":"2015-04-25T20:13:21","modified_gmt":"2015-04-25T18:13:21","slug":"al-museo-novecento","status":"publish","type":"post","link":"https:\/\/arteeluoghi.it\/index.php\/2015\/04\/25\/al-museo-novecento\/","title":{"rendered":"Al Museo Novecento"},"content":{"rendered":"<p class=\"p1\"><strong>\u00a0<\/strong><\/p>\n<p class=\"p1\"><strong><img src=\"\/images\/museonovecento.jpg\" border=\"0\" title=\"Museo Novecento, Firenze\" width=\"300\" style=\"margin: 21px; float: left;\" \/>25 aprile, Museo Novecento partecipa alle\u00a0celebrazioni per il 70\u00b0 anniversario della Liberazione nazionale<\/strong><\/p>\n<p class=\"p1\"><em>\u00a0<\/em><\/p>\n<p class=\"p1\"><em>l\u2019inaugurazione dell\u2019installazione di Alberto Garutti\u00a0in piazza Santa Maria Novella con Luca Lotti<\/em><\/p>\n<p class=\"p1\">Due giorni ricchi di\u00a0iniziative per celebrare il 70\u00b0 anniversario della Liberazione nazionale organizzate dal Comune di Firenze e dalla presidenza del Consiglio dei Ministri \u2013 Struttura di Missione per gli anniversari di interesse nazionale.<\/p>\n<p class=\"p1\">Dopo le iniziative di venerd\u00ec, sabato 25 aprile, per l\u2019anniversario delle celebrazioni verr\u00e0 inaugurata in piazza Santa Maria Novella un\u2019installazione permanente site-specific dell\u2019artista\u00a0<strong>Alberto Garutti<\/strong>. L\u2019inaugurazione, prevista per le\u00a0<strong>ore 13<\/strong>\u00a0alla presenza del sottosegretario\u00a0<strong>Luca Lotti<\/strong>, sar\u00e0 accompagnata da una performance commemorativa ideata per l\u2019occasione dallo stesso artista.<\/p>\n<p>  <!--more-->  <\/p>\n<p class=\"p1\">\u00a0<\/p>\n<p class=\"p1\">L\u2019opera, collocata di fronte al Museo Novecento, \u00e8 costituita da una lastra di pietra serena della dimensione di 100 cm per 95 cm incastonata nel lastrico solare di piazza Santa Maria Novella, che reca l\u2019iscrizione \u2018<em>Tutti i passi che ho fatto nella mia vita mi hanno portato qui, ora<\/em>\u2019. L\u2019opera, resa possibile grazie alla presidenza del Consiglio dei Ministri, \u00e8 rivolta verso il loggiato delle Leopoldine ed \u00e8 pensata in dialogo con la lapide commemorativa che l\u00ec venne collocata in memoria del coraggio delle centinaia di detenuti politici che furono deportati nei campi di concentramento nel marzo 1944. L\u2019installazione \u00e8 pensata come un invito alla riflessione e al ricordo.<\/p>\n<p class=\"p1\">Per il settantesimo anniversario, l\u2019artista Alberto Garutti ha previsto anche la realizzazione di una performance sul tema del coraggio, con la partecipazione degli\u00a0 studenti dell\u2019Accademia di Belle Arti e dell\u2019Universit\u00e0 di Firenze, che coinvolger\u00e0, oltre al pubblico e alla piazza, gli esercenti dell\u2019area tramite la distribuzione di centinaia di volantini e di tovagliette dai colori della bandiera italiana, che recheranno un testo sull\u2019installazione e sul tema del coraggio.<\/p>\n<p class=\"p1\">Su indicazione dell\u2019artista la performance si ripeter\u00e0 anche nei prossimi due anni sempre in occasione del 25 aprile, come un monito a ricordare.<\/p>\n<p class=\"p1\">\u00a0<\/p>\n<p class=\"p1\"><strong>Alberto Garutti<\/strong>, artista e docente, insegna all\u2019Accademia di Brera di Milano e presso lo IUAV di Venezia.\u00a0 E&#8217; stato invitato a manifestazioni internazionali quali: la Biennale di Venezia (1990), dell&#8217;Avana (2000), di Istanbul (2001) e di Praga (2013), la\u00a0<em>Memory Marathon<\/em>\u00a0presso la Serpentine Gallery a Londra (2012). La sua ricerca di un dialogo aperto tra opera d&#8217;arte, spettatore e spazio pubblico, gli \u00e8 valsa l&#8217;invito a realizzare lavori per citt\u00e0 e musei di tutto il mondo come il Museo S.M.A.K. in Belgio (2000), il Marta Museum di Herford (2003), il 21st Century Museum of Contemporary Art di Kanazawa in Giappone (2002) e il Moscow Museum of Modern Art di Mosca (2011). In Italia ha progettato numerosi interventi nello spazio pubblico come quelli realizzati nelle citt\u00e0 di Bergamo (2000), Bolzano (2003), Trivero (2009), Roma (2009) e Milano (2010, 2011, 2012). Nel 2012, il Padiglione d&#8217;Arte Contemporanea di Milano gli ha dedicato la sua prima retrospettiva, dal titolo:\u00a0<em>Didascalia \/ Caption.<\/em><\/p>\n<p class=\"p1\"><strong>La direzione artistica del progetto \u00e8 a cura di Valentina Gensini.<\/strong><\/p>\n<p class=\"p1\">L\u2019account ufficiale delle celebrazioni della\u00a0presidenza del Consiglio dei Ministri \u00e8 @70esimo e l\u2019hashtag \u00e8 #ilcoraggiodi.\u00a0<\/p>\n<p class=\"p1\">\u00a0<\/p>\n<p class=\"p1\">(fonte: comunicato stampa)<\/p>\n","protected":false},"excerpt":{"rendered":"<p>\u00a0 25 aprile, Museo Novecento partecipa alle\u00a0celebrazioni per il 70\u00b0 anniversario della Liberazione nazionale \u00a0 l\u2019inaugurazione dell\u2019installazione di Alberto Garutti\u00a0in<\/p>\n","protected":false},"author":1,"featured_media":0,"comment_status":"open","ping_status":"open","sticky":false,"template":"","format":"standard","meta":[],"categories":[27],"tags":[],"yoast_head":"<!-- This site is optimized with the Yoast SEO plugin v18.0 - https:\/\/yoast.com\/wordpress\/plugins\/seo\/ -->\n<title>Al Museo Novecento | Arte e Luoghi<\/title>\n<meta name=\"robots\" content=\"index, follow, max-snippet:-1, max-image-preview:large, max-video-preview:-1\" \/>\n<link rel=\"canonical\" href=\"https:\/\/arteeluoghi.it\/index.php\/2015\/04\/25\/al-museo-novecento\/\" \/>\n<meta property=\"og:locale\" content=\"it_IT\" \/>\n<meta property=\"og:type\" content=\"article\" \/>\n<meta property=\"og:title\" content=\"Al Museo Novecento | Arte e Luoghi\" \/>\n<meta property=\"og:description\" content=\"\u00a0 25 aprile, Museo Novecento partecipa alle\u00a0celebrazioni per il 70\u00b0 anniversario della Liberazione nazionale \u00a0 l\u2019inaugurazione dell\u2019installazione di Alberto Garutti\u00a0in\" \/>\n<meta property=\"og:url\" content=\"https:\/\/arteeluoghi.it\/index.php\/2015\/04\/25\/al-museo-novecento\/\" \/>\n<meta property=\"og:site_name\" content=\"Arte e Luoghi\" \/>\n<meta property=\"article:publisher\" content=\"https:\/\/www.facebook.com\/ArteELuoghi\/\" \/>\n<meta property=\"article:published_time\" content=\"2015-04-25T18:13:21+00:00\" \/>\n<meta property=\"og:image\" content=\"https:\/\/arteeluoghi.it\/images\/museonovecento.jpg\" \/>\n<meta name=\"twitter:card\" content=\"summary\" \/>\n<meta name=\"twitter:creator\" content=\"@arteeluoghi\" \/>\n<meta name=\"twitter:site\" content=\"@arteeluoghi\" \/>\n<meta name=\"twitter:label1\" content=\"Scritto da\" \/>\n\t<meta name=\"twitter:data1\" content=\"Staff\" \/>\n\t<meta name=\"twitter:label2\" content=\"Tempo di lettura stimato\" \/>\n\t<meta name=\"twitter:data2\" content=\"2 minuti\" \/>\n<script type=\"application\/ld+json\" class=\"yoast-schema-graph\">{\"@context\":\"https:\/\/schema.org\",\"@graph\":[{\"@type\":\"Organization\",\"@id\":\"https:\/\/arteeluoghi.it\/#organization\",\"name\":\"Arte e Luoghi\",\"url\":\"https:\/\/arteeluoghi.it\/\",\"sameAs\":[\"https:\/\/www.facebook.com\/ArteELuoghi\/\",\"https:\/\/www.instagram.com\/arteeluoghi\/?hl=it\",\"https:\/\/www.youtube.com\/channel\/UCuRVc4JW4-C5sg9rQB-srkw?view_as=subscriber\",\"https:\/\/twitter.com\/arteeluoghi\"],\"logo\":{\"@type\":\"ImageObject\",\"@id\":\"https:\/\/arteeluoghi.it\/#logo\",\"inLanguage\":\"it-IT\",\"url\":\"https:\/\/arteeluoghi.it\/wp-content\/uploads\/2018\/08\/logoinstagramarte.jpg\",\"contentUrl\":\"https:\/\/arteeluoghi.it\/wp-content\/uploads\/2018\/08\/logoinstagramarte.jpg\",\"width\":150,\"height\":150,\"caption\":\"Arte e Luoghi\"},\"image\":{\"@id\":\"https:\/\/arteeluoghi.it\/#logo\"}},{\"@type\":\"WebSite\",\"@id\":\"https:\/\/arteeluoghi.it\/#website\",\"url\":\"https:\/\/arteeluoghi.it\/\",\"name\":\"Arte e Luoghi\",\"description\":\"Mensile di arte, cultura, turismo e curiosit\u00e0\",\"publisher\":{\"@id\":\"https:\/\/arteeluoghi.it\/#organization\"},\"potentialAction\":[{\"@type\":\"SearchAction\",\"target\":{\"@type\":\"EntryPoint\",\"urlTemplate\":\"https:\/\/arteeluoghi.it\/?s={search_term_string}\"},\"query-input\":\"required name=search_term_string\"}],\"inLanguage\":\"it-IT\"},{\"@type\":\"ImageObject\",\"@id\":\"https:\/\/arteeluoghi.it\/index.php\/2015\/04\/25\/al-museo-novecento\/#primaryimage\",\"inLanguage\":\"it-IT\",\"url\":\"\/images\/museonovecento.jpg\",\"contentUrl\":\"\/images\/museonovecento.jpg\"},{\"@type\":\"WebPage\",\"@id\":\"https:\/\/arteeluoghi.it\/index.php\/2015\/04\/25\/al-museo-novecento\/#webpage\",\"url\":\"https:\/\/arteeluoghi.it\/index.php\/2015\/04\/25\/al-museo-novecento\/\",\"name\":\"Al Museo Novecento | Arte e Luoghi\",\"isPartOf\":{\"@id\":\"https:\/\/arteeluoghi.it\/#website\"},\"primaryImageOfPage\":{\"@id\":\"https:\/\/arteeluoghi.it\/index.php\/2015\/04\/25\/al-museo-novecento\/#primaryimage\"},\"datePublished\":\"2015-04-25T18:13:21+00:00\",\"dateModified\":\"2015-04-25T18:13:21+00:00\",\"breadcrumb\":{\"@id\":\"https:\/\/arteeluoghi.it\/index.php\/2015\/04\/25\/al-museo-novecento\/#breadcrumb\"},\"inLanguage\":\"it-IT\",\"potentialAction\":[{\"@type\":\"ReadAction\",\"target\":[\"https:\/\/arteeluoghi.it\/index.php\/2015\/04\/25\/al-museo-novecento\/\"]}]},{\"@type\":\"BreadcrumbList\",\"@id\":\"https:\/\/arteeluoghi.it\/index.php\/2015\/04\/25\/al-museo-novecento\/#breadcrumb\",\"itemListElement\":[{\"@type\":\"ListItem\",\"position\":1,\"name\":\"Home\",\"item\":\"https:\/\/arteeluoghi.it\/\"},{\"@type\":\"ListItem\",\"position\":2,\"name\":\"Al Museo Novecento\"}]},{\"@type\":\"Article\",\"@id\":\"https:\/\/arteeluoghi.it\/index.php\/2015\/04\/25\/al-museo-novecento\/#article\",\"isPartOf\":{\"@id\":\"https:\/\/arteeluoghi.it\/index.php\/2015\/04\/25\/al-museo-novecento\/#webpage\"},\"author\":{\"@id\":\"https:\/\/arteeluoghi.it\/#\/schema\/person\/f84e814e36e91e01448ee07eaadd41d4\"},\"headline\":\"Al Museo Novecento\",\"datePublished\":\"2015-04-25T18:13:21+00:00\",\"dateModified\":\"2015-04-25T18:13:21+00:00\",\"mainEntityOfPage\":{\"@id\":\"https:\/\/arteeluoghi.it\/index.php\/2015\/04\/25\/al-museo-novecento\/#webpage\"},\"wordCount\":491,\"commentCount\":0,\"publisher\":{\"@id\":\"https:\/\/arteeluoghi.it\/#organization\"},\"image\":{\"@id\":\"https:\/\/arteeluoghi.it\/index.php\/2015\/04\/25\/al-museo-novecento\/#primaryimage\"},\"thumbnailUrl\":\"\/images\/museonovecento.jpg\",\"articleSection\":[\"Arte\"],\"inLanguage\":\"it-IT\",\"potentialAction\":[{\"@type\":\"CommentAction\",\"name\":\"Comment\",\"target\":[\"https:\/\/arteeluoghi.it\/index.php\/2015\/04\/25\/al-museo-novecento\/#respond\"]}]},{\"@type\":\"Person\",\"@id\":\"https:\/\/arteeluoghi.it\/#\/schema\/person\/f84e814e36e91e01448ee07eaadd41d4\",\"name\":\"Staff\",\"image\":{\"@type\":\"ImageObject\",\"@id\":\"https:\/\/arteeluoghi.it\/#personlogo\",\"inLanguage\":\"it-IT\",\"url\":\"https:\/\/secure.gravatar.com\/avatar\/49d2f9e46271bb04e19cebfaf141313a?s=96&d=blank&r=g\",\"contentUrl\":\"https:\/\/secure.gravatar.com\/avatar\/49d2f9e46271bb04e19cebfaf141313a?s=96&d=blank&r=g\",\"caption\":\"Staff\"}}]}<\/script>\n<!-- \/ Yoast SEO plugin. -->","yoast_head_json":{"title":"Al Museo Novecento | Arte e Luoghi","robots":{"index":"index","follow":"follow","max-snippet":"max-snippet:-1","max-image-preview":"max-image-preview:large","max-video-preview":"max-video-preview:-1"},"canonical":"https:\/\/arteeluoghi.it\/index.php\/2015\/04\/25\/al-museo-novecento\/","og_locale":"it_IT","og_type":"article","og_title":"Al Museo Novecento | Arte e Luoghi","og_description":"\u00a0 25 aprile, Museo Novecento partecipa alle\u00a0celebrazioni per il 70\u00b0 anniversario della Liberazione nazionale \u00a0 l\u2019inaugurazione dell\u2019installazione di Alberto Garutti\u00a0in","og_url":"https:\/\/arteeluoghi.it\/index.php\/2015\/04\/25\/al-museo-novecento\/","og_site_name":"Arte e Luoghi","article_publisher":"https:\/\/www.facebook.com\/ArteELuoghi\/","article_published_time":"2015-04-25T18:13:21+00:00","og_image":[{"url":"https:\/\/arteeluoghi.it\/images\/museonovecento.jpg"}],"twitter_card":"summary","twitter_creator":"@arteeluoghi","twitter_site":"@arteeluoghi","twitter_misc":{"Scritto da":"Staff","Tempo di lettura stimato":"2 minuti"},"schema":{"@context":"https:\/\/schema.org","@graph":[{"@type":"Organization","@id":"https:\/\/arteeluoghi.it\/#organization","name":"Arte e Luoghi","url":"https:\/\/arteeluoghi.it\/","sameAs":["https:\/\/www.facebook.com\/ArteELuoghi\/","https:\/\/www.instagram.com\/arteeluoghi\/?hl=it","https:\/\/www.youtube.com\/channel\/UCuRVc4JW4-C5sg9rQB-srkw?view_as=subscriber","https:\/\/twitter.com\/arteeluoghi"],"logo":{"@type":"ImageObject","@id":"https:\/\/arteeluoghi.it\/#logo","inLanguage":"it-IT","url":"https:\/\/arteeluoghi.it\/wp-content\/uploads\/2018\/08\/logoinstagramarte.jpg","contentUrl":"https:\/\/arteeluoghi.it\/wp-content\/uploads\/2018\/08\/logoinstagramarte.jpg","width":150,"height":150,"caption":"Arte e Luoghi"},"image":{"@id":"https:\/\/arteeluoghi.it\/#logo"}},{"@type":"WebSite","@id":"https:\/\/arteeluoghi.it\/#website","url":"https:\/\/arteeluoghi.it\/","name":"Arte e Luoghi","description":"Mensile di arte, cultura, turismo e curiosit\u00e0","publisher":{"@id":"https:\/\/arteeluoghi.it\/#organization"},"potentialAction":[{"@type":"SearchAction","target":{"@type":"EntryPoint","urlTemplate":"https:\/\/arteeluoghi.it\/?s={search_term_string}"},"query-input":"required name=search_term_string"}],"inLanguage":"it-IT"},{"@type":"ImageObject","@id":"https:\/\/arteeluoghi.it\/index.php\/2015\/04\/25\/al-museo-novecento\/#primaryimage","inLanguage":"it-IT","url":"\/images\/museonovecento.jpg","contentUrl":"\/images\/museonovecento.jpg"},{"@type":"WebPage","@id":"https:\/\/arteeluoghi.it\/index.php\/2015\/04\/25\/al-museo-novecento\/#webpage","url":"https:\/\/arteeluoghi.it\/index.php\/2015\/04\/25\/al-museo-novecento\/","name":"Al Museo Novecento | Arte e Luoghi","isPartOf":{"@id":"https:\/\/arteeluoghi.it\/#website"},"primaryImageOfPage":{"@id":"https:\/\/arteeluoghi.it\/index.php\/2015\/04\/25\/al-museo-novecento\/#primaryimage"},"datePublished":"2015-04-25T18:13:21+00:00","dateModified":"2015-04-25T18:13:21+00:00","breadcrumb":{"@id":"https:\/\/arteeluoghi.it\/index.php\/2015\/04\/25\/al-museo-novecento\/#breadcrumb"},"inLanguage":"it-IT","potentialAction":[{"@type":"ReadAction","target":["https:\/\/arteeluoghi.it\/index.php\/2015\/04\/25\/al-museo-novecento\/"]}]},{"@type":"BreadcrumbList","@id":"https:\/\/arteeluoghi.it\/index.php\/2015\/04\/25\/al-museo-novecento\/#breadcrumb","itemListElement":[{"@type":"ListItem","position":1,"name":"Home","item":"https:\/\/arteeluoghi.it\/"},{"@type":"ListItem","position":2,"name":"Al Museo Novecento"}]},{"@type":"Article","@id":"https:\/\/arteeluoghi.it\/index.php\/2015\/04\/25\/al-museo-novecento\/#article","isPartOf":{"@id":"https:\/\/arteeluoghi.it\/index.php\/2015\/04\/25\/al-museo-novecento\/#webpage"},"author":{"@id":"https:\/\/arteeluoghi.it\/#\/schema\/person\/f84e814e36e91e01448ee07eaadd41d4"},"headline":"Al Museo Novecento","datePublished":"2015-04-25T18:13:21+00:00","dateModified":"2015-04-25T18:13:21+00:00","mainEntityOfPage":{"@id":"https:\/\/arteeluoghi.it\/index.php\/2015\/04\/25\/al-museo-novecento\/#webpage"},"wordCount":491,"commentCount":0,"publisher":{"@id":"https:\/\/arteeluoghi.it\/#organization"},"image":{"@id":"https:\/\/arteeluoghi.it\/index.php\/2015\/04\/25\/al-museo-novecento\/#primaryimage"},"thumbnailUrl":"\/images\/museonovecento.jpg","articleSection":["Arte"],"inLanguage":"it-IT","potentialAction":[{"@type":"CommentAction","name":"Comment","target":["https:\/\/arteeluoghi.it\/index.php\/2015\/04\/25\/al-museo-novecento\/#respond"]}]},{"@type":"Person","@id":"https:\/\/arteeluoghi.it\/#\/schema\/person\/f84e814e36e91e01448ee07eaadd41d4","name":"Staff","image":{"@type":"ImageObject","@id":"https:\/\/arteeluoghi.it\/#personlogo","inLanguage":"it-IT","url":"https:\/\/secure.gravatar.com\/avatar\/49d2f9e46271bb04e19cebfaf141313a?s=96&d=blank&r=g","contentUrl":"https:\/\/secure.gravatar.com\/avatar\/49d2f9e46271bb04e19cebfaf141313a?s=96&d=blank&r=g","caption":"Staff"}}]}},"_links":{"self":[{"href":"https:\/\/arteeluoghi.it\/index.php\/wp-json\/wp\/v2\/posts\/2171"}],"collection":[{"href":"https:\/\/arteeluoghi.it\/index.php\/wp-json\/wp\/v2\/posts"}],"about":[{"href":"https:\/\/arteeluoghi.it\/index.php\/wp-json\/wp\/v2\/types\/post"}],"author":[{"embeddable":true,"href":"https:\/\/arteeluoghi.it\/index.php\/wp-json\/wp\/v2\/users\/1"}],"replies":[{"embeddable":true,"href":"https:\/\/arteeluoghi.it\/index.php\/wp-json\/wp\/v2\/comments?post=2171"}],"version-history":[{"count":0,"href":"https:\/\/arteeluoghi.it\/index.php\/wp-json\/wp\/v2\/posts\/2171\/revisions"}],"wp:attachment":[{"href":"https:\/\/arteeluoghi.it\/index.php\/wp-json\/wp\/v2\/media?parent=2171"}],"wp:term":[{"taxonomy":"category","embeddable":true,"href":"https:\/\/arteeluoghi.it\/index.php\/wp-json\/wp\/v2\/categories?post=2171"},{"taxonomy":"post_tag","embeddable":true,"href":"https:\/\/arteeluoghi.it\/index.php\/wp-json\/wp\/v2\/tags?post=2171"}],"curies":[{"name":"wp","href":"https:\/\/api.w.org\/{rel}","templated":true}]}}