{"id":2222,"date":"2015-07-01T11:39:20","date_gmt":"2015-07-01T09:39:20","guid":{"rendered":"http:\/\/arteeluoghi.it\/index.php\/2015\/07\/01\/addio-tonino\/"},"modified":"2015-07-01T11:39:20","modified_gmt":"2015-07-01T09:39:20","slug":"addio-tonino","status":"publish","type":"post","link":"https:\/\/arteeluoghi.it\/index.php\/2015\/07\/01\/addio-tonino\/","title":{"rendered":"Addio Tonino"},"content":{"rendered":"<p><strong><img src=\"\/images\/toninocassiano.jpg\" border=\"0\" title=\"Il prof. Tonino Cassiano insieme a Simona Manca durante una conferenza stampa (immagini d'archivio) \" width=\"300\" style=\"margin: 21px; float: left;\" \/><\/strong><\/p>\n<p><strong>\u00a0<\/strong><\/p>\n<p><strong>Addio Tonino Cassiano<\/strong><\/p>\n<p>Grave lutto per la\u00a0 Cultura salentina. Si \u00e8 spento Antonio Cassiano storico dell&#8217;arte e intellettuale di grande impegno e valore, dal 1994 al 2012 direttore del Museo Provinciale &#8220;Sigismondo Castromediano&#8221; di Lecce, direttore del Museo della Civilt\u00e0 Bizantina di Santa Maria di Cerrate e dirigente del Servizio Attivit\u00e0 Culturali e Sistemi Museali della Provincia di Lecce.<\/p>\n<p>Dopo aver conseguito la laurea in Lettere moderne all\u2019Universit\u00e0 del Salento si era specializzato in Storia dell\u2019arte all\u2019Universit\u00e0 di Urbino aveva maturato esperienze professionali di altissimo livello chiamato a ricoprire incarichi da dirigente parallelamente all&#8217;attivit\u00e0 di docenza nell&#8217;Universit\u00e0 del Salento dove ha insegnato\u00a0 Storia dell\u2019Arte Medievale in Puglia e Museologia presso la Scuola di Specializzazione in Archeologia Classica e Medievale \u201cDinu Adamesteanu\u201d.<\/p>\n<p>  <!--more-->  <\/p>\n<p>Tra le sue attivit\u00e0 si segnalano l&#8217;organizzazione di convegni, allestimenti museali, mostre. E&#8217; stato, inoltre, autore di numerose e apprezzate pubblicazioni. Per il Museo Provinciale ha curato gli allestimenti di numerose mostre: \u201cII Barocco a Lecce e nel Salento\u201d; \u201cScultura dell&#8217;et\u00e0 barocca tra Terra d&#8217;Otranto, Napoli e La Spagna\u201d; \u201cEchi caravaggeschi in Puglia\u201d; \u201cArte in terra d&#8217;Otranto tra Ottocento e Novecento\u201d, e le mostre monografiche dedicate a Suppressa, Delle Site e Gioacchino Toma.<\/p>\n<p>\u201cCuore e mente. Tonino era questo. I suoi modi cortesi da autentico gentleman d\u2019altri tempi, la sua profonda umanit\u00e0, l\u2019assenza di presunzione, il suo sapere sorprendente, la sua insaziabile fame di conoscenza, lo rendevano un grande professionista e una persona unica\u201d, lo ricorda <strong>Simona Manca<\/strong>, consigliera provinciale con delega alla Cultura. \u201cCi mancheranno le sue idee, la sua simpatia, la sua forza, il suo spirito, il suo talento. Il suo ricordo non sar\u00e0 una scatola vuota ed effimera, ma un\u2019eredit\u00e0 di storie, valori, conoscenze da custodire e diffondere\u201d. \u201cCon lui se ne va un altro punto di riferimento insostituibile per tutto il mondo della cultura salentina e non solo. Un fuoriclasse\u201d.<\/p>\n<p>Davvero tantissimi i messaggi di cordoglio alla notizia della sua scomparsa. Il presidente della Fondazione &#8220;La notte della Taranta&#8221; Massimo Manera\u00a0 ricorda: \u201cCon la sua instancabile attivit\u00e0 e la direzione del museo Sigismondo Castromediano, Tonino Cassiano ha rappresentato la tradizione artistica della nostra terra e contestualmente \u00e8 stato propositore di nuove tendenze e nuove visioni culturali. Tonino ha sostenuto sin da subito l\u2019opera della fondazione \u201cLa notte della Taranta\u201d che oggi gli \u00e8 profondamente grata soprattutto per l\u2019insostituibile contributo dato alla sua nascita\u201d<\/p>\n<p>Condividiamo le parole che ha espresso Roberta Lomonaco, capo ufficio stampa della Provincia di Lecce:&#8221;Chi ha conosciuto Tonino Cassiano, chi si \u00e8 nutrito delle sue sconfinate conoscenze, chi ha respirato la sua cordialit\u00e0 e l\u2019umilt\u00e0 propria dei grandi, oggi piange la scomparsa di una persona straordinaria, che ha lasciato segni indelebili e profondi. Vulcanico, sempre con l\u2019idea giusta, spiazzante nella sua distrazione da artista, competente al cubo, instancabile, affabulatore d\u2019altri tempi, portatore sano di rare doti umane. Lavorare con lui per tanti anni e conoscerlo \u00e8 stato per me un prezioso privilegio&#8221;.<\/p>\n<p>La camera ardente sar\u00e0 allestita nella chiesa di San Giovanni Evangelista, presso il monastero delle Benedettine di Lecce, a partire dalla giornata di oggi. La cerimonia funebre sar\u00e0 celebrata domani, gioved\u00ec 2 luglio, alle ore 16.30.<\/p>\n<p>red. Arte e Luoghi<\/p>\n<hr \/>\n<p>\u00a0<\/p>\n<p><strong>Antonio Cassiano<\/strong><\/p>\n<p>Antonio Cassiano nasce a Talsano (Ta) il 9 luglio 1945, frequenta il liceo &#8220;Archita&#8221; a Taranto e, in quegli anni, per merito del metodo adottato dal suo professore di Storia dell&#8217;Arte, si appassiona alla disciplina, che approfondir\u00e0 durante gli studi universitari frequentando i corsi di Paola Barocchi e Maria Luisa Ferrari presso l&#8217;Universit\u00e0 di Lecce. Si laurea in lettere Moderne nel 1974, presso l&#8217;Ateneo leccese, con voti 110\/110 e lode, discutendo una tesi su Vincenzo Ciardo, avendo come relatrice Maria Luisa Ferrari. Subito dopo si iscrive al Perfezionamento in Storia dell&#8217;Arte presso l&#8217;Universit\u00e0 di Urbino, conseguendone il titolo con il massimo dei voti (70\/70). <br \/>Nel 1974 vince una borsa in catalogazione dei beni culturali, bandita dalle Universit\u00e0 di Napoli e Salerno, e partecipa al concorso di ammissione ai corsi di perfezionamento (classe Scienze Umane, Storia dell&#8217;Arte) della Scuola Normale Superiore di Pisa, conseguendo l&#8217;idoneit\u00e0. Sempre nello stesso anno vince una borsa di studio presso la fondazione &#8220;Roberto Longhi&#8221; a Firenze, alla quale rinuncia per assumere il ruolo di ispettore Storico dell&#8217;Arte presso il Museo Provinciale &#8220;Sigismondo Castromediano&#8221; di Lecce, il primo novembre del 1975, dopo aver superato il relativo concorso. Nel 1987 viene chiamato dal Formez di Matera a impartire lezioni di Storia dell&#8217;Arte, presso le sedi della Soprintendenza di Matera, nell&#8217;ambito di un corso di formazione professionale per storici dell&#8217;arte e direttori di Museo. Al 1989 risale la nomina a Direttore del centro di Studi sul barocco, appena costituito a Lecce con la Presidenza di Marcello Fagiolo e il coordinamento di Vincenzo Cazzato. <br \/>Dal 1994 al 2012 \u00e8 direttore del Museo Provinciale Castromediano di Lecce, Direttore del Museo della civilt\u00e0 bizantina di Santa Maria di Cerrate, Dirigente del Servizio Attivit\u00e0 culturali e Sistemi Museali della Provincia di Lecce. <br \/>Dal primo ottobre del 1995 \u00e8 docente di Museologia presso la Scuola di Specializzazione in Archeologia classica e Medievale &#8220;Dinu Adamesteanu&#8221; dell&#8217;Universit\u00e0 degli Studi del Salento, mentre dal 1995 al 2012 tiene corsi di Storia dell&#8217;Arte Medievale in Puglia presso la facolt\u00e0 di beni culturali. <br \/>Dopo aver svolto dapprima il ruolo di Segretario generale (2002) e poi quello di Vicepresidente (2005), nel 2008 \u00e8 eletto Presidente del centro di Studi Salentini. <br \/>Il primo agosto 2012 conclude il percorso di Direttore del Museo e Dirigente della Provincia e, per le sue competenze specialistiche, \u00e8 nominato nel consiglio di Amministrazione dell&#8217;Accademia di Belle Arti di Lecce e nel consiglio d&#8217;indirizzo presso la fondazione Cassa di risparmio di Puglia. <br \/>Tra le sue attivit\u00e0 si segnalano allestimenti museali, organizzazione di convegni, di Mostre e pubblicazioni. Lungimiranza e intelligenza sono le migliori qualit\u00e0 impiegate nell&#8217;allestimento di musei, come il Museo delle Tradizioni Popolari di Santa Maria di Cerrate (1976); la Pinacoteca del &#8220;Castromediano&#8221; (1979), che acquista un suo spazio autonomo nella nuova sede dell&#8217;ex collegio Argento, riadattata dal restauro di Franco Minissi; il Museo civico di San Cesario di Lecce (1980), nell&#8217;attico del Palazzo Ducale dopo un significativo restauro dell&#8217;architetto Roberto Bozza. Intuendo il valore storico-artistico degli affreschi scialbati che ricoprivano le superfici parietali della chiesetta di S. Giovanni Evangelista, Tonino Cassiano convince il Sindaco di San Cesario a intraprenderne il restauro, promettendo il sostegno del Museo Provinciale e quello della Soprintendenza pugliese. Il restauro recuperer\u00e0 e render\u00e0 leggibile un ciclo di affreschi, che arricchisce le conoscenze sul periodo bizantino nel Salento. <br \/>Nel 1981 Tonino Cassiano organizza due convegni:uno di livello internazionale, in collaborazione con ICOM e l&#8217;altro su La pietra: interventi, conservazione, restauro. Avendo acquisito una consolidata e straordinaria capacit\u00e0 organizzativa, allestisce una sala del &#8220;Castromediano&#8221; dedicandola agli &#8220;Artisti salentini contemporanei&#8221;(1985) e organizza un altro importante convegno: Santa Croce a Lecce: storia e restauri (1989). Nasce poi, con Marcello Fagiolo e Vincenzo Cazzato, l&#8217;idea di una collaborazione con l&#8217;istituto Poligrafico e Zecca dello Stato (Santa Croce e le stelle del barocco), che porter\u00e0 alla produzione di sette opere medaglistiche raffiguranti altrettante perle del barocco salentino (1990). <br \/>Rimarr\u00e0 nella memoria come insolito ma non raro esperimento il primo Corso di studi sul Barocco, dedicato al restauro (3-7 maggio 1993) e frequentato da studenti e da giovani architetti che, in seguito, lo incoraggeranno a organizzare almeno cinque Seminari all&#8217;anno sulle tecniche artistiche e il restauro, in collaborazione con l&#8217;Istituto centrale del restauro, l&#8217;opificio delle Pietre Dure, la Soprintendenza per i beni AAAS di Puglia, l&#8217;Universit\u00e0 degli Studi di Lecce, con l&#8217;obiettivo di mettere a confronto differenti metodologie. Nel nuovo millennio, ragionando da vero connoisseur, rincorre le opere, dall&#8217;arte classica al Medioevo e fino al presente, per collocarle nel significato e nel contesto culturale del loro tempo. A questa idea rispondono gli allestimenti del Museo Diocesano di Gallipoli (2004), del Museo della radio a Tuglie (2004), del Museo Diocesano di Ugento (2005), della fondazione Museo Caroli a San Pietro in Lama e del Museo &#8220;Adolfo colosso&#8221; di Ugento (2008) e l&#8217;avvio, nel 2013, del Museo Diocesano di Nard\u00f2, ancora in corso d&#8217;opera.<\/p>\n","protected":false},"excerpt":{"rendered":"<p>\u00a0 Addio Tonino Cassiano Grave lutto per la\u00a0 Cultura salentina. Si \u00e8 spento Antonio Cassiano storico dell&#8217;arte e intellettuale di<\/p>\n","protected":false},"author":1,"featured_media":0,"comment_status":"open","ping_status":"open","sticky":false,"template":"","format":"standard","meta":[],"categories":[28],"tags":[],"yoast_head":"<!-- This site is optimized with the Yoast SEO plugin v18.0 - https:\/\/yoast.com\/wordpress\/plugins\/seo\/ -->\n<title>Addio Tonino | Arte e Luoghi<\/title>\n<meta name=\"robots\" content=\"index, follow, max-snippet:-1, max-image-preview:large, max-video-preview:-1\" \/>\n<link rel=\"canonical\" href=\"https:\/\/arteeluoghi.it\/index.php\/2015\/07\/01\/addio-tonino\/\" \/>\n<meta property=\"og:locale\" content=\"it_IT\" \/>\n<meta property=\"og:type\" content=\"article\" \/>\n<meta property=\"og:title\" content=\"Addio Tonino | Arte e Luoghi\" \/>\n<meta property=\"og:description\" content=\"\u00a0 Addio Tonino Cassiano Grave lutto per la\u00a0 Cultura salentina. Si \u00e8 spento Antonio Cassiano storico dell&#8217;arte e intellettuale di\" \/>\n<meta property=\"og:url\" content=\"https:\/\/arteeluoghi.it\/index.php\/2015\/07\/01\/addio-tonino\/\" \/>\n<meta property=\"og:site_name\" content=\"Arte e Luoghi\" \/>\n<meta property=\"article:publisher\" content=\"https:\/\/www.facebook.com\/ArteELuoghi\/\" \/>\n<meta property=\"article:published_time\" content=\"2015-07-01T09:39:20+00:00\" \/>\n<meta property=\"og:image\" content=\"https:\/\/arteeluoghi.it\/images\/toninocassiano.jpg\" \/>\n<meta name=\"twitter:card\" content=\"summary\" \/>\n<meta name=\"twitter:creator\" content=\"@arteeluoghi\" \/>\n<meta name=\"twitter:site\" content=\"@arteeluoghi\" \/>\n<meta name=\"twitter:label1\" content=\"Scritto da\" \/>\n\t<meta name=\"twitter:data1\" content=\"Staff\" \/>\n\t<meta name=\"twitter:label2\" content=\"Tempo di lettura stimato\" \/>\n\t<meta name=\"twitter:data2\" content=\"6 minuti\" \/>\n<script type=\"application\/ld+json\" class=\"yoast-schema-graph\">{\"@context\":\"https:\/\/schema.org\",\"@graph\":[{\"@type\":\"Organization\",\"@id\":\"https:\/\/arteeluoghi.it\/#organization\",\"name\":\"Arte e Luoghi\",\"url\":\"https:\/\/arteeluoghi.it\/\",\"sameAs\":[\"https:\/\/www.facebook.com\/ArteELuoghi\/\",\"https:\/\/www.instagram.com\/arteeluoghi\/?hl=it\",\"https:\/\/www.youtube.com\/channel\/UCuRVc4JW4-C5sg9rQB-srkw?view_as=subscriber\",\"https:\/\/twitter.com\/arteeluoghi\"],\"logo\":{\"@type\":\"ImageObject\",\"@id\":\"https:\/\/arteeluoghi.it\/#logo\",\"inLanguage\":\"it-IT\",\"url\":\"https:\/\/arteeluoghi.it\/wp-content\/uploads\/2018\/08\/logoinstagramarte.jpg\",\"contentUrl\":\"https:\/\/arteeluoghi.it\/wp-content\/uploads\/2018\/08\/logoinstagramarte.jpg\",\"width\":150,\"height\":150,\"caption\":\"Arte e Luoghi\"},\"image\":{\"@id\":\"https:\/\/arteeluoghi.it\/#logo\"}},{\"@type\":\"WebSite\",\"@id\":\"https:\/\/arteeluoghi.it\/#website\",\"url\":\"https:\/\/arteeluoghi.it\/\",\"name\":\"Arte e Luoghi\",\"description\":\"Mensile di arte, cultura, turismo e curiosit\u00e0\",\"publisher\":{\"@id\":\"https:\/\/arteeluoghi.it\/#organization\"},\"potentialAction\":[{\"@type\":\"SearchAction\",\"target\":{\"@type\":\"EntryPoint\",\"urlTemplate\":\"https:\/\/arteeluoghi.it\/?s={search_term_string}\"},\"query-input\":\"required name=search_term_string\"}],\"inLanguage\":\"it-IT\"},{\"@type\":\"ImageObject\",\"@id\":\"https:\/\/arteeluoghi.it\/index.php\/2015\/07\/01\/addio-tonino\/#primaryimage\",\"inLanguage\":\"it-IT\",\"url\":\"\/images\/toninocassiano.jpg\",\"contentUrl\":\"\/images\/toninocassiano.jpg\"},{\"@type\":\"WebPage\",\"@id\":\"https:\/\/arteeluoghi.it\/index.php\/2015\/07\/01\/addio-tonino\/#webpage\",\"url\":\"https:\/\/arteeluoghi.it\/index.php\/2015\/07\/01\/addio-tonino\/\",\"name\":\"Addio Tonino | Arte e Luoghi\",\"isPartOf\":{\"@id\":\"https:\/\/arteeluoghi.it\/#website\"},\"primaryImageOfPage\":{\"@id\":\"https:\/\/arteeluoghi.it\/index.php\/2015\/07\/01\/addio-tonino\/#primaryimage\"},\"datePublished\":\"2015-07-01T09:39:20+00:00\",\"dateModified\":\"2015-07-01T09:39:20+00:00\",\"breadcrumb\":{\"@id\":\"https:\/\/arteeluoghi.it\/index.php\/2015\/07\/01\/addio-tonino\/#breadcrumb\"},\"inLanguage\":\"it-IT\",\"potentialAction\":[{\"@type\":\"ReadAction\",\"target\":[\"https:\/\/arteeluoghi.it\/index.php\/2015\/07\/01\/addio-tonino\/\"]}]},{\"@type\":\"BreadcrumbList\",\"@id\":\"https:\/\/arteeluoghi.it\/index.php\/2015\/07\/01\/addio-tonino\/#breadcrumb\",\"itemListElement\":[{\"@type\":\"ListItem\",\"position\":1,\"name\":\"Home\",\"item\":\"https:\/\/arteeluoghi.it\/\"},{\"@type\":\"ListItem\",\"position\":2,\"name\":\"Addio Tonino\"}]},{\"@type\":\"Article\",\"@id\":\"https:\/\/arteeluoghi.it\/index.php\/2015\/07\/01\/addio-tonino\/#article\",\"isPartOf\":{\"@id\":\"https:\/\/arteeluoghi.it\/index.php\/2015\/07\/01\/addio-tonino\/#webpage\"},\"author\":{\"@id\":\"https:\/\/arteeluoghi.it\/#\/schema\/person\/f84e814e36e91e01448ee07eaadd41d4\"},\"headline\":\"Addio Tonino\",\"datePublished\":\"2015-07-01T09:39:20+00:00\",\"dateModified\":\"2015-07-01T09:39:20+00:00\",\"mainEntityOfPage\":{\"@id\":\"https:\/\/arteeluoghi.it\/index.php\/2015\/07\/01\/addio-tonino\/#webpage\"},\"wordCount\":1299,\"commentCount\":0,\"publisher\":{\"@id\":\"https:\/\/arteeluoghi.it\/#organization\"},\"image\":{\"@id\":\"https:\/\/arteeluoghi.it\/index.php\/2015\/07\/01\/addio-tonino\/#primaryimage\"},\"thumbnailUrl\":\"\/images\/toninocassiano.jpg\",\"articleSection\":[\"Notizie\"],\"inLanguage\":\"it-IT\",\"potentialAction\":[{\"@type\":\"CommentAction\",\"name\":\"Comment\",\"target\":[\"https:\/\/arteeluoghi.it\/index.php\/2015\/07\/01\/addio-tonino\/#respond\"]}]},{\"@type\":\"Person\",\"@id\":\"https:\/\/arteeluoghi.it\/#\/schema\/person\/f84e814e36e91e01448ee07eaadd41d4\",\"name\":\"Staff\",\"image\":{\"@type\":\"ImageObject\",\"@id\":\"https:\/\/arteeluoghi.it\/#personlogo\",\"inLanguage\":\"it-IT\",\"url\":\"https:\/\/secure.gravatar.com\/avatar\/49d2f9e46271bb04e19cebfaf141313a?s=96&d=blank&r=g\",\"contentUrl\":\"https:\/\/secure.gravatar.com\/avatar\/49d2f9e46271bb04e19cebfaf141313a?s=96&d=blank&r=g\",\"caption\":\"Staff\"}}]}<\/script>\n<!-- \/ Yoast SEO plugin. -->","yoast_head_json":{"title":"Addio Tonino | Arte e Luoghi","robots":{"index":"index","follow":"follow","max-snippet":"max-snippet:-1","max-image-preview":"max-image-preview:large","max-video-preview":"max-video-preview:-1"},"canonical":"https:\/\/arteeluoghi.it\/index.php\/2015\/07\/01\/addio-tonino\/","og_locale":"it_IT","og_type":"article","og_title":"Addio Tonino | Arte e Luoghi","og_description":"\u00a0 Addio Tonino Cassiano Grave lutto per la\u00a0 Cultura salentina. Si \u00e8 spento Antonio Cassiano storico dell&#8217;arte e intellettuale di","og_url":"https:\/\/arteeluoghi.it\/index.php\/2015\/07\/01\/addio-tonino\/","og_site_name":"Arte e Luoghi","article_publisher":"https:\/\/www.facebook.com\/ArteELuoghi\/","article_published_time":"2015-07-01T09:39:20+00:00","og_image":[{"url":"https:\/\/arteeluoghi.it\/images\/toninocassiano.jpg"}],"twitter_card":"summary","twitter_creator":"@arteeluoghi","twitter_site":"@arteeluoghi","twitter_misc":{"Scritto da":"Staff","Tempo di lettura stimato":"6 minuti"},"schema":{"@context":"https:\/\/schema.org","@graph":[{"@type":"Organization","@id":"https:\/\/arteeluoghi.it\/#organization","name":"Arte e Luoghi","url":"https:\/\/arteeluoghi.it\/","sameAs":["https:\/\/www.facebook.com\/ArteELuoghi\/","https:\/\/www.instagram.com\/arteeluoghi\/?hl=it","https:\/\/www.youtube.com\/channel\/UCuRVc4JW4-C5sg9rQB-srkw?view_as=subscriber","https:\/\/twitter.com\/arteeluoghi"],"logo":{"@type":"ImageObject","@id":"https:\/\/arteeluoghi.it\/#logo","inLanguage":"it-IT","url":"https:\/\/arteeluoghi.it\/wp-content\/uploads\/2018\/08\/logoinstagramarte.jpg","contentUrl":"https:\/\/arteeluoghi.it\/wp-content\/uploads\/2018\/08\/logoinstagramarte.jpg","width":150,"height":150,"caption":"Arte e Luoghi"},"image":{"@id":"https:\/\/arteeluoghi.it\/#logo"}},{"@type":"WebSite","@id":"https:\/\/arteeluoghi.it\/#website","url":"https:\/\/arteeluoghi.it\/","name":"Arte e Luoghi","description":"Mensile di arte, cultura, turismo e curiosit\u00e0","publisher":{"@id":"https:\/\/arteeluoghi.it\/#organization"},"potentialAction":[{"@type":"SearchAction","target":{"@type":"EntryPoint","urlTemplate":"https:\/\/arteeluoghi.it\/?s={search_term_string}"},"query-input":"required name=search_term_string"}],"inLanguage":"it-IT"},{"@type":"ImageObject","@id":"https:\/\/arteeluoghi.it\/index.php\/2015\/07\/01\/addio-tonino\/#primaryimage","inLanguage":"it-IT","url":"\/images\/toninocassiano.jpg","contentUrl":"\/images\/toninocassiano.jpg"},{"@type":"WebPage","@id":"https:\/\/arteeluoghi.it\/index.php\/2015\/07\/01\/addio-tonino\/#webpage","url":"https:\/\/arteeluoghi.it\/index.php\/2015\/07\/01\/addio-tonino\/","name":"Addio Tonino | Arte e Luoghi","isPartOf":{"@id":"https:\/\/arteeluoghi.it\/#website"},"primaryImageOfPage":{"@id":"https:\/\/arteeluoghi.it\/index.php\/2015\/07\/01\/addio-tonino\/#primaryimage"},"datePublished":"2015-07-01T09:39:20+00:00","dateModified":"2015-07-01T09:39:20+00:00","breadcrumb":{"@id":"https:\/\/arteeluoghi.it\/index.php\/2015\/07\/01\/addio-tonino\/#breadcrumb"},"inLanguage":"it-IT","potentialAction":[{"@type":"ReadAction","target":["https:\/\/arteeluoghi.it\/index.php\/2015\/07\/01\/addio-tonino\/"]}]},{"@type":"BreadcrumbList","@id":"https:\/\/arteeluoghi.it\/index.php\/2015\/07\/01\/addio-tonino\/#breadcrumb","itemListElement":[{"@type":"ListItem","position":1,"name":"Home","item":"https:\/\/arteeluoghi.it\/"},{"@type":"ListItem","position":2,"name":"Addio Tonino"}]},{"@type":"Article","@id":"https:\/\/arteeluoghi.it\/index.php\/2015\/07\/01\/addio-tonino\/#article","isPartOf":{"@id":"https:\/\/arteeluoghi.it\/index.php\/2015\/07\/01\/addio-tonino\/#webpage"},"author":{"@id":"https:\/\/arteeluoghi.it\/#\/schema\/person\/f84e814e36e91e01448ee07eaadd41d4"},"headline":"Addio Tonino","datePublished":"2015-07-01T09:39:20+00:00","dateModified":"2015-07-01T09:39:20+00:00","mainEntityOfPage":{"@id":"https:\/\/arteeluoghi.it\/index.php\/2015\/07\/01\/addio-tonino\/#webpage"},"wordCount":1299,"commentCount":0,"publisher":{"@id":"https:\/\/arteeluoghi.it\/#organization"},"image":{"@id":"https:\/\/arteeluoghi.it\/index.php\/2015\/07\/01\/addio-tonino\/#primaryimage"},"thumbnailUrl":"\/images\/toninocassiano.jpg","articleSection":["Notizie"],"inLanguage":"it-IT","potentialAction":[{"@type":"CommentAction","name":"Comment","target":["https:\/\/arteeluoghi.it\/index.php\/2015\/07\/01\/addio-tonino\/#respond"]}]},{"@type":"Person","@id":"https:\/\/arteeluoghi.it\/#\/schema\/person\/f84e814e36e91e01448ee07eaadd41d4","name":"Staff","image":{"@type":"ImageObject","@id":"https:\/\/arteeluoghi.it\/#personlogo","inLanguage":"it-IT","url":"https:\/\/secure.gravatar.com\/avatar\/49d2f9e46271bb04e19cebfaf141313a?s=96&d=blank&r=g","contentUrl":"https:\/\/secure.gravatar.com\/avatar\/49d2f9e46271bb04e19cebfaf141313a?s=96&d=blank&r=g","caption":"Staff"}}]}},"_links":{"self":[{"href":"https:\/\/arteeluoghi.it\/index.php\/wp-json\/wp\/v2\/posts\/2222"}],"collection":[{"href":"https:\/\/arteeluoghi.it\/index.php\/wp-json\/wp\/v2\/posts"}],"about":[{"href":"https:\/\/arteeluoghi.it\/index.php\/wp-json\/wp\/v2\/types\/post"}],"author":[{"embeddable":true,"href":"https:\/\/arteeluoghi.it\/index.php\/wp-json\/wp\/v2\/users\/1"}],"replies":[{"embeddable":true,"href":"https:\/\/arteeluoghi.it\/index.php\/wp-json\/wp\/v2\/comments?post=2222"}],"version-history":[{"count":0,"href":"https:\/\/arteeluoghi.it\/index.php\/wp-json\/wp\/v2\/posts\/2222\/revisions"}],"wp:attachment":[{"href":"https:\/\/arteeluoghi.it\/index.php\/wp-json\/wp\/v2\/media?parent=2222"}],"wp:term":[{"taxonomy":"category","embeddable":true,"href":"https:\/\/arteeluoghi.it\/index.php\/wp-json\/wp\/v2\/categories?post=2222"},{"taxonomy":"post_tag","embeddable":true,"href":"https:\/\/arteeluoghi.it\/index.php\/wp-json\/wp\/v2\/tags?post=2222"}],"curies":[{"name":"wp","href":"https:\/\/api.w.org\/{rel}","templated":true}]}}