{"id":2242,"date":"2015-07-11T00:35:00","date_gmt":"2015-07-10T22:35:00","guid":{"rendered":"http:\/\/arteeluoghi.it\/index.php\/2015\/07\/11\/maarten-van-aalderen-ospite-di-portami-a-leggere\/"},"modified":"2015-07-11T00:35:00","modified_gmt":"2015-07-10T22:35:00","slug":"maarten-van-aalderen-ospite-di-portami-a-leggere","status":"publish","type":"post","link":"https:\/\/arteeluoghi.it\/index.php\/2015\/07\/11\/maarten-van-aalderen-ospite-di-portami-a-leggere\/","title":{"rendered":"Maarten van Aalderen ospite di Portami a Leggere"},"content":{"rendered":"<p><img src=\"\/images\/foto%20van%20Maarten.jpg\" border=\"0\" title=\"il giornalista Maarten van Aalderen\" width=\"300\" style=\"margin: 21px; float: left;\" \/>Domenica 12 luglio nel chiostro dei Domenicani di Sternatia (LE) <\/p>\n<p>\u00a0<br \/><strong>L&#8217;Italia vista dai corrispondenti della stampa estera<\/strong>.<\/p>\n<p>Portami a Leggere, il festival del libro diffuso di\u00a0 Sternatia, ospita Maarten van Aalderen autore de \u201cIl Bello dell\u2019Italia\u201d, Albeggi edizioni. Appuntamento domenica 12 luglio nel chiostro dei Domenicani di Sternatia (LE) alle ore 21.00. Un viaggio nel Belpaese per raccontare le unicit\u00e0 positive degli italiani. Giornalista olandese residente in Italia dal 1990, corrispondente del quotidiano olandese &#8220;De Telegraaf&#8221; per l&#8217;Italia e la Turchia, quattro volte presidente della stampa estera a Roma, Maarten van Aalderen ha invitato 25 giornalisti provenienti dai cinque contenenti a raccontare l\u2019Italia oltre gli stereotipi individuando le eccellenze che rendono il nostro paese unico e creativo.<\/p>\n<p>  <!--more-->  <\/p>\n<p>Un libro che potr\u00e0 interessare chi opera nel mondo della politica, del giornalismo, della comunicazione, stranieri che vivono in Italia, manager e imprenditori che esportano i propri prodotti all\u2019estero, viaggiatori e amanti della cultura dello stivale. Ma soprattutto un libro che rende orgogliosi tutti gli italiani.<\/p>\n<p>Maarten spiega che, in un momento in cui l\u2019Italia sta attraversando una grave crisi da diversi punti di vista, in cui l\u2019autolesionismo dilaga, al Paese serve una scossa positiva per risollevarsi, rialzare la testa, proprio come Icaro raffigurato in copertina. Maarten ha dato voce a un gruppo di colleghi corrispondenti stranieri chiedendo loro cosa amano del Paese che li ospita. Il giudizio estero sul Paese non pu\u00f2 essere ridotto al rating di qualche potente agenzia che controlla i conti, eventualmente accompagnato dal severo giudizio di un Capo di Governo straniero particolarmente rigido o dal senso di superiorit\u00e0 di un nordeuropeo che pu\u00f2 vantare un livello di corruzione pi\u00f9 basso nel proprio Paese, sostiene l\u2019autore. L\u2019Italia e l\u2019immagine dell\u2019Italia all\u2019estero sono molto di pi\u00f9, per la verit\u00e0\u00a0 e per fortuna, di questo. Sono convinto che chi non vede nulla di buono nell\u2019Italia deve cambiare occhiali, oppure Paese. \u00a0<\/p>\n<p>\u00a0<\/p>\n<p>Le testate estere rappresentate dai corrispondenti intervistati nel libro: NTV, RTL, Globo News TV, Folha De S. Paulo, Radio France International, Dogan Holding, El Peri\u00f3dico, Antena 1, Antena 3, El Watan, YLE, Kommersant, Snob, Italia, Wine Advocate, KUNA, Dagens Nyheter, Weekendavisen, Pagina 12, France Presse, Channel 2, Guangming Daily, Newsweek, WP.PL, Tak po prostu, Krytyka Polityczna, IRIB, ANA, Alpha, Huffington Post, The Times, Le Figaro, Religion News Service, Australian Gourmet Traveller, The Sahkai Shimpo, Canadian Broadcasting Cooperation (CBC), BBC, American Public Radio,\u00a0 De Volkska.<\/p>\n","protected":false},"excerpt":{"rendered":"<p>Domenica 12 luglio nel chiostro dei Domenicani di Sternatia (LE) \u00a0L&#8217;Italia vista dai corrispondenti della stampa estera. Portami a Leggere,<\/p>\n","protected":false},"author":1,"featured_media":0,"comment_status":"open","ping_status":"open","sticky":false,"template":"","format":"standard","meta":[],"categories":[17],"tags":[],"yoast_head":"<!-- This site is optimized with the Yoast SEO plugin v18.0 - https:\/\/yoast.com\/wordpress\/plugins\/seo\/ -->\n<title>Maarten van Aalderen ospite di Portami a Leggere | Arte e Luoghi<\/title>\n<meta name=\"robots\" content=\"index, follow, max-snippet:-1, max-image-preview:large, max-video-preview:-1\" \/>\n<link rel=\"canonical\" href=\"https:\/\/arteeluoghi.it\/index.php\/2015\/07\/11\/maarten-van-aalderen-ospite-di-portami-a-leggere\/\" \/>\n<meta property=\"og:locale\" content=\"it_IT\" \/>\n<meta property=\"og:type\" content=\"article\" \/>\n<meta property=\"og:title\" content=\"Maarten van Aalderen ospite di Portami a Leggere | Arte e Luoghi\" \/>\n<meta property=\"og:description\" content=\"Domenica 12 luglio nel chiostro dei Domenicani di Sternatia (LE) \u00a0L&#8217;Italia vista dai corrispondenti della stampa estera. Portami a Leggere,\" \/>\n<meta property=\"og:url\" content=\"https:\/\/arteeluoghi.it\/index.php\/2015\/07\/11\/maarten-van-aalderen-ospite-di-portami-a-leggere\/\" \/>\n<meta property=\"og:site_name\" content=\"Arte e Luoghi\" \/>\n<meta property=\"article:publisher\" content=\"https:\/\/www.facebook.com\/ArteELuoghi\/\" \/>\n<meta property=\"article:published_time\" content=\"2015-07-10T22:35:00+00:00\" \/>\n<meta property=\"og:image\" content=\"https:\/\/arteeluoghi.it\/images\/foto%20van%20Maarten.jpg\" \/>\n<meta name=\"twitter:card\" content=\"summary\" \/>\n<meta name=\"twitter:creator\" content=\"@arteeluoghi\" \/>\n<meta name=\"twitter:site\" content=\"@arteeluoghi\" \/>\n<meta name=\"twitter:label1\" content=\"Scritto da\" \/>\n\t<meta name=\"twitter:data1\" content=\"Staff\" \/>\n\t<meta name=\"twitter:label2\" content=\"Tempo di lettura stimato\" \/>\n\t<meta name=\"twitter:data2\" content=\"2 minuti\" \/>\n<script type=\"application\/ld+json\" class=\"yoast-schema-graph\">{\"@context\":\"https:\/\/schema.org\",\"@graph\":[{\"@type\":\"Organization\",\"@id\":\"https:\/\/arteeluoghi.it\/#organization\",\"name\":\"Arte e Luoghi\",\"url\":\"https:\/\/arteeluoghi.it\/\",\"sameAs\":[\"https:\/\/www.facebook.com\/ArteELuoghi\/\",\"https:\/\/www.instagram.com\/arteeluoghi\/?hl=it\",\"https:\/\/www.youtube.com\/channel\/UCuRVc4JW4-C5sg9rQB-srkw?view_as=subscriber\",\"https:\/\/twitter.com\/arteeluoghi\"],\"logo\":{\"@type\":\"ImageObject\",\"@id\":\"https:\/\/arteeluoghi.it\/#logo\",\"inLanguage\":\"it-IT\",\"url\":\"https:\/\/arteeluoghi.it\/wp-content\/uploads\/2018\/08\/logoinstagramarte.jpg\",\"contentUrl\":\"https:\/\/arteeluoghi.it\/wp-content\/uploads\/2018\/08\/logoinstagramarte.jpg\",\"width\":150,\"height\":150,\"caption\":\"Arte e Luoghi\"},\"image\":{\"@id\":\"https:\/\/arteeluoghi.it\/#logo\"}},{\"@type\":\"WebSite\",\"@id\":\"https:\/\/arteeluoghi.it\/#website\",\"url\":\"https:\/\/arteeluoghi.it\/\",\"name\":\"Arte e Luoghi\",\"description\":\"Mensile di arte, cultura, turismo e curiosit\u00e0\",\"publisher\":{\"@id\":\"https:\/\/arteeluoghi.it\/#organization\"},\"potentialAction\":[{\"@type\":\"SearchAction\",\"target\":{\"@type\":\"EntryPoint\",\"urlTemplate\":\"https:\/\/arteeluoghi.it\/?s={search_term_string}\"},\"query-input\":\"required name=search_term_string\"}],\"inLanguage\":\"it-IT\"},{\"@type\":\"ImageObject\",\"@id\":\"https:\/\/arteeluoghi.it\/index.php\/2015\/07\/11\/maarten-van-aalderen-ospite-di-portami-a-leggere\/#primaryimage\",\"inLanguage\":\"it-IT\",\"url\":\"\/images\/foto%20van%20Maarten.jpg\",\"contentUrl\":\"\/images\/foto%20van%20Maarten.jpg\"},{\"@type\":\"WebPage\",\"@id\":\"https:\/\/arteeluoghi.it\/index.php\/2015\/07\/11\/maarten-van-aalderen-ospite-di-portami-a-leggere\/#webpage\",\"url\":\"https:\/\/arteeluoghi.it\/index.php\/2015\/07\/11\/maarten-van-aalderen-ospite-di-portami-a-leggere\/\",\"name\":\"Maarten van Aalderen ospite di Portami a Leggere | Arte e Luoghi\",\"isPartOf\":{\"@id\":\"https:\/\/arteeluoghi.it\/#website\"},\"primaryImageOfPage\":{\"@id\":\"https:\/\/arteeluoghi.it\/index.php\/2015\/07\/11\/maarten-van-aalderen-ospite-di-portami-a-leggere\/#primaryimage\"},\"datePublished\":\"2015-07-10T22:35:00+00:00\",\"dateModified\":\"2015-07-10T22:35:00+00:00\",\"breadcrumb\":{\"@id\":\"https:\/\/arteeluoghi.it\/index.php\/2015\/07\/11\/maarten-van-aalderen-ospite-di-portami-a-leggere\/#breadcrumb\"},\"inLanguage\":\"it-IT\",\"potentialAction\":[{\"@type\":\"ReadAction\",\"target\":[\"https:\/\/arteeluoghi.it\/index.php\/2015\/07\/11\/maarten-van-aalderen-ospite-di-portami-a-leggere\/\"]}]},{\"@type\":\"BreadcrumbList\",\"@id\":\"https:\/\/arteeluoghi.it\/index.php\/2015\/07\/11\/maarten-van-aalderen-ospite-di-portami-a-leggere\/#breadcrumb\",\"itemListElement\":[{\"@type\":\"ListItem\",\"position\":1,\"name\":\"Home\",\"item\":\"https:\/\/arteeluoghi.it\/\"},{\"@type\":\"ListItem\",\"position\":2,\"name\":\"Maarten van Aalderen ospite di Portami a Leggere\"}]},{\"@type\":\"Article\",\"@id\":\"https:\/\/arteeluoghi.it\/index.php\/2015\/07\/11\/maarten-van-aalderen-ospite-di-portami-a-leggere\/#article\",\"isPartOf\":{\"@id\":\"https:\/\/arteeluoghi.it\/index.php\/2015\/07\/11\/maarten-van-aalderen-ospite-di-portami-a-leggere\/#webpage\"},\"author\":{\"@id\":\"https:\/\/arteeluoghi.it\/#\/schema\/person\/f84e814e36e91e01448ee07eaadd41d4\"},\"headline\":\"Maarten van Aalderen ospite di Portami a Leggere\",\"datePublished\":\"2015-07-10T22:35:00+00:00\",\"dateModified\":\"2015-07-10T22:35:00+00:00\",\"mainEntityOfPage\":{\"@id\":\"https:\/\/arteeluoghi.it\/index.php\/2015\/07\/11\/maarten-van-aalderen-ospite-di-portami-a-leggere\/#webpage\"},\"wordCount\":405,\"commentCount\":0,\"publisher\":{\"@id\":\"https:\/\/arteeluoghi.it\/#organization\"},\"image\":{\"@id\":\"https:\/\/arteeluoghi.it\/index.php\/2015\/07\/11\/maarten-van-aalderen-ospite-di-portami-a-leggere\/#primaryimage\"},\"thumbnailUrl\":\"\/images\/foto%20van%20Maarten.jpg\",\"articleSection\":[\"LIBRI\"],\"inLanguage\":\"it-IT\",\"potentialAction\":[{\"@type\":\"CommentAction\",\"name\":\"Comment\",\"target\":[\"https:\/\/arteeluoghi.it\/index.php\/2015\/07\/11\/maarten-van-aalderen-ospite-di-portami-a-leggere\/#respond\"]}]},{\"@type\":\"Person\",\"@id\":\"https:\/\/arteeluoghi.it\/#\/schema\/person\/f84e814e36e91e01448ee07eaadd41d4\",\"name\":\"Staff\",\"image\":{\"@type\":\"ImageObject\",\"@id\":\"https:\/\/arteeluoghi.it\/#personlogo\",\"inLanguage\":\"it-IT\",\"url\":\"https:\/\/secure.gravatar.com\/avatar\/49d2f9e46271bb04e19cebfaf141313a?s=96&d=blank&r=g\",\"contentUrl\":\"https:\/\/secure.gravatar.com\/avatar\/49d2f9e46271bb04e19cebfaf141313a?s=96&d=blank&r=g\",\"caption\":\"Staff\"}}]}<\/script>\n<!-- \/ Yoast SEO plugin. -->","yoast_head_json":{"title":"Maarten van Aalderen ospite di Portami a Leggere | Arte e Luoghi","robots":{"index":"index","follow":"follow","max-snippet":"max-snippet:-1","max-image-preview":"max-image-preview:large","max-video-preview":"max-video-preview:-1"},"canonical":"https:\/\/arteeluoghi.it\/index.php\/2015\/07\/11\/maarten-van-aalderen-ospite-di-portami-a-leggere\/","og_locale":"it_IT","og_type":"article","og_title":"Maarten van Aalderen ospite di Portami a Leggere | Arte e Luoghi","og_description":"Domenica 12 luglio nel chiostro dei Domenicani di Sternatia (LE) \u00a0L&#8217;Italia vista dai corrispondenti della stampa estera. Portami a Leggere,","og_url":"https:\/\/arteeluoghi.it\/index.php\/2015\/07\/11\/maarten-van-aalderen-ospite-di-portami-a-leggere\/","og_site_name":"Arte e Luoghi","article_publisher":"https:\/\/www.facebook.com\/ArteELuoghi\/","article_published_time":"2015-07-10T22:35:00+00:00","og_image":[{"url":"https:\/\/arteeluoghi.it\/images\/foto%20van%20Maarten.jpg"}],"twitter_card":"summary","twitter_creator":"@arteeluoghi","twitter_site":"@arteeluoghi","twitter_misc":{"Scritto da":"Staff","Tempo di lettura stimato":"2 minuti"},"schema":{"@context":"https:\/\/schema.org","@graph":[{"@type":"Organization","@id":"https:\/\/arteeluoghi.it\/#organization","name":"Arte e Luoghi","url":"https:\/\/arteeluoghi.it\/","sameAs":["https:\/\/www.facebook.com\/ArteELuoghi\/","https:\/\/www.instagram.com\/arteeluoghi\/?hl=it","https:\/\/www.youtube.com\/channel\/UCuRVc4JW4-C5sg9rQB-srkw?view_as=subscriber","https:\/\/twitter.com\/arteeluoghi"],"logo":{"@type":"ImageObject","@id":"https:\/\/arteeluoghi.it\/#logo","inLanguage":"it-IT","url":"https:\/\/arteeluoghi.it\/wp-content\/uploads\/2018\/08\/logoinstagramarte.jpg","contentUrl":"https:\/\/arteeluoghi.it\/wp-content\/uploads\/2018\/08\/logoinstagramarte.jpg","width":150,"height":150,"caption":"Arte e Luoghi"},"image":{"@id":"https:\/\/arteeluoghi.it\/#logo"}},{"@type":"WebSite","@id":"https:\/\/arteeluoghi.it\/#website","url":"https:\/\/arteeluoghi.it\/","name":"Arte e Luoghi","description":"Mensile di arte, cultura, turismo e curiosit\u00e0","publisher":{"@id":"https:\/\/arteeluoghi.it\/#organization"},"potentialAction":[{"@type":"SearchAction","target":{"@type":"EntryPoint","urlTemplate":"https:\/\/arteeluoghi.it\/?s={search_term_string}"},"query-input":"required name=search_term_string"}],"inLanguage":"it-IT"},{"@type":"ImageObject","@id":"https:\/\/arteeluoghi.it\/index.php\/2015\/07\/11\/maarten-van-aalderen-ospite-di-portami-a-leggere\/#primaryimage","inLanguage":"it-IT","url":"\/images\/foto%20van%20Maarten.jpg","contentUrl":"\/images\/foto%20van%20Maarten.jpg"},{"@type":"WebPage","@id":"https:\/\/arteeluoghi.it\/index.php\/2015\/07\/11\/maarten-van-aalderen-ospite-di-portami-a-leggere\/#webpage","url":"https:\/\/arteeluoghi.it\/index.php\/2015\/07\/11\/maarten-van-aalderen-ospite-di-portami-a-leggere\/","name":"Maarten van Aalderen ospite di Portami a Leggere | Arte e Luoghi","isPartOf":{"@id":"https:\/\/arteeluoghi.it\/#website"},"primaryImageOfPage":{"@id":"https:\/\/arteeluoghi.it\/index.php\/2015\/07\/11\/maarten-van-aalderen-ospite-di-portami-a-leggere\/#primaryimage"},"datePublished":"2015-07-10T22:35:00+00:00","dateModified":"2015-07-10T22:35:00+00:00","breadcrumb":{"@id":"https:\/\/arteeluoghi.it\/index.php\/2015\/07\/11\/maarten-van-aalderen-ospite-di-portami-a-leggere\/#breadcrumb"},"inLanguage":"it-IT","potentialAction":[{"@type":"ReadAction","target":["https:\/\/arteeluoghi.it\/index.php\/2015\/07\/11\/maarten-van-aalderen-ospite-di-portami-a-leggere\/"]}]},{"@type":"BreadcrumbList","@id":"https:\/\/arteeluoghi.it\/index.php\/2015\/07\/11\/maarten-van-aalderen-ospite-di-portami-a-leggere\/#breadcrumb","itemListElement":[{"@type":"ListItem","position":1,"name":"Home","item":"https:\/\/arteeluoghi.it\/"},{"@type":"ListItem","position":2,"name":"Maarten van Aalderen ospite di Portami a Leggere"}]},{"@type":"Article","@id":"https:\/\/arteeluoghi.it\/index.php\/2015\/07\/11\/maarten-van-aalderen-ospite-di-portami-a-leggere\/#article","isPartOf":{"@id":"https:\/\/arteeluoghi.it\/index.php\/2015\/07\/11\/maarten-van-aalderen-ospite-di-portami-a-leggere\/#webpage"},"author":{"@id":"https:\/\/arteeluoghi.it\/#\/schema\/person\/f84e814e36e91e01448ee07eaadd41d4"},"headline":"Maarten van Aalderen ospite di Portami a Leggere","datePublished":"2015-07-10T22:35:00+00:00","dateModified":"2015-07-10T22:35:00+00:00","mainEntityOfPage":{"@id":"https:\/\/arteeluoghi.it\/index.php\/2015\/07\/11\/maarten-van-aalderen-ospite-di-portami-a-leggere\/#webpage"},"wordCount":405,"commentCount":0,"publisher":{"@id":"https:\/\/arteeluoghi.it\/#organization"},"image":{"@id":"https:\/\/arteeluoghi.it\/index.php\/2015\/07\/11\/maarten-van-aalderen-ospite-di-portami-a-leggere\/#primaryimage"},"thumbnailUrl":"\/images\/foto%20van%20Maarten.jpg","articleSection":["LIBRI"],"inLanguage":"it-IT","potentialAction":[{"@type":"CommentAction","name":"Comment","target":["https:\/\/arteeluoghi.it\/index.php\/2015\/07\/11\/maarten-van-aalderen-ospite-di-portami-a-leggere\/#respond"]}]},{"@type":"Person","@id":"https:\/\/arteeluoghi.it\/#\/schema\/person\/f84e814e36e91e01448ee07eaadd41d4","name":"Staff","image":{"@type":"ImageObject","@id":"https:\/\/arteeluoghi.it\/#personlogo","inLanguage":"it-IT","url":"https:\/\/secure.gravatar.com\/avatar\/49d2f9e46271bb04e19cebfaf141313a?s=96&d=blank&r=g","contentUrl":"https:\/\/secure.gravatar.com\/avatar\/49d2f9e46271bb04e19cebfaf141313a?s=96&d=blank&r=g","caption":"Staff"}}]}},"_links":{"self":[{"href":"https:\/\/arteeluoghi.it\/index.php\/wp-json\/wp\/v2\/posts\/2242"}],"collection":[{"href":"https:\/\/arteeluoghi.it\/index.php\/wp-json\/wp\/v2\/posts"}],"about":[{"href":"https:\/\/arteeluoghi.it\/index.php\/wp-json\/wp\/v2\/types\/post"}],"author":[{"embeddable":true,"href":"https:\/\/arteeluoghi.it\/index.php\/wp-json\/wp\/v2\/users\/1"}],"replies":[{"embeddable":true,"href":"https:\/\/arteeluoghi.it\/index.php\/wp-json\/wp\/v2\/comments?post=2242"}],"version-history":[{"count":0,"href":"https:\/\/arteeluoghi.it\/index.php\/wp-json\/wp\/v2\/posts\/2242\/revisions"}],"wp:attachment":[{"href":"https:\/\/arteeluoghi.it\/index.php\/wp-json\/wp\/v2\/media?parent=2242"}],"wp:term":[{"taxonomy":"category","embeddable":true,"href":"https:\/\/arteeluoghi.it\/index.php\/wp-json\/wp\/v2\/categories?post=2242"},{"taxonomy":"post_tag","embeddable":true,"href":"https:\/\/arteeluoghi.it\/index.php\/wp-json\/wp\/v2\/tags?post=2242"}],"curies":[{"name":"wp","href":"https:\/\/api.w.org\/{rel}","templated":true}]}}