{"id":2247,"date":"2015-07-19T17:07:52","date_gmt":"2015-07-19T15:07:52","guid":{"rendered":"http:\/\/arteeluoghi.it\/index.php\/2015\/07\/19\/retrospection-arte-contemporanea-al-carlo-v\/"},"modified":"2017-08-06T03:29:54","modified_gmt":"2017-08-06T01:29:54","slug":"retrospection-arte-contemporanea-al-carlo-v","status":"publish","type":"post","link":"https:\/\/arteeluoghi.it\/index.php\/2015\/07\/19\/retrospection-arte-contemporanea-al-carlo-v\/","title":{"rendered":"Retrospection. Arte contemporanea al Carlo V"},"content":{"rendered":"<p><img src=\"\/images\/Daniele%20DAcquisto%20GoRe%202008%20installazione.%20Courtesy%20GAS-Gagliardi%20Art%20System%20Torino.jpg\" border=\"0\" title=\"Daniele DAcquisto GoRe 2008 installazione. Courtesy GAS-Gagliardi Art System Torino\" width=\"200\" style=\"margin: 21px; border: 1px solid black; float: left;\" \/>Dal 24 luglio al 6 settembre 2015 nel castello Carlo V di Lecce<\/p>\n<p><span style=\"font-size: small;\"><strong>Retrospection<\/strong><\/span><br \/><span style=\"font-size: small;\"><strong>Giuseppe Capitano &#8211; Eva Caridi &#8211; Davide Coltro \u2013 Daniele D\u2019Acquisto<\/strong><\/span><\/p>\n<p>La mostra Retrospection, ospitata nella Sala d\u2019Enghien del Castello Carlo V e negli ambienti limitrofi, propone opere, soprattutto inedite e site-specific, di quattro artisti contemporanei che per la prima volta espongono in citt\u00e0 all\u2019interno di un progetto espositivo cos\u00ec complesso, grazie al sostegno di Theutra, Oasimed e Novamusa e il patrocinio del Comune di Lecce.<\/p>\n<p>  <!--more-->  <\/p>\n<p>{AG rootFolder=&#8221;\/images\/sampledata&#8221; thumbWidth=&#8221;200&#8243; thumbHeight=&#8221;120&#8243; thumbAutoSize=&#8221;none&#8221; arrange=&#8221;priority&#8221; backgroundColor=&#8221;ffffff&#8221; foregroundColor=&#8221;808080&#8243; highliteColor=&#8221;fea804&#8243; frame_width=&#8221;500&#8243; frame_height=&#8221;300&#8243; newImageTag=&#8221;1&#8243; newImageTag_days=&#8221;7&#8243; paginUse=&#8221;1&#8243; paginImagesPerGallery=&#8221;10&#8243; albumUse=&#8221;1&#8243; showSignature=&#8221;1&#8243; plainTextCaptions=&#8221;1&#8243; ignoreError=&#8221;1&#8243; ignoreAllError=&#8221;0&#8243; template=&#8221;classic&#8221; popupEngine=&#8221;slimbox&#8221;}\/retrospection{\/AG}<br \/>Retrospection \u00e8 una riflessione sul lavoro di Giuseppe Capitano, Eva Caridi, Davide Coltro e Daniele D\u2019Acquisto, autori di sculture e installazioni concepite con linguaggi e approcci complessi e diversi tra loro. Tutti e tre, con modalit\u00e0 plurali, propongono nel presente ricerche legate a uno scandaglio continuo delle proprie origini e delle radici culturali e visive di determinate aree. Capitano osserva in particolare la natura, elabora forme e proporzioni per poi rivoluzionarle attraverso la sua scultura in canapa, che sin dai suoi esordi ha incontrato l\u2019attenzione di un collezionista e gallerista straordinario come Fabio Sargentini, fondatore de L\u2019Attico. Le opere di Capitano, realizzate appositamente per la mostra in occasione di una recente residenza in Valle d\u2019Itria, vivono gli spazi del castello cercando un confronto perpetuo con gli spazi. Anche Eva Caridi avvia una riflessione sulla natura, ma attraverso una riflessione sul rapporto simbiotico con l\u2019essere umano. I calchi in gesso grezzo dei brandelli di vegetazione della sua citt\u00e0, Corfu, saranno contrapposti a due figure femminili eteree, quasi asessuate, circondate da elementi ferrosi. \u00a0<br \/>Davide Coltro propone invece un grande progetto installativo multimediale, un ciclo di suoi quadri elettronici: immagini in movimento \u2013 che l\u2019artista potr\u00e0 modificare dal suo studio di Milano attraverso internet \u2013 dedicate ad alcune fonti biografiche e bibliografiche. Con GoRe del 2009, un ciclo circoscritto che propone specifiche tracce audio in tridimensione, Daniele D\u2019Acquisto propone opere generate da un\u2019osservazione della realt\u00e0 che genera significati. Spesso, nella nostra quotidianit\u00e0, ci troviamo di fronte a dei fenomeni apparentemente normali, che per\u00f2 possono dar vita a risultati e situazioni inaspettate: in questo caso ci\u00f2 che \u00e8 per eccellenza etereo, il suono, si \u00e8 tramutato in qualcosa di estremamente tangibile, percepibile con un altro senso, anzi altri due sensi, il tatto e la vista. Il suono diviene cos\u00ec scultura. Retrospection \u00e8 pertanto un viaggio nelle radici della cultura, e un itinerario a ritroso nella conoscenza.<br \/>\u00a0<br \/>La mostra sar\u00e0 accompagnata da un catalogo, la sua presentazione \u00e8 prevista durante la serata inaugurale, con testi critici di Lorenzo Madaro, documentazione delle opere in mostra e apparati biografici, espositivi e bibliografici dei quattro artisti. Il catalogo, prodotto da Theutra, Oasimed e Novamusa, sar\u00e0 ideato e progettato da Andrea Episcopo &#8211; Rumorsweb.it<br \/>\u00a0<br \/>\u00a0<br \/>\u00a0<br \/>\u00a0<br \/>Titolo mostra: Retrospection<br \/>Artisti: Giuseppe Capitano, Eva Caridi, Davide Coltro, Daniele D\u2019Acquisto<br \/>Curatore: Lorenzo Madaro<br \/>un progetto espositivo promosso da Theutra, Oasimed e Novamusa<br \/>con la stretta collaborazione di A100 Gallery (Galatina) e Gagliardi Art System (Torino)<br \/>con il patrocinio dell\u2019assessorato al turismo, spettacoli e marketing territoriale del Comune di Lecce<br \/>Dove: Castello Carlo V, viale XXV luglio, Lecce<br \/>Quando: 24 luglio \u2013 6 settembre 2015<br \/>Inaugurazione: 24 luglio alle ore 19.00 alla presenza degli artisti<br \/>Info: 0832.24.65.17<br \/>\u00a0<\/p>\n<p>Il Castello Carlo V<br \/>\u00a0<br \/>Maestosa fortificazione, il\u00a0Castello Carlo V si trova nel cuore della citt\u00e0, a pochi passi da piazza Sant&#8217;Oronzo, proprio al confine tra la citt\u00e0 vecchia e il centro moderno. Fortemente rimaneggiata nel corso dei secoli, la struttura conserva l\u2019originale impianto trapezoidale con quattro imponenti bastioni angolari a punta di lancia. Due corpi concentrici, risalenti a epoche differenti e separati da un cortile intermedio, svelano le diverse fasi storiche vissute dal maniero.\u2028Il corpo centrale all\u2019interno dell\u2019edificio risale al XII secolo, mentre la cosiddetta\u00a0Torre Quadrata, il mastio quadrangolare inglobato nella costruzione cinquecentesca, \u00e8 probabilmente angioina.<\/p>\n<p>\u00a0<br \/>Gli artisti \/ biografie<br \/>\u00a0<br \/>\u00a0<br \/>\u00a0<br \/>GIUSEPPE CAPITANO<br \/>\u00a0<br \/>\u00a0<br \/>\u00c8 nato a Campobasso nel 1974. Vive e lavora a Roma.<br \/>\u00a0<br \/>\u00a0<br \/>Mostre personali (selezionate)<br \/>\u00a0<br \/>2014<br \/>\u00a0<br \/>L&#8217;opera unica. Un quadro al mese, Associazione culturale\u00a0 RO.SA.M, Venezia<br \/>\u00a0<br \/>2012<br \/>\u00a0<br \/>Artisti in residenza, a cura di G. Appella, MUSMA, Matera.<br \/>\u00a0<br \/>2011<br \/>\u00a0<br \/>Arborea parte seconda, fiori da combattimento, cibo per pappagalli, a cura di L. Cherubini, Galleria Diagonale, Roma<br \/>\u00a0<br \/>2010<br \/>\u00a0<br \/>La tana del Capitano, Galleria Diagonale, Roma<br \/>\u00a0<br \/>\u00a0<br \/>2009<br \/>\u00a0<br \/>Arborea, testi di L. Conte, D. Parisi, J. Ricciardi, Galleria Diagonale, Roma<br \/>\u00a0<br \/>Giuseppe Capitano, a cura di G. Madrigardi, Il Ponte Contemporanea, Roma; 2008<br \/>\u00a0<br \/>Fuori Scala, a cura di M. Cavallarin, Galleria Michela Rizzo, Venezia<br \/>\u00a0<br \/>Giuseppe Capitano. Qualcosa di giallo, Mart &#8211; Museo di Arte Contemporanea di Trento e Rovereto.<br \/>\u00a0<br \/>\u00a0<br \/>2007<br \/>\u00a0<br \/>Sala d\u2019armi, testo di M. Cavallarin, Accademia d\u2019Armi Aurelio Greco, Roma.<br \/>\u00a0<br \/>2006<br \/>\u00a0<br \/>Giuseppe Capitano, testi di A. Bonito Oliva, F. Sargentini, Associazione Culturale L\u2019Attico, Roma<br \/>\u00a0<br \/>2004<br \/>\u00a0<br \/>Giuseppe Capitano. Prima personale, testo di F. Sargentini, Associazione Culturale L\u2019Attico, Roma.<br \/>\u00a0<br \/>\u00a0<br \/>Mostre collettive (selezionate)<br \/>\u00a0<br \/>2015<br \/>\u00a0<br \/>It\u2019s all about paper, a cura di L. Madaro, A100 Gallery, Galatina (Lecce)<br \/>\u00a0<br \/>2014<br \/>\u00a0<br \/>Serpentopoli, a cura di F. Sargentini, Galleria L&#8217;Attico, Roma<br \/>\u00a0<br \/>\u00a0<br \/>2013<br \/>\u00a0<br \/>Natale 2012 al MUSMA. Presepi ed alberi di Natale d&#8217;artista, a cura di G. Appella, MUSMA, Matera<br \/>\u00a0<br \/>2012<br \/>\u00a0<br \/>PPP una polemica inversa. Omaggio a Pier Paolo Pasolini, a cura di F. Alivernini; comitato scientifico C. Benedetti, A. Bonito Oliva, G. Borgia, D. Maraini, Palazzo Incontro, Roma<br \/>\u00a0<br \/>Periplo della scultura italiana contemporanea 3, a cura di G. Appella, M. Ragozzino, Chiese rupestri Madonna della Virt\u00f9 e San Nicola dei Greci, MUSMA, Museo Nazionale d&#8217;arte Medievale e Moderna della Basilicata, Matera<br \/>\u00a0<br \/>Quaterna, a cura di F. Sargentini, Galleria L&#8217;Attico, Roma<br \/>\u00a0<br \/>2010<br \/>\u00a0<br \/>Hangar.09 Flying Circus, testi di F. Morgante e V. Di Paola, Creativeroom Art Gallery, Roma<br \/>\u00a0<br \/>2009<br \/>\u00a0<br \/>In Between, Une \u00e8trange familiarit\u00e8, a cura di E. Gauthey, F. Katz, F. Chernayovsky, Le Ch\u00e2teau, Mus\u00e9e de Nemours et Epokh\u00e9es, Nemours<br \/>\u00a0<br \/>Avvertenze Artistiche, a cura di M. Ratti ed E. Ladovaz, Mercati di Traiano Museo dei Fori Imperiali, Roma<br \/>\u00a0<br \/>Incipit, testi di F. D\u2019Amico e P. Bonani, Galleria Diagonale, Roma<br \/>\u00a0<br \/>2008<br \/>Natura e Arte in Certosa: Ortus Artis e Fresco Bosco, a cura di A. Bonito Oliva, Certosa di San Lorenzo, Padula (Salerno)<br \/>\u00a0<br \/>2007<br \/>\u00a0<br \/>ITALY 1970-2007, Tendencies of contemporary Research, a cura di G. Belli, L. Cherubini, G. Marziani, Vietnam National Museum of Fine Arts, Hanoi<br \/>\u00a0<br \/>S\/AGO\/ME.547, a cura di P. D\u2019Andrea, Ministero degli Affari Esteri, Roma<br \/>\u00a0<br \/>2006<br \/>\u00a0<br \/>Scultori al muro. Capitano Corsini Nagasawa Nunzio Pascali, a cura di F. Sargentini, Galleria L\u2019Attico, Roma<br \/>\u00a0<br \/>\u00a0<br \/>2003<br \/>\u00a0<br \/>Inchiostro Indelebile. Impronte a regola d\u2019arte, a cura di D. Giglio, MACRO, Roma<br \/>\u00a0<br \/>\u00a0<br \/>\u00a0<br \/>\u00a0<br \/>\u00a0<br \/>EVA CARIDI<br \/>\u00a0<br \/>\u00c8 nata a Corfu, dove vive e lavora, nel 1972<br \/>\u00a0<br \/>\u00a0<br \/>Mostre personali (selezionate)<br \/>\u00a0<br \/>2013<br \/>\u00a0<br \/>Terra Nullius Genesis Gallery, a cura di I. Kritikou, Atene<br \/>\u00a0<br \/>Windows of illusion, Palazzo della Cultura, Galatina<br \/>\u00a0<br \/>Tempus Fugit, ex conservatorio di Sant&#8217;Anna, Lecce<br \/>\u00a0<br \/>2011<br \/>\u00a0<br \/>Nude, Westminster University, a cura di F. Nannini, Londra &#8211;\u00a0Mixed media, Corfu Imperial Hotel, Corfu<br \/>\u00a0<br \/>2008<br \/>\u00a0<br \/>When did you leave heaven?, ex Conservatorio di Sant&#8217;Anna, Lecce<br \/>\u00a0<br \/>1997<br \/>\u00a0<br \/>Mixed Media, Municipal Theater, Corfu<br \/>\u00a0<br \/>\u00a0<br \/>Mostre collettive (selezionate)<br \/>\u00a0<br \/>2014<br \/>\u00a0<br \/>Approdi, a cura di L. Madaro, con il coordinamento di A100 Gallery, castello di Acaya (Lecce)<br \/>\u00a0<br \/>2008<br \/>\u00a0<br \/>Biennale del Cairo, Cairo<br \/>\u00a0<br \/>2007<br \/>\u00a0<br \/>XXIV Alexandria International Biennal for Mediterranean Countries, Alessandria<br \/>\u00a0<br \/>2006<br \/>\u00a0<br \/>Municipal Art Gallery, Corfu<br \/>\u00a0<br \/>\u00a0<br \/>2004<br \/>\u00a0<br \/>Louvre Museum: Salon de la Nationale des Beaux Arts, Parigi &#8211;\u00a0Art Concept Festival Video Installation, San Pietroburgo &#8211;\u00a0CAB Library Cultural Center of Brazil, Vienna<br \/>\u00a0<br \/>\u00a0<br \/>2005<br \/>\u00a0<br \/>Biennale Internazionale dell\u2019Arte contemporanea, Firenze<br \/>Art Domain Gallery Palm Art Award, Leipzig<br \/>Biennale d&#8217;arte contemporanea, Arad &#8211;\u00a0Arts-Siences-Lettres, Parigi<br \/>\u00a0<br \/>2004<br \/>\u00a0<br \/>Societe des Artistes Francais &#8211;\u00a0Academia National de Artes &#8211;\u00a0Plasticas, San Paolo &#8211;\u00a0Manhattan Arts: The Healing Power of Art, New York<br \/>\u00a0<br \/>2003<br \/>\u00a0<br \/>Academia National de Artes Plasticas, San Paolo &#8211;\u00a0Artempresa Gallery, Figureheads, Cordoba<br \/>\u00a0<br \/>\u00a0<br \/>Monumenti pubblici (Selezionati)<br \/>\u00a0<br \/>Readers Society di Corfu, aereoporto Nazionale di Corfu;\u00a0 Ioannis Kapodistrias, Giardini Pubblici di Corfu &#8211;\u00a0Scultura dei fratelli Durell, Corfu<br \/>\u00a0<br \/>\u00a0<br \/>2002<br \/>\u00a0<br \/>Salon D&#8217;automne, Parigi<br \/>\u00a0<br \/>\u00a0<br \/>Workshop (Selezionati)<br \/>\u00a0<br \/>2008<br \/>\u00a0<br \/>Simposio internazionale di scultura, Cairo<br \/>\u00a0<br \/>2006<br \/>\u00a0<br \/>AAW International Workshop, Alessandria<br \/>\u00a0<br \/>\u00a0<br \/>\u00a0<br \/>\u00a0<br \/>\u00a0<br \/>\u00a0<br \/>\u00a0<br \/>\u00a0<br \/>DAVIDE COLTRO<br \/>\u00a0<br \/>\u00a0<br \/>\u00c8 nato a Verona nel 1967. Vive e lavora a Milano<br \/>\u00a0<br \/>Mostre personali (selezionate)<br \/>\u00a0<br \/>2015\u00a0\u00a0\u00a0\u00a0\u00a0\u00a0\u00a0\u00a0\u00a0\u00a0\u00a0\u00a0\u00a0\u00a0\u00a0\u00a0\u00a0\u00a0\u00a0\u00a0\u00a0\u00a0\u00a0\u00a0\u00a0\u00a0\u00a0\u00a0\u00a0\u00a0\u00a0\u00a0\u00a0\u00a0\u00a0\u00a0\u00a0\u00a0\u00a0\u00a0\u00a0\u00a0\u00a0\u00a0\u00a0\u00a0\u00a0\u00a0\u00a0\u00a0\u00a0\u00a0\u00a0\u00a0\u00a0\u00a0\u00a0\u00a0\u00a0\u00a0\u00a0\u00a0\u00a0\u00a0\u00a0\u00a0\u00a0\u00a0\u00a0\u00a0\u00a0\u00a0\u00a0\u00a0\u00a0\u00a0\u00a0\u00a0\u00a0\u00a0\u00a0\u00a0\u00a0\u00a0\u00a0\u00a0\u00a0\u00a0\u00a0\u00a0\u00a0\u00a0\u00a0\u00a0\u00a0\u00a0\u00a0\u00a0\u00a0\u00a0\u00a0\u00a0\u00a0\u00a0\u00a0\u00a0\u00a0\u00a0\u00a0\u00a0\u00a0\u00a0\u00a0\u00a0\u00a0\u00a0\u00a0\u00a0\u00a0\u00a0\u00a0\u00a0\u00a0\u00a0\u00a0\u00a0\u00a0\u00a0\u00a0\u00a0\u00a0\u00a0\u00a0\u00a0\u00a0\u00a0\u00a0\u00a0\u00a0\u00a0\u00a0\u00a0\u00a0\u00a0\u00a0\u00a0\u00a0\u00a0\u00a0\u00a0\u00a0\u00a0\u00a0\u00a0\u00a0\u00a0\u00a0\u00a0\u00a0\u00a0\u00a0\u00a0\u00a0\u00a0\u00a0\u00a0\u00a0\u00a0\u00a0 \u00a0\u00a0\u00a0\u00a0\u00a0\u00a0\u00a0\u00a0\u00a0\u00a0 <br \/>\u00a0<br \/>Le ibridi alterit\u00e0 della natura, Nea, Napoli\u00a0\u00a0\u00a0\u00a0\u00a0\u00a0\u00a0\u00a0\u00a0\u00a0\u00a0\u00a0\u00a0\u00a0\u00a0\u00a0\u00a0\u00a0\u00a0\u00a0\u00a0\u00a0\u00a0\u00a0\u00a0\u00a0\u00a0\u00a0\u00a0\u00a0\u00a0\u00a0\u00a0\u00a0\u00a0\u00a0\u00a0\u00a0\u00a0\u00a0\u00a0\u00a0\u00a0\u00a0\u00a0\u00a0\u00a0\u00a0\u00a0\u00a0\u00a0\u00a0\u00a0\u00a0\u00a0\u00a0\u00a0\u00a0\u00a0\u00a0\u00a0\u00a0\u00a0\u00a0\u00a0\u00a0\u00a0\u00a0\u00a0\u00a0\u00a0\u00a0\u00a0\u00a0\u00a0\u00a0\u00a0\u00a0\u00a0\u00a0\u00a0\u00a0\u00a0\u00a0\u00a0\u00a0\u00a0\u00a0\u00a0\u00a0\u00a0\u00a0\u00a0\u00a0\u00a0\u00a0\u00a0\u00a0\u00a0\u00a0\u00a0\u00a0\u00a0\u00a0 <br \/>\u00a0<br \/>Arboresecenze, Paolo Maria Denaesi\u00a0gallery, Trento\u00a0\u00a0\u00a0\u00a0\u00a0\u00a0\u00a0\u00a0\u00a0\u00a0\u00a0\u00a0\u00a0\u00a0\u00a0\u00a0\u00a0\u00a0\u00a0\u00a0\u00a0\u00a0\u00a0\u00a0\u00a0\u00a0\u00a0\u00a0\u00a0\u00a0\u00a0\u00a0\u00a0\u00a0\u00a0\u00a0\u00a0\u00a0\u00a0\u00a0 \u00a0\u00a0\u00a0\u00a0\u00a0\u00a0\u00a0\u00a0\u00a0\u00a0\u00a0\u00a0\u00a0\u00a0\u00a0\u00a0\u00a0\u00a0\u00a0\u00a0\u00a0\u00a0\u00a0\u00a0\u00a0\u00a0\u00a0\u00a0\u00a0\u00a0\u00a0\u00a0\u00a0\u00a0\u00a0\u00a0\u00a0\u00a0\u00a0\u00a0\u00a0\u00a0\u00a0\u00a0\u00a0\u00a0\u00a0\u00a0\u00a0\u00a0\u00a0\u00a0\u00a0\u00a0\u00a0\u00a0\u00a0\u00a0\u00a0\u00a0\u00a0\u00a0\u00a0\u00a0\u00a0\u00a0\u00a0\u00a0\u00a0\u00a0\u00a0\u00a0\u00a0\u00a0\u00a0\u00a0\u00a0\u00a0\u00a0\u00a0\u00a0\u00a0\u00a0\u00a0\u00a0\u00a0\u00a0\u00a0\u00a0\u00a0\u00a0\u00a0\u00a0\u00a0\u00a0\u00a0\u00a0\u00a0\u00a0\u00a0\u00a0\u00a0\u00a0\u00a0\u00a0\u00a0\u00a0\u00a0\u00a0\u00a0\u00a0\u00a0\u00a0\u00a0\u00a0\u00a0\u00a0\u00a0\u00a0\u00a0\u00a0\u00a0\u00a0\u00a0\u00a0\u00a0\u00a0\u00a0\u00a0\u00a0\u00a0\u00a0\u00a0\u00a0\u00a0\u00a0\u00a0\u00a0\u00a0\u00a0\u00a0\u00a0\u00a0\u00a0\u00a0\u00a0\u00a0\u00a0\u00a0\u00a0\u00a0\u00a0\u00a0\u00a0\u00a0\u00a0\u00a0\u00a0\u00a0\u00a0\u00a0\u00a0\u00a0\u00a0\u00a0\u00a0\u00a0\u00a0\u00a0\u00a0\u00a0\u00a0\u00a0\u00a0\u00a0\u00a0\u00a0\u00a0\u00a0\u00a0\u00a0\u00a0\u00a0\u00a0\u00a0\u00a0\u00a0\u00a0\u00a0\u00a0\u00a0\u00a0\u00a0\u00a0\u00a0\u00a0\u00a0\u00a0\u00a0\u00a0\u00a0\u00a0\u00a0\u00a0\u00a0\u00a0\u00a0\u00a0\u00a0\u00a0\u00a0\u00a0\u00a0\u00a0\u00a0\u00a0\u00a0\u00a0\u00a0\u00a0\u00a0\u00a0\u00a0\u00a0\u00a0\u00a0\u00a0\u00a0\u00a0\u00a0\u00a0\u00a0\u00a0\u00a0\u00a0\u00a0\u00a0\u00a0\u00a0\u00a0\u00a0\u00a0\u00a0\u00a0\u00a0\u00a0\u00a0\u00a0\u00a0\u00a0\u00a0\u00a0\u00a0\u00a0\u00a0\u00a0\u00a0\u00a0\u00a0\u00a0\u00a0\u00a0\u00a0\u00a0\u00a0 <br \/>\u00a0<br \/>2013<br \/>Inter Mirifica 2.0, Gagliardi Art System, Torino<br \/>Crux per crucem ad lucem, testi di M. Dolz, D. Ferrari, chiesa di San Raffaele, Milano<br \/>\u00a0<br \/>2010 <br \/>Living Shrouds, a cura di S. Girardi, testo critico di E. Forin, Mark Wolf Contemporary Art \u2013 San Francisco <br \/>2009 <br \/>Davide Coltro, a cura di C. Canali, Palazzo della Rosa Prati, Parma <br \/>2007 <br \/>Tonalit\u00e0 Numeriche, a cura di A. Carrer, Mandelli Arte Contemporanea, Seregno (Milano)<br \/>\u00a0<br \/>Medium Color Landscapes, a cura di L. Radin, Galleria Planetario, Trieste <br \/>2006 <br \/>Systems, a cura di A. Carrer, Mark Wolfe Contemporary Art, San Francisco<br \/>\u00a0<br \/>2005 <br \/>System, a cura di M. Sciaccaluga, Galleria La Giarina, Verona <br \/>System, a cura di L. Beatrice, Galleria Gas Gallery, Torino<br \/>\u00a0<br \/>\u00a0<br \/>2003 <br \/>Misteri, a cura di G. Marziani, Galleria San Salvatore, Modena <br \/>Misteri, a cura di M. Di Marzio, Zonca &amp; Zonca, Milano<br \/>Misteri, a cura di C. Bertoni, Galleria La Giarina, Verona <br \/>\u00a0<br \/>2002 <br \/>Censimento dei Viventi, a cura di M. Di Marzio, Spazio Obraz, Milano<br \/>\u00a0<br \/>\u00a0<br \/>2001 <br \/>Censimento dei Viventi, a cura di C. Bretoni, Magazzini Generali, Verona<br \/>\u00a0<br \/>Censimento dei Viventi, a cura di L. Meneghelli, Young Museum, Mantova<br \/>\u00a0<br \/>\u00a0<br \/>Mostre collettive (selezionate)<br \/>\u00a0<br \/>2014\u00a0\u00a0\u00a0\u00a0\u00a0\u00a0\u00a0\u00a0\u00a0\u00a0\u00a0\u00a0\u00a0\u00a0\u00a0\u00a0\u00a0\u00a0\u00a0\u00a0\u00a0\u00a0\u00a0\u00a0\u00a0\u00a0\u00a0\u00a0\u00a0\u00a0\u00a0\u00a0\u00a0\u00a0\u00a0\u00a0\u00a0\u00a0\u00a0\u00a0\u00a0\u00a0\u00a0\u00a0\u00a0\u00a0\u00a0\u00a0\u00a0\u00a0\u00a0\u00a0\u00a0\u00a0\u00a0\u00a0\u00a0\u00a0\u00a0\u00a0\u00a0\u00a0\u00a0\u00a0\u00a0\u00a0\u00a0\u00a0\u00a0\u00a0\u00a0\u00a0\u00a0\u00a0\u00a0\u00a0\u00a0\u00a0\u00a0\u00a0\u00a0\u00a0\u00a0\u00a0\u00a0 \u00a0\u00a0\u00a0\u00a0\u00a0\u00a0\u00a0\u00a0\u00a0\u00a0\u00a0\u00a0\u00a0\u00a0\u00a0\u00a0\u00a0\u00a0\u00a0\u00a0\u00a0\u00a0\u00a0\u00a0\u00a0\u00a0\u00a0\u00a0\u00a0\u00a0\u00a0\u00a0\u00a0\u00a0\u00a0\u00a0\u00a0\u00a0\u00a0\u00a0\u00a0\u00a0\u00a0\u00a0\u00a0\u00a0\u00a0\u00a0\u00a0\u00a0\u00a0\u00a0\u00a0\u00a0\u00a0\u00a0\u00a0\u00a0\u00a0\u00a0\u00a0\u00a0\u00a0\u00a0\u00a0\u00a0\u00a0\u00a0\u00a0\u00a0\u00a0\u00a0\u00a0\u00a0\u00a0\u00a0\u00a0\u00a0\u00a0\u00a0\u00a0\u00a0\u00a0\u00a0\u00a0\u00a0\u00a0\u00a0\u00a0\u00a0\u00a0\u00a0\u00a0\u00a0\u00a0\u00a0 <br \/>\u00a0<br \/>Inediti, Gagliardi Art System, Torino\u00a0\u00a0\u00a0\u00a0\u00a0\u00a0\u00a0\u00a0\u00a0\u00a0\u00a0\u00a0\u00a0\u00a0\u00a0\u00a0\u00a0\u00a0\u00a0\u00a0\u00a0\u00a0\u00a0\u00a0\u00a0\u00a0\u00a0\u00a0\u00a0\u00a0\u00a0\u00a0\u00a0\u00a0\u00a0\u00a0\u00a0\u00a0\u00a0\u00a0\u00a0\u00a0\u00a0\u00a0\u00a0\u00a0\u00a0\u00a0\u00a0\u00a0\u00a0\u00a0\u00a0\u00a0\u00a0\u00a0\u00a0\u00a0\u00a0\u00a0\u00a0\u00a0\u00a0\u00a0\u00a0\u00a0\u00a0\u00a0\u00a0\u00a0\u00a0\u00a0\u00a0\u00a0\u00a0\u00a0\u00a0\u00a0\u00a0\u00a0\u00a0\u00a0\u00a0\u00a0\u00a0\u00a0\u00a0\u00a0\u00a0\u00a0\u00a0\u00a0\u00a0\u00a0\u00a0\u00a0\u00a0\u00a0\u00a0\u00a0\u00a0\u00a0\u00a0\u00a0\u00a0\u00a0\u00a0\u00a0\u00a0\u00a0\u00a0\u00a0\u00a0\u00a0\u00a0\u00a0\u00a0\u00a0\u00a0 \u00a0\u00a0\u00a0\u00a0\u00a0\u00a0\u00a0\u00a0\u00a0\u00a0\u00a0 <br \/>\u00a0<br \/>2013<br \/>On al quadrato, via Telemaco Signorini, Bologna<br \/>2012<br \/>Grow up, a cura di G. Gradassi, Marche centro d&#8217;Arte, San Benedetto del Tronto<br \/>\u00a0<br \/>Le stagioni del Carteggio Aspern, Giardino Palazzo Soranzo Cappello, Venezia<br \/>While in \/ Nel mentre, a cura di G. Pasi, Galleria ZAK, Monteriggioni, Siena<br \/>ON,\u00a0Hangar 6, Trezzano sul Naviglio, Milano<br \/>2011 <br \/>Supervues, petite surface de l&#8217;art contemporain, Hotel Burrhus, Vaison-la-Romaine<br \/>Arteractive, Arte Interattivit\u00e0 e Reti Sociali, Urban Center, Milano<br \/>VAF-Stiftung 1947\/2010, a cura di G. Belli, D. Ferrari, MART, Rovereto<br \/>\u00a0<br \/>Ritratti Imperfetti,\u00a0a cura di P. Nuzzo, GAM ,Palazzo Forti, Verona<br \/>\u00a0<br \/>VETO, Gagliardi Art System, Torino<br \/>III Edizione Premio Maretti, Centro per l\u2019Arte contemporanea Luigi Pecci, Prato <br \/>800 versus \u2018900. Tra passato e presente, cura di G. Belli in collaborazione con A. Tiddia,\u00a0Mart di Rovereto<br \/>VIII Invisibilia, Galleria d\u2019arte Moderna Palazzo Forti, Verona<br \/>2010 <br \/>Bye Bye Vittorio!, Gagliardi Art System, Torino <br \/>Quershnitt3, Gagliardi Art System, Torino <br \/>Sconnessione, a cura di C. Morato, La Giarina Arte Contemporanea, Verona<br \/>\u00a0<br \/>IT Today Arte italiana, a cura di E. L. Smith, Istituto Italiano di Cultura San Francisco\u00a0Living Shrouds, Fondazione Durini, Milano <br \/>Digital Brains, a cura di A. Trabucco, Artandgallery, Milano <br \/>2009\u00a0\u2028Collectors\u2019Choice II, a cura di A. F. Beitin, Museo ZKM, Karlrsuhe, Germania<br \/>\u00a0<br \/>L\u2019Anima dell\u2019acqua, a cura di A. Crespi, E. Fontanella, Palazzo della Ca\u2019 D\u2019oro, Venezia, 53a Biennale<br \/>Good Luck, Miha, Gagliardi Art System, Torino <br \/>Rolly Days, Palazzo di Tobia Pallavicino, Comune di Genova in collaborazione con l\u2019Assessorato all\u2019innovazione dei Saperi e Direzione Musei <br \/>NoLand-scape La sparizione del paesaggio, testo di L. Beatrice, Fondazione Bandera per l\u2019arte \u2013 Busto Arsizio (Varese)<br \/>\u00a0<br \/>Skin Life, Gagliardi Art System, Torino <br \/>2008 <br \/>Work in Progress, a cura di E. Forin, Galleria La Giarina, Verona <br \/>Storytellers, Gagliardi Art System, Torino \u2028<br \/>Lavori in collezioni pubbliche\u00a0\u2028\u20282007<br \/>CIMAC- Museo Arte Contemporanea, Milano <br \/>2006<br \/>Palazzo Forti \u2013 collezione permanente, Verona \u2028Unicredit, collezione d\u2019arte contemporanea<br \/>2004 <br \/>M.A.C.I., Isernia <br \/>2002<br \/>Collezione Panza di Biumo<br \/>2001<br \/>Young Museum, Mantova<br \/>\u00a0<br \/>\u00a0<br \/>\u00a0<br \/>DANIELE D\u2019ACQUISTO<br \/>\u00a0<br \/>\u00c8 nato a Taranto nel 1978; vive e lavora a Fiorenzuola D\u2019Arda (PC)<br \/>Mostre personali (selezionate)<br \/>2015<br \/>Forming, a cura di L. Madaro, Galleria 22,48mt2, Parigi<br \/>2014<br \/>S-Reverse, a cura di L. Madaro, Fondazione Museo Pino Pascali, Polignano a mare (Bari)<br \/>Strings, a cura di A. Zanchetta, MAC Lissone\u20282013<br \/>Strings, Galerie Territoires Partag\u00e9s, Marseillle<br \/>Volta NY 13, The Pool NYC, New York<br \/>2012<br \/>F-V +\/-Space (Proliferation), testo di A. Zanchetta, Gagliardi Art System, Torino<br \/>2011<br \/>F-V Prelude (Dust), testo di C. Canali, Gagliardi Art System, Torino<br \/>2010<br \/>Golden Record, Take Off, testo di C. Canali, SuperstudioPi\u00f9, Milano\u2028Permanent Eclipse, testo di L. De Venere, Muratcentoventidue Artecontemporanea, Bari<br \/>2009<br \/>GoRe, testo di F. Poli, Gagliardi Art System, Torino<br \/>2007<br \/>Waiting For&#8230;, testo di M. Vescovo, Gagliardi Art System, Torino<br \/>Mostre collettive (selezionate)<br \/>2015<br \/>It\u2019s all about paper, a cura di L. Madaro, A100 Gallery, Galatina (Lecce)<br \/>2014<br \/>High Resolution, Gagliardi Art System, Torino<br \/>A l\u2019heure du dessin, Chateau de Servieres, Marseille<br \/>Aggiustare lo sguardo, a cura di Angela Madesani, Gagliardi Art System, Torino<br \/>2013<br \/>SUPERVUES, Petit surface de l\u2019art contemporain, Hotel Burrhus, Vaison La Romaine<br \/>Studi Aperti, a cura di F. Gattoni, G. Caione, Museo Tornielli, Ameno (Novara)<br \/>(P) Parerga &amp; Paralipomena della Pittura, a cura di A. Zanchetta, Bonelli LAB, Canneto sull\u2019Oglio (Mantova)<br \/>2012<br \/>No.2, Nesrin Esirtgen Collection, Istanbul<br \/>2010<br \/>Bye Bye Vittorio!, Gagliardi Art System, Torino<br \/>In Sede, Tempi Precari, a cura di F. Poli, E. Lenhard), sedi varie, Torino<br \/>The White Cellar, a cura di C. Canali, Ex-Palazzo Fiat, Torino<br \/>Querschnitt 3, Sezione Trasversale, Gagliardi Art System, Torino\u2028Storytellers 7 artisti \/ 7 racconti, Gagliardi Art System, Torino<br \/>2006<br \/>GAP, a cura di L. De Venere, M. Di Tursi, A. Marino), Sala Murat, Bari<br \/>\u20282005<br \/>Altri Fantasmi, a cura di N. Mangione, L. Carcano, Gagliardi Art System \/ Ermanno Tedeschi \/ In Arco, Torino<br \/>Quotidiana05, a cura di V. Baradel, G. Bartorelli, S. Schiavon, Museo Civico al Santo, Padova<br \/>Fiere (selezionate)<br \/>Volta NY (2013); Scope New York (2013, 2010); Scope Miami (2013, 2012, 2011, 2009);\u00a0 Scope Basel (2014, 2013, 2011, 2015); Arte Fiera, Art First, Bologna (2012, 2011);\u00a0\u00a0 The Road to Contemporary Art, Rome (2011); Swab, Barcelona (2011). <br \/>\u00a0<\/p>\n","protected":false},"excerpt":{"rendered":"<p>Dal 24 luglio al 6 settembre 2015 nel castello Carlo V di Lecce RetrospectionGiuseppe Capitano &#8211; Eva Caridi &#8211; Davide<\/p>\n","protected":false},"author":1,"featured_media":0,"comment_status":"open","ping_status":"open","sticky":false,"template":"","format":"standard","meta":[],"categories":[27],"tags":[],"yoast_head":"<!-- This site is optimized with the Yoast SEO plugin v18.0 - https:\/\/yoast.com\/wordpress\/plugins\/seo\/ -->\n<title>Retrospection. Arte contemporanea al Carlo V | Arte e Luoghi<\/title>\n<meta name=\"robots\" content=\"index, follow, max-snippet:-1, max-image-preview:large, max-video-preview:-1\" \/>\n<link rel=\"canonical\" href=\"https:\/\/arteeluoghi.it\/index.php\/2015\/07\/19\/retrospection-arte-contemporanea-al-carlo-v\/\" \/>\n<meta property=\"og:locale\" content=\"it_IT\" \/>\n<meta property=\"og:type\" content=\"article\" \/>\n<meta property=\"og:title\" content=\"Retrospection. Arte contemporanea al Carlo V | Arte e Luoghi\" \/>\n<meta property=\"og:description\" content=\"Dal 24 luglio al 6 settembre 2015 nel castello Carlo V di Lecce RetrospectionGiuseppe Capitano &#8211; Eva Caridi &#8211; Davide\" \/>\n<meta property=\"og:url\" content=\"https:\/\/arteeluoghi.it\/index.php\/2015\/07\/19\/retrospection-arte-contemporanea-al-carlo-v\/\" \/>\n<meta property=\"og:site_name\" content=\"Arte e Luoghi\" \/>\n<meta property=\"article:publisher\" content=\"https:\/\/www.facebook.com\/ArteELuoghi\/\" \/>\n<meta property=\"article:published_time\" content=\"2015-07-19T15:07:52+00:00\" \/>\n<meta property=\"article:modified_time\" content=\"2017-08-06T01:29:54+00:00\" \/>\n<meta property=\"og:image\" content=\"https:\/\/arteeluoghi.it\/images\/Daniele%20DAcquisto%20GoRe%202008%20installazione.%20Courtesy%20GAS-Gagliardi%20Art%20System%20Torino.jpg\" \/>\n<meta name=\"twitter:card\" content=\"summary\" \/>\n<meta name=\"twitter:creator\" content=\"@arteeluoghi\" \/>\n<meta name=\"twitter:site\" content=\"@arteeluoghi\" \/>\n<meta name=\"twitter:label1\" content=\"Scritto da\" \/>\n\t<meta name=\"twitter:data1\" content=\"Staff\" \/>\n\t<meta name=\"twitter:label2\" content=\"Tempo di lettura stimato\" \/>\n\t<meta name=\"twitter:data2\" content=\"11 minuti\" \/>\n<script type=\"application\/ld+json\" class=\"yoast-schema-graph\">{\"@context\":\"https:\/\/schema.org\",\"@graph\":[{\"@type\":\"Organization\",\"@id\":\"https:\/\/arteeluoghi.it\/#organization\",\"name\":\"Arte e Luoghi\",\"url\":\"https:\/\/arteeluoghi.it\/\",\"sameAs\":[\"https:\/\/www.facebook.com\/ArteELuoghi\/\",\"https:\/\/www.instagram.com\/arteeluoghi\/?hl=it\",\"https:\/\/www.youtube.com\/channel\/UCuRVc4JW4-C5sg9rQB-srkw?view_as=subscriber\",\"https:\/\/twitter.com\/arteeluoghi\"],\"logo\":{\"@type\":\"ImageObject\",\"@id\":\"https:\/\/arteeluoghi.it\/#logo\",\"inLanguage\":\"it-IT\",\"url\":\"https:\/\/arteeluoghi.it\/wp-content\/uploads\/2018\/08\/logoinstagramarte.jpg\",\"contentUrl\":\"https:\/\/arteeluoghi.it\/wp-content\/uploads\/2018\/08\/logoinstagramarte.jpg\",\"width\":150,\"height\":150,\"caption\":\"Arte e Luoghi\"},\"image\":{\"@id\":\"https:\/\/arteeluoghi.it\/#logo\"}},{\"@type\":\"WebSite\",\"@id\":\"https:\/\/arteeluoghi.it\/#website\",\"url\":\"https:\/\/arteeluoghi.it\/\",\"name\":\"Arte e Luoghi\",\"description\":\"Mensile di arte, cultura, turismo e curiosit\u00e0\",\"publisher\":{\"@id\":\"https:\/\/arteeluoghi.it\/#organization\"},\"potentialAction\":[{\"@type\":\"SearchAction\",\"target\":{\"@type\":\"EntryPoint\",\"urlTemplate\":\"https:\/\/arteeluoghi.it\/?s={search_term_string}\"},\"query-input\":\"required name=search_term_string\"}],\"inLanguage\":\"it-IT\"},{\"@type\":\"ImageObject\",\"@id\":\"https:\/\/arteeluoghi.it\/index.php\/2015\/07\/19\/retrospection-arte-contemporanea-al-carlo-v\/#primaryimage\",\"inLanguage\":\"it-IT\",\"url\":\"\/images\/Daniele%20DAcquisto%20GoRe%202008%20installazione.%20Courtesy%20GAS-Gagliardi%20Art%20System%20Torino.jpg\",\"contentUrl\":\"\/images\/Daniele%20DAcquisto%20GoRe%202008%20installazione.%20Courtesy%20GAS-Gagliardi%20Art%20System%20Torino.jpg\"},{\"@type\":\"WebPage\",\"@id\":\"https:\/\/arteeluoghi.it\/index.php\/2015\/07\/19\/retrospection-arte-contemporanea-al-carlo-v\/#webpage\",\"url\":\"https:\/\/arteeluoghi.it\/index.php\/2015\/07\/19\/retrospection-arte-contemporanea-al-carlo-v\/\",\"name\":\"Retrospection. Arte contemporanea al Carlo V | Arte e Luoghi\",\"isPartOf\":{\"@id\":\"https:\/\/arteeluoghi.it\/#website\"},\"primaryImageOfPage\":{\"@id\":\"https:\/\/arteeluoghi.it\/index.php\/2015\/07\/19\/retrospection-arte-contemporanea-al-carlo-v\/#primaryimage\"},\"datePublished\":\"2015-07-19T15:07:52+00:00\",\"dateModified\":\"2017-08-06T01:29:54+00:00\",\"breadcrumb\":{\"@id\":\"https:\/\/arteeluoghi.it\/index.php\/2015\/07\/19\/retrospection-arte-contemporanea-al-carlo-v\/#breadcrumb\"},\"inLanguage\":\"it-IT\",\"potentialAction\":[{\"@type\":\"ReadAction\",\"target\":[\"https:\/\/arteeluoghi.it\/index.php\/2015\/07\/19\/retrospection-arte-contemporanea-al-carlo-v\/\"]}]},{\"@type\":\"BreadcrumbList\",\"@id\":\"https:\/\/arteeluoghi.it\/index.php\/2015\/07\/19\/retrospection-arte-contemporanea-al-carlo-v\/#breadcrumb\",\"itemListElement\":[{\"@type\":\"ListItem\",\"position\":1,\"name\":\"Home\",\"item\":\"https:\/\/arteeluoghi.it\/\"},{\"@type\":\"ListItem\",\"position\":2,\"name\":\"Retrospection. Arte contemporanea al Carlo V\"}]},{\"@type\":\"Article\",\"@id\":\"https:\/\/arteeluoghi.it\/index.php\/2015\/07\/19\/retrospection-arte-contemporanea-al-carlo-v\/#article\",\"isPartOf\":{\"@id\":\"https:\/\/arteeluoghi.it\/index.php\/2015\/07\/19\/retrospection-arte-contemporanea-al-carlo-v\/#webpage\"},\"author\":{\"@id\":\"https:\/\/arteeluoghi.it\/#\/schema\/person\/f84e814e36e91e01448ee07eaadd41d4\"},\"headline\":\"Retrospection. Arte contemporanea al Carlo V\",\"datePublished\":\"2015-07-19T15:07:52+00:00\",\"dateModified\":\"2017-08-06T01:29:54+00:00\",\"mainEntityOfPage\":{\"@id\":\"https:\/\/arteeluoghi.it\/index.php\/2015\/07\/19\/retrospection-arte-contemporanea-al-carlo-v\/#webpage\"},\"wordCount\":2128,\"commentCount\":0,\"publisher\":{\"@id\":\"https:\/\/arteeluoghi.it\/#organization\"},\"image\":{\"@id\":\"https:\/\/arteeluoghi.it\/index.php\/2015\/07\/19\/retrospection-arte-contemporanea-al-carlo-v\/#primaryimage\"},\"thumbnailUrl\":\"\/images\/Daniele%20DAcquisto%20GoRe%202008%20installazione.%20Courtesy%20GAS-Gagliardi%20Art%20System%20Torino.jpg\",\"articleSection\":[\"Arte\"],\"inLanguage\":\"it-IT\",\"potentialAction\":[{\"@type\":\"CommentAction\",\"name\":\"Comment\",\"target\":[\"https:\/\/arteeluoghi.it\/index.php\/2015\/07\/19\/retrospection-arte-contemporanea-al-carlo-v\/#respond\"]}]},{\"@type\":\"Person\",\"@id\":\"https:\/\/arteeluoghi.it\/#\/schema\/person\/f84e814e36e91e01448ee07eaadd41d4\",\"name\":\"Staff\",\"image\":{\"@type\":\"ImageObject\",\"@id\":\"https:\/\/arteeluoghi.it\/#personlogo\",\"inLanguage\":\"it-IT\",\"url\":\"https:\/\/secure.gravatar.com\/avatar\/49d2f9e46271bb04e19cebfaf141313a?s=96&d=blank&r=g\",\"contentUrl\":\"https:\/\/secure.gravatar.com\/avatar\/49d2f9e46271bb04e19cebfaf141313a?s=96&d=blank&r=g\",\"caption\":\"Staff\"}}]}<\/script>\n<!-- \/ Yoast SEO plugin. -->","yoast_head_json":{"title":"Retrospection. Arte contemporanea al Carlo V | Arte e Luoghi","robots":{"index":"index","follow":"follow","max-snippet":"max-snippet:-1","max-image-preview":"max-image-preview:large","max-video-preview":"max-video-preview:-1"},"canonical":"https:\/\/arteeluoghi.it\/index.php\/2015\/07\/19\/retrospection-arte-contemporanea-al-carlo-v\/","og_locale":"it_IT","og_type":"article","og_title":"Retrospection. Arte contemporanea al Carlo V | Arte e Luoghi","og_description":"Dal 24 luglio al 6 settembre 2015 nel castello Carlo V di Lecce RetrospectionGiuseppe Capitano &#8211; Eva Caridi &#8211; Davide","og_url":"https:\/\/arteeluoghi.it\/index.php\/2015\/07\/19\/retrospection-arte-contemporanea-al-carlo-v\/","og_site_name":"Arte e Luoghi","article_publisher":"https:\/\/www.facebook.com\/ArteELuoghi\/","article_published_time":"2015-07-19T15:07:52+00:00","article_modified_time":"2017-08-06T01:29:54+00:00","og_image":[{"url":"https:\/\/arteeluoghi.it\/images\/Daniele%20DAcquisto%20GoRe%202008%20installazione.%20Courtesy%20GAS-Gagliardi%20Art%20System%20Torino.jpg"}],"twitter_card":"summary","twitter_creator":"@arteeluoghi","twitter_site":"@arteeluoghi","twitter_misc":{"Scritto da":"Staff","Tempo di lettura stimato":"11 minuti"},"schema":{"@context":"https:\/\/schema.org","@graph":[{"@type":"Organization","@id":"https:\/\/arteeluoghi.it\/#organization","name":"Arte e Luoghi","url":"https:\/\/arteeluoghi.it\/","sameAs":["https:\/\/www.facebook.com\/ArteELuoghi\/","https:\/\/www.instagram.com\/arteeluoghi\/?hl=it","https:\/\/www.youtube.com\/channel\/UCuRVc4JW4-C5sg9rQB-srkw?view_as=subscriber","https:\/\/twitter.com\/arteeluoghi"],"logo":{"@type":"ImageObject","@id":"https:\/\/arteeluoghi.it\/#logo","inLanguage":"it-IT","url":"https:\/\/arteeluoghi.it\/wp-content\/uploads\/2018\/08\/logoinstagramarte.jpg","contentUrl":"https:\/\/arteeluoghi.it\/wp-content\/uploads\/2018\/08\/logoinstagramarte.jpg","width":150,"height":150,"caption":"Arte e Luoghi"},"image":{"@id":"https:\/\/arteeluoghi.it\/#logo"}},{"@type":"WebSite","@id":"https:\/\/arteeluoghi.it\/#website","url":"https:\/\/arteeluoghi.it\/","name":"Arte e Luoghi","description":"Mensile di arte, cultura, turismo e curiosit\u00e0","publisher":{"@id":"https:\/\/arteeluoghi.it\/#organization"},"potentialAction":[{"@type":"SearchAction","target":{"@type":"EntryPoint","urlTemplate":"https:\/\/arteeluoghi.it\/?s={search_term_string}"},"query-input":"required name=search_term_string"}],"inLanguage":"it-IT"},{"@type":"ImageObject","@id":"https:\/\/arteeluoghi.it\/index.php\/2015\/07\/19\/retrospection-arte-contemporanea-al-carlo-v\/#primaryimage","inLanguage":"it-IT","url":"\/images\/Daniele%20DAcquisto%20GoRe%202008%20installazione.%20Courtesy%20GAS-Gagliardi%20Art%20System%20Torino.jpg","contentUrl":"\/images\/Daniele%20DAcquisto%20GoRe%202008%20installazione.%20Courtesy%20GAS-Gagliardi%20Art%20System%20Torino.jpg"},{"@type":"WebPage","@id":"https:\/\/arteeluoghi.it\/index.php\/2015\/07\/19\/retrospection-arte-contemporanea-al-carlo-v\/#webpage","url":"https:\/\/arteeluoghi.it\/index.php\/2015\/07\/19\/retrospection-arte-contemporanea-al-carlo-v\/","name":"Retrospection. Arte contemporanea al Carlo V | Arte e Luoghi","isPartOf":{"@id":"https:\/\/arteeluoghi.it\/#website"},"primaryImageOfPage":{"@id":"https:\/\/arteeluoghi.it\/index.php\/2015\/07\/19\/retrospection-arte-contemporanea-al-carlo-v\/#primaryimage"},"datePublished":"2015-07-19T15:07:52+00:00","dateModified":"2017-08-06T01:29:54+00:00","breadcrumb":{"@id":"https:\/\/arteeluoghi.it\/index.php\/2015\/07\/19\/retrospection-arte-contemporanea-al-carlo-v\/#breadcrumb"},"inLanguage":"it-IT","potentialAction":[{"@type":"ReadAction","target":["https:\/\/arteeluoghi.it\/index.php\/2015\/07\/19\/retrospection-arte-contemporanea-al-carlo-v\/"]}]},{"@type":"BreadcrumbList","@id":"https:\/\/arteeluoghi.it\/index.php\/2015\/07\/19\/retrospection-arte-contemporanea-al-carlo-v\/#breadcrumb","itemListElement":[{"@type":"ListItem","position":1,"name":"Home","item":"https:\/\/arteeluoghi.it\/"},{"@type":"ListItem","position":2,"name":"Retrospection. Arte contemporanea al Carlo V"}]},{"@type":"Article","@id":"https:\/\/arteeluoghi.it\/index.php\/2015\/07\/19\/retrospection-arte-contemporanea-al-carlo-v\/#article","isPartOf":{"@id":"https:\/\/arteeluoghi.it\/index.php\/2015\/07\/19\/retrospection-arte-contemporanea-al-carlo-v\/#webpage"},"author":{"@id":"https:\/\/arteeluoghi.it\/#\/schema\/person\/f84e814e36e91e01448ee07eaadd41d4"},"headline":"Retrospection. Arte contemporanea al Carlo V","datePublished":"2015-07-19T15:07:52+00:00","dateModified":"2017-08-06T01:29:54+00:00","mainEntityOfPage":{"@id":"https:\/\/arteeluoghi.it\/index.php\/2015\/07\/19\/retrospection-arte-contemporanea-al-carlo-v\/#webpage"},"wordCount":2128,"commentCount":0,"publisher":{"@id":"https:\/\/arteeluoghi.it\/#organization"},"image":{"@id":"https:\/\/arteeluoghi.it\/index.php\/2015\/07\/19\/retrospection-arte-contemporanea-al-carlo-v\/#primaryimage"},"thumbnailUrl":"\/images\/Daniele%20DAcquisto%20GoRe%202008%20installazione.%20Courtesy%20GAS-Gagliardi%20Art%20System%20Torino.jpg","articleSection":["Arte"],"inLanguage":"it-IT","potentialAction":[{"@type":"CommentAction","name":"Comment","target":["https:\/\/arteeluoghi.it\/index.php\/2015\/07\/19\/retrospection-arte-contemporanea-al-carlo-v\/#respond"]}]},{"@type":"Person","@id":"https:\/\/arteeluoghi.it\/#\/schema\/person\/f84e814e36e91e01448ee07eaadd41d4","name":"Staff","image":{"@type":"ImageObject","@id":"https:\/\/arteeluoghi.it\/#personlogo","inLanguage":"it-IT","url":"https:\/\/secure.gravatar.com\/avatar\/49d2f9e46271bb04e19cebfaf141313a?s=96&d=blank&r=g","contentUrl":"https:\/\/secure.gravatar.com\/avatar\/49d2f9e46271bb04e19cebfaf141313a?s=96&d=blank&r=g","caption":"Staff"}}]}},"_links":{"self":[{"href":"https:\/\/arteeluoghi.it\/index.php\/wp-json\/wp\/v2\/posts\/2247"}],"collection":[{"href":"https:\/\/arteeluoghi.it\/index.php\/wp-json\/wp\/v2\/posts"}],"about":[{"href":"https:\/\/arteeluoghi.it\/index.php\/wp-json\/wp\/v2\/types\/post"}],"author":[{"embeddable":true,"href":"https:\/\/arteeluoghi.it\/index.php\/wp-json\/wp\/v2\/users\/1"}],"replies":[{"embeddable":true,"href":"https:\/\/arteeluoghi.it\/index.php\/wp-json\/wp\/v2\/comments?post=2247"}],"version-history":[{"count":1,"href":"https:\/\/arteeluoghi.it\/index.php\/wp-json\/wp\/v2\/posts\/2247\/revisions"}],"predecessor-version":[{"id":2931,"href":"https:\/\/arteeluoghi.it\/index.php\/wp-json\/wp\/v2\/posts\/2247\/revisions\/2931"}],"wp:attachment":[{"href":"https:\/\/arteeluoghi.it\/index.php\/wp-json\/wp\/v2\/media?parent=2247"}],"wp:term":[{"taxonomy":"category","embeddable":true,"href":"https:\/\/arteeluoghi.it\/index.php\/wp-json\/wp\/v2\/categories?post=2247"},{"taxonomy":"post_tag","embeddable":true,"href":"https:\/\/arteeluoghi.it\/index.php\/wp-json\/wp\/v2\/tags?post=2247"}],"curies":[{"name":"wp","href":"https:\/\/api.w.org\/{rel}","templated":true}]}}