{"id":2250,"date":"2015-07-26T21:39:15","date_gmt":"2015-07-26T19:39:15","guid":{"rendered":"http:\/\/arteeluoghi.it\/index.php\/2015\/07\/26\/jazz-tedesco-a-san-giorgio-jonico\/"},"modified":"2018-01-04T22:15:10","modified_gmt":"2018-01-04T21:15:10","slug":"jazz-tedesco-a-san-giorgio-jonico","status":"publish","type":"post","link":"https:\/\/arteeluoghi.it\/index.php\/2015\/07\/26\/jazz-tedesco-a-san-giorgio-jonico\/","title":{"rendered":"Jazz tedesco a San Giorgio Jonico"},"content":{"rendered":"<p style=\"text-align: left;\" align=\"center\"><img src=\"\/images\/schulze.jpg\" border=\"0\" title=\"Schultze Ehwald Duo\" width=\"300\" style=\"margin: 21px; border: 1px solid black; float: right;\" \/>Venerd\u00ec 31 luglio presso la Cooperativa Sociale Robert Owen di San Giorgio Jonico<\/p>\n<p><strong>Schultze-Ehwald Duo in concerto <\/strong><\/p>\n<p>di Stefano Dentice<\/p>\n<p>Un sodalizio fruttuoso e simbiotico quello tra il pianista Stefan Schultze e il sassofonista Peter Ehwald, consolidatosi e affinatosi nel corso degli anni, nel segno di un erudito interplay. Venerd\u00ec 31 luglio, il caratteristico giardino della Cooperativa Sociale Robert Owen di San Giorgio Jonico (Contrada Pasone \u2013 1), sar\u00e0 la suggestiva cornice che ospiter\u00e0 questo affiatato e intenso duo jazz tedesco. I due musicisti tedeschi eseguiranno i brani contenuti in \u201cGrasp\u201d, il loro disco di esordio licenziato dalla prestigiosa etichetta discografica \u201cWhyPlayJazz\u201d. \u00c8 un album trasudante di apollinea sensibilit\u00e0 compositiva, interpretativa ed espressiva, in cui aleggia costantemente un\u2019atmosfera eterea e onirica. Schultze \u00e8 uno tra i pianisti jazz teutonici pi\u00f9 luminescenti della sua generazione.<\/p>\n<p>  <!--more-->  <\/p>\n<p>Il suo playing \u00e8 profondamente ascetico e ispirato, imperlato da una sobria cantabilit\u00e0 che ammicca alla musica eurocolta. Le sue acclarate qualit\u00e0 artistiche sono riconosciute e apprezzate in tutto il mondo, in nazioni quali: Svizzera, Germania, Per\u00f9, Macedonia, Serbia, Bulgaria, Costa Rica, Italia e moltissime altre ancora. Suono avvolgente, riscaldante e vellutato, regale lirismo e colto virtuosismo rappresentano i segni particolari della carta d\u2019identit\u00e0 di Peter Ehwald. Grazie alle sue spiccate doti condivide palco e studio di registrazione con musicisti di rango mondiale, tra i quali: Clarence Penn, Gene Calderazzo, Dan Weiss, Scott Reeves, Anthony Pinciotti. Calca numerosi e prestigiosi palchi in giro per il mondo, in stati come: Inghilterra, Francia, Polonia, Spagna, Finlandia, Stati Uniti, Belgio, solo per citarne alcuni. Pertanto, tutti gli appassionati della buona e vera musica avranno la ghiotta opportunit\u00e0 di assistere a un concerto in grado di far vibrare le corde dell\u2019anima. Un evento di notevole interesse artistico-culturale ideato e fortemente voluto da: Acit Bari (Associazione Culturale Italo-Tedesca), Goethe Institut di Roma e Associazione Culturale Jonio Jazz.<\/p>\n<hr \/>\n<p>\u00a0<\/p>\n<p><strong>Venerd\u00ec 31 luglio, ore 21<br \/><\/strong><\/p>\n<p><strong>Cooperativa Sociale Robert Owen (San Giorgio Jonico \u2013 Contrada Pasone, 1)<\/strong><\/p>\n<p><strong>PER INFO: 349\/2862697 \u2013 348\/5567470<\/strong><\/p>\n","protected":false},"excerpt":{"rendered":"<p>Venerd\u00ec 31 luglio presso la Cooperativa Sociale Robert Owen di San Giorgio Jonico Schultze-Ehwald Duo in concerto di Stefano Dentice<\/p>\n","protected":false},"author":1,"featured_media":0,"comment_status":"open","ping_status":"open","sticky":false,"template":"","format":"standard","meta":[],"categories":[12],"tags":[],"yoast_head":"<!-- This site is optimized with the Yoast SEO plugin v18.0 - https:\/\/yoast.com\/wordpress\/plugins\/seo\/ -->\n<title>Jazz tedesco a San Giorgio Jonico | Arte e Luoghi<\/title>\n<meta name=\"robots\" content=\"index, follow, max-snippet:-1, max-image-preview:large, max-video-preview:-1\" \/>\n<link rel=\"canonical\" href=\"https:\/\/arteeluoghi.it\/index.php\/2015\/07\/26\/jazz-tedesco-a-san-giorgio-jonico\/\" \/>\n<meta property=\"og:locale\" content=\"it_IT\" \/>\n<meta property=\"og:type\" content=\"article\" \/>\n<meta property=\"og:title\" content=\"Jazz tedesco a San Giorgio Jonico | Arte e Luoghi\" \/>\n<meta property=\"og:description\" content=\"Venerd\u00ec 31 luglio presso la Cooperativa Sociale Robert Owen di San Giorgio Jonico Schultze-Ehwald Duo in concerto di Stefano Dentice\" \/>\n<meta property=\"og:url\" content=\"https:\/\/arteeluoghi.it\/index.php\/2015\/07\/26\/jazz-tedesco-a-san-giorgio-jonico\/\" \/>\n<meta property=\"og:site_name\" content=\"Arte e Luoghi\" \/>\n<meta property=\"article:publisher\" content=\"https:\/\/www.facebook.com\/ArteELuoghi\/\" \/>\n<meta property=\"article:published_time\" content=\"2015-07-26T19:39:15+00:00\" \/>\n<meta property=\"article:modified_time\" content=\"2018-01-04T21:15:10+00:00\" \/>\n<meta property=\"og:image\" content=\"https:\/\/arteeluoghi.it\/images\/schulze.jpg\" \/>\n<meta name=\"twitter:card\" content=\"summary\" \/>\n<meta name=\"twitter:creator\" content=\"@arteeluoghi\" \/>\n<meta name=\"twitter:site\" content=\"@arteeluoghi\" \/>\n<meta name=\"twitter:label1\" content=\"Scritto da\" \/>\n\t<meta name=\"twitter:data1\" content=\"Staff\" \/>\n\t<meta name=\"twitter:label2\" content=\"Tempo di lettura stimato\" \/>\n\t<meta name=\"twitter:data2\" content=\"2 minuti\" \/>\n<script type=\"application\/ld+json\" class=\"yoast-schema-graph\">{\"@context\":\"https:\/\/schema.org\",\"@graph\":[{\"@type\":\"Organization\",\"@id\":\"https:\/\/arteeluoghi.it\/#organization\",\"name\":\"Arte e Luoghi\",\"url\":\"https:\/\/arteeluoghi.it\/\",\"sameAs\":[\"https:\/\/www.facebook.com\/ArteELuoghi\/\",\"https:\/\/www.instagram.com\/arteeluoghi\/?hl=it\",\"https:\/\/www.youtube.com\/channel\/UCuRVc4JW4-C5sg9rQB-srkw?view_as=subscriber\",\"https:\/\/twitter.com\/arteeluoghi\"],\"logo\":{\"@type\":\"ImageObject\",\"@id\":\"https:\/\/arteeluoghi.it\/#logo\",\"inLanguage\":\"it-IT\",\"url\":\"https:\/\/arteeluoghi.it\/wp-content\/uploads\/2018\/08\/logoinstagramarte.jpg\",\"contentUrl\":\"https:\/\/arteeluoghi.it\/wp-content\/uploads\/2018\/08\/logoinstagramarte.jpg\",\"width\":150,\"height\":150,\"caption\":\"Arte e Luoghi\"},\"image\":{\"@id\":\"https:\/\/arteeluoghi.it\/#logo\"}},{\"@type\":\"WebSite\",\"@id\":\"https:\/\/arteeluoghi.it\/#website\",\"url\":\"https:\/\/arteeluoghi.it\/\",\"name\":\"Arte e Luoghi\",\"description\":\"Mensile di arte, cultura, turismo e curiosit\u00e0\",\"publisher\":{\"@id\":\"https:\/\/arteeluoghi.it\/#organization\"},\"potentialAction\":[{\"@type\":\"SearchAction\",\"target\":{\"@type\":\"EntryPoint\",\"urlTemplate\":\"https:\/\/arteeluoghi.it\/?s={search_term_string}\"},\"query-input\":\"required name=search_term_string\"}],\"inLanguage\":\"it-IT\"},{\"@type\":\"ImageObject\",\"@id\":\"https:\/\/arteeluoghi.it\/index.php\/2015\/07\/26\/jazz-tedesco-a-san-giorgio-jonico\/#primaryimage\",\"inLanguage\":\"it-IT\",\"url\":\"\/images\/schulze.jpg\",\"contentUrl\":\"\/images\/schulze.jpg\"},{\"@type\":\"WebPage\",\"@id\":\"https:\/\/arteeluoghi.it\/index.php\/2015\/07\/26\/jazz-tedesco-a-san-giorgio-jonico\/#webpage\",\"url\":\"https:\/\/arteeluoghi.it\/index.php\/2015\/07\/26\/jazz-tedesco-a-san-giorgio-jonico\/\",\"name\":\"Jazz tedesco a San Giorgio Jonico | Arte e Luoghi\",\"isPartOf\":{\"@id\":\"https:\/\/arteeluoghi.it\/#website\"},\"primaryImageOfPage\":{\"@id\":\"https:\/\/arteeluoghi.it\/index.php\/2015\/07\/26\/jazz-tedesco-a-san-giorgio-jonico\/#primaryimage\"},\"datePublished\":\"2015-07-26T19:39:15+00:00\",\"dateModified\":\"2018-01-04T21:15:10+00:00\",\"breadcrumb\":{\"@id\":\"https:\/\/arteeluoghi.it\/index.php\/2015\/07\/26\/jazz-tedesco-a-san-giorgio-jonico\/#breadcrumb\"},\"inLanguage\":\"it-IT\",\"potentialAction\":[{\"@type\":\"ReadAction\",\"target\":[\"https:\/\/arteeluoghi.it\/index.php\/2015\/07\/26\/jazz-tedesco-a-san-giorgio-jonico\/\"]}]},{\"@type\":\"BreadcrumbList\",\"@id\":\"https:\/\/arteeluoghi.it\/index.php\/2015\/07\/26\/jazz-tedesco-a-san-giorgio-jonico\/#breadcrumb\",\"itemListElement\":[{\"@type\":\"ListItem\",\"position\":1,\"name\":\"Home\",\"item\":\"https:\/\/arteeluoghi.it\/\"},{\"@type\":\"ListItem\",\"position\":2,\"name\":\"Jazz tedesco a San Giorgio Jonico\"}]},{\"@type\":\"Article\",\"@id\":\"https:\/\/arteeluoghi.it\/index.php\/2015\/07\/26\/jazz-tedesco-a-san-giorgio-jonico\/#article\",\"isPartOf\":{\"@id\":\"https:\/\/arteeluoghi.it\/index.php\/2015\/07\/26\/jazz-tedesco-a-san-giorgio-jonico\/#webpage\"},\"author\":{\"@id\":\"https:\/\/arteeluoghi.it\/#\/schema\/person\/f84e814e36e91e01448ee07eaadd41d4\"},\"headline\":\"Jazz tedesco a San Giorgio Jonico\",\"datePublished\":\"2015-07-26T19:39:15+00:00\",\"dateModified\":\"2018-01-04T21:15:10+00:00\",\"mainEntityOfPage\":{\"@id\":\"https:\/\/arteeluoghi.it\/index.php\/2015\/07\/26\/jazz-tedesco-a-san-giorgio-jonico\/#webpage\"},\"wordCount\":322,\"commentCount\":0,\"publisher\":{\"@id\":\"https:\/\/arteeluoghi.it\/#organization\"},\"image\":{\"@id\":\"https:\/\/arteeluoghi.it\/index.php\/2015\/07\/26\/jazz-tedesco-a-san-giorgio-jonico\/#primaryimage\"},\"thumbnailUrl\":\"\/images\/schulze.jpg\",\"articleSection\":[\"MUSICA\"],\"inLanguage\":\"it-IT\",\"potentialAction\":[{\"@type\":\"CommentAction\",\"name\":\"Comment\",\"target\":[\"https:\/\/arteeluoghi.it\/index.php\/2015\/07\/26\/jazz-tedesco-a-san-giorgio-jonico\/#respond\"]}]},{\"@type\":\"Person\",\"@id\":\"https:\/\/arteeluoghi.it\/#\/schema\/person\/f84e814e36e91e01448ee07eaadd41d4\",\"name\":\"Staff\",\"image\":{\"@type\":\"ImageObject\",\"@id\":\"https:\/\/arteeluoghi.it\/#personlogo\",\"inLanguage\":\"it-IT\",\"url\":\"https:\/\/secure.gravatar.com\/avatar\/49d2f9e46271bb04e19cebfaf141313a?s=96&d=blank&r=g\",\"contentUrl\":\"https:\/\/secure.gravatar.com\/avatar\/49d2f9e46271bb04e19cebfaf141313a?s=96&d=blank&r=g\",\"caption\":\"Staff\"}}]}<\/script>\n<!-- \/ Yoast SEO plugin. -->","yoast_head_json":{"title":"Jazz tedesco a San Giorgio Jonico | Arte e Luoghi","robots":{"index":"index","follow":"follow","max-snippet":"max-snippet:-1","max-image-preview":"max-image-preview:large","max-video-preview":"max-video-preview:-1"},"canonical":"https:\/\/arteeluoghi.it\/index.php\/2015\/07\/26\/jazz-tedesco-a-san-giorgio-jonico\/","og_locale":"it_IT","og_type":"article","og_title":"Jazz tedesco a San Giorgio Jonico | Arte e Luoghi","og_description":"Venerd\u00ec 31 luglio presso la Cooperativa Sociale Robert Owen di San Giorgio Jonico Schultze-Ehwald Duo in concerto di Stefano Dentice","og_url":"https:\/\/arteeluoghi.it\/index.php\/2015\/07\/26\/jazz-tedesco-a-san-giorgio-jonico\/","og_site_name":"Arte e Luoghi","article_publisher":"https:\/\/www.facebook.com\/ArteELuoghi\/","article_published_time":"2015-07-26T19:39:15+00:00","article_modified_time":"2018-01-04T21:15:10+00:00","og_image":[{"url":"https:\/\/arteeluoghi.it\/images\/schulze.jpg"}],"twitter_card":"summary","twitter_creator":"@arteeluoghi","twitter_site":"@arteeluoghi","twitter_misc":{"Scritto da":"Staff","Tempo di lettura stimato":"2 minuti"},"schema":{"@context":"https:\/\/schema.org","@graph":[{"@type":"Organization","@id":"https:\/\/arteeluoghi.it\/#organization","name":"Arte e Luoghi","url":"https:\/\/arteeluoghi.it\/","sameAs":["https:\/\/www.facebook.com\/ArteELuoghi\/","https:\/\/www.instagram.com\/arteeluoghi\/?hl=it","https:\/\/www.youtube.com\/channel\/UCuRVc4JW4-C5sg9rQB-srkw?view_as=subscriber","https:\/\/twitter.com\/arteeluoghi"],"logo":{"@type":"ImageObject","@id":"https:\/\/arteeluoghi.it\/#logo","inLanguage":"it-IT","url":"https:\/\/arteeluoghi.it\/wp-content\/uploads\/2018\/08\/logoinstagramarte.jpg","contentUrl":"https:\/\/arteeluoghi.it\/wp-content\/uploads\/2018\/08\/logoinstagramarte.jpg","width":150,"height":150,"caption":"Arte e Luoghi"},"image":{"@id":"https:\/\/arteeluoghi.it\/#logo"}},{"@type":"WebSite","@id":"https:\/\/arteeluoghi.it\/#website","url":"https:\/\/arteeluoghi.it\/","name":"Arte e Luoghi","description":"Mensile di arte, cultura, turismo e curiosit\u00e0","publisher":{"@id":"https:\/\/arteeluoghi.it\/#organization"},"potentialAction":[{"@type":"SearchAction","target":{"@type":"EntryPoint","urlTemplate":"https:\/\/arteeluoghi.it\/?s={search_term_string}"},"query-input":"required name=search_term_string"}],"inLanguage":"it-IT"},{"@type":"ImageObject","@id":"https:\/\/arteeluoghi.it\/index.php\/2015\/07\/26\/jazz-tedesco-a-san-giorgio-jonico\/#primaryimage","inLanguage":"it-IT","url":"\/images\/schulze.jpg","contentUrl":"\/images\/schulze.jpg"},{"@type":"WebPage","@id":"https:\/\/arteeluoghi.it\/index.php\/2015\/07\/26\/jazz-tedesco-a-san-giorgio-jonico\/#webpage","url":"https:\/\/arteeluoghi.it\/index.php\/2015\/07\/26\/jazz-tedesco-a-san-giorgio-jonico\/","name":"Jazz tedesco a San Giorgio Jonico | Arte e Luoghi","isPartOf":{"@id":"https:\/\/arteeluoghi.it\/#website"},"primaryImageOfPage":{"@id":"https:\/\/arteeluoghi.it\/index.php\/2015\/07\/26\/jazz-tedesco-a-san-giorgio-jonico\/#primaryimage"},"datePublished":"2015-07-26T19:39:15+00:00","dateModified":"2018-01-04T21:15:10+00:00","breadcrumb":{"@id":"https:\/\/arteeluoghi.it\/index.php\/2015\/07\/26\/jazz-tedesco-a-san-giorgio-jonico\/#breadcrumb"},"inLanguage":"it-IT","potentialAction":[{"@type":"ReadAction","target":["https:\/\/arteeluoghi.it\/index.php\/2015\/07\/26\/jazz-tedesco-a-san-giorgio-jonico\/"]}]},{"@type":"BreadcrumbList","@id":"https:\/\/arteeluoghi.it\/index.php\/2015\/07\/26\/jazz-tedesco-a-san-giorgio-jonico\/#breadcrumb","itemListElement":[{"@type":"ListItem","position":1,"name":"Home","item":"https:\/\/arteeluoghi.it\/"},{"@type":"ListItem","position":2,"name":"Jazz tedesco a San Giorgio Jonico"}]},{"@type":"Article","@id":"https:\/\/arteeluoghi.it\/index.php\/2015\/07\/26\/jazz-tedesco-a-san-giorgio-jonico\/#article","isPartOf":{"@id":"https:\/\/arteeluoghi.it\/index.php\/2015\/07\/26\/jazz-tedesco-a-san-giorgio-jonico\/#webpage"},"author":{"@id":"https:\/\/arteeluoghi.it\/#\/schema\/person\/f84e814e36e91e01448ee07eaadd41d4"},"headline":"Jazz tedesco a San Giorgio Jonico","datePublished":"2015-07-26T19:39:15+00:00","dateModified":"2018-01-04T21:15:10+00:00","mainEntityOfPage":{"@id":"https:\/\/arteeluoghi.it\/index.php\/2015\/07\/26\/jazz-tedesco-a-san-giorgio-jonico\/#webpage"},"wordCount":322,"commentCount":0,"publisher":{"@id":"https:\/\/arteeluoghi.it\/#organization"},"image":{"@id":"https:\/\/arteeluoghi.it\/index.php\/2015\/07\/26\/jazz-tedesco-a-san-giorgio-jonico\/#primaryimage"},"thumbnailUrl":"\/images\/schulze.jpg","articleSection":["MUSICA"],"inLanguage":"it-IT","potentialAction":[{"@type":"CommentAction","name":"Comment","target":["https:\/\/arteeluoghi.it\/index.php\/2015\/07\/26\/jazz-tedesco-a-san-giorgio-jonico\/#respond"]}]},{"@type":"Person","@id":"https:\/\/arteeluoghi.it\/#\/schema\/person\/f84e814e36e91e01448ee07eaadd41d4","name":"Staff","image":{"@type":"ImageObject","@id":"https:\/\/arteeluoghi.it\/#personlogo","inLanguage":"it-IT","url":"https:\/\/secure.gravatar.com\/avatar\/49d2f9e46271bb04e19cebfaf141313a?s=96&d=blank&r=g","contentUrl":"https:\/\/secure.gravatar.com\/avatar\/49d2f9e46271bb04e19cebfaf141313a?s=96&d=blank&r=g","caption":"Staff"}}]}},"_links":{"self":[{"href":"https:\/\/arteeluoghi.it\/index.php\/wp-json\/wp\/v2\/posts\/2250"}],"collection":[{"href":"https:\/\/arteeluoghi.it\/index.php\/wp-json\/wp\/v2\/posts"}],"about":[{"href":"https:\/\/arteeluoghi.it\/index.php\/wp-json\/wp\/v2\/types\/post"}],"author":[{"embeddable":true,"href":"https:\/\/arteeluoghi.it\/index.php\/wp-json\/wp\/v2\/users\/1"}],"replies":[{"embeddable":true,"href":"https:\/\/arteeluoghi.it\/index.php\/wp-json\/wp\/v2\/comments?post=2250"}],"version-history":[{"count":1,"href":"https:\/\/arteeluoghi.it\/index.php\/wp-json\/wp\/v2\/posts\/2250\/revisions"}],"predecessor-version":[{"id":4564,"href":"https:\/\/arteeluoghi.it\/index.php\/wp-json\/wp\/v2\/posts\/2250\/revisions\/4564"}],"wp:attachment":[{"href":"https:\/\/arteeluoghi.it\/index.php\/wp-json\/wp\/v2\/media?parent=2250"}],"wp:term":[{"taxonomy":"category","embeddable":true,"href":"https:\/\/arteeluoghi.it\/index.php\/wp-json\/wp\/v2\/categories?post=2250"},{"taxonomy":"post_tag","embeddable":true,"href":"https:\/\/arteeluoghi.it\/index.php\/wp-json\/wp\/v2\/tags?post=2250"}],"curies":[{"name":"wp","href":"https:\/\/api.w.org\/{rel}","templated":true}]}}