{"id":2257,"date":"2015-07-31T13:01:26","date_gmt":"2015-07-31T11:01:26","guid":{"rendered":"http:\/\/arteeluoghi.it\/index.php\/2015\/07\/31\/nicola-lagioia-vincitore-del-premio-strega-2015-a-otranto\/"},"modified":"2015-07-31T13:01:26","modified_gmt":"2015-07-31T11:01:26","slug":"nicola-lagioia-vincitore-del-premio-strega-2015-a-otranto","status":"publish","type":"post","link":"https:\/\/arteeluoghi.it\/index.php\/2015\/07\/31\/nicola-lagioia-vincitore-del-premio-strega-2015-a-otranto\/","title":{"rendered":"\u201cTu non conosci il Sud: dall\u2019armonia perduta alla feroci"},"content":{"rendered":"<p style=\"text-align: left;\" align=\"center\"><img src=\"\/images\/Nicola-Lagioia-.jpeg\" border=\"0\" title=\"Nicola Lagioia\" width=\"200\" style=\"margin: 21px; float: right;\" \/>Otranto, Largo Porta Alfonsina, sabato 1\u00b0 Agosto 2015<\/p>\n<p>\u00a0<\/p>\n<p style=\"text-align: left;\" align=\"center\"><strong>Oscar Iarussi conversa con Nicola Lagioia, vincitore del Premio Strega 2015<\/strong><\/p>\n<p><strong>\u00a0<\/strong><\/p>\n<p>Dopo il Premio Strega 2015, vinto nei giorni scorsi per \u201cLa ferocia\u201d (Einaudi Editore), lo scrittore <strong>Nicola Lagioia<\/strong> torna in Puglia. Appuntamento domani, sabato 1\u00b0 agosto, quando Lagioia sar\u00e0 ad Otranto nell\u2019ambito della rassegna culturale itinerante <strong><em>Tu non conosci il Sud,<\/em><\/strong> curata dal giornalista e saggista <strong>Oscar Iarussi<\/strong>, e prodotta dall&#8217;associazione &#8220;<strong>Veluvre &#8211;\u00a0Visioni culturali<\/strong>\u201d,\u00a0col patrocinio del <strong>Ministero dei beni e delle attivit\u00e0 culturali e del turismo<\/strong>.<\/p>\n<p><strong>\u00a0<\/strong>\u00a0La presenza a Otranto della rassegna, realizzata in collaborazione con il Comune di Otranto, si arricchisce cos\u00ec di un prestigioso appuntamento culturale che si affianca alla mostra fotografica \u201c<strong>Il Sud e le donne<\/strong>\u201d di <strong>Ferdinando Scianna<\/strong> allestita nel Castello Aragonese sempre nell&#8217;ambito di &#8220;Tu non conosci il Sud&#8221; (fino al 30 settembre).<\/p>\n<p>  <!--more-->  <\/p>\n<p>\u00a0<\/p>\n<p><img src=\"\/images\/invito%20scianna.jpg\" border=\"0\" title=\"la locandina della mostra\" width=\"300\" style=\"margin: 21px; float: left;\" \/>In Largo Porta Alfonsina, all&#8217; ingresso del centro storico di Otranto, sabato\u00a0<strong>1\u00b0 agosto, alle 22 <\/strong>si terr\u00e0 una conversazione introdotta dal sindaco di Otranto, Luciano Cariddi, intitolata \u00a0\u201c<strong>Tu non conosci il Sud: dall\u2019armonia perduta alla ferocia<\/strong>\u201d: il giornalista e saggista Oscar Iarussi, curatore della rassegna, e lo scrittore Nicola Lagioia, vincitore del Premio Strega 2015, si confronteranno sulle immagini, i simboli, i racconti del Mezzogiorno di ieri e di oggi. In caso di pioggia l&#8217;incontro si terr\u00e0 nel Castello Aragonese.<\/p>\n<p>&#8220;La ferocia&#8221; \u00e8 ambientato in gran parte in Puglia, come i precedenti romanzi di Lagioia, &#8220;Occidente per principianti&#8221; e &#8220;Riportando tutto a casa&#8221;, entrambi per i tipi di Einaudi.<\/p>\n<p>Prima di Otranto, &#8220;Tu non conosci il Sud &#8221; si \u00e8 tenuto a Bari (dal 25 novembre al 4 dicembre 2015) e a Matera (dal 4 al 26 aprile 2015).<\/p>\n<p>\u00a0<\/p>\n<p><strong>\u00a0<\/strong><\/p>\n<p><strong>\u00a0<\/strong><\/p>\n<p><strong>NICOLA LAGIOIA_NOTE BIOGRAFICHE<\/strong><\/p>\n<p>Nicola Lagioia \u00e8 nato a Bari nel 1973. Ha pubblicato i romanzi\u00a0<em>Tre sistemi per sbarazzarsi di Tolstoj (senza risparmiare se stessi)\u00a0<\/em>(minimum fax 2001, premio Lo Straniero),\u00a0<em>Occidente per principianti<\/em>\u00a0(Einaudi 2004),\u00a0<em>Riportando tutto a casa<\/em>(Einaudi 2009, premio Viareggio, premio Vittorini, premio Volponi),\u00a0<em>La ferocia<\/em>(Einaudi 2014, Premio Strega, Premio Mondello).<\/p>\n<p>Dirige nichel, la collana di letteratura italiana di minimum fax.<\/p>\n<p>Collabora con diversi giornali e riviste.\u00c8 una delle voci di Pagina3, la rassegna stampa quotidiana di Radio3 ed \u00e8 uno dei selezionatori della Mostra del Cinema di Venezia. \u00c8 tra i fondatori del blog letterario\u00a0www.minimaetmoralia.com<\/p>\n<p>\u00a0<\/p>\n<p><strong>OSCAR IARUSSI_NOTE BIOGRAFICHE<\/strong><\/p>\n<p>\u00a0<\/p>\n<p>Oscar Iarussi (Foggia, 1959) vive e lavora a Bari.\u00a0Giornalista e saggista, \u00e8 responsabile Cultura e Spettacoli della \u201cGazzetta del Mezzogiorno\u201d. \u00c8 stato presidente della Apulia Film Commission ed \u00e8 nella commissione esperti della Mostra del cinema di Venezia.\u00a0E\u2019 autore di numerosi libri, tra i quali:\u00a0<em>Lettera aperta. Sud, Nord e altre storie<\/em>\u00a0(Manni 2003),\u00a0<em>C\u2019era una volta il futuro. L\u2019Italia della Dolce Vita<\/em>\u00a0(il Mulino 2011),\u00a0<em>Ciak si Puglia, cinema di frontiera 1989-2012<\/em>\u00a0(Laterza 2013).\u00a0<\/p>\n<p>Ha ideato le rassegne multidisciplinari \u201cMezzogiorno di cinema\u201d (2006) nel cantiere del teatro Petruzzelli in ricostruzione, \u201cFrontiere \u2013 La prima volta\u201d (2011) e \u201cTu non conosci il Sud\u201d (2014-2015).\u00a0Ha tenuto corsi di giornalismo e di discipline dello spettacolo in varie universit\u00e0\u00a0e collaborato al primo dossier di candidatura di Matera a capitale europea della cultura 2019.<\/p>\n<p>\u00a0(fonte: comunicato stampa)<\/p>\n","protected":false},"excerpt":{"rendered":"<p>Otranto, Largo Porta Alfonsina, sabato 1\u00b0 Agosto 2015 \u00a0 Oscar Iarussi conversa con Nicola Lagioia, vincitore del Premio Strega 2015<\/p>\n","protected":false},"author":1,"featured_media":0,"comment_status":"open","ping_status":"open","sticky":false,"template":"","format":"standard","meta":[],"categories":[52],"tags":[],"yoast_head":"<!-- This site is optimized with the Yoast SEO plugin v18.0 - https:\/\/yoast.com\/wordpress\/plugins\/seo\/ -->\n<title>\u201cTu non conosci il Sud: dall\u2019armonia perduta alla feroci | Arte e Luoghi<\/title>\n<meta name=\"robots\" content=\"index, follow, max-snippet:-1, max-image-preview:large, max-video-preview:-1\" \/>\n<link rel=\"canonical\" href=\"https:\/\/arteeluoghi.it\/index.php\/2015\/07\/31\/nicola-lagioia-vincitore-del-premio-strega-2015-a-otranto\/\" \/>\n<meta property=\"og:locale\" content=\"it_IT\" \/>\n<meta property=\"og:type\" content=\"article\" \/>\n<meta property=\"og:title\" content=\"\u201cTu non conosci il Sud: dall\u2019armonia perduta alla feroci | Arte e Luoghi\" \/>\n<meta property=\"og:description\" content=\"Otranto, Largo Porta Alfonsina, sabato 1\u00b0 Agosto 2015 \u00a0 Oscar Iarussi conversa con Nicola Lagioia, vincitore del Premio Strega 2015\" \/>\n<meta property=\"og:url\" content=\"https:\/\/arteeluoghi.it\/index.php\/2015\/07\/31\/nicola-lagioia-vincitore-del-premio-strega-2015-a-otranto\/\" \/>\n<meta property=\"og:site_name\" content=\"Arte e Luoghi\" \/>\n<meta property=\"article:publisher\" content=\"https:\/\/www.facebook.com\/ArteELuoghi\/\" \/>\n<meta property=\"article:published_time\" content=\"2015-07-31T11:01:26+00:00\" \/>\n<meta property=\"og:image\" content=\"https:\/\/arteeluoghi.it\/images\/Nicola-Lagioia-.jpeg\" \/>\n<meta name=\"twitter:card\" content=\"summary\" \/>\n<meta name=\"twitter:creator\" content=\"@arteeluoghi\" \/>\n<meta name=\"twitter:site\" content=\"@arteeluoghi\" \/>\n<meta name=\"twitter:label1\" content=\"Scritto da\" \/>\n\t<meta name=\"twitter:data1\" content=\"Staff\" \/>\n\t<meta name=\"twitter:label2\" content=\"Tempo di lettura stimato\" \/>\n\t<meta name=\"twitter:data2\" content=\"2 minuti\" \/>\n<script type=\"application\/ld+json\" class=\"yoast-schema-graph\">{\"@context\":\"https:\/\/schema.org\",\"@graph\":[{\"@type\":\"Organization\",\"@id\":\"https:\/\/arteeluoghi.it\/#organization\",\"name\":\"Arte e Luoghi\",\"url\":\"https:\/\/arteeluoghi.it\/\",\"sameAs\":[\"https:\/\/www.facebook.com\/ArteELuoghi\/\",\"https:\/\/www.instagram.com\/arteeluoghi\/?hl=it\",\"https:\/\/www.youtube.com\/channel\/UCuRVc4JW4-C5sg9rQB-srkw?view_as=subscriber\",\"https:\/\/twitter.com\/arteeluoghi\"],\"logo\":{\"@type\":\"ImageObject\",\"@id\":\"https:\/\/arteeluoghi.it\/#logo\",\"inLanguage\":\"it-IT\",\"url\":\"https:\/\/arteeluoghi.it\/wp-content\/uploads\/2018\/08\/logoinstagramarte.jpg\",\"contentUrl\":\"https:\/\/arteeluoghi.it\/wp-content\/uploads\/2018\/08\/logoinstagramarte.jpg\",\"width\":150,\"height\":150,\"caption\":\"Arte e Luoghi\"},\"image\":{\"@id\":\"https:\/\/arteeluoghi.it\/#logo\"}},{\"@type\":\"WebSite\",\"@id\":\"https:\/\/arteeluoghi.it\/#website\",\"url\":\"https:\/\/arteeluoghi.it\/\",\"name\":\"Arte e Luoghi\",\"description\":\"Mensile di arte, cultura, turismo e curiosit\u00e0\",\"publisher\":{\"@id\":\"https:\/\/arteeluoghi.it\/#organization\"},\"potentialAction\":[{\"@type\":\"SearchAction\",\"target\":{\"@type\":\"EntryPoint\",\"urlTemplate\":\"https:\/\/arteeluoghi.it\/?s={search_term_string}\"},\"query-input\":\"required name=search_term_string\"}],\"inLanguage\":\"it-IT\"},{\"@type\":\"ImageObject\",\"@id\":\"https:\/\/arteeluoghi.it\/index.php\/2015\/07\/31\/nicola-lagioia-vincitore-del-premio-strega-2015-a-otranto\/#primaryimage\",\"inLanguage\":\"it-IT\",\"url\":\"\/images\/Nicola-Lagioia-.jpeg\",\"contentUrl\":\"\/images\/Nicola-Lagioia-.jpeg\"},{\"@type\":\"WebPage\",\"@id\":\"https:\/\/arteeluoghi.it\/index.php\/2015\/07\/31\/nicola-lagioia-vincitore-del-premio-strega-2015-a-otranto\/#webpage\",\"url\":\"https:\/\/arteeluoghi.it\/index.php\/2015\/07\/31\/nicola-lagioia-vincitore-del-premio-strega-2015-a-otranto\/\",\"name\":\"\u201cTu non conosci il Sud: dall\u2019armonia perduta alla feroci | Arte e Luoghi\",\"isPartOf\":{\"@id\":\"https:\/\/arteeluoghi.it\/#website\"},\"primaryImageOfPage\":{\"@id\":\"https:\/\/arteeluoghi.it\/index.php\/2015\/07\/31\/nicola-lagioia-vincitore-del-premio-strega-2015-a-otranto\/#primaryimage\"},\"datePublished\":\"2015-07-31T11:01:26+00:00\",\"dateModified\":\"2015-07-31T11:01:26+00:00\",\"breadcrumb\":{\"@id\":\"https:\/\/arteeluoghi.it\/index.php\/2015\/07\/31\/nicola-lagioia-vincitore-del-premio-strega-2015-a-otranto\/#breadcrumb\"},\"inLanguage\":\"it-IT\",\"potentialAction\":[{\"@type\":\"ReadAction\",\"target\":[\"https:\/\/arteeluoghi.it\/index.php\/2015\/07\/31\/nicola-lagioia-vincitore-del-premio-strega-2015-a-otranto\/\"]}]},{\"@type\":\"BreadcrumbList\",\"@id\":\"https:\/\/arteeluoghi.it\/index.php\/2015\/07\/31\/nicola-lagioia-vincitore-del-premio-strega-2015-a-otranto\/#breadcrumb\",\"itemListElement\":[{\"@type\":\"ListItem\",\"position\":1,\"name\":\"Home\",\"item\":\"https:\/\/arteeluoghi.it\/\"},{\"@type\":\"ListItem\",\"position\":2,\"name\":\"\u201cTu non conosci il Sud: dall\u2019armonia perduta alla feroci\"}]},{\"@type\":\"Article\",\"@id\":\"https:\/\/arteeluoghi.it\/index.php\/2015\/07\/31\/nicola-lagioia-vincitore-del-premio-strega-2015-a-otranto\/#article\",\"isPartOf\":{\"@id\":\"https:\/\/arteeluoghi.it\/index.php\/2015\/07\/31\/nicola-lagioia-vincitore-del-premio-strega-2015-a-otranto\/#webpage\"},\"author\":{\"@id\":\"https:\/\/arteeluoghi.it\/#\/schema\/person\/f84e814e36e91e01448ee07eaadd41d4\"},\"headline\":\"\u201cTu non conosci il Sud: dall\u2019armonia perduta alla feroci\",\"datePublished\":\"2015-07-31T11:01:26+00:00\",\"dateModified\":\"2015-07-31T11:01:26+00:00\",\"mainEntityOfPage\":{\"@id\":\"https:\/\/arteeluoghi.it\/index.php\/2015\/07\/31\/nicola-lagioia-vincitore-del-premio-strega-2015-a-otranto\/#webpage\"},\"wordCount\":502,\"commentCount\":0,\"publisher\":{\"@id\":\"https:\/\/arteeluoghi.it\/#organization\"},\"image\":{\"@id\":\"https:\/\/arteeluoghi.it\/index.php\/2015\/07\/31\/nicola-lagioia-vincitore-del-premio-strega-2015-a-otranto\/#primaryimage\"},\"thumbnailUrl\":\"\/images\/Nicola-Lagioia-.jpeg\",\"articleSection\":[\"I luoghi della parola\"],\"inLanguage\":\"it-IT\",\"potentialAction\":[{\"@type\":\"CommentAction\",\"name\":\"Comment\",\"target\":[\"https:\/\/arteeluoghi.it\/index.php\/2015\/07\/31\/nicola-lagioia-vincitore-del-premio-strega-2015-a-otranto\/#respond\"]}]},{\"@type\":\"Person\",\"@id\":\"https:\/\/arteeluoghi.it\/#\/schema\/person\/f84e814e36e91e01448ee07eaadd41d4\",\"name\":\"Staff\",\"image\":{\"@type\":\"ImageObject\",\"@id\":\"https:\/\/arteeluoghi.it\/#personlogo\",\"inLanguage\":\"it-IT\",\"url\":\"https:\/\/secure.gravatar.com\/avatar\/49d2f9e46271bb04e19cebfaf141313a?s=96&d=blank&r=g\",\"contentUrl\":\"https:\/\/secure.gravatar.com\/avatar\/49d2f9e46271bb04e19cebfaf141313a?s=96&d=blank&r=g\",\"caption\":\"Staff\"}}]}<\/script>\n<!-- \/ Yoast SEO plugin. -->","yoast_head_json":{"title":"\u201cTu non conosci il Sud: dall\u2019armonia perduta alla feroci | Arte e Luoghi","robots":{"index":"index","follow":"follow","max-snippet":"max-snippet:-1","max-image-preview":"max-image-preview:large","max-video-preview":"max-video-preview:-1"},"canonical":"https:\/\/arteeluoghi.it\/index.php\/2015\/07\/31\/nicola-lagioia-vincitore-del-premio-strega-2015-a-otranto\/","og_locale":"it_IT","og_type":"article","og_title":"\u201cTu non conosci il Sud: dall\u2019armonia perduta alla feroci | Arte e Luoghi","og_description":"Otranto, Largo Porta Alfonsina, sabato 1\u00b0 Agosto 2015 \u00a0 Oscar Iarussi conversa con Nicola Lagioia, vincitore del Premio Strega 2015","og_url":"https:\/\/arteeluoghi.it\/index.php\/2015\/07\/31\/nicola-lagioia-vincitore-del-premio-strega-2015-a-otranto\/","og_site_name":"Arte e Luoghi","article_publisher":"https:\/\/www.facebook.com\/ArteELuoghi\/","article_published_time":"2015-07-31T11:01:26+00:00","og_image":[{"url":"https:\/\/arteeluoghi.it\/images\/Nicola-Lagioia-.jpeg"}],"twitter_card":"summary","twitter_creator":"@arteeluoghi","twitter_site":"@arteeluoghi","twitter_misc":{"Scritto da":"Staff","Tempo di lettura stimato":"2 minuti"},"schema":{"@context":"https:\/\/schema.org","@graph":[{"@type":"Organization","@id":"https:\/\/arteeluoghi.it\/#organization","name":"Arte e Luoghi","url":"https:\/\/arteeluoghi.it\/","sameAs":["https:\/\/www.facebook.com\/ArteELuoghi\/","https:\/\/www.instagram.com\/arteeluoghi\/?hl=it","https:\/\/www.youtube.com\/channel\/UCuRVc4JW4-C5sg9rQB-srkw?view_as=subscriber","https:\/\/twitter.com\/arteeluoghi"],"logo":{"@type":"ImageObject","@id":"https:\/\/arteeluoghi.it\/#logo","inLanguage":"it-IT","url":"https:\/\/arteeluoghi.it\/wp-content\/uploads\/2018\/08\/logoinstagramarte.jpg","contentUrl":"https:\/\/arteeluoghi.it\/wp-content\/uploads\/2018\/08\/logoinstagramarte.jpg","width":150,"height":150,"caption":"Arte e Luoghi"},"image":{"@id":"https:\/\/arteeluoghi.it\/#logo"}},{"@type":"WebSite","@id":"https:\/\/arteeluoghi.it\/#website","url":"https:\/\/arteeluoghi.it\/","name":"Arte e Luoghi","description":"Mensile di arte, cultura, turismo e curiosit\u00e0","publisher":{"@id":"https:\/\/arteeluoghi.it\/#organization"},"potentialAction":[{"@type":"SearchAction","target":{"@type":"EntryPoint","urlTemplate":"https:\/\/arteeluoghi.it\/?s={search_term_string}"},"query-input":"required name=search_term_string"}],"inLanguage":"it-IT"},{"@type":"ImageObject","@id":"https:\/\/arteeluoghi.it\/index.php\/2015\/07\/31\/nicola-lagioia-vincitore-del-premio-strega-2015-a-otranto\/#primaryimage","inLanguage":"it-IT","url":"\/images\/Nicola-Lagioia-.jpeg","contentUrl":"\/images\/Nicola-Lagioia-.jpeg"},{"@type":"WebPage","@id":"https:\/\/arteeluoghi.it\/index.php\/2015\/07\/31\/nicola-lagioia-vincitore-del-premio-strega-2015-a-otranto\/#webpage","url":"https:\/\/arteeluoghi.it\/index.php\/2015\/07\/31\/nicola-lagioia-vincitore-del-premio-strega-2015-a-otranto\/","name":"\u201cTu non conosci il Sud: dall\u2019armonia perduta alla feroci | Arte e Luoghi","isPartOf":{"@id":"https:\/\/arteeluoghi.it\/#website"},"primaryImageOfPage":{"@id":"https:\/\/arteeluoghi.it\/index.php\/2015\/07\/31\/nicola-lagioia-vincitore-del-premio-strega-2015-a-otranto\/#primaryimage"},"datePublished":"2015-07-31T11:01:26+00:00","dateModified":"2015-07-31T11:01:26+00:00","breadcrumb":{"@id":"https:\/\/arteeluoghi.it\/index.php\/2015\/07\/31\/nicola-lagioia-vincitore-del-premio-strega-2015-a-otranto\/#breadcrumb"},"inLanguage":"it-IT","potentialAction":[{"@type":"ReadAction","target":["https:\/\/arteeluoghi.it\/index.php\/2015\/07\/31\/nicola-lagioia-vincitore-del-premio-strega-2015-a-otranto\/"]}]},{"@type":"BreadcrumbList","@id":"https:\/\/arteeluoghi.it\/index.php\/2015\/07\/31\/nicola-lagioia-vincitore-del-premio-strega-2015-a-otranto\/#breadcrumb","itemListElement":[{"@type":"ListItem","position":1,"name":"Home","item":"https:\/\/arteeluoghi.it\/"},{"@type":"ListItem","position":2,"name":"\u201cTu non conosci il Sud: dall\u2019armonia perduta alla feroci"}]},{"@type":"Article","@id":"https:\/\/arteeluoghi.it\/index.php\/2015\/07\/31\/nicola-lagioia-vincitore-del-premio-strega-2015-a-otranto\/#article","isPartOf":{"@id":"https:\/\/arteeluoghi.it\/index.php\/2015\/07\/31\/nicola-lagioia-vincitore-del-premio-strega-2015-a-otranto\/#webpage"},"author":{"@id":"https:\/\/arteeluoghi.it\/#\/schema\/person\/f84e814e36e91e01448ee07eaadd41d4"},"headline":"\u201cTu non conosci il Sud: dall\u2019armonia perduta alla feroci","datePublished":"2015-07-31T11:01:26+00:00","dateModified":"2015-07-31T11:01:26+00:00","mainEntityOfPage":{"@id":"https:\/\/arteeluoghi.it\/index.php\/2015\/07\/31\/nicola-lagioia-vincitore-del-premio-strega-2015-a-otranto\/#webpage"},"wordCount":502,"commentCount":0,"publisher":{"@id":"https:\/\/arteeluoghi.it\/#organization"},"image":{"@id":"https:\/\/arteeluoghi.it\/index.php\/2015\/07\/31\/nicola-lagioia-vincitore-del-premio-strega-2015-a-otranto\/#primaryimage"},"thumbnailUrl":"\/images\/Nicola-Lagioia-.jpeg","articleSection":["I luoghi della parola"],"inLanguage":"it-IT","potentialAction":[{"@type":"CommentAction","name":"Comment","target":["https:\/\/arteeluoghi.it\/index.php\/2015\/07\/31\/nicola-lagioia-vincitore-del-premio-strega-2015-a-otranto\/#respond"]}]},{"@type":"Person","@id":"https:\/\/arteeluoghi.it\/#\/schema\/person\/f84e814e36e91e01448ee07eaadd41d4","name":"Staff","image":{"@type":"ImageObject","@id":"https:\/\/arteeluoghi.it\/#personlogo","inLanguage":"it-IT","url":"https:\/\/secure.gravatar.com\/avatar\/49d2f9e46271bb04e19cebfaf141313a?s=96&d=blank&r=g","contentUrl":"https:\/\/secure.gravatar.com\/avatar\/49d2f9e46271bb04e19cebfaf141313a?s=96&d=blank&r=g","caption":"Staff"}}]}},"_links":{"self":[{"href":"https:\/\/arteeluoghi.it\/index.php\/wp-json\/wp\/v2\/posts\/2257"}],"collection":[{"href":"https:\/\/arteeluoghi.it\/index.php\/wp-json\/wp\/v2\/posts"}],"about":[{"href":"https:\/\/arteeluoghi.it\/index.php\/wp-json\/wp\/v2\/types\/post"}],"author":[{"embeddable":true,"href":"https:\/\/arteeluoghi.it\/index.php\/wp-json\/wp\/v2\/users\/1"}],"replies":[{"embeddable":true,"href":"https:\/\/arteeluoghi.it\/index.php\/wp-json\/wp\/v2\/comments?post=2257"}],"version-history":[{"count":0,"href":"https:\/\/arteeluoghi.it\/index.php\/wp-json\/wp\/v2\/posts\/2257\/revisions"}],"wp:attachment":[{"href":"https:\/\/arteeluoghi.it\/index.php\/wp-json\/wp\/v2\/media?parent=2257"}],"wp:term":[{"taxonomy":"category","embeddable":true,"href":"https:\/\/arteeluoghi.it\/index.php\/wp-json\/wp\/v2\/categories?post=2257"},{"taxonomy":"post_tag","embeddable":true,"href":"https:\/\/arteeluoghi.it\/index.php\/wp-json\/wp\/v2\/tags?post=2257"}],"curies":[{"name":"wp","href":"https:\/\/api.w.org\/{rel}","templated":true}]}}