{"id":228,"date":"2011-04-05T20:16:51","date_gmt":"2011-04-05T18:16:51","guid":{"rendered":"http:\/\/arteeluoghi.it\/index.php\/2011\/04\/05\/terremoto\/"},"modified":"2011-04-05T20:16:51","modified_gmt":"2011-04-05T18:16:51","slug":"terremoto","status":"publish","type":"post","link":"https:\/\/arteeluoghi.it\/index.php\/2011\/04\/05\/terremoto\/","title":{"rendered":"g6fd"},"content":{"rendered":"<p><span style=\"color: #ff0000;\"><span style=\"font-size: xx-large;\">Il G6FD?<\/span><\/span><\/p>\n<p><span style=\"font-size: x-large;\">o il <span style=\"color: #ff0000;\">Terremoto<\/span> prossimo venturo<\/span><\/p>\n<p>\u00a0<\/p>\n<p>di Francesco Pasca<\/p>\n<p>\u00a0<\/p>\n<p><img loading=\"lazy\" src=\"\/images\/stories\/dueannidopo.jpg\" border=\"0\" width=\"319\" height=\"537\" \/><\/p>\n<p><strong> <\/strong><\/p>\n<p style=\"text-align: justify;\">\u00a0<\/p>\n<p style=\"text-align: justify;\"><span style=\"font-size: small;\"><strong>Il 6 di aprile<\/strong> del 2009 l\u2019Abruzzo inizi\u00f2 a tremare alle ore 3:32. Quel tremore ebbe una magnitudo pari a 5,9 della scala Richter, e, il punto della scala di magnitudo del momento sismico fu \u00a0pari al 6,3. \u00a0L\u2019epicentro fu localizzato nella zona compresa tra le localit\u00e0 di Roio Colle, Genzano e Collefracido. Il bilancio definitivo \u00e8 oggi di 308 vittime, di oltre 1600 feriti e di oltre 10 miliardi di euro di danni stimati. Il danno al patrimonio artistico \u00e8 tuttora incalcolabile. La nostra conoscenza previsiva, da sempre, nel mondo scientifico \u00e8 stata e lo \u00e8 ancora, \u00a0definita nel modo di un eufemisticamente \u201cprobabilistico\u201d. Quel probabilistico \u00e8 l\u2019identico sia che si riferisca al mondo di una particella subatomica che a quello delle imprese, dei consumatori, degli abitanti di qualunque parte del mondo. Le mie letture dicono che \u00e8 possibile definire, con il termine di previsione, la dimostrazione di qualunque teoria insita in un gioco ed a ci\u00f2 \u00e8 pi\u00f9 che facile ricondursi. La domanda: Se, ad esempio, nel suo probabilistico, una persona avendo il deficit di <strong><em>g<\/em><\/strong><em>lucosio-<strong>6<\/strong>&#8211;<strong>f<\/strong>osfato <strong>d<\/strong>eidrogenasi <\/em>(il pi\u00f9 comunemente chiamato favismo) non sa di averlo<em>, <\/em>quando potr\u00e0 continuare a vivere? Fino a quando potr\u00e0 essere dimostrato il suo provabilissimo momento in cui entrer\u00e0 in contatto, semplicemente, con le fave, sia in farina che in polvere?<\/span><\/p>\n<p style=\"text-align: justify;\"><span style=\"font-size: small;\">\u00c8 \u201cQui\u201d che scatterebbe il suo \u201ctremore\u201d ed il suo deficit diventerebbe la probabile \u201cmorte\u201d con le temute e pericolose crisi emolitiche. Scoprire le cause, conoscere quindi, farebbe anche diminuire, annullare le probabilit\u00e0 di quella sfortunata concausa.<\/span><\/p>\n<p style=\"text-align: justify;\"><span style=\"font-size: small;\">Raffaele Bendandi (17 ottobre 1893 \u2013 3 novembre 1979), detto anche l&#8217;uomo dei terremoti, diceva di aver scoperto come si producono i terremoti e disse di saper predire, con approssimazione attendibile, anche la scossa di un terremoto.Fu appassionato di astronomia e geofisica si costru\u00ec da s\u00e8 un telescopio e, per capire le dinamiche dei moti, anche alcuni giroscopi. Per chi non avesse l\u2019idea pratica di un giroscopio, in breve dir\u00f2 che \u00e8 un dispositivo rotante e che, per effetto della legge di conservazione del momento angolare assume il valore di tensore d&#8217;inerzia relativo al suo baricentro. La tensione di quell\u2019inerzia, la sua quantit\u00e0 e qualit\u00e0, l\u2019idea scatt\u00f2 in lui a seguito del terremoto di Messina, quello del 28 dicembre 1908. Raffaele lo \u201cpseudo scienziato\u201d si appassion\u00f2 da quel giorno ai terremoti e formul\u00f2 nel 1920 la propria teoria, definita \u00absismogenica\u00bb. Secondo la sua testimonianza, che \u00e8 studio di un\u2019osservazione, quella teoria ebbe origine da una passeggiata lungo il bagnasciuga del litorale romagnolo nel 1919. Lo sguardo attento dell\u2019uomo dei terremoti appur\u00f2 il salire della marea e ne intu\u00ec che nell\u2019attrazione gravitazionale della Luna si potrebbe celare la diretta conseguenza dei sommovimenti. La causa dei movimenti della crosta terrestre la ricondusse all\u2019intuizione di un probabilistico rigonfio. \u00a0Il successivo deformarsi lo paragon\u00f2 al pulsare di un normalissimo tuffo al cuore, al battito momentaneamente anomalo, ad un ampio respiro della crosta terrestre.<\/span><\/p>\n<p style=\"text-align: justify;\"><span style=\"font-size: small;\">I tempi e i ritmi di quelle maree li ricondusse ad alcune dipendenze nonch\u00e9 ai posizionamenti dei corpi celesti in quel momento. La prima previsione di un \u201ctremore\u201d si ebbe per la Marsicail 13 gennaio 1915, risultato di ricerche e di un suo appunto lasciato il 27 ottobre dell&#8217;anno precedente.Il 2 gennaio 1924 sentenzi\u00f2 un terremoto nelle Marche, quest\u2019ultimo preannunciato si ebbe con solo due giorni di ritardo. Il sismoparagnosta Bendandi continu\u00f2 a sorprendere con il metodo del ciclo decennale del Sole, con la scoperta di un nuovo pianeta fra Mercurio ed il Sole e, nel seguito, con il pubblicare persino un trattato: &#8220;principio fondamentale dell\u2019Universo&#8221;. La descrizione fu accurata e in quel tomo rivers\u00f2 le sue ricerche e, bench\u00e9 avesse previsto il terremoto del Friuli nel 1976, di lui si continu\u00f2 a trattare come di un ciarlatano.Restano in piedi le sue ultime previsioni, quella di una scossa di\u00a0terremoto devastante per la citt\u00e0 di Roma e delle aree limitrofe per il giorno 11 maggio 2011 e quella di eventi ancor pi\u00f9 apocalittici tra il 5 ed il 6 aprile del 2012. Scosse di\u00a0terremoto, quest\u2019ultime, che colpiranno a macchia di leopardo tutta la Terra. Dal momento che nel 1979, anno della sua morte, nulla trapelava del cosiddetto calendario dei Maya, c\u2019\u00e8 da stare un tantino preoccupati o in allerta con le congiunzioni la cui somma \u00e8 fra masse di attrazione enormi destate dal sonno delle rivoluzioni. Ritorniamo ad occuparci dell\u2019Aquila del 1461-62, del 1703 (6.000 morti), del 2009 (308 morti e 38.000 persone assistite). Date e numeri quest\u2019ultimi che hanno segnato il territorio Abruzzese. Se il favismo \u00e8 <em> <\/em>il<em> g6fd<\/em>, che \u00e8, e che non sappiamo di avere sin dall\u2019evento della nostra personale probabilit\u00e0<em>, <\/em>che comunque possiamo evitare con una conoscenza<em> di <\/em>quanto \u00e8 auspicabile d\u2019esser certi nel continuare a vivere fino al provabilissimo e probabilistico nostro personale terremoto, il conoscere nel probabile diviene l\u2019indispensabile.<\/span><\/p>\n<p style=\"text-align: justify;\"><span style=\"font-size: small;\">Detta la perifrasi, in Abruzzo non c&#8217;e&#8217; ancora un Servizio Geologico e Sismico regionale. In nessuna delle regioni vi \u00e8 la cultura geologica. L&#8217;investimento sulla conoscenza \u00e8 l\u2019inadeguatezza alla criticit\u00e0 naturale. Tutto passa attraverso il debole tremore e poi alla burocrazia. L\u00ec dove non c\u2019\u00e8 ricostruzione si dimentica che vi \u00e8 anche altro di ricostruire. C\u2019\u00e8 la voglia di vivere che passa anche attraverso la tragedia del continuare. Mi \u00e8 capitato di leggere, se ne \u00e8 parlato, dell\u2019 ordinanza n. 3.857 del 10 marzo 2010, del contributo dello Stato che trasmette agli eredi solo se il de cuius \u00e8 scomparso prima della pubblicazione del provvedimento. Qui il conoscere non fa n\u00e9 prevenzione n\u00e9 accertamento. Le Bizzarrie di una ricostruzione passano tra ordinanze zeppe di nemici nascosti peggiori dei probabilistici tremori, di burocrazie per comunit\u00e0 e per faide politiche nonch\u00e9 per inchieste giudiziarie. A due anni dalla tragedia Abruzzese, il modo migliore per onorare le tante vittime, la politica delle regioni tragga spunto. Gli studiosi di enigmi traggano spunti. Gli geologi traggano maggiore attenzione. Gli investimenti per la conoscenza del territorio, di una prevenzione dei rischi, passino per una cultura della salvaguardia dell&#8217;immenso patrimonio edilizio, storico e monumentale. L\u2019uomo \u00e8 ben conservato se viene conservato il suo Habitat. Nel terremoto dell&#8217;Abruzzo, qualunque \u201cmale\u201d di provenienza naturale \u00e8 come il \u201cfavismo\u201d non sar\u00e0 l&#8217;ultimo dei pianeti a soffrirne, non saranno i nostri centri abitati a non essere invulnerabili se la sismica si coniugher\u00e0 con l\u2019ideologia, se l\u2019idrogeologica si vorr\u00e0 coniugare con la cementificazione.<\/span><\/p>\n<p style=\"text-align: justify;\"><span style=\"font-size: small;\">La modestia di un uomo di scarsa cultura e di nome Raffaele Bendandi, almeno lui, ha dato la probabilistica soluzione ad un Teorema di nome Terremoto.<\/span><\/p>\n","protected":false},"excerpt":{"rendered":"<p>Il G6FD? o il Terremoto prossimo venturo \u00a0 di Francesco Pasca \u00a0 \u00a0 Il 6 di aprile del 2009 l\u2019Abruzzo<\/p>\n","protected":false},"author":1,"featured_media":0,"comment_status":"open","ping_status":"open","sticky":false,"template":"","format":"standard","meta":[],"categories":[36],"tags":[],"yoast_head":"<!-- This site is optimized with the Yoast SEO plugin v18.0 - https:\/\/yoast.com\/wordpress\/plugins\/seo\/ -->\n<title>g6fd | Arte e Luoghi<\/title>\n<meta name=\"robots\" content=\"index, follow, max-snippet:-1, max-image-preview:large, max-video-preview:-1\" \/>\n<link rel=\"canonical\" href=\"https:\/\/arteeluoghi.it\/index.php\/2011\/04\/05\/terremoto\/\" \/>\n<meta property=\"og:locale\" content=\"it_IT\" \/>\n<meta property=\"og:type\" content=\"article\" \/>\n<meta property=\"og:title\" content=\"g6fd | Arte e Luoghi\" \/>\n<meta property=\"og:description\" content=\"Il G6FD? o il Terremoto prossimo venturo \u00a0 di Francesco Pasca \u00a0 \u00a0 Il 6 di aprile del 2009 l\u2019Abruzzo\" \/>\n<meta property=\"og:url\" content=\"https:\/\/arteeluoghi.it\/index.php\/2011\/04\/05\/terremoto\/\" \/>\n<meta property=\"og:site_name\" content=\"Arte e Luoghi\" \/>\n<meta property=\"article:publisher\" content=\"https:\/\/www.facebook.com\/ArteELuoghi\/\" \/>\n<meta property=\"article:published_time\" content=\"2011-04-05T18:16:51+00:00\" \/>\n<meta property=\"og:image\" content=\"https:\/\/arteeluoghi.it\/images\/stories\/dueannidopo.jpg\" \/>\n<meta name=\"twitter:card\" content=\"summary\" \/>\n<meta name=\"twitter:creator\" content=\"@arteeluoghi\" \/>\n<meta name=\"twitter:site\" content=\"@arteeluoghi\" \/>\n<meta name=\"twitter:label1\" content=\"Scritto da\" \/>\n\t<meta name=\"twitter:data1\" content=\"Staff\" \/>\n\t<meta name=\"twitter:label2\" content=\"Tempo di lettura stimato\" \/>\n\t<meta name=\"twitter:data2\" content=\"5 minuti\" \/>\n<script type=\"application\/ld+json\" class=\"yoast-schema-graph\">{\"@context\":\"https:\/\/schema.org\",\"@graph\":[{\"@type\":\"Organization\",\"@id\":\"https:\/\/arteeluoghi.it\/#organization\",\"name\":\"Arte e Luoghi\",\"url\":\"https:\/\/arteeluoghi.it\/\",\"sameAs\":[\"https:\/\/www.facebook.com\/ArteELuoghi\/\",\"https:\/\/www.instagram.com\/arteeluoghi\/?hl=it\",\"https:\/\/www.youtube.com\/channel\/UCuRVc4JW4-C5sg9rQB-srkw?view_as=subscriber\",\"https:\/\/twitter.com\/arteeluoghi\"],\"logo\":{\"@type\":\"ImageObject\",\"@id\":\"https:\/\/arteeluoghi.it\/#logo\",\"inLanguage\":\"it-IT\",\"url\":\"https:\/\/arteeluoghi.it\/wp-content\/uploads\/2018\/08\/logoinstagramarte.jpg\",\"contentUrl\":\"https:\/\/arteeluoghi.it\/wp-content\/uploads\/2018\/08\/logoinstagramarte.jpg\",\"width\":150,\"height\":150,\"caption\":\"Arte e Luoghi\"},\"image\":{\"@id\":\"https:\/\/arteeluoghi.it\/#logo\"}},{\"@type\":\"WebSite\",\"@id\":\"https:\/\/arteeluoghi.it\/#website\",\"url\":\"https:\/\/arteeluoghi.it\/\",\"name\":\"Arte e Luoghi\",\"description\":\"Mensile di arte, cultura, turismo e curiosit\u00e0\",\"publisher\":{\"@id\":\"https:\/\/arteeluoghi.it\/#organization\"},\"potentialAction\":[{\"@type\":\"SearchAction\",\"target\":{\"@type\":\"EntryPoint\",\"urlTemplate\":\"https:\/\/arteeluoghi.it\/?s={search_term_string}\"},\"query-input\":\"required name=search_term_string\"}],\"inLanguage\":\"it-IT\"},{\"@type\":\"ImageObject\",\"@id\":\"https:\/\/arteeluoghi.it\/index.php\/2011\/04\/05\/terremoto\/#primaryimage\",\"inLanguage\":\"it-IT\",\"url\":\"\/images\/stories\/dueannidopo.jpg\",\"contentUrl\":\"\/images\/stories\/dueannidopo.jpg\"},{\"@type\":\"WebPage\",\"@id\":\"https:\/\/arteeluoghi.it\/index.php\/2011\/04\/05\/terremoto\/#webpage\",\"url\":\"https:\/\/arteeluoghi.it\/index.php\/2011\/04\/05\/terremoto\/\",\"name\":\"g6fd | Arte e Luoghi\",\"isPartOf\":{\"@id\":\"https:\/\/arteeluoghi.it\/#website\"},\"primaryImageOfPage\":{\"@id\":\"https:\/\/arteeluoghi.it\/index.php\/2011\/04\/05\/terremoto\/#primaryimage\"},\"datePublished\":\"2011-04-05T18:16:51+00:00\",\"dateModified\":\"2011-04-05T18:16:51+00:00\",\"breadcrumb\":{\"@id\":\"https:\/\/arteeluoghi.it\/index.php\/2011\/04\/05\/terremoto\/#breadcrumb\"},\"inLanguage\":\"it-IT\",\"potentialAction\":[{\"@type\":\"ReadAction\",\"target\":[\"https:\/\/arteeluoghi.it\/index.php\/2011\/04\/05\/terremoto\/\"]}]},{\"@type\":\"BreadcrumbList\",\"@id\":\"https:\/\/arteeluoghi.it\/index.php\/2011\/04\/05\/terremoto\/#breadcrumb\",\"itemListElement\":[{\"@type\":\"ListItem\",\"position\":1,\"name\":\"Home\",\"item\":\"https:\/\/arteeluoghi.it\/\"},{\"@type\":\"ListItem\",\"position\":2,\"name\":\"g6fd\"}]},{\"@type\":\"Article\",\"@id\":\"https:\/\/arteeluoghi.it\/index.php\/2011\/04\/05\/terremoto\/#article\",\"isPartOf\":{\"@id\":\"https:\/\/arteeluoghi.it\/index.php\/2011\/04\/05\/terremoto\/#webpage\"},\"author\":{\"@id\":\"https:\/\/arteeluoghi.it\/#\/schema\/person\/f84e814e36e91e01448ee07eaadd41d4\"},\"headline\":\"g6fd\",\"datePublished\":\"2011-04-05T18:16:51+00:00\",\"dateModified\":\"2011-04-05T18:16:51+00:00\",\"mainEntityOfPage\":{\"@id\":\"https:\/\/arteeluoghi.it\/index.php\/2011\/04\/05\/terremoto\/#webpage\"},\"wordCount\":1058,\"commentCount\":0,\"publisher\":{\"@id\":\"https:\/\/arteeluoghi.it\/#organization\"},\"image\":{\"@id\":\"https:\/\/arteeluoghi.it\/index.php\/2011\/04\/05\/terremoto\/#primaryimage\"},\"thumbnailUrl\":\"\/images\/stories\/dueannidopo.jpg\",\"articleSection\":[\"CuriosAr(t)e\"],\"inLanguage\":\"it-IT\",\"potentialAction\":[{\"@type\":\"CommentAction\",\"name\":\"Comment\",\"target\":[\"https:\/\/arteeluoghi.it\/index.php\/2011\/04\/05\/terremoto\/#respond\"]}]},{\"@type\":\"Person\",\"@id\":\"https:\/\/arteeluoghi.it\/#\/schema\/person\/f84e814e36e91e01448ee07eaadd41d4\",\"name\":\"Staff\",\"image\":{\"@type\":\"ImageObject\",\"@id\":\"https:\/\/arteeluoghi.it\/#personlogo\",\"inLanguage\":\"it-IT\",\"url\":\"https:\/\/secure.gravatar.com\/avatar\/49d2f9e46271bb04e19cebfaf141313a?s=96&d=blank&r=g\",\"contentUrl\":\"https:\/\/secure.gravatar.com\/avatar\/49d2f9e46271bb04e19cebfaf141313a?s=96&d=blank&r=g\",\"caption\":\"Staff\"}}]}<\/script>\n<!-- \/ Yoast SEO plugin. -->","yoast_head_json":{"title":"g6fd | Arte e Luoghi","robots":{"index":"index","follow":"follow","max-snippet":"max-snippet:-1","max-image-preview":"max-image-preview:large","max-video-preview":"max-video-preview:-1"},"canonical":"https:\/\/arteeluoghi.it\/index.php\/2011\/04\/05\/terremoto\/","og_locale":"it_IT","og_type":"article","og_title":"g6fd | Arte e Luoghi","og_description":"Il G6FD? o il Terremoto prossimo venturo \u00a0 di Francesco Pasca \u00a0 \u00a0 Il 6 di aprile del 2009 l\u2019Abruzzo","og_url":"https:\/\/arteeluoghi.it\/index.php\/2011\/04\/05\/terremoto\/","og_site_name":"Arte e Luoghi","article_publisher":"https:\/\/www.facebook.com\/ArteELuoghi\/","article_published_time":"2011-04-05T18:16:51+00:00","og_image":[{"url":"https:\/\/arteeluoghi.it\/images\/stories\/dueannidopo.jpg"}],"twitter_card":"summary","twitter_creator":"@arteeluoghi","twitter_site":"@arteeluoghi","twitter_misc":{"Scritto da":"Staff","Tempo di lettura stimato":"5 minuti"},"schema":{"@context":"https:\/\/schema.org","@graph":[{"@type":"Organization","@id":"https:\/\/arteeluoghi.it\/#organization","name":"Arte e Luoghi","url":"https:\/\/arteeluoghi.it\/","sameAs":["https:\/\/www.facebook.com\/ArteELuoghi\/","https:\/\/www.instagram.com\/arteeluoghi\/?hl=it","https:\/\/www.youtube.com\/channel\/UCuRVc4JW4-C5sg9rQB-srkw?view_as=subscriber","https:\/\/twitter.com\/arteeluoghi"],"logo":{"@type":"ImageObject","@id":"https:\/\/arteeluoghi.it\/#logo","inLanguage":"it-IT","url":"https:\/\/arteeluoghi.it\/wp-content\/uploads\/2018\/08\/logoinstagramarte.jpg","contentUrl":"https:\/\/arteeluoghi.it\/wp-content\/uploads\/2018\/08\/logoinstagramarte.jpg","width":150,"height":150,"caption":"Arte e Luoghi"},"image":{"@id":"https:\/\/arteeluoghi.it\/#logo"}},{"@type":"WebSite","@id":"https:\/\/arteeluoghi.it\/#website","url":"https:\/\/arteeluoghi.it\/","name":"Arte e Luoghi","description":"Mensile di arte, cultura, turismo e curiosit\u00e0","publisher":{"@id":"https:\/\/arteeluoghi.it\/#organization"},"potentialAction":[{"@type":"SearchAction","target":{"@type":"EntryPoint","urlTemplate":"https:\/\/arteeluoghi.it\/?s={search_term_string}"},"query-input":"required name=search_term_string"}],"inLanguage":"it-IT"},{"@type":"ImageObject","@id":"https:\/\/arteeluoghi.it\/index.php\/2011\/04\/05\/terremoto\/#primaryimage","inLanguage":"it-IT","url":"\/images\/stories\/dueannidopo.jpg","contentUrl":"\/images\/stories\/dueannidopo.jpg"},{"@type":"WebPage","@id":"https:\/\/arteeluoghi.it\/index.php\/2011\/04\/05\/terremoto\/#webpage","url":"https:\/\/arteeluoghi.it\/index.php\/2011\/04\/05\/terremoto\/","name":"g6fd | Arte e Luoghi","isPartOf":{"@id":"https:\/\/arteeluoghi.it\/#website"},"primaryImageOfPage":{"@id":"https:\/\/arteeluoghi.it\/index.php\/2011\/04\/05\/terremoto\/#primaryimage"},"datePublished":"2011-04-05T18:16:51+00:00","dateModified":"2011-04-05T18:16:51+00:00","breadcrumb":{"@id":"https:\/\/arteeluoghi.it\/index.php\/2011\/04\/05\/terremoto\/#breadcrumb"},"inLanguage":"it-IT","potentialAction":[{"@type":"ReadAction","target":["https:\/\/arteeluoghi.it\/index.php\/2011\/04\/05\/terremoto\/"]}]},{"@type":"BreadcrumbList","@id":"https:\/\/arteeluoghi.it\/index.php\/2011\/04\/05\/terremoto\/#breadcrumb","itemListElement":[{"@type":"ListItem","position":1,"name":"Home","item":"https:\/\/arteeluoghi.it\/"},{"@type":"ListItem","position":2,"name":"g6fd"}]},{"@type":"Article","@id":"https:\/\/arteeluoghi.it\/index.php\/2011\/04\/05\/terremoto\/#article","isPartOf":{"@id":"https:\/\/arteeluoghi.it\/index.php\/2011\/04\/05\/terremoto\/#webpage"},"author":{"@id":"https:\/\/arteeluoghi.it\/#\/schema\/person\/f84e814e36e91e01448ee07eaadd41d4"},"headline":"g6fd","datePublished":"2011-04-05T18:16:51+00:00","dateModified":"2011-04-05T18:16:51+00:00","mainEntityOfPage":{"@id":"https:\/\/arteeluoghi.it\/index.php\/2011\/04\/05\/terremoto\/#webpage"},"wordCount":1058,"commentCount":0,"publisher":{"@id":"https:\/\/arteeluoghi.it\/#organization"},"image":{"@id":"https:\/\/arteeluoghi.it\/index.php\/2011\/04\/05\/terremoto\/#primaryimage"},"thumbnailUrl":"\/images\/stories\/dueannidopo.jpg","articleSection":["CuriosAr(t)e"],"inLanguage":"it-IT","potentialAction":[{"@type":"CommentAction","name":"Comment","target":["https:\/\/arteeluoghi.it\/index.php\/2011\/04\/05\/terremoto\/#respond"]}]},{"@type":"Person","@id":"https:\/\/arteeluoghi.it\/#\/schema\/person\/f84e814e36e91e01448ee07eaadd41d4","name":"Staff","image":{"@type":"ImageObject","@id":"https:\/\/arteeluoghi.it\/#personlogo","inLanguage":"it-IT","url":"https:\/\/secure.gravatar.com\/avatar\/49d2f9e46271bb04e19cebfaf141313a?s=96&d=blank&r=g","contentUrl":"https:\/\/secure.gravatar.com\/avatar\/49d2f9e46271bb04e19cebfaf141313a?s=96&d=blank&r=g","caption":"Staff"}}]}},"_links":{"self":[{"href":"https:\/\/arteeluoghi.it\/index.php\/wp-json\/wp\/v2\/posts\/228"}],"collection":[{"href":"https:\/\/arteeluoghi.it\/index.php\/wp-json\/wp\/v2\/posts"}],"about":[{"href":"https:\/\/arteeluoghi.it\/index.php\/wp-json\/wp\/v2\/types\/post"}],"author":[{"embeddable":true,"href":"https:\/\/arteeluoghi.it\/index.php\/wp-json\/wp\/v2\/users\/1"}],"replies":[{"embeddable":true,"href":"https:\/\/arteeluoghi.it\/index.php\/wp-json\/wp\/v2\/comments?post=228"}],"version-history":[{"count":0,"href":"https:\/\/arteeluoghi.it\/index.php\/wp-json\/wp\/v2\/posts\/228\/revisions"}],"wp:attachment":[{"href":"https:\/\/arteeluoghi.it\/index.php\/wp-json\/wp\/v2\/media?parent=228"}],"wp:term":[{"taxonomy":"category","embeddable":true,"href":"https:\/\/arteeluoghi.it\/index.php\/wp-json\/wp\/v2\/categories?post=228"},{"taxonomy":"post_tag","embeddable":true,"href":"https:\/\/arteeluoghi.it\/index.php\/wp-json\/wp\/v2\/tags?post=228"}],"curies":[{"name":"wp","href":"https:\/\/api.w.org\/{rel}","templated":true}]}}