{"id":2291,"date":"2015-08-28T12:41:52","date_gmt":"2015-08-28T10:41:52","guid":{"rendered":"http:\/\/arteeluoghi.it\/index.php\/2015\/08\/28\/le-due-torri-aragonesi-del-castello-del-carmine\/"},"modified":"2015-08-28T12:41:52","modified_gmt":"2015-08-28T10:41:52","slug":"le-due-torri-aragonesi-del-castello-del-carmine","status":"publish","type":"post","link":"https:\/\/arteeluoghi.it\/index.php\/2015\/08\/28\/le-due-torri-aragonesi-del-castello-del-carmine\/","title":{"rendered":"Le due torri aragonesi del Castello del Carmine"},"content":{"rendered":"<p><strong><img src=\"\/images\/Torre2012.jpg\" border=\"0\" title=\"la Torre aragonese\" width=\"300\" style=\"margin: 21px; float: left;\" \/>Ritrovata la porta di accesso di Torre Spinella, la prigione dei condannati a morte che ospit\u00f2 anche Eleonora Fonseca Pimentel<\/strong><\/p>\n<p>Napoli, la citt\u00e0 dei castelli. S\u00ec, perch\u00e8 oltre al notissimo Castel Nuovo, emblema della citt\u00e0 con Castel dell&#8217;Ovo sul lungomare, Castel Sant&#8217;Elmo che domina la collina del Vomero e Castel Capuano, oggi sede dei Tribunali, ce n&#8217;era un altro, voluto nel 1382 dal sovrano angioino Carlo III di Durazzo che necessitava di un baluardo difensivo, sia marino che terrestre, nella zona sud-orientale della citt\u00e0. Era il Castello del Carmine, detto anche Sperone, demolito nel 1906 per far posto all&#8217;ultimo tratto di via Marina, e di cui restano oggi solo le due torri: &#8220;Brava e &#8220;Spinella&#8221;.<\/p>\n<p>  <!--more-->  <\/p>\n<p><object width=\"425\" height=\"350\" align=\"left\" hspace=\"12\" vspace=\"12\" data=\"http:\/\/www.youtube.com\/embed\/OM1mGN5W-kQ\" type=\"audio\/x-pn-realaudio-plugin\"><param name=\"src\" value=\"http:\/\/www.youtube.com\/embed\/OM1mGN5W-kQ\" \/><param name=\"frameborder\" value=\"0\" \/><\/object><span id=\"__caret\">_<\/span><\/p>\n<p>Per anni l&#8217;area delle torri aragonesi di via Marina \u00e8 stata una sorta di discarica a cielo aperto. Grazie al progetto &#8220;Monumentando&#8221; nei giorni scorsi\u00a0 si \u00e8 conclusa la prima fase di pulizia dell\u2019area, realizzata da Asia e dalla ditta Edil Cava, che hanno rimosso diverse decine di tonnellate di materiali di ogni genere, e liberato i fossati delle due torri.<\/p>\n<p>\u201cTra i resti delle antiche mura cittadine abbiamo trovato delle vere e proprie casette costruite alla meglio.\u201d Commenta Alfredo Iannaccone del progetto Monumentando. \u201cAbbiamo impiegato circa dieci giorni soltanto per allontanare le persone che avevano preso possesso dell\u2019area e, successivamente, abbiamo provveduto a rimuovere i rifiuti. Un lavoro durato una settimana con una media di circa 150 quintali al giorno.\u201d \u00a0<\/p>\n<p>La seconda fase prevede ora la pulizia interna delle due torri, murate da decenni, e il progetto di restauro dei monumenti: oltre alla torre Brava e alla torre Spinella anche il settecentesco Guado del Carmine e la Fontana della Marinella.<\/p>\n<p>Ed \u00e8 di queste ore la notizia del ritrovamento della porta d&#8217;accesso alla torre Spinella, riemersa dopo la radicale operazione di pulizia dei fossati intrapresa nei giorni scorsi. Murata da decenni, la porta immetteva alla cella in cui erano alloggiati i condannati a morte nelle ore che precedevano l&#8217;esecuzione in piazza Mercato; come capit\u00f2 a Eleonora Pimentel Fonseca prima di essere impiccata il 20 agosto 1799. Dalla torre &#8211; nota col soprannome di &#8220;guardione de&#8217; birri&#8221; &#8211; i condannati erano condotti lungo le mura del Castello del Carmine (demolito nel 1906) fino al &#8220;vicoletto dei sospiri&#8221; (oggi scomparso) e quindi accedevano a piazza Mercato passando sotto l&#8217;arco di Sant&#8217;Eligio. La ricostruzione \u00e8 raccontata &#8211; nel servizio realizzato dalla web tv del Comune di Napoli che riproponiamo &#8211; da Antonella Orefice, studiosa e responsabile del Nuovo Monitore Napoletano. (an.fu.)<\/p>\n<p>Il Castello<\/p>\n<p>l Castello del Carmine, detto anche Sperone, si trovava sul mare, nell\u2019area tra Via Nuova Marina e Corso Garibaldi.<br \/>Fu costruito nel 1382 per volere di Carlo III di Durazzo, sovrano angioino del tempo, che necessitava di un baluardo difensivo, sia marino che terrestre, nella zona sud-orientale della citt\u00e0.<br \/>Il progetto originale prevedeva due grandi torri cilindriche, un torrione pi\u00f9 grande e delle mura merlate rinforzate da grossi blocchi di piperno. Inoltre, essendo destinato al solo uso militare, era privo di abbellimenti, affreschi, arazzi, saloni e appartamenti reali.<br \/>Dopo aver sopportate la battaglia tra Luigi II d\u2019Angi\u00f2 e Ladislao di Durazzo (1386) e l\u2019assedio di Alfonso d\u2019Aragona, nel 1484 gli aragonesi, nella persona di Ferdinando I, decisero di apportare alcune modifiche, affidando i lavori all\u2019ingegner Francesco Spinelli, che si concentr\u00f2 soprattutto sull\u2019ampliamento delle mura e che appose una lapide in memoria del suo intervento. Successivamente, nel 1512, in seguito ad una alluvione, il torrione principale venne danneggiato e fu ricostruito a base quadrata. Altri restauri furono eseguiti nel 1662 per aggiornare la struttura alle nuove esigenze belliche e per ammodernarne, anche abbellendoli, gli interni.<br \/>Durante la sua storia, il castello fu teatro di alcuni avvenimenti che hanno segnato il passato della citt\u00e0, come tra il 1647 e il 1648, durante la rivolta di Masaniello, quando vi fu proclamata la Reale Repubblica Napoletana e fu scelto come dimora da Gennaro Annese, diventato punto di riferimento degli insorti dopo la morte dello stesso Masaniello, oppure, come nel 1707, quando i Nobili Napoletani tentarono di prendere il potere ideando la \u201cCongiura di Macchia\u201d. Ma nonostante la sua importanza, non gli fu risparmiata la demolizione nel 1906 per consentire la costruzione dell\u2019ultimo tratto di corso Garibaldi. Al suo posto fu costruita la Caserma Sani, poi ridimensionata a sua volta negli anni \u201980 del XX secolo.<br \/>Al giorno d\u2019oggi, della struttura sono rimasti visibili due torri e una parte di cinta muraria lungo via Nuova Marina.<\/p>\n","protected":false},"excerpt":{"rendered":"<p>Ritrovata la porta di accesso di Torre Spinella, la prigione dei condannati a morte che ospit\u00f2 anche Eleonora Fonseca Pimentel<\/p>\n","protected":false},"author":1,"featured_media":0,"comment_status":"open","ping_status":"open","sticky":false,"template":"","format":"standard","meta":[],"categories":[28],"tags":[],"yoast_head":"<!-- This site is optimized with the Yoast SEO plugin v18.0 - https:\/\/yoast.com\/wordpress\/plugins\/seo\/ -->\n<title>Le due torri aragonesi del Castello del Carmine | Arte e Luoghi<\/title>\n<meta name=\"robots\" content=\"index, follow, max-snippet:-1, max-image-preview:large, max-video-preview:-1\" \/>\n<link rel=\"canonical\" href=\"https:\/\/arteeluoghi.it\/index.php\/2015\/08\/28\/le-due-torri-aragonesi-del-castello-del-carmine\/\" \/>\n<meta property=\"og:locale\" content=\"it_IT\" \/>\n<meta property=\"og:type\" content=\"article\" \/>\n<meta property=\"og:title\" content=\"Le due torri aragonesi del Castello del Carmine | Arte e Luoghi\" \/>\n<meta property=\"og:description\" content=\"Ritrovata la porta di accesso di Torre Spinella, la prigione dei condannati a morte che ospit\u00f2 anche Eleonora Fonseca Pimentel\" \/>\n<meta property=\"og:url\" content=\"https:\/\/arteeluoghi.it\/index.php\/2015\/08\/28\/le-due-torri-aragonesi-del-castello-del-carmine\/\" \/>\n<meta property=\"og:site_name\" content=\"Arte e Luoghi\" \/>\n<meta property=\"article:publisher\" content=\"https:\/\/www.facebook.com\/ArteELuoghi\/\" \/>\n<meta property=\"article:published_time\" content=\"2015-08-28T10:41:52+00:00\" \/>\n<meta property=\"og:image\" content=\"https:\/\/arteeluoghi.it\/images\/Torre2012.jpg\" \/>\n<meta name=\"twitter:card\" content=\"summary\" \/>\n<meta name=\"twitter:creator\" content=\"@arteeluoghi\" \/>\n<meta name=\"twitter:site\" content=\"@arteeluoghi\" \/>\n<meta name=\"twitter:label1\" content=\"Scritto da\" \/>\n\t<meta name=\"twitter:data1\" content=\"Staff\" \/>\n\t<meta name=\"twitter:label2\" content=\"Tempo di lettura stimato\" \/>\n\t<meta name=\"twitter:data2\" content=\"4 minuti\" \/>\n<script type=\"application\/ld+json\" class=\"yoast-schema-graph\">{\"@context\":\"https:\/\/schema.org\",\"@graph\":[{\"@type\":\"Organization\",\"@id\":\"https:\/\/arteeluoghi.it\/#organization\",\"name\":\"Arte e Luoghi\",\"url\":\"https:\/\/arteeluoghi.it\/\",\"sameAs\":[\"https:\/\/www.facebook.com\/ArteELuoghi\/\",\"https:\/\/www.instagram.com\/arteeluoghi\/?hl=it\",\"https:\/\/www.youtube.com\/channel\/UCuRVc4JW4-C5sg9rQB-srkw?view_as=subscriber\",\"https:\/\/twitter.com\/arteeluoghi\"],\"logo\":{\"@type\":\"ImageObject\",\"@id\":\"https:\/\/arteeluoghi.it\/#logo\",\"inLanguage\":\"it-IT\",\"url\":\"https:\/\/arteeluoghi.it\/wp-content\/uploads\/2018\/08\/logoinstagramarte.jpg\",\"contentUrl\":\"https:\/\/arteeluoghi.it\/wp-content\/uploads\/2018\/08\/logoinstagramarte.jpg\",\"width\":150,\"height\":150,\"caption\":\"Arte e Luoghi\"},\"image\":{\"@id\":\"https:\/\/arteeluoghi.it\/#logo\"}},{\"@type\":\"WebSite\",\"@id\":\"https:\/\/arteeluoghi.it\/#website\",\"url\":\"https:\/\/arteeluoghi.it\/\",\"name\":\"Arte e Luoghi\",\"description\":\"Mensile di arte, cultura, turismo e curiosit\u00e0\",\"publisher\":{\"@id\":\"https:\/\/arteeluoghi.it\/#organization\"},\"potentialAction\":[{\"@type\":\"SearchAction\",\"target\":{\"@type\":\"EntryPoint\",\"urlTemplate\":\"https:\/\/arteeluoghi.it\/?s={search_term_string}\"},\"query-input\":\"required name=search_term_string\"}],\"inLanguage\":\"it-IT\"},{\"@type\":\"ImageObject\",\"@id\":\"https:\/\/arteeluoghi.it\/index.php\/2015\/08\/28\/le-due-torri-aragonesi-del-castello-del-carmine\/#primaryimage\",\"inLanguage\":\"it-IT\",\"url\":\"\/images\/Torre2012.jpg\",\"contentUrl\":\"\/images\/Torre2012.jpg\"},{\"@type\":\"WebPage\",\"@id\":\"https:\/\/arteeluoghi.it\/index.php\/2015\/08\/28\/le-due-torri-aragonesi-del-castello-del-carmine\/#webpage\",\"url\":\"https:\/\/arteeluoghi.it\/index.php\/2015\/08\/28\/le-due-torri-aragonesi-del-castello-del-carmine\/\",\"name\":\"Le due torri aragonesi del Castello del Carmine | Arte e Luoghi\",\"isPartOf\":{\"@id\":\"https:\/\/arteeluoghi.it\/#website\"},\"primaryImageOfPage\":{\"@id\":\"https:\/\/arteeluoghi.it\/index.php\/2015\/08\/28\/le-due-torri-aragonesi-del-castello-del-carmine\/#primaryimage\"},\"datePublished\":\"2015-08-28T10:41:52+00:00\",\"dateModified\":\"2015-08-28T10:41:52+00:00\",\"breadcrumb\":{\"@id\":\"https:\/\/arteeluoghi.it\/index.php\/2015\/08\/28\/le-due-torri-aragonesi-del-castello-del-carmine\/#breadcrumb\"},\"inLanguage\":\"it-IT\",\"potentialAction\":[{\"@type\":\"ReadAction\",\"target\":[\"https:\/\/arteeluoghi.it\/index.php\/2015\/08\/28\/le-due-torri-aragonesi-del-castello-del-carmine\/\"]}]},{\"@type\":\"BreadcrumbList\",\"@id\":\"https:\/\/arteeluoghi.it\/index.php\/2015\/08\/28\/le-due-torri-aragonesi-del-castello-del-carmine\/#breadcrumb\",\"itemListElement\":[{\"@type\":\"ListItem\",\"position\":1,\"name\":\"Home\",\"item\":\"https:\/\/arteeluoghi.it\/\"},{\"@type\":\"ListItem\",\"position\":2,\"name\":\"Le due torri aragonesi del Castello del Carmine\"}]},{\"@type\":\"Article\",\"@id\":\"https:\/\/arteeluoghi.it\/index.php\/2015\/08\/28\/le-due-torri-aragonesi-del-castello-del-carmine\/#article\",\"isPartOf\":{\"@id\":\"https:\/\/arteeluoghi.it\/index.php\/2015\/08\/28\/le-due-torri-aragonesi-del-castello-del-carmine\/#webpage\"},\"author\":{\"@id\":\"https:\/\/arteeluoghi.it\/#\/schema\/person\/f84e814e36e91e01448ee07eaadd41d4\"},\"headline\":\"Le due torri aragonesi del Castello del Carmine\",\"datePublished\":\"2015-08-28T10:41:52+00:00\",\"dateModified\":\"2015-08-28T10:41:52+00:00\",\"mainEntityOfPage\":{\"@id\":\"https:\/\/arteeluoghi.it\/index.php\/2015\/08\/28\/le-due-torri-aragonesi-del-castello-del-carmine\/#webpage\"},\"wordCount\":736,\"commentCount\":0,\"publisher\":{\"@id\":\"https:\/\/arteeluoghi.it\/#organization\"},\"image\":{\"@id\":\"https:\/\/arteeluoghi.it\/index.php\/2015\/08\/28\/le-due-torri-aragonesi-del-castello-del-carmine\/#primaryimage\"},\"thumbnailUrl\":\"\/images\/Torre2012.jpg\",\"articleSection\":[\"Notizie\"],\"inLanguage\":\"it-IT\",\"potentialAction\":[{\"@type\":\"CommentAction\",\"name\":\"Comment\",\"target\":[\"https:\/\/arteeluoghi.it\/index.php\/2015\/08\/28\/le-due-torri-aragonesi-del-castello-del-carmine\/#respond\"]}]},{\"@type\":\"Person\",\"@id\":\"https:\/\/arteeluoghi.it\/#\/schema\/person\/f84e814e36e91e01448ee07eaadd41d4\",\"name\":\"Staff\",\"image\":{\"@type\":\"ImageObject\",\"@id\":\"https:\/\/arteeluoghi.it\/#personlogo\",\"inLanguage\":\"it-IT\",\"url\":\"https:\/\/secure.gravatar.com\/avatar\/49d2f9e46271bb04e19cebfaf141313a?s=96&d=blank&r=g\",\"contentUrl\":\"https:\/\/secure.gravatar.com\/avatar\/49d2f9e46271bb04e19cebfaf141313a?s=96&d=blank&r=g\",\"caption\":\"Staff\"}}]}<\/script>\n<!-- \/ Yoast SEO plugin. -->","yoast_head_json":{"title":"Le due torri aragonesi del Castello del Carmine | Arte e Luoghi","robots":{"index":"index","follow":"follow","max-snippet":"max-snippet:-1","max-image-preview":"max-image-preview:large","max-video-preview":"max-video-preview:-1"},"canonical":"https:\/\/arteeluoghi.it\/index.php\/2015\/08\/28\/le-due-torri-aragonesi-del-castello-del-carmine\/","og_locale":"it_IT","og_type":"article","og_title":"Le due torri aragonesi del Castello del Carmine | Arte e Luoghi","og_description":"Ritrovata la porta di accesso di Torre Spinella, la prigione dei condannati a morte che ospit\u00f2 anche Eleonora Fonseca Pimentel","og_url":"https:\/\/arteeluoghi.it\/index.php\/2015\/08\/28\/le-due-torri-aragonesi-del-castello-del-carmine\/","og_site_name":"Arte e Luoghi","article_publisher":"https:\/\/www.facebook.com\/ArteELuoghi\/","article_published_time":"2015-08-28T10:41:52+00:00","og_image":[{"url":"https:\/\/arteeluoghi.it\/images\/Torre2012.jpg"}],"twitter_card":"summary","twitter_creator":"@arteeluoghi","twitter_site":"@arteeluoghi","twitter_misc":{"Scritto da":"Staff","Tempo di lettura stimato":"4 minuti"},"schema":{"@context":"https:\/\/schema.org","@graph":[{"@type":"Organization","@id":"https:\/\/arteeluoghi.it\/#organization","name":"Arte e Luoghi","url":"https:\/\/arteeluoghi.it\/","sameAs":["https:\/\/www.facebook.com\/ArteELuoghi\/","https:\/\/www.instagram.com\/arteeluoghi\/?hl=it","https:\/\/www.youtube.com\/channel\/UCuRVc4JW4-C5sg9rQB-srkw?view_as=subscriber","https:\/\/twitter.com\/arteeluoghi"],"logo":{"@type":"ImageObject","@id":"https:\/\/arteeluoghi.it\/#logo","inLanguage":"it-IT","url":"https:\/\/arteeluoghi.it\/wp-content\/uploads\/2018\/08\/logoinstagramarte.jpg","contentUrl":"https:\/\/arteeluoghi.it\/wp-content\/uploads\/2018\/08\/logoinstagramarte.jpg","width":150,"height":150,"caption":"Arte e Luoghi"},"image":{"@id":"https:\/\/arteeluoghi.it\/#logo"}},{"@type":"WebSite","@id":"https:\/\/arteeluoghi.it\/#website","url":"https:\/\/arteeluoghi.it\/","name":"Arte e Luoghi","description":"Mensile di arte, cultura, turismo e curiosit\u00e0","publisher":{"@id":"https:\/\/arteeluoghi.it\/#organization"},"potentialAction":[{"@type":"SearchAction","target":{"@type":"EntryPoint","urlTemplate":"https:\/\/arteeluoghi.it\/?s={search_term_string}"},"query-input":"required name=search_term_string"}],"inLanguage":"it-IT"},{"@type":"ImageObject","@id":"https:\/\/arteeluoghi.it\/index.php\/2015\/08\/28\/le-due-torri-aragonesi-del-castello-del-carmine\/#primaryimage","inLanguage":"it-IT","url":"\/images\/Torre2012.jpg","contentUrl":"\/images\/Torre2012.jpg"},{"@type":"WebPage","@id":"https:\/\/arteeluoghi.it\/index.php\/2015\/08\/28\/le-due-torri-aragonesi-del-castello-del-carmine\/#webpage","url":"https:\/\/arteeluoghi.it\/index.php\/2015\/08\/28\/le-due-torri-aragonesi-del-castello-del-carmine\/","name":"Le due torri aragonesi del Castello del Carmine | Arte e Luoghi","isPartOf":{"@id":"https:\/\/arteeluoghi.it\/#website"},"primaryImageOfPage":{"@id":"https:\/\/arteeluoghi.it\/index.php\/2015\/08\/28\/le-due-torri-aragonesi-del-castello-del-carmine\/#primaryimage"},"datePublished":"2015-08-28T10:41:52+00:00","dateModified":"2015-08-28T10:41:52+00:00","breadcrumb":{"@id":"https:\/\/arteeluoghi.it\/index.php\/2015\/08\/28\/le-due-torri-aragonesi-del-castello-del-carmine\/#breadcrumb"},"inLanguage":"it-IT","potentialAction":[{"@type":"ReadAction","target":["https:\/\/arteeluoghi.it\/index.php\/2015\/08\/28\/le-due-torri-aragonesi-del-castello-del-carmine\/"]}]},{"@type":"BreadcrumbList","@id":"https:\/\/arteeluoghi.it\/index.php\/2015\/08\/28\/le-due-torri-aragonesi-del-castello-del-carmine\/#breadcrumb","itemListElement":[{"@type":"ListItem","position":1,"name":"Home","item":"https:\/\/arteeluoghi.it\/"},{"@type":"ListItem","position":2,"name":"Le due torri aragonesi del Castello del Carmine"}]},{"@type":"Article","@id":"https:\/\/arteeluoghi.it\/index.php\/2015\/08\/28\/le-due-torri-aragonesi-del-castello-del-carmine\/#article","isPartOf":{"@id":"https:\/\/arteeluoghi.it\/index.php\/2015\/08\/28\/le-due-torri-aragonesi-del-castello-del-carmine\/#webpage"},"author":{"@id":"https:\/\/arteeluoghi.it\/#\/schema\/person\/f84e814e36e91e01448ee07eaadd41d4"},"headline":"Le due torri aragonesi del Castello del Carmine","datePublished":"2015-08-28T10:41:52+00:00","dateModified":"2015-08-28T10:41:52+00:00","mainEntityOfPage":{"@id":"https:\/\/arteeluoghi.it\/index.php\/2015\/08\/28\/le-due-torri-aragonesi-del-castello-del-carmine\/#webpage"},"wordCount":736,"commentCount":0,"publisher":{"@id":"https:\/\/arteeluoghi.it\/#organization"},"image":{"@id":"https:\/\/arteeluoghi.it\/index.php\/2015\/08\/28\/le-due-torri-aragonesi-del-castello-del-carmine\/#primaryimage"},"thumbnailUrl":"\/images\/Torre2012.jpg","articleSection":["Notizie"],"inLanguage":"it-IT","potentialAction":[{"@type":"CommentAction","name":"Comment","target":["https:\/\/arteeluoghi.it\/index.php\/2015\/08\/28\/le-due-torri-aragonesi-del-castello-del-carmine\/#respond"]}]},{"@type":"Person","@id":"https:\/\/arteeluoghi.it\/#\/schema\/person\/f84e814e36e91e01448ee07eaadd41d4","name":"Staff","image":{"@type":"ImageObject","@id":"https:\/\/arteeluoghi.it\/#personlogo","inLanguage":"it-IT","url":"https:\/\/secure.gravatar.com\/avatar\/49d2f9e46271bb04e19cebfaf141313a?s=96&d=blank&r=g","contentUrl":"https:\/\/secure.gravatar.com\/avatar\/49d2f9e46271bb04e19cebfaf141313a?s=96&d=blank&r=g","caption":"Staff"}}]}},"_links":{"self":[{"href":"https:\/\/arteeluoghi.it\/index.php\/wp-json\/wp\/v2\/posts\/2291"}],"collection":[{"href":"https:\/\/arteeluoghi.it\/index.php\/wp-json\/wp\/v2\/posts"}],"about":[{"href":"https:\/\/arteeluoghi.it\/index.php\/wp-json\/wp\/v2\/types\/post"}],"author":[{"embeddable":true,"href":"https:\/\/arteeluoghi.it\/index.php\/wp-json\/wp\/v2\/users\/1"}],"replies":[{"embeddable":true,"href":"https:\/\/arteeluoghi.it\/index.php\/wp-json\/wp\/v2\/comments?post=2291"}],"version-history":[{"count":0,"href":"https:\/\/arteeluoghi.it\/index.php\/wp-json\/wp\/v2\/posts\/2291\/revisions"}],"wp:attachment":[{"href":"https:\/\/arteeluoghi.it\/index.php\/wp-json\/wp\/v2\/media?parent=2291"}],"wp:term":[{"taxonomy":"category","embeddable":true,"href":"https:\/\/arteeluoghi.it\/index.php\/wp-json\/wp\/v2\/categories?post=2291"},{"taxonomy":"post_tag","embeddable":true,"href":"https:\/\/arteeluoghi.it\/index.php\/wp-json\/wp\/v2\/tags?post=2291"}],"curies":[{"name":"wp","href":"https:\/\/api.w.org\/{rel}","templated":true}]}}