{"id":2294,"date":"2015-09-01T13:24:53","date_gmt":"2015-09-01T11:24:53","guid":{"rendered":"http:\/\/arteeluoghi.it\/index.php\/2015\/09\/01\/a-roma-il-mediterranean-palynology-symposium\/"},"modified":"2015-09-01T13:24:53","modified_gmt":"2015-09-01T11:24:53","slug":"a-roma-il-mediterranean-palynology-symposium","status":"publish","type":"post","link":"https:\/\/arteeluoghi.it\/index.php\/2015\/09\/01\/a-roma-il-mediterranean-palynology-symposium\/","title":{"rendered":"A Roma il Mediterranean Palynology Symposium"},"content":{"rendered":"<p style=\"text-align: left;\"><img loading=\"lazy\" src=\"\/images\/campionatore2.png\" border=\"0\" title=\"campionatore\" width=\"287\" height=\"213\" style=\"float: left; margin: 21px;\" \/>Dall\u20198 al 10 settembre 2015 presso l\u2019Universit\u00e0 degli studi di Roma La Sapienza<\/p>\n<p><span style=\"font-size: small;\"><strong>MedPalyno2015. Confronto internazionale a Roma<\/strong><\/span><\/p>\n<p>\u00a0<\/p>\n<p>In occasione del Simposio sar\u00e0 presentato ufficialmente per la prima volta l\u2019<strong>Atlante del polline delle principali specie\u00a0allergiche\u00a0d\u2019Italia<\/strong><\/p>\n<p>di Antonietta Fulvio<\/p>\n<p>Roma caput mundi e capitale della Palinologia con esperti provenienti da tutto il mondo ospiti del <strong>Mediterranean Palynology Symposium<\/strong>. Quando? Dall\u20198 al 10 settembre 2015. Promosso congiuntamente dalle associazioni palinologiche\u00a0 italiana GPSBI (Gruppo di Palinologia della Societ\u00e0 Botanica Italiana) e spagnola APLE (Associaci\u00f3n de Palin\u00f3logos de Lengua Espanola) il simposio avr\u00e0 quale sede l&#8217;universit\u00e0 di Roma &#8220;La Sapienza&#8221;, tra le pi\u00f9 antiche universit\u00e0 europee. Qui si incontreranno studiosi ed esperti per condividere esperienze e risultati della ricerca, scambiare idee e trovare partner per future collaborazioni.<\/p>\n<p>  <!--more-->  <\/p>\n<p>\u00a0<\/p>\n<p><img src=\"\/images\/manifesto_atlanteweb.jpg\" border=\"0\" title=\"uno dei poster in mostra\" width=\"300\" style=\"margin: 21px; float: left; border: 1px solid black;\" \/><\/p>\n<p>Oltre cento i partecipanti provenienti da 4 continenti, 13 paesi \u2013 spiegano gli organizzatori che anticipano: \u201cMedPalyno2015 \u00e8 diviso in 9 sessioni scientifiche, in cui saranno discussi temi relativi alla qualit\u00e0 dell&#8217;aria e dell&#8217;ambiente, il clima e il cambiamento globale, il paesaggio culturale e le attivit\u00e0 umane, e altre materie di palinologia di base e applicata. Il ricco programma dell\u2019evento scientifico vedr\u00e0 la presentazione di 47 poster e l\u2019alternarsi di ben 79 contributi orali sul tema.\u201d.<\/p>\n<p>E in occasione del Simposio, per la prima volta, il 10 settembre (ore 10:45 &#8211; aula C) sar\u00e0 presentato ufficialmente l\u2019<strong>Atlante del polline delle principali specie\u00a0allergiche\u00a0d\u2019Italia, edito da Il Raggio Verde. <\/strong>Il volume inaugura &#8220;Ambiente Aerobiologia e Allergia&#8221;, collana scientifica diretta da <strong>Augusto Arsieni<\/strong>, Allergologo e Immunologo (Brindisi) e da <strong>Alessandro Travaglini<\/strong> responsabile del Centro di monitoraggio\u00a0 aerobiologco dell&#8217;Universit\u00e0 degli Studi di Roma Tor Vergata. Esperti studiosi che, tra l&#8217;altro, firmano il libro con <strong>Maria\u00a0 Antonia Brighetti <\/strong>collaboratore del Centro di Monitoraggio Aerobiologico di Roma Tor Vergata e<strong> Francesco Vinciguerra <\/strong>esperto di microscopia ottica e di tecniche di laboratorio biologico e citodiagnostica presso l&#8217;Ospedale San Giovanni di Dio di Crotone<strong>.<\/strong><\/p>\n<p><strong>L\u2019Atlante del polline delle principali piante allergeniche d\u2019Italia<\/strong> nasce dall\u2019idea di realizzare uno strumento di supporto per il riconoscimento delle diverse tipologie di granuli pollinici presenti sui vetrini di campionamento aerobiologico. Il libro \u00e8 strutturato sostanzialmente in tre parti. La prima,\u00a0 introduttiva, \u00e8 incentrata sulla descrizione della morfologia pollinica, con schemi e figure, che dovrebbero favorire il riconoscimento delle diverse tipologie di polline e uno schema costruito come chiave dicotomica che si prefigge di favorire l\u2019identificazione dei granuli osservati.<\/p>\n<p><img src=\"\/images\/alessandro-travaglini.jpg\" border=\"0\" title=\"il biologo Alessandro Travaglini\" width=\"300\" style=\"margin: 21px; float: right;\" \/>La seconda comprende le diverse schede descrittive che illustrano 46 famiglie e 134 taxon botanici, tra generi e specie. \u201cIn ciascuna scheda \u2013 spiega lo stesso <strong>Alessandro Travaglini<\/strong> \u2013 \u00e8 riportata \u00a0la descrizione del taxon e del granulo corrispondente, con relativa documentazione iconografica. I granuli pollinici sono stati raccolti da specie identificate con certezza e fotografati dopo l\u2019allestimento di vetrini di microscopia utilizzando per la colorazione gelatina glicerinata con fucsina, come descritto nel metodo standardizzato. Le misure dei granuli sono state ottenute effettuando misurazioni ex novo. L\u2019identificazione delle specie e l\u2019allestimento dei vetrini sono stati realizzati dagli stessi autori, presso il laboratorio di Aerobiologia dell\u2019Universit\u00e0 di Roma Tor Vergata\u201d.<br \/> La terza comprende apparati di indispensabile consultazione con la tabella di distribuzione spontanea delle diverse specie sul territorio nazionale, un glossario botanico e uno palinologico.<\/p>\n<p><img src=\"\/images\/augustoarsieni.jpg\" border=\"0\" title=\"l'allergologo Augusto Arsieni\" width=\"300\" style=\"float: left; margin: 21px;\" \/>Racchiuso in una elegante veste grafica il frutto della collaborazione di studiosi appassionati, di diversa formazione ed esperienza professionale, uniti dal piacere della ricerca e dal comune obiettivo della condivisione dei saperi. Spirito che \u00e8 alla base dei principi statutari dell\u2019Aisai, Associazione Italiana Specialisti Allergologi-Immunologi che ha voluto patrocinare la pubblicazione che, grazie alla accurata documentazione fotografica, potr\u00e0 rivelarsi utile ai medici allergologi e agli stessi pazienti allergici al polline nell\u2019individuazione delle specie responsabili di allergia, almeno nella fase antesica. Una pubblicazione che si rivolge tanto agli studenti dei corsi di Aerobiologia e di Allergologia presenti nelle universit\u00e0 italiane, quale indispensabile strumento di formazione, ma anche agli operatori dei centri di monitoraggio aerobiologico presenti sul territorio nazionale.<\/p>\n<p>E\u2019 possibile scaricare il programma.\u00a0<a href=\"http:\/\/polline.uniroma2.it\/files\/2012\/11\/MedPalyno-Timetable.pdf\">MedPalyno \u2013 Timetable<\/a><\/p>\n<p>www.ilraggioverdesrl.it<\/p>\n<p>\u00a0<\/p>\n<p>\u00a0<\/p>\n<hr \/>\n<p>\u00a0<\/p>\n<p>Gli Autori<\/p>\n<p>Alessandro Travaglini, ricercatore presso l\u2019Universit\u00e0 degli Studi di Roma Tor Vergata, si occupa di Botanica sistematica, Aerobiologia, Educazione ambientale. \u00e8 responsabile del Centro di Monitoraggio Aerobiologico di Roma Tor Vergata. \u00e8 stato Coordinatore della R.I.M.A.\u00ae (Rete Italiana di Monitoraggio in Aerobiologia\u00ae) dell\u2019Associazione Italiana di Aerobiologia.<br \/> Maria Antonia Brighetti, PhD, da anni collaboratore del Centro di Monitoraggio Aerobiologico di Roma Tor Vergata. Partecipa a progetti di ricerca in Aerobiologia e in campo ambientale.<br \/> Augusto Arsieni, Allergologo e Immunologo; Vice Presidente-Presidente Eletto di A.I.A. (Associazione Italiana di Aerobiologia); Responsabile del Centro di Monitoraggio Aerobiologico di Brindisi; Componente del Consiglio<br \/> Direttivo AISAI (Associazione Italiana Specialisti Allergologi-Immunologi). \u00e8 Responsabile del Servizio di<br \/> Allergologia ASL di Brindisi.<br \/> Francesco Vinciguerra, esperto di microscopia ottica e di tecniche di laboratorio biologico e citodiagnostica. Ospedale San Giovanni di Dio &#8211; Servizio di Anatomia patologica. Crotone.<\/p>\n<p><strong>\u00a0<\/strong><\/p>\n<p>\u00a0<\/p>\n<p><strong>\u00a0<\/strong><\/p>\n","protected":false},"excerpt":{"rendered":"<p>Dall\u20198 al 10 settembre 2015 presso l\u2019Universit\u00e0 degli studi di Roma La Sapienza MedPalyno2015. Confronto internazionale a Roma \u00a0 In<\/p>\n","protected":false},"author":1,"featured_media":0,"comment_status":"open","ping_status":"open","sticky":false,"template":"","format":"standard","meta":[],"categories":[28],"tags":[],"yoast_head":"<!-- This site is optimized with the Yoast SEO plugin v18.0 - https:\/\/yoast.com\/wordpress\/plugins\/seo\/ -->\n<title>A Roma il Mediterranean Palynology Symposium | Arte e Luoghi<\/title>\n<meta name=\"robots\" content=\"index, follow, max-snippet:-1, max-image-preview:large, max-video-preview:-1\" \/>\n<link rel=\"canonical\" href=\"https:\/\/arteeluoghi.it\/index.php\/2015\/09\/01\/a-roma-il-mediterranean-palynology-symposium\/\" \/>\n<meta property=\"og:locale\" content=\"it_IT\" \/>\n<meta property=\"og:type\" content=\"article\" \/>\n<meta property=\"og:title\" content=\"A Roma il Mediterranean Palynology Symposium | Arte e Luoghi\" \/>\n<meta property=\"og:description\" content=\"Dall\u20198 al 10 settembre 2015 presso l\u2019Universit\u00e0 degli studi di Roma La Sapienza MedPalyno2015. Confronto internazionale a Roma \u00a0 In\" \/>\n<meta property=\"og:url\" content=\"https:\/\/arteeluoghi.it\/index.php\/2015\/09\/01\/a-roma-il-mediterranean-palynology-symposium\/\" \/>\n<meta property=\"og:site_name\" content=\"Arte e Luoghi\" \/>\n<meta property=\"article:publisher\" content=\"https:\/\/www.facebook.com\/ArteELuoghi\/\" \/>\n<meta property=\"article:published_time\" content=\"2015-09-01T11:24:53+00:00\" \/>\n<meta property=\"og:image\" content=\"https:\/\/arteeluoghi.it\/images\/campionatore2.png\" \/>\n<meta name=\"twitter:card\" content=\"summary\" \/>\n<meta name=\"twitter:creator\" content=\"@arteeluoghi\" \/>\n<meta name=\"twitter:site\" content=\"@arteeluoghi\" \/>\n<meta name=\"twitter:label1\" content=\"Scritto da\" \/>\n\t<meta name=\"twitter:data1\" content=\"Staff\" \/>\n\t<meta name=\"twitter:label2\" content=\"Tempo di lettura stimato\" \/>\n\t<meta name=\"twitter:data2\" content=\"4 minuti\" \/>\n<script type=\"application\/ld+json\" class=\"yoast-schema-graph\">{\"@context\":\"https:\/\/schema.org\",\"@graph\":[{\"@type\":\"Organization\",\"@id\":\"https:\/\/arteeluoghi.it\/#organization\",\"name\":\"Arte e Luoghi\",\"url\":\"https:\/\/arteeluoghi.it\/\",\"sameAs\":[\"https:\/\/www.facebook.com\/ArteELuoghi\/\",\"https:\/\/www.instagram.com\/arteeluoghi\/?hl=it\",\"https:\/\/www.youtube.com\/channel\/UCuRVc4JW4-C5sg9rQB-srkw?view_as=subscriber\",\"https:\/\/twitter.com\/arteeluoghi\"],\"logo\":{\"@type\":\"ImageObject\",\"@id\":\"https:\/\/arteeluoghi.it\/#logo\",\"inLanguage\":\"it-IT\",\"url\":\"https:\/\/arteeluoghi.it\/wp-content\/uploads\/2018\/08\/logoinstagramarte.jpg\",\"contentUrl\":\"https:\/\/arteeluoghi.it\/wp-content\/uploads\/2018\/08\/logoinstagramarte.jpg\",\"width\":150,\"height\":150,\"caption\":\"Arte e Luoghi\"},\"image\":{\"@id\":\"https:\/\/arteeluoghi.it\/#logo\"}},{\"@type\":\"WebSite\",\"@id\":\"https:\/\/arteeluoghi.it\/#website\",\"url\":\"https:\/\/arteeluoghi.it\/\",\"name\":\"Arte e Luoghi\",\"description\":\"Mensile di arte, cultura, turismo e curiosit\u00e0\",\"publisher\":{\"@id\":\"https:\/\/arteeluoghi.it\/#organization\"},\"potentialAction\":[{\"@type\":\"SearchAction\",\"target\":{\"@type\":\"EntryPoint\",\"urlTemplate\":\"https:\/\/arteeluoghi.it\/?s={search_term_string}\"},\"query-input\":\"required name=search_term_string\"}],\"inLanguage\":\"it-IT\"},{\"@type\":\"ImageObject\",\"@id\":\"https:\/\/arteeluoghi.it\/index.php\/2015\/09\/01\/a-roma-il-mediterranean-palynology-symposium\/#primaryimage\",\"inLanguage\":\"it-IT\",\"url\":\"\/images\/campionatore2.png\",\"contentUrl\":\"\/images\/campionatore2.png\"},{\"@type\":\"WebPage\",\"@id\":\"https:\/\/arteeluoghi.it\/index.php\/2015\/09\/01\/a-roma-il-mediterranean-palynology-symposium\/#webpage\",\"url\":\"https:\/\/arteeluoghi.it\/index.php\/2015\/09\/01\/a-roma-il-mediterranean-palynology-symposium\/\",\"name\":\"A Roma il Mediterranean Palynology Symposium | Arte e Luoghi\",\"isPartOf\":{\"@id\":\"https:\/\/arteeluoghi.it\/#website\"},\"primaryImageOfPage\":{\"@id\":\"https:\/\/arteeluoghi.it\/index.php\/2015\/09\/01\/a-roma-il-mediterranean-palynology-symposium\/#primaryimage\"},\"datePublished\":\"2015-09-01T11:24:53+00:00\",\"dateModified\":\"2015-09-01T11:24:53+00:00\",\"breadcrumb\":{\"@id\":\"https:\/\/arteeluoghi.it\/index.php\/2015\/09\/01\/a-roma-il-mediterranean-palynology-symposium\/#breadcrumb\"},\"inLanguage\":\"it-IT\",\"potentialAction\":[{\"@type\":\"ReadAction\",\"target\":[\"https:\/\/arteeluoghi.it\/index.php\/2015\/09\/01\/a-roma-il-mediterranean-palynology-symposium\/\"]}]},{\"@type\":\"BreadcrumbList\",\"@id\":\"https:\/\/arteeluoghi.it\/index.php\/2015\/09\/01\/a-roma-il-mediterranean-palynology-symposium\/#breadcrumb\",\"itemListElement\":[{\"@type\":\"ListItem\",\"position\":1,\"name\":\"Home\",\"item\":\"https:\/\/arteeluoghi.it\/\"},{\"@type\":\"ListItem\",\"position\":2,\"name\":\"A Roma il Mediterranean Palynology Symposium\"}]},{\"@type\":\"Article\",\"@id\":\"https:\/\/arteeluoghi.it\/index.php\/2015\/09\/01\/a-roma-il-mediterranean-palynology-symposium\/#article\",\"isPartOf\":{\"@id\":\"https:\/\/arteeluoghi.it\/index.php\/2015\/09\/01\/a-roma-il-mediterranean-palynology-symposium\/#webpage\"},\"author\":{\"@id\":\"https:\/\/arteeluoghi.it\/#\/schema\/person\/f84e814e36e91e01448ee07eaadd41d4\"},\"headline\":\"A Roma il Mediterranean Palynology Symposium\",\"datePublished\":\"2015-09-01T11:24:53+00:00\",\"dateModified\":\"2015-09-01T11:24:53+00:00\",\"mainEntityOfPage\":{\"@id\":\"https:\/\/arteeluoghi.it\/index.php\/2015\/09\/01\/a-roma-il-mediterranean-palynology-symposium\/#webpage\"},\"wordCount\":800,\"commentCount\":0,\"publisher\":{\"@id\":\"https:\/\/arteeluoghi.it\/#organization\"},\"image\":{\"@id\":\"https:\/\/arteeluoghi.it\/index.php\/2015\/09\/01\/a-roma-il-mediterranean-palynology-symposium\/#primaryimage\"},\"thumbnailUrl\":\"\/images\/campionatore2.png\",\"articleSection\":[\"Notizie\"],\"inLanguage\":\"it-IT\",\"potentialAction\":[{\"@type\":\"CommentAction\",\"name\":\"Comment\",\"target\":[\"https:\/\/arteeluoghi.it\/index.php\/2015\/09\/01\/a-roma-il-mediterranean-palynology-symposium\/#respond\"]}]},{\"@type\":\"Person\",\"@id\":\"https:\/\/arteeluoghi.it\/#\/schema\/person\/f84e814e36e91e01448ee07eaadd41d4\",\"name\":\"Staff\",\"image\":{\"@type\":\"ImageObject\",\"@id\":\"https:\/\/arteeluoghi.it\/#personlogo\",\"inLanguage\":\"it-IT\",\"url\":\"https:\/\/secure.gravatar.com\/avatar\/49d2f9e46271bb04e19cebfaf141313a?s=96&d=blank&r=g\",\"contentUrl\":\"https:\/\/secure.gravatar.com\/avatar\/49d2f9e46271bb04e19cebfaf141313a?s=96&d=blank&r=g\",\"caption\":\"Staff\"}}]}<\/script>\n<!-- \/ Yoast SEO plugin. -->","yoast_head_json":{"title":"A Roma il Mediterranean Palynology Symposium | Arte e Luoghi","robots":{"index":"index","follow":"follow","max-snippet":"max-snippet:-1","max-image-preview":"max-image-preview:large","max-video-preview":"max-video-preview:-1"},"canonical":"https:\/\/arteeluoghi.it\/index.php\/2015\/09\/01\/a-roma-il-mediterranean-palynology-symposium\/","og_locale":"it_IT","og_type":"article","og_title":"A Roma il Mediterranean Palynology Symposium | Arte e Luoghi","og_description":"Dall\u20198 al 10 settembre 2015 presso l\u2019Universit\u00e0 degli studi di Roma La Sapienza MedPalyno2015. Confronto internazionale a Roma \u00a0 In","og_url":"https:\/\/arteeluoghi.it\/index.php\/2015\/09\/01\/a-roma-il-mediterranean-palynology-symposium\/","og_site_name":"Arte e Luoghi","article_publisher":"https:\/\/www.facebook.com\/ArteELuoghi\/","article_published_time":"2015-09-01T11:24:53+00:00","og_image":[{"url":"https:\/\/arteeluoghi.it\/images\/campionatore2.png"}],"twitter_card":"summary","twitter_creator":"@arteeluoghi","twitter_site":"@arteeluoghi","twitter_misc":{"Scritto da":"Staff","Tempo di lettura stimato":"4 minuti"},"schema":{"@context":"https:\/\/schema.org","@graph":[{"@type":"Organization","@id":"https:\/\/arteeluoghi.it\/#organization","name":"Arte e Luoghi","url":"https:\/\/arteeluoghi.it\/","sameAs":["https:\/\/www.facebook.com\/ArteELuoghi\/","https:\/\/www.instagram.com\/arteeluoghi\/?hl=it","https:\/\/www.youtube.com\/channel\/UCuRVc4JW4-C5sg9rQB-srkw?view_as=subscriber","https:\/\/twitter.com\/arteeluoghi"],"logo":{"@type":"ImageObject","@id":"https:\/\/arteeluoghi.it\/#logo","inLanguage":"it-IT","url":"https:\/\/arteeluoghi.it\/wp-content\/uploads\/2018\/08\/logoinstagramarte.jpg","contentUrl":"https:\/\/arteeluoghi.it\/wp-content\/uploads\/2018\/08\/logoinstagramarte.jpg","width":150,"height":150,"caption":"Arte e Luoghi"},"image":{"@id":"https:\/\/arteeluoghi.it\/#logo"}},{"@type":"WebSite","@id":"https:\/\/arteeluoghi.it\/#website","url":"https:\/\/arteeluoghi.it\/","name":"Arte e Luoghi","description":"Mensile di arte, cultura, turismo e curiosit\u00e0","publisher":{"@id":"https:\/\/arteeluoghi.it\/#organization"},"potentialAction":[{"@type":"SearchAction","target":{"@type":"EntryPoint","urlTemplate":"https:\/\/arteeluoghi.it\/?s={search_term_string}"},"query-input":"required name=search_term_string"}],"inLanguage":"it-IT"},{"@type":"ImageObject","@id":"https:\/\/arteeluoghi.it\/index.php\/2015\/09\/01\/a-roma-il-mediterranean-palynology-symposium\/#primaryimage","inLanguage":"it-IT","url":"\/images\/campionatore2.png","contentUrl":"\/images\/campionatore2.png"},{"@type":"WebPage","@id":"https:\/\/arteeluoghi.it\/index.php\/2015\/09\/01\/a-roma-il-mediterranean-palynology-symposium\/#webpage","url":"https:\/\/arteeluoghi.it\/index.php\/2015\/09\/01\/a-roma-il-mediterranean-palynology-symposium\/","name":"A Roma il Mediterranean Palynology Symposium | Arte e Luoghi","isPartOf":{"@id":"https:\/\/arteeluoghi.it\/#website"},"primaryImageOfPage":{"@id":"https:\/\/arteeluoghi.it\/index.php\/2015\/09\/01\/a-roma-il-mediterranean-palynology-symposium\/#primaryimage"},"datePublished":"2015-09-01T11:24:53+00:00","dateModified":"2015-09-01T11:24:53+00:00","breadcrumb":{"@id":"https:\/\/arteeluoghi.it\/index.php\/2015\/09\/01\/a-roma-il-mediterranean-palynology-symposium\/#breadcrumb"},"inLanguage":"it-IT","potentialAction":[{"@type":"ReadAction","target":["https:\/\/arteeluoghi.it\/index.php\/2015\/09\/01\/a-roma-il-mediterranean-palynology-symposium\/"]}]},{"@type":"BreadcrumbList","@id":"https:\/\/arteeluoghi.it\/index.php\/2015\/09\/01\/a-roma-il-mediterranean-palynology-symposium\/#breadcrumb","itemListElement":[{"@type":"ListItem","position":1,"name":"Home","item":"https:\/\/arteeluoghi.it\/"},{"@type":"ListItem","position":2,"name":"A Roma il Mediterranean Palynology Symposium"}]},{"@type":"Article","@id":"https:\/\/arteeluoghi.it\/index.php\/2015\/09\/01\/a-roma-il-mediterranean-palynology-symposium\/#article","isPartOf":{"@id":"https:\/\/arteeluoghi.it\/index.php\/2015\/09\/01\/a-roma-il-mediterranean-palynology-symposium\/#webpage"},"author":{"@id":"https:\/\/arteeluoghi.it\/#\/schema\/person\/f84e814e36e91e01448ee07eaadd41d4"},"headline":"A Roma il Mediterranean Palynology Symposium","datePublished":"2015-09-01T11:24:53+00:00","dateModified":"2015-09-01T11:24:53+00:00","mainEntityOfPage":{"@id":"https:\/\/arteeluoghi.it\/index.php\/2015\/09\/01\/a-roma-il-mediterranean-palynology-symposium\/#webpage"},"wordCount":800,"commentCount":0,"publisher":{"@id":"https:\/\/arteeluoghi.it\/#organization"},"image":{"@id":"https:\/\/arteeluoghi.it\/index.php\/2015\/09\/01\/a-roma-il-mediterranean-palynology-symposium\/#primaryimage"},"thumbnailUrl":"\/images\/campionatore2.png","articleSection":["Notizie"],"inLanguage":"it-IT","potentialAction":[{"@type":"CommentAction","name":"Comment","target":["https:\/\/arteeluoghi.it\/index.php\/2015\/09\/01\/a-roma-il-mediterranean-palynology-symposium\/#respond"]}]},{"@type":"Person","@id":"https:\/\/arteeluoghi.it\/#\/schema\/person\/f84e814e36e91e01448ee07eaadd41d4","name":"Staff","image":{"@type":"ImageObject","@id":"https:\/\/arteeluoghi.it\/#personlogo","inLanguage":"it-IT","url":"https:\/\/secure.gravatar.com\/avatar\/49d2f9e46271bb04e19cebfaf141313a?s=96&d=blank&r=g","contentUrl":"https:\/\/secure.gravatar.com\/avatar\/49d2f9e46271bb04e19cebfaf141313a?s=96&d=blank&r=g","caption":"Staff"}}]}},"_links":{"self":[{"href":"https:\/\/arteeluoghi.it\/index.php\/wp-json\/wp\/v2\/posts\/2294"}],"collection":[{"href":"https:\/\/arteeluoghi.it\/index.php\/wp-json\/wp\/v2\/posts"}],"about":[{"href":"https:\/\/arteeluoghi.it\/index.php\/wp-json\/wp\/v2\/types\/post"}],"author":[{"embeddable":true,"href":"https:\/\/arteeluoghi.it\/index.php\/wp-json\/wp\/v2\/users\/1"}],"replies":[{"embeddable":true,"href":"https:\/\/arteeluoghi.it\/index.php\/wp-json\/wp\/v2\/comments?post=2294"}],"version-history":[{"count":0,"href":"https:\/\/arteeluoghi.it\/index.php\/wp-json\/wp\/v2\/posts\/2294\/revisions"}],"wp:attachment":[{"href":"https:\/\/arteeluoghi.it\/index.php\/wp-json\/wp\/v2\/media?parent=2294"}],"wp:term":[{"taxonomy":"category","embeddable":true,"href":"https:\/\/arteeluoghi.it\/index.php\/wp-json\/wp\/v2\/categories?post=2294"},{"taxonomy":"post_tag","embeddable":true,"href":"https:\/\/arteeluoghi.it\/index.php\/wp-json\/wp\/v2\/tags?post=2294"}],"curies":[{"name":"wp","href":"https:\/\/api.w.org\/{rel}","templated":true}]}}