{"id":2303,"date":"2015-09-07T19:20:03","date_gmt":"2015-09-07T17:20:03","guid":{"rendered":"http:\/\/arteeluoghi.it\/index.php\/2015\/09\/07\/francavilla-e-jazz-giu-il-sipario\/"},"modified":"2018-01-04T22:11:19","modified_gmt":"2018-01-04T21:11:19","slug":"francavilla-e-jazz-giu-il-sipario","status":"publish","type":"post","link":"https:\/\/arteeluoghi.it\/index.php\/2015\/09\/07\/francavilla-e-jazz-giu-il-sipario\/","title":{"rendered":"Francavilla \u00e8 Jazz. Gi\u00f9 il sipario"},"content":{"rendered":"<p style=\"text-align: left;\" align=\"center\"><strong><img src=\"\/images\/DANIELE%20GORGONE%204ET%20FEAT.%20TOM%20KIRKPATRICK.jpg\" border=\"0\" title=\"Daniele Gorgone 4eat. Tom Kirkpatri\" width=\"300\" style=\"margin: 21px; float: right;\" \/>Epilogo pirotecnico con il concerto griffato \u201cDaniele Gorgone Quartet feat. Tom Kirkpatrick\u201d<\/strong><\/p>\n<p style=\"text-align: left;\"><strong>di Stefano Dentice<\/strong><\/p>\n<p>Lo swing, cuore pulsante del jazz di matrice afroamericana, ha aleggiato in \u201cLargo San Marco\u201d, suggestiva cornice nella quale si \u00e8 tenuta la seconda edizione della kermesse \u201cFrancavilla \u00e8\u2026 jazz\u201d. \u201cDaniele Gorgone Quartet feat. Tom Kirkpatrick\u201d, scintillante formazione costituita da Daniele Gorgone (pianoforte), MatteoAnelli (contrabbasso), Carlo Battisti (batteria) e lo special guest statunitense Tom Kirkpatrick (tromba), ha chiuso la rassegna di Francavilla Fontana. Il quartetto diretto dal pianista livornese ha eseguito un repertorio contenente alcuni tra i pi\u00f9 rappresentativi standard della tradizione jazzistica congiuntamente a qualche composizione originale autografata dal leader.<\/p>\n<p>  <!--more-->  <\/p>\n<p>L\u2019attento e folto pubblico presente \u00e8 stato letteralmente travolto dall\u2019entusiasmo trasmesso dai quattro musicisti. Verace bopper, Gorgone ha snocciolato un fraseggio serrato e spigliato, ornato da adamantine impennate cromatiche. Il suo playing, inoltre, \u00e8 stato impreziosito da un inebriante bluesy mood. Giovane e talentuoso contrabbassista in rampa di lancio, Anelli si \u00e8 segnalato per la sua solidit\u00e0 ritmica e fluidit\u00e0 nei soli. Battisti ha dato prova della sua sterminata conoscenza del linguaggio e della pronuncia jazz. Il suo incalzante swing e i suoi godibili spart-four hanno affascinato gli astanti. Kirkpatrick, storico trombettista statunitense, ha conquistato i calorosi spettatori grazie alla sua genuina ironia. Dal fraseggio colto, di chiara derivazione boppistica, ha interagito simpaticamente con gli ascoltatori, invitandoli a battere le mani a tempo e a partecipare attivamente al concerto. Particolarmente emozionante il momento in cui \u00e8 sceso dal palco per suonare la tromba a distanza ravvicinatissima dalla gente, per \u00a0poi ringraziarla con un affettuoso bacio al volo. Lo sfolgorante live targato \u201cDaniele Gorgone Quartet\u00a0 feat. Tom Kirkpatrick\u201d ha spento i riflettori sulla seconda edizione del festival \u201cFrancavilla \u00e8\u2026 jazz\u201d. Una kermesse perfettamente riuscita grazie all\u2019impeccabile direzione artistica curata da Alfredo Iaia, fervente cultore del jazz che ha operato scelte musicali dall\u2019indubbia qualit\u00e0, al Comune di Francavilla Fontana per il patrocinio e l\u2019indispensabile supporto organizzativo e al determinante contributo degli sponsor. Dunque, una notevole manifestazione volta a sensibilizzare l\u2019interesse verso la cultura, l\u2019arte e il jazz nello specifico, con lo speranzoso auspicio che possa servire per allargare la comunit\u00e0 dei jazzofili.<\/p>\n<p>\u00a0<\/p>\n<p>\u00a0<\/p>\n","protected":false},"excerpt":{"rendered":"<p>Epilogo pirotecnico con il concerto griffato \u201cDaniele Gorgone Quartet feat. Tom Kirkpatrick\u201d di Stefano Dentice Lo swing, cuore pulsante del<\/p>\n","protected":false},"author":1,"featured_media":0,"comment_status":"open","ping_status":"open","sticky":false,"template":"","format":"standard","meta":[],"categories":[12],"tags":[],"yoast_head":"<!-- This site is optimized with the Yoast SEO plugin v18.0 - https:\/\/yoast.com\/wordpress\/plugins\/seo\/ -->\n<title>Francavilla \u00e8 Jazz. Gi\u00f9 il sipario | Arte e Luoghi<\/title>\n<meta name=\"robots\" content=\"index, follow, max-snippet:-1, max-image-preview:large, max-video-preview:-1\" \/>\n<link rel=\"canonical\" href=\"https:\/\/arteeluoghi.it\/index.php\/2015\/09\/07\/francavilla-e-jazz-giu-il-sipario\/\" \/>\n<meta property=\"og:locale\" content=\"it_IT\" \/>\n<meta property=\"og:type\" content=\"article\" \/>\n<meta property=\"og:title\" content=\"Francavilla \u00e8 Jazz. Gi\u00f9 il sipario | Arte e Luoghi\" \/>\n<meta property=\"og:description\" content=\"Epilogo pirotecnico con il concerto griffato \u201cDaniele Gorgone Quartet feat. Tom Kirkpatrick\u201d di Stefano Dentice Lo swing, cuore pulsante del\" \/>\n<meta property=\"og:url\" content=\"https:\/\/arteeluoghi.it\/index.php\/2015\/09\/07\/francavilla-e-jazz-giu-il-sipario\/\" \/>\n<meta property=\"og:site_name\" content=\"Arte e Luoghi\" \/>\n<meta property=\"article:publisher\" content=\"https:\/\/www.facebook.com\/ArteELuoghi\/\" \/>\n<meta property=\"article:published_time\" content=\"2015-09-07T17:20:03+00:00\" \/>\n<meta property=\"article:modified_time\" content=\"2018-01-04T21:11:19+00:00\" \/>\n<meta property=\"og:image\" content=\"https:\/\/arteeluoghi.it\/images\/DANIELE%20GORGONE%204ET%20FEAT.%20TOM%20KIRKPATRICK.jpg\" \/>\n<meta name=\"twitter:card\" content=\"summary\" \/>\n<meta name=\"twitter:creator\" content=\"@arteeluoghi\" \/>\n<meta name=\"twitter:site\" content=\"@arteeluoghi\" \/>\n<meta name=\"twitter:label1\" content=\"Scritto da\" \/>\n\t<meta name=\"twitter:data1\" content=\"Staff\" \/>\n\t<meta name=\"twitter:label2\" content=\"Tempo di lettura stimato\" \/>\n\t<meta name=\"twitter:data2\" content=\"2 minuti\" \/>\n<script type=\"application\/ld+json\" class=\"yoast-schema-graph\">{\"@context\":\"https:\/\/schema.org\",\"@graph\":[{\"@type\":\"Organization\",\"@id\":\"https:\/\/arteeluoghi.it\/#organization\",\"name\":\"Arte e Luoghi\",\"url\":\"https:\/\/arteeluoghi.it\/\",\"sameAs\":[\"https:\/\/www.facebook.com\/ArteELuoghi\/\",\"https:\/\/www.instagram.com\/arteeluoghi\/?hl=it\",\"https:\/\/www.youtube.com\/channel\/UCuRVc4JW4-C5sg9rQB-srkw?view_as=subscriber\",\"https:\/\/twitter.com\/arteeluoghi\"],\"logo\":{\"@type\":\"ImageObject\",\"@id\":\"https:\/\/arteeluoghi.it\/#logo\",\"inLanguage\":\"it-IT\",\"url\":\"https:\/\/arteeluoghi.it\/wp-content\/uploads\/2018\/08\/logoinstagramarte.jpg\",\"contentUrl\":\"https:\/\/arteeluoghi.it\/wp-content\/uploads\/2018\/08\/logoinstagramarte.jpg\",\"width\":150,\"height\":150,\"caption\":\"Arte e Luoghi\"},\"image\":{\"@id\":\"https:\/\/arteeluoghi.it\/#logo\"}},{\"@type\":\"WebSite\",\"@id\":\"https:\/\/arteeluoghi.it\/#website\",\"url\":\"https:\/\/arteeluoghi.it\/\",\"name\":\"Arte e Luoghi\",\"description\":\"Mensile di arte, cultura, turismo e curiosit\u00e0\",\"publisher\":{\"@id\":\"https:\/\/arteeluoghi.it\/#organization\"},\"potentialAction\":[{\"@type\":\"SearchAction\",\"target\":{\"@type\":\"EntryPoint\",\"urlTemplate\":\"https:\/\/arteeluoghi.it\/?s={search_term_string}\"},\"query-input\":\"required name=search_term_string\"}],\"inLanguage\":\"it-IT\"},{\"@type\":\"ImageObject\",\"@id\":\"https:\/\/arteeluoghi.it\/index.php\/2015\/09\/07\/francavilla-e-jazz-giu-il-sipario\/#primaryimage\",\"inLanguage\":\"it-IT\",\"url\":\"\/images\/DANIELE%20GORGONE%204ET%20FEAT.%20TOM%20KIRKPATRICK.jpg\",\"contentUrl\":\"\/images\/DANIELE%20GORGONE%204ET%20FEAT.%20TOM%20KIRKPATRICK.jpg\"},{\"@type\":\"WebPage\",\"@id\":\"https:\/\/arteeluoghi.it\/index.php\/2015\/09\/07\/francavilla-e-jazz-giu-il-sipario\/#webpage\",\"url\":\"https:\/\/arteeluoghi.it\/index.php\/2015\/09\/07\/francavilla-e-jazz-giu-il-sipario\/\",\"name\":\"Francavilla \u00e8 Jazz. Gi\u00f9 il sipario | Arte e Luoghi\",\"isPartOf\":{\"@id\":\"https:\/\/arteeluoghi.it\/#website\"},\"primaryImageOfPage\":{\"@id\":\"https:\/\/arteeluoghi.it\/index.php\/2015\/09\/07\/francavilla-e-jazz-giu-il-sipario\/#primaryimage\"},\"datePublished\":\"2015-09-07T17:20:03+00:00\",\"dateModified\":\"2018-01-04T21:11:19+00:00\",\"breadcrumb\":{\"@id\":\"https:\/\/arteeluoghi.it\/index.php\/2015\/09\/07\/francavilla-e-jazz-giu-il-sipario\/#breadcrumb\"},\"inLanguage\":\"it-IT\",\"potentialAction\":[{\"@type\":\"ReadAction\",\"target\":[\"https:\/\/arteeluoghi.it\/index.php\/2015\/09\/07\/francavilla-e-jazz-giu-il-sipario\/\"]}]},{\"@type\":\"BreadcrumbList\",\"@id\":\"https:\/\/arteeluoghi.it\/index.php\/2015\/09\/07\/francavilla-e-jazz-giu-il-sipario\/#breadcrumb\",\"itemListElement\":[{\"@type\":\"ListItem\",\"position\":1,\"name\":\"Home\",\"item\":\"https:\/\/arteeluoghi.it\/\"},{\"@type\":\"ListItem\",\"position\":2,\"name\":\"Francavilla \u00e8 Jazz. Gi\u00f9 il sipario\"}]},{\"@type\":\"Article\",\"@id\":\"https:\/\/arteeluoghi.it\/index.php\/2015\/09\/07\/francavilla-e-jazz-giu-il-sipario\/#article\",\"isPartOf\":{\"@id\":\"https:\/\/arteeluoghi.it\/index.php\/2015\/09\/07\/francavilla-e-jazz-giu-il-sipario\/#webpage\"},\"author\":{\"@id\":\"https:\/\/arteeluoghi.it\/#\/schema\/person\/f84e814e36e91e01448ee07eaadd41d4\"},\"headline\":\"Francavilla \u00e8 Jazz. Gi\u00f9 il sipario\",\"datePublished\":\"2015-09-07T17:20:03+00:00\",\"dateModified\":\"2018-01-04T21:11:19+00:00\",\"mainEntityOfPage\":{\"@id\":\"https:\/\/arteeluoghi.it\/index.php\/2015\/09\/07\/francavilla-e-jazz-giu-il-sipario\/#webpage\"},\"wordCount\":361,\"commentCount\":0,\"publisher\":{\"@id\":\"https:\/\/arteeluoghi.it\/#organization\"},\"image\":{\"@id\":\"https:\/\/arteeluoghi.it\/index.php\/2015\/09\/07\/francavilla-e-jazz-giu-il-sipario\/#primaryimage\"},\"thumbnailUrl\":\"\/images\/DANIELE%20GORGONE%204ET%20FEAT.%20TOM%20KIRKPATRICK.jpg\",\"articleSection\":[\"MUSICA\"],\"inLanguage\":\"it-IT\",\"potentialAction\":[{\"@type\":\"CommentAction\",\"name\":\"Comment\",\"target\":[\"https:\/\/arteeluoghi.it\/index.php\/2015\/09\/07\/francavilla-e-jazz-giu-il-sipario\/#respond\"]}]},{\"@type\":\"Person\",\"@id\":\"https:\/\/arteeluoghi.it\/#\/schema\/person\/f84e814e36e91e01448ee07eaadd41d4\",\"name\":\"Staff\",\"image\":{\"@type\":\"ImageObject\",\"@id\":\"https:\/\/arteeluoghi.it\/#personlogo\",\"inLanguage\":\"it-IT\",\"url\":\"https:\/\/secure.gravatar.com\/avatar\/49d2f9e46271bb04e19cebfaf141313a?s=96&d=blank&r=g\",\"contentUrl\":\"https:\/\/secure.gravatar.com\/avatar\/49d2f9e46271bb04e19cebfaf141313a?s=96&d=blank&r=g\",\"caption\":\"Staff\"}}]}<\/script>\n<!-- \/ Yoast SEO plugin. -->","yoast_head_json":{"title":"Francavilla \u00e8 Jazz. Gi\u00f9 il sipario | Arte e Luoghi","robots":{"index":"index","follow":"follow","max-snippet":"max-snippet:-1","max-image-preview":"max-image-preview:large","max-video-preview":"max-video-preview:-1"},"canonical":"https:\/\/arteeluoghi.it\/index.php\/2015\/09\/07\/francavilla-e-jazz-giu-il-sipario\/","og_locale":"it_IT","og_type":"article","og_title":"Francavilla \u00e8 Jazz. Gi\u00f9 il sipario | Arte e Luoghi","og_description":"Epilogo pirotecnico con il concerto griffato \u201cDaniele Gorgone Quartet feat. Tom Kirkpatrick\u201d di Stefano Dentice Lo swing, cuore pulsante del","og_url":"https:\/\/arteeluoghi.it\/index.php\/2015\/09\/07\/francavilla-e-jazz-giu-il-sipario\/","og_site_name":"Arte e Luoghi","article_publisher":"https:\/\/www.facebook.com\/ArteELuoghi\/","article_published_time":"2015-09-07T17:20:03+00:00","article_modified_time":"2018-01-04T21:11:19+00:00","og_image":[{"url":"https:\/\/arteeluoghi.it\/images\/DANIELE%20GORGONE%204ET%20FEAT.%20TOM%20KIRKPATRICK.jpg"}],"twitter_card":"summary","twitter_creator":"@arteeluoghi","twitter_site":"@arteeluoghi","twitter_misc":{"Scritto da":"Staff","Tempo di lettura stimato":"2 minuti"},"schema":{"@context":"https:\/\/schema.org","@graph":[{"@type":"Organization","@id":"https:\/\/arteeluoghi.it\/#organization","name":"Arte e Luoghi","url":"https:\/\/arteeluoghi.it\/","sameAs":["https:\/\/www.facebook.com\/ArteELuoghi\/","https:\/\/www.instagram.com\/arteeluoghi\/?hl=it","https:\/\/www.youtube.com\/channel\/UCuRVc4JW4-C5sg9rQB-srkw?view_as=subscriber","https:\/\/twitter.com\/arteeluoghi"],"logo":{"@type":"ImageObject","@id":"https:\/\/arteeluoghi.it\/#logo","inLanguage":"it-IT","url":"https:\/\/arteeluoghi.it\/wp-content\/uploads\/2018\/08\/logoinstagramarte.jpg","contentUrl":"https:\/\/arteeluoghi.it\/wp-content\/uploads\/2018\/08\/logoinstagramarte.jpg","width":150,"height":150,"caption":"Arte e Luoghi"},"image":{"@id":"https:\/\/arteeluoghi.it\/#logo"}},{"@type":"WebSite","@id":"https:\/\/arteeluoghi.it\/#website","url":"https:\/\/arteeluoghi.it\/","name":"Arte e Luoghi","description":"Mensile di arte, cultura, turismo e curiosit\u00e0","publisher":{"@id":"https:\/\/arteeluoghi.it\/#organization"},"potentialAction":[{"@type":"SearchAction","target":{"@type":"EntryPoint","urlTemplate":"https:\/\/arteeluoghi.it\/?s={search_term_string}"},"query-input":"required name=search_term_string"}],"inLanguage":"it-IT"},{"@type":"ImageObject","@id":"https:\/\/arteeluoghi.it\/index.php\/2015\/09\/07\/francavilla-e-jazz-giu-il-sipario\/#primaryimage","inLanguage":"it-IT","url":"\/images\/DANIELE%20GORGONE%204ET%20FEAT.%20TOM%20KIRKPATRICK.jpg","contentUrl":"\/images\/DANIELE%20GORGONE%204ET%20FEAT.%20TOM%20KIRKPATRICK.jpg"},{"@type":"WebPage","@id":"https:\/\/arteeluoghi.it\/index.php\/2015\/09\/07\/francavilla-e-jazz-giu-il-sipario\/#webpage","url":"https:\/\/arteeluoghi.it\/index.php\/2015\/09\/07\/francavilla-e-jazz-giu-il-sipario\/","name":"Francavilla \u00e8 Jazz. Gi\u00f9 il sipario | Arte e Luoghi","isPartOf":{"@id":"https:\/\/arteeluoghi.it\/#website"},"primaryImageOfPage":{"@id":"https:\/\/arteeluoghi.it\/index.php\/2015\/09\/07\/francavilla-e-jazz-giu-il-sipario\/#primaryimage"},"datePublished":"2015-09-07T17:20:03+00:00","dateModified":"2018-01-04T21:11:19+00:00","breadcrumb":{"@id":"https:\/\/arteeluoghi.it\/index.php\/2015\/09\/07\/francavilla-e-jazz-giu-il-sipario\/#breadcrumb"},"inLanguage":"it-IT","potentialAction":[{"@type":"ReadAction","target":["https:\/\/arteeluoghi.it\/index.php\/2015\/09\/07\/francavilla-e-jazz-giu-il-sipario\/"]}]},{"@type":"BreadcrumbList","@id":"https:\/\/arteeluoghi.it\/index.php\/2015\/09\/07\/francavilla-e-jazz-giu-il-sipario\/#breadcrumb","itemListElement":[{"@type":"ListItem","position":1,"name":"Home","item":"https:\/\/arteeluoghi.it\/"},{"@type":"ListItem","position":2,"name":"Francavilla \u00e8 Jazz. Gi\u00f9 il sipario"}]},{"@type":"Article","@id":"https:\/\/arteeluoghi.it\/index.php\/2015\/09\/07\/francavilla-e-jazz-giu-il-sipario\/#article","isPartOf":{"@id":"https:\/\/arteeluoghi.it\/index.php\/2015\/09\/07\/francavilla-e-jazz-giu-il-sipario\/#webpage"},"author":{"@id":"https:\/\/arteeluoghi.it\/#\/schema\/person\/f84e814e36e91e01448ee07eaadd41d4"},"headline":"Francavilla \u00e8 Jazz. Gi\u00f9 il sipario","datePublished":"2015-09-07T17:20:03+00:00","dateModified":"2018-01-04T21:11:19+00:00","mainEntityOfPage":{"@id":"https:\/\/arteeluoghi.it\/index.php\/2015\/09\/07\/francavilla-e-jazz-giu-il-sipario\/#webpage"},"wordCount":361,"commentCount":0,"publisher":{"@id":"https:\/\/arteeluoghi.it\/#organization"},"image":{"@id":"https:\/\/arteeluoghi.it\/index.php\/2015\/09\/07\/francavilla-e-jazz-giu-il-sipario\/#primaryimage"},"thumbnailUrl":"\/images\/DANIELE%20GORGONE%204ET%20FEAT.%20TOM%20KIRKPATRICK.jpg","articleSection":["MUSICA"],"inLanguage":"it-IT","potentialAction":[{"@type":"CommentAction","name":"Comment","target":["https:\/\/arteeluoghi.it\/index.php\/2015\/09\/07\/francavilla-e-jazz-giu-il-sipario\/#respond"]}]},{"@type":"Person","@id":"https:\/\/arteeluoghi.it\/#\/schema\/person\/f84e814e36e91e01448ee07eaadd41d4","name":"Staff","image":{"@type":"ImageObject","@id":"https:\/\/arteeluoghi.it\/#personlogo","inLanguage":"it-IT","url":"https:\/\/secure.gravatar.com\/avatar\/49d2f9e46271bb04e19cebfaf141313a?s=96&d=blank&r=g","contentUrl":"https:\/\/secure.gravatar.com\/avatar\/49d2f9e46271bb04e19cebfaf141313a?s=96&d=blank&r=g","caption":"Staff"}}]}},"_links":{"self":[{"href":"https:\/\/arteeluoghi.it\/index.php\/wp-json\/wp\/v2\/posts\/2303"}],"collection":[{"href":"https:\/\/arteeluoghi.it\/index.php\/wp-json\/wp\/v2\/posts"}],"about":[{"href":"https:\/\/arteeluoghi.it\/index.php\/wp-json\/wp\/v2\/types\/post"}],"author":[{"embeddable":true,"href":"https:\/\/arteeluoghi.it\/index.php\/wp-json\/wp\/v2\/users\/1"}],"replies":[{"embeddable":true,"href":"https:\/\/arteeluoghi.it\/index.php\/wp-json\/wp\/v2\/comments?post=2303"}],"version-history":[{"count":1,"href":"https:\/\/arteeluoghi.it\/index.php\/wp-json\/wp\/v2\/posts\/2303\/revisions"}],"predecessor-version":[{"id":4548,"href":"https:\/\/arteeluoghi.it\/index.php\/wp-json\/wp\/v2\/posts\/2303\/revisions\/4548"}],"wp:attachment":[{"href":"https:\/\/arteeluoghi.it\/index.php\/wp-json\/wp\/v2\/media?parent=2303"}],"wp:term":[{"taxonomy":"category","embeddable":true,"href":"https:\/\/arteeluoghi.it\/index.php\/wp-json\/wp\/v2\/categories?post=2303"},{"taxonomy":"post_tag","embeddable":true,"href":"https:\/\/arteeluoghi.it\/index.php\/wp-json\/wp\/v2\/tags?post=2303"}],"curies":[{"name":"wp","href":"https:\/\/api.w.org\/{rel}","templated":true}]}}