{"id":2306,"date":"2015-09-07T22:03:22","date_gmt":"2015-09-07T20:03:22","guid":{"rendered":"http:\/\/arteeluoghi.it\/index.php\/2015\/09\/07\/andrano-si-racconta-e-invita-alla-condivisione\/"},"modified":"2015-09-07T22:03:22","modified_gmt":"2015-09-07T20:03:22","slug":"andrano-si-racconta-e-invita-alla-condivisione","status":"publish","type":"post","link":"https:\/\/arteeluoghi.it\/index.php\/2015\/09\/07\/andrano-si-racconta-e-invita-alla-condivisione\/","title":{"rendered":"Andrano si racconta. E invita alla condivisione"},"content":{"rendered":"<p style=\"text-align: left;\" align=\"center\"><strong><img src=\"\/images\/andranofestivalcultre.jpg\" border=\"0\" title=\"Andrano, un momento del festival delle Culture del Mediterraneo\" width=\"300\" style=\"margin: 21px; float: right;\" \/>\u201cL\u2019Europa dei ponti e non dei muri, l\u2019educazione al diritto di esistere\u201d<\/strong><\/p>\n<p style=\"text-align: left;\" align=\"center\"><strong>Il messaggio al Festival delle Culture Mediterranee<\/strong><\/p>\n<p style=\"text-align: left;\" align=\"center\"><strong>\u00a0<\/strong><\/p>\n<p>Partono dalla guerra, dalla repressione, dalla povert\u00e0. Viaggiano per giorni in mare, trasbordando da una barca all\u2019altra, molti non ce la fanno a toccare terra e quelli che arrivano sono traumatizzati, terrorizzati. Per capire che cosa hanno passato basta guardarli negli occhi. Le centinaia di migliaia di migranti che giungono sulle nostre coste si chiedono se possa esistere per loro un futuro, se possono sentirsi al sicuro. L\u2019accoglienza \u00e8 il primo passo nel nostro Paese, ma molto resta ancora da fare per affrontare un fenomeno inarrestabile che non pu\u00f2 essere trattato come un\u2019emergenza. Di questo si \u00e8 parlato nel terzo ed ultimo appuntamento con il <strong>Festival delle Culture Mediterranee <\/strong>ad <strong>Andrano<\/strong>.<\/p>\n<p>  <!--more-->  <\/p>\n<p><img src=\"\/images\/andrano_unmomento%20delfestival.jpg\" border=\"0\" title=\"Andrano, unmomento del dibattito &quot;Le madri illuminano il sud del Mondo&quot;\" width=\"300\" style=\"margin: 21px; float: left;\" \/>Interessante e ricco di spunti di riflessione il dibattito che ha dato il via alla serata: <em>\u201cLe madri illuminano il sud del Mondo\u201d<\/em>. Un incontro per parlare di immigrazione con <strong>Nunzia Baglivo, <\/strong>coordinatrice di Emercency per il Salento, <strong>Chiara Marangio<\/strong>, psicoterapeuta nei centri di accoglienza e specializzata in traumi e torture estremi e l\u2019architetto <strong>Viviana Matrangola<\/strong>, responsabile di Libera Memoria internazionale ed autrice della mostra \u201c<em>Abbracci\u201d <\/em>che ha ispirato il dibattito. Per Nunzia Baglivo \u201c <em>quella che chiamiamo emergenza \u00e8 una necessit\u00e0 ed Emergency \u00e8 sul campo per aiutare, curare chiunque ne ha bisogno anche con un ambulatorio mobile che offre servizi sanitari gratuiti. Non sono solo gli immigrati ad accedere alle cure, ma moltissimi italiani che non possono pi\u00f9 per esempio permettersi di andare dal dentista. Le cliniche mobili ci sono, anche a Nard\u00f2 dove lo scorso anno sono stati fatti degli interventi, a Foggia, nei campi di pomodori dove qualcuno ha pagato a caro prezzo, con la stessa vita, il sacrifico di un lavoro sottopagato. Ci sono, ma ne servono altri, sportelli di ascolto e mediatori culturali. Professionisti che spieghino ai migranti quali diritti hanno nel nuovo Paese, a quali servizi sanitari possono accedere e cosa possono fare per integrarsi\u201d. <\/em>La psicologa Marangio \u00e8 entrata nel dramma vissuto da chi lascia disperazione, fame, per una vita diversa, nuova. \u201c<em>Gli immigrati prima di raccontare le loro storie, e moltissimi arrivano con disturbi psichiatrici da tress, hanno bisogno di tempo. Nella loro testa non ci sono pi\u00f9 le parole, le coordinate non esistono pi\u00f9, perch\u00e9 esistono solo il dolore ed il vuoto. Il loro dramma rende indicibili le cose, impensabili i pensieri per il futuro. Occorre quell\u2019educazione al diritto di esistere,sensibilizzare le masse popolari perch\u00e9 per chi non ha voce dovrebbe essere la collettivit\u00e0 a far sentire i diritti di ognuno\u201d. <\/em>Sono le donne ed i bambini l\u2019emblema della grave emergenza umanitaria che si sta vivendo nel Mediterraneo. E Viviana Matrangola ha inteso racchiudere gli abbracci \u2013 titolo della mostra dedicata alla madre <em>Renata Fonte <\/em>assessore del Comune di Nard\u00f2 assassinata dalla mafia il 31 marzo del 1984 \u2013 tutta la speranza, unita alla forza, nel gesto pi\u00f9 naturale e semplice come atto d\u2019amore. \u201c<em>Sono abbracci che accolgono la vita, la difendono, la nutrono. Abbracci che proteggono ed abbracci in fuga \u2026 in fondo al mare. Le donne rifugiate rappresentano quasi sempre l\u2019unica speranza di sopravvivenza peri propri figli e l\u2019istinto materno \u00e8 pi\u00f9 forte della stessa sopravvivenza. Sono abbracci dell\u2019amore universale, che custodiscono ed incorniciano le storie, sono abbracci che sfidano la terra,la natura,l\u2019ansia, la trepidazione di una vita incerta. Gli abbracci non sono mai uno spreco, troveremo sempre dei sassi lungo la strada sta a noi costruire muri oppure ponti\u201d.<\/em><\/p>\n<p>Dopo il dibattito il Festival delle Culture Mediterranee, organizzato dall\u2019<strong>Associazione Mediterranea <\/strong>presieduta da <strong>Mimmo Balestra<\/strong>, si \u00e8 chiuso con lo spettacolo teatrale <strong>\u201cAndrano si Racconta\u201d <\/strong>per la regia di <strong>Fabrizio Saccomanno <\/strong>e <strong>Fabrizio Pugliese<\/strong>. In una sorta di ritorno al passato, fatto di tradizioni, di antichi mestieri, di racconti di guerra, di canti popolari, di storie che hanno segnato la vita di intere generazioni, si \u00e8 rievocato negli scorci pi\u00f9 suggestivi del paese un pezzo di vita che oggi \u00e8 andata scemando. La gente, attrice per una sera, attraverso i ricordi ha condotto il pubblico lungo la traversata delle immagini di un tempo che non esiste pi\u00f9 come le \u201c<em>fuitine\u201d, <\/em>l\u2019esposizione della dote alla vigilia delle nozze. Il Festival delle Culture Mediterranee, sotto la direzione artistica di <strong>Margerita Franja<\/strong>, ha inteso promuovere per la seconda edizione la condivisione come momento di confronto tra generazioni diverse. La comunit\u00e0 di Andrano \u00e8 diventa parte attiva di un percorso artistico non facile. Il teatro, in fondo, appartiene ad ognuno di noi ed ognuno ha seguito il filo del racconto attraverso il percorso di vita, di emozioni, di attese.\u00a0 \u00a0<em>\u00a0\u00a0\u00a0\u00a0 \u00a0<\/em><\/p>\n<p>(fonte: comunicato stampa)<\/p>\n","protected":false},"excerpt":{"rendered":"<p>\u201cL\u2019Europa dei ponti e non dei muri, l\u2019educazione al diritto di esistere\u201d Il messaggio al Festival delle Culture Mediterranee \u00a0<\/p>\n","protected":false},"author":1,"featured_media":0,"comment_status":"open","ping_status":"open","sticky":false,"template":"","format":"standard","meta":[],"categories":[52],"tags":[],"yoast_head":"<!-- This site is optimized with the Yoast SEO plugin v18.0 - https:\/\/yoast.com\/wordpress\/plugins\/seo\/ -->\n<title>Andrano si racconta. E invita alla condivisione | Arte e Luoghi<\/title>\n<meta name=\"robots\" content=\"index, follow, max-snippet:-1, max-image-preview:large, max-video-preview:-1\" \/>\n<link rel=\"canonical\" href=\"https:\/\/arteeluoghi.it\/index.php\/2015\/09\/07\/andrano-si-racconta-e-invita-alla-condivisione\/\" \/>\n<meta property=\"og:locale\" content=\"it_IT\" \/>\n<meta property=\"og:type\" content=\"article\" \/>\n<meta property=\"og:title\" content=\"Andrano si racconta. E invita alla condivisione | Arte e Luoghi\" \/>\n<meta property=\"og:description\" content=\"\u201cL\u2019Europa dei ponti e non dei muri, l\u2019educazione al diritto di esistere\u201d Il messaggio al Festival delle Culture Mediterranee \u00a0\" \/>\n<meta property=\"og:url\" content=\"https:\/\/arteeluoghi.it\/index.php\/2015\/09\/07\/andrano-si-racconta-e-invita-alla-condivisione\/\" \/>\n<meta property=\"og:site_name\" content=\"Arte e Luoghi\" \/>\n<meta property=\"article:publisher\" content=\"https:\/\/www.facebook.com\/ArteELuoghi\/\" \/>\n<meta property=\"article:published_time\" content=\"2015-09-07T20:03:22+00:00\" \/>\n<meta property=\"og:image\" content=\"https:\/\/arteeluoghi.it\/images\/andranofestivalcultre.jpg\" \/>\n<meta name=\"twitter:card\" content=\"summary\" \/>\n<meta name=\"twitter:creator\" content=\"@arteeluoghi\" \/>\n<meta name=\"twitter:site\" content=\"@arteeluoghi\" \/>\n<meta name=\"twitter:label1\" content=\"Scritto da\" \/>\n\t<meta name=\"twitter:data1\" content=\"Staff\" \/>\n\t<meta name=\"twitter:label2\" content=\"Tempo di lettura stimato\" \/>\n\t<meta name=\"twitter:data2\" content=\"4 minuti\" \/>\n<script type=\"application\/ld+json\" class=\"yoast-schema-graph\">{\"@context\":\"https:\/\/schema.org\",\"@graph\":[{\"@type\":\"Organization\",\"@id\":\"https:\/\/arteeluoghi.it\/#organization\",\"name\":\"Arte e Luoghi\",\"url\":\"https:\/\/arteeluoghi.it\/\",\"sameAs\":[\"https:\/\/www.facebook.com\/ArteELuoghi\/\",\"https:\/\/www.instagram.com\/arteeluoghi\/?hl=it\",\"https:\/\/www.youtube.com\/channel\/UCuRVc4JW4-C5sg9rQB-srkw?view_as=subscriber\",\"https:\/\/twitter.com\/arteeluoghi\"],\"logo\":{\"@type\":\"ImageObject\",\"@id\":\"https:\/\/arteeluoghi.it\/#logo\",\"inLanguage\":\"it-IT\",\"url\":\"https:\/\/arteeluoghi.it\/wp-content\/uploads\/2018\/08\/logoinstagramarte.jpg\",\"contentUrl\":\"https:\/\/arteeluoghi.it\/wp-content\/uploads\/2018\/08\/logoinstagramarte.jpg\",\"width\":150,\"height\":150,\"caption\":\"Arte e Luoghi\"},\"image\":{\"@id\":\"https:\/\/arteeluoghi.it\/#logo\"}},{\"@type\":\"WebSite\",\"@id\":\"https:\/\/arteeluoghi.it\/#website\",\"url\":\"https:\/\/arteeluoghi.it\/\",\"name\":\"Arte e Luoghi\",\"description\":\"Mensile di arte, cultura, turismo e curiosit\u00e0\",\"publisher\":{\"@id\":\"https:\/\/arteeluoghi.it\/#organization\"},\"potentialAction\":[{\"@type\":\"SearchAction\",\"target\":{\"@type\":\"EntryPoint\",\"urlTemplate\":\"https:\/\/arteeluoghi.it\/?s={search_term_string}\"},\"query-input\":\"required name=search_term_string\"}],\"inLanguage\":\"it-IT\"},{\"@type\":\"ImageObject\",\"@id\":\"https:\/\/arteeluoghi.it\/index.php\/2015\/09\/07\/andrano-si-racconta-e-invita-alla-condivisione\/#primaryimage\",\"inLanguage\":\"it-IT\",\"url\":\"\/images\/andranofestivalcultre.jpg\",\"contentUrl\":\"\/images\/andranofestivalcultre.jpg\"},{\"@type\":\"WebPage\",\"@id\":\"https:\/\/arteeluoghi.it\/index.php\/2015\/09\/07\/andrano-si-racconta-e-invita-alla-condivisione\/#webpage\",\"url\":\"https:\/\/arteeluoghi.it\/index.php\/2015\/09\/07\/andrano-si-racconta-e-invita-alla-condivisione\/\",\"name\":\"Andrano si racconta. E invita alla condivisione | Arte e Luoghi\",\"isPartOf\":{\"@id\":\"https:\/\/arteeluoghi.it\/#website\"},\"primaryImageOfPage\":{\"@id\":\"https:\/\/arteeluoghi.it\/index.php\/2015\/09\/07\/andrano-si-racconta-e-invita-alla-condivisione\/#primaryimage\"},\"datePublished\":\"2015-09-07T20:03:22+00:00\",\"dateModified\":\"2015-09-07T20:03:22+00:00\",\"breadcrumb\":{\"@id\":\"https:\/\/arteeluoghi.it\/index.php\/2015\/09\/07\/andrano-si-racconta-e-invita-alla-condivisione\/#breadcrumb\"},\"inLanguage\":\"it-IT\",\"potentialAction\":[{\"@type\":\"ReadAction\",\"target\":[\"https:\/\/arteeluoghi.it\/index.php\/2015\/09\/07\/andrano-si-racconta-e-invita-alla-condivisione\/\"]}]},{\"@type\":\"BreadcrumbList\",\"@id\":\"https:\/\/arteeluoghi.it\/index.php\/2015\/09\/07\/andrano-si-racconta-e-invita-alla-condivisione\/#breadcrumb\",\"itemListElement\":[{\"@type\":\"ListItem\",\"position\":1,\"name\":\"Home\",\"item\":\"https:\/\/arteeluoghi.it\/\"},{\"@type\":\"ListItem\",\"position\":2,\"name\":\"Andrano si racconta. E invita alla condivisione\"}]},{\"@type\":\"Article\",\"@id\":\"https:\/\/arteeluoghi.it\/index.php\/2015\/09\/07\/andrano-si-racconta-e-invita-alla-condivisione\/#article\",\"isPartOf\":{\"@id\":\"https:\/\/arteeluoghi.it\/index.php\/2015\/09\/07\/andrano-si-racconta-e-invita-alla-condivisione\/#webpage\"},\"author\":{\"@id\":\"https:\/\/arteeluoghi.it\/#\/schema\/person\/f84e814e36e91e01448ee07eaadd41d4\"},\"headline\":\"Andrano si racconta. E invita alla condivisione\",\"datePublished\":\"2015-09-07T20:03:22+00:00\",\"dateModified\":\"2015-09-07T20:03:22+00:00\",\"mainEntityOfPage\":{\"@id\":\"https:\/\/arteeluoghi.it\/index.php\/2015\/09\/07\/andrano-si-racconta-e-invita-alla-condivisione\/#webpage\"},\"wordCount\":779,\"commentCount\":0,\"publisher\":{\"@id\":\"https:\/\/arteeluoghi.it\/#organization\"},\"image\":{\"@id\":\"https:\/\/arteeluoghi.it\/index.php\/2015\/09\/07\/andrano-si-racconta-e-invita-alla-condivisione\/#primaryimage\"},\"thumbnailUrl\":\"\/images\/andranofestivalcultre.jpg\",\"articleSection\":[\"I luoghi della parola\"],\"inLanguage\":\"it-IT\",\"potentialAction\":[{\"@type\":\"CommentAction\",\"name\":\"Comment\",\"target\":[\"https:\/\/arteeluoghi.it\/index.php\/2015\/09\/07\/andrano-si-racconta-e-invita-alla-condivisione\/#respond\"]}]},{\"@type\":\"Person\",\"@id\":\"https:\/\/arteeluoghi.it\/#\/schema\/person\/f84e814e36e91e01448ee07eaadd41d4\",\"name\":\"Staff\",\"image\":{\"@type\":\"ImageObject\",\"@id\":\"https:\/\/arteeluoghi.it\/#personlogo\",\"inLanguage\":\"it-IT\",\"url\":\"https:\/\/secure.gravatar.com\/avatar\/49d2f9e46271bb04e19cebfaf141313a?s=96&d=blank&r=g\",\"contentUrl\":\"https:\/\/secure.gravatar.com\/avatar\/49d2f9e46271bb04e19cebfaf141313a?s=96&d=blank&r=g\",\"caption\":\"Staff\"}}]}<\/script>\n<!-- \/ Yoast SEO plugin. -->","yoast_head_json":{"title":"Andrano si racconta. E invita alla condivisione | Arte e Luoghi","robots":{"index":"index","follow":"follow","max-snippet":"max-snippet:-1","max-image-preview":"max-image-preview:large","max-video-preview":"max-video-preview:-1"},"canonical":"https:\/\/arteeluoghi.it\/index.php\/2015\/09\/07\/andrano-si-racconta-e-invita-alla-condivisione\/","og_locale":"it_IT","og_type":"article","og_title":"Andrano si racconta. E invita alla condivisione | Arte e Luoghi","og_description":"\u201cL\u2019Europa dei ponti e non dei muri, l\u2019educazione al diritto di esistere\u201d Il messaggio al Festival delle Culture Mediterranee \u00a0","og_url":"https:\/\/arteeluoghi.it\/index.php\/2015\/09\/07\/andrano-si-racconta-e-invita-alla-condivisione\/","og_site_name":"Arte e Luoghi","article_publisher":"https:\/\/www.facebook.com\/ArteELuoghi\/","article_published_time":"2015-09-07T20:03:22+00:00","og_image":[{"url":"https:\/\/arteeluoghi.it\/images\/andranofestivalcultre.jpg"}],"twitter_card":"summary","twitter_creator":"@arteeluoghi","twitter_site":"@arteeluoghi","twitter_misc":{"Scritto da":"Staff","Tempo di lettura stimato":"4 minuti"},"schema":{"@context":"https:\/\/schema.org","@graph":[{"@type":"Organization","@id":"https:\/\/arteeluoghi.it\/#organization","name":"Arte e Luoghi","url":"https:\/\/arteeluoghi.it\/","sameAs":["https:\/\/www.facebook.com\/ArteELuoghi\/","https:\/\/www.instagram.com\/arteeluoghi\/?hl=it","https:\/\/www.youtube.com\/channel\/UCuRVc4JW4-C5sg9rQB-srkw?view_as=subscriber","https:\/\/twitter.com\/arteeluoghi"],"logo":{"@type":"ImageObject","@id":"https:\/\/arteeluoghi.it\/#logo","inLanguage":"it-IT","url":"https:\/\/arteeluoghi.it\/wp-content\/uploads\/2018\/08\/logoinstagramarte.jpg","contentUrl":"https:\/\/arteeluoghi.it\/wp-content\/uploads\/2018\/08\/logoinstagramarte.jpg","width":150,"height":150,"caption":"Arte e Luoghi"},"image":{"@id":"https:\/\/arteeluoghi.it\/#logo"}},{"@type":"WebSite","@id":"https:\/\/arteeluoghi.it\/#website","url":"https:\/\/arteeluoghi.it\/","name":"Arte e Luoghi","description":"Mensile di arte, cultura, turismo e curiosit\u00e0","publisher":{"@id":"https:\/\/arteeluoghi.it\/#organization"},"potentialAction":[{"@type":"SearchAction","target":{"@type":"EntryPoint","urlTemplate":"https:\/\/arteeluoghi.it\/?s={search_term_string}"},"query-input":"required name=search_term_string"}],"inLanguage":"it-IT"},{"@type":"ImageObject","@id":"https:\/\/arteeluoghi.it\/index.php\/2015\/09\/07\/andrano-si-racconta-e-invita-alla-condivisione\/#primaryimage","inLanguage":"it-IT","url":"\/images\/andranofestivalcultre.jpg","contentUrl":"\/images\/andranofestivalcultre.jpg"},{"@type":"WebPage","@id":"https:\/\/arteeluoghi.it\/index.php\/2015\/09\/07\/andrano-si-racconta-e-invita-alla-condivisione\/#webpage","url":"https:\/\/arteeluoghi.it\/index.php\/2015\/09\/07\/andrano-si-racconta-e-invita-alla-condivisione\/","name":"Andrano si racconta. E invita alla condivisione | Arte e Luoghi","isPartOf":{"@id":"https:\/\/arteeluoghi.it\/#website"},"primaryImageOfPage":{"@id":"https:\/\/arteeluoghi.it\/index.php\/2015\/09\/07\/andrano-si-racconta-e-invita-alla-condivisione\/#primaryimage"},"datePublished":"2015-09-07T20:03:22+00:00","dateModified":"2015-09-07T20:03:22+00:00","breadcrumb":{"@id":"https:\/\/arteeluoghi.it\/index.php\/2015\/09\/07\/andrano-si-racconta-e-invita-alla-condivisione\/#breadcrumb"},"inLanguage":"it-IT","potentialAction":[{"@type":"ReadAction","target":["https:\/\/arteeluoghi.it\/index.php\/2015\/09\/07\/andrano-si-racconta-e-invita-alla-condivisione\/"]}]},{"@type":"BreadcrumbList","@id":"https:\/\/arteeluoghi.it\/index.php\/2015\/09\/07\/andrano-si-racconta-e-invita-alla-condivisione\/#breadcrumb","itemListElement":[{"@type":"ListItem","position":1,"name":"Home","item":"https:\/\/arteeluoghi.it\/"},{"@type":"ListItem","position":2,"name":"Andrano si racconta. E invita alla condivisione"}]},{"@type":"Article","@id":"https:\/\/arteeluoghi.it\/index.php\/2015\/09\/07\/andrano-si-racconta-e-invita-alla-condivisione\/#article","isPartOf":{"@id":"https:\/\/arteeluoghi.it\/index.php\/2015\/09\/07\/andrano-si-racconta-e-invita-alla-condivisione\/#webpage"},"author":{"@id":"https:\/\/arteeluoghi.it\/#\/schema\/person\/f84e814e36e91e01448ee07eaadd41d4"},"headline":"Andrano si racconta. E invita alla condivisione","datePublished":"2015-09-07T20:03:22+00:00","dateModified":"2015-09-07T20:03:22+00:00","mainEntityOfPage":{"@id":"https:\/\/arteeluoghi.it\/index.php\/2015\/09\/07\/andrano-si-racconta-e-invita-alla-condivisione\/#webpage"},"wordCount":779,"commentCount":0,"publisher":{"@id":"https:\/\/arteeluoghi.it\/#organization"},"image":{"@id":"https:\/\/arteeluoghi.it\/index.php\/2015\/09\/07\/andrano-si-racconta-e-invita-alla-condivisione\/#primaryimage"},"thumbnailUrl":"\/images\/andranofestivalcultre.jpg","articleSection":["I luoghi della parola"],"inLanguage":"it-IT","potentialAction":[{"@type":"CommentAction","name":"Comment","target":["https:\/\/arteeluoghi.it\/index.php\/2015\/09\/07\/andrano-si-racconta-e-invita-alla-condivisione\/#respond"]}]},{"@type":"Person","@id":"https:\/\/arteeluoghi.it\/#\/schema\/person\/f84e814e36e91e01448ee07eaadd41d4","name":"Staff","image":{"@type":"ImageObject","@id":"https:\/\/arteeluoghi.it\/#personlogo","inLanguage":"it-IT","url":"https:\/\/secure.gravatar.com\/avatar\/49d2f9e46271bb04e19cebfaf141313a?s=96&d=blank&r=g","contentUrl":"https:\/\/secure.gravatar.com\/avatar\/49d2f9e46271bb04e19cebfaf141313a?s=96&d=blank&r=g","caption":"Staff"}}]}},"_links":{"self":[{"href":"https:\/\/arteeluoghi.it\/index.php\/wp-json\/wp\/v2\/posts\/2306"}],"collection":[{"href":"https:\/\/arteeluoghi.it\/index.php\/wp-json\/wp\/v2\/posts"}],"about":[{"href":"https:\/\/arteeluoghi.it\/index.php\/wp-json\/wp\/v2\/types\/post"}],"author":[{"embeddable":true,"href":"https:\/\/arteeluoghi.it\/index.php\/wp-json\/wp\/v2\/users\/1"}],"replies":[{"embeddable":true,"href":"https:\/\/arteeluoghi.it\/index.php\/wp-json\/wp\/v2\/comments?post=2306"}],"version-history":[{"count":0,"href":"https:\/\/arteeluoghi.it\/index.php\/wp-json\/wp\/v2\/posts\/2306\/revisions"}],"wp:attachment":[{"href":"https:\/\/arteeluoghi.it\/index.php\/wp-json\/wp\/v2\/media?parent=2306"}],"wp:term":[{"taxonomy":"category","embeddable":true,"href":"https:\/\/arteeluoghi.it\/index.php\/wp-json\/wp\/v2\/categories?post=2306"},{"taxonomy":"post_tag","embeddable":true,"href":"https:\/\/arteeluoghi.it\/index.php\/wp-json\/wp\/v2\/tags?post=2306"}],"curies":[{"name":"wp","href":"https:\/\/api.w.org\/{rel}","templated":true}]}}