{"id":2316,"date":"2015-09-10T22:08:04","date_gmt":"2015-09-10T20:08:04","guid":{"rendered":"http:\/\/arteeluoghi.it\/index.php\/2015\/09\/10\/settembre-d-autore\/"},"modified":"2015-09-10T22:08:04","modified_gmt":"2015-09-10T20:08:04","slug":"settembre-d-autore","status":"publish","type":"post","link":"https:\/\/arteeluoghi.it\/index.php\/2015\/09\/10\/settembre-d-autore\/","title":{"rendered":"Settembre d&#8217;Autore"},"content":{"rendered":"<p style=\"text-align: left;\"><img src=\"\/images\/Albergo%20Palazzo%20santa%20cesarea%20terme%20la%20terrazza.jpg\" border=\"0\" title=\"Albergo Palazzo, Santa Cesarea terme (Lecce), la terrazza.\" width=\"400\" style=\"margin: 21px; float: right;\" \/>Prosegue con successo anche a settembre la rassegna ideata da Alessandra Pizzi<strong><br \/><\/strong><\/p>\n<p style=\"text-align: left;\"><strong>Un mare di libri&#8230; a Santa Cesarea Terme<\/strong><\/p>\n<p>La terrazza dell&#8217;<strong>Albergo Palazzo di Santa Cesarea Terme<\/strong>, quasi sospesa tra cielo e mare, si fa salotto letterario con <strong>Settembre d&#8217;autore<\/strong>, il ciclo di incontri curati da Alessandra Pizzi. Partita domenica 6 settembre &#8211;\u00a0 con la presentazione di &#8220;Tracce di Eden&#8221; di Daniela D&#8217;Errico e le illustrazioni di Francesco Cuna &#8211; la rassegna riserva tantissimi appuntamenti di rilievo e tratter\u00e0 i pi\u00f9 svariati temi. Dal &#8220;Patrimonio sommerso &#8211; Bene Comune a Rischio&#8221; con Giuseppe Piccioli (mercoled\u00ec 9 settembre), ai luoghi e alle storie con &#8220;C&#8217;era infinite volte il Sud&#8221; di Matteo Greco, libro impreziosito dalle illustrazioni di Marco Cito, che vedr\u00e0 insieme all&#8217;autore l&#8217;attrice Elisa Maggio rievocare, con uno dei racconti, la leggenda di Santa Cesarea (18 settembre).<\/p>\n<p>  <!--more-->  <\/p>\n<p>\u00a0<\/p>\n<p>E ancora dai &#8220;Miti e leggende dal Mediterraneo&#8221; in forma di danza e reading di e con\u00a0Alessandra Pizzi, Caterina Rizzelli, Marilena Martina (sabato 26)\u00a0 ai racconti dedicati all&#8217;ulivo, fortemente minacciato in tempi di xylella e non solo, icona ed elemento identitario di P<img src=\"\/images\/settembrelibri.jpg\" border=\"0\" title=\"la locandina della rassegna\" width=\"300\" style=\"margin: 21px; float: right;\" \/>uglia, raccontato ed evocato in &#8220;Caro ulivo, ti scrivo&#8221;,\u00a0 lavoro corale con alcune tra le pi\u00f9 prestigiose firme della letteratura pugliese: Lucia Accoto, Grazia Barba, Luigi Caricato, Pino De Luca, Antonio Errico, Giuseppe Pascali, Maria Pia Romano e il segno dell&#8217;artista Massimo Quarta.<\/p>\n<p>Ma non \u00e8 finita qui. Si parler\u00e0 di &#8220;Amori in cottura&#8221; con le storie di Loredana De Vitis (il 16 settembre) e si andr\u00e0 a ritroso nel tempo con Enrico Cuccodoro e il suo &#8220;Il Viaggio \u2013 Sandro Pertini fra i giovani e il popolo&#8221; (13 settembre) ma spazio anche al cibo e alle ricette nel Salento, dall\u2019et\u00e0 delle caverne al fast food, con &#8220;I fichi in tasca&#8221; il libro di Piero Manni (24 settembre).<\/p>\n<p>Chiudono la rassegna il reading di Giuseppe Semeraro, con le poesie tratte dal suo ultimo libro &#8220;Due parole in croce&#8221; accompagnato dalle note del chitarrista Leone Marco Bartolo (29 settembre), e Alessandro Stefanelli con il suo &#8220;D\u2019estate al fresco \u2013 Racconti Salentini&#8221; il 30 settembre. Le presentazioni avranno inizio alle ore 21 con ingresso libero. (an.fu.)<\/p>\n<hr \/>\n<p>Programma degli incontri<\/p>\n<p>PATRIMONIO SOMMERSO: Bene Comune a Rischio<\/p>\n<p>Relatore: Giuseppe Piccioli-<\/p>\n<p>Modera: Alessia Mangia<\/p>\n<p>Saluti: Don Pasquale Fracasso<\/p>\n<p>\u00a0<\/p>\n<p><strong>Dom 13<\/strong><\/p>\n<p>Enrico Cuccodoro presenta<\/p>\n<p>Il Viaggio \u2013 Sandro Pertini fra i giovani e il popolo<\/p>\n<p>Dialoga con l\u2019autore Don Pasquale Fracasso<\/p>\n<p>\u00a0<\/p>\n<p><strong>Giov 17<\/strong><\/p>\n<p>Loredana De Vitis presenta<\/p>\n<p>Amori in cottura \u2013 15 ricette per quello che dura\u00a0<\/p>\n<p>\u00a0<\/p>\n<p><strong>Ven 18<\/strong><\/p>\n<p>Matteo Greco presenta<\/p>\n<p>C\u2019era infinite volte il sud<\/p>\n<p>Reading letterario con l\u2019autore e con l\u2019attrice Elisa Maggio<\/p>\n<p>\u00a0<\/p>\n<p><strong>Mart 22<\/strong><\/p>\n<p>Presentazione del libro Caro Ulivo<\/p>\n<p>Reading di Lucia Accoto, Grazia Barba, Pino De Luca, Antonio Errico, Giuseppe Pascali, Maria Pia Romano<\/p>\n<p>\u00a0<\/p>\n<p><strong>Giov 24<\/strong><\/p>\n<p>PIERO MANNI presenta I Fichi in Tasca<\/p>\n<p>\u00a0<\/p>\n<p><strong>Sab 26 <\/strong><\/p>\n<p>IL MARE RACCONTA \u2013 Miti e leggende dal Mediterraneo<\/p>\n<p>Reading e danza<\/p>\n<p>Di e con Alessandra Pizzi<\/p>\n<p>Caterina Rizzelli<\/p>\n<p>Marilena Martina<\/p>\n<p><strong>Mart 29<\/strong><\/p>\n<p>Presentazione del libro DUE PAROLE IN CROCE di Giuseppe Semeraro \u2013 Reading dell\u2019autore, musiche di Marco Bartolo<\/p>\n<p>\u00a0<\/p>\n<p><strong>Merc 30 <\/strong><\/p>\n<p>Alessandro Stefanelli presenta<\/p>\n<p>D\u2019estate al fresco \u2013 Racconti Salentini<\/p>\n<p>\u00a0<\/p>\n<p>Inizio presentazioni ore 21.00 \u2013 Ingresso libero<\/p>\n","protected":false},"excerpt":{"rendered":"<p>Prosegue con successo anche a settembre la rassegna ideata da Alessandra Pizzi Un mare di libri&#8230; a Santa Cesarea Terme<\/p>\n","protected":false},"author":1,"featured_media":0,"comment_status":"open","ping_status":"open","sticky":false,"template":"","format":"standard","meta":[],"categories":[52],"tags":[],"yoast_head":"<!-- This site is optimized with the Yoast SEO plugin v18.0 - https:\/\/yoast.com\/wordpress\/plugins\/seo\/ -->\n<title>Settembre d&#039;Autore | Arte e Luoghi<\/title>\n<meta name=\"robots\" content=\"index, follow, max-snippet:-1, max-image-preview:large, max-video-preview:-1\" \/>\n<link rel=\"canonical\" href=\"https:\/\/arteeluoghi.it\/index.php\/2015\/09\/10\/settembre-d-autore\/\" \/>\n<meta property=\"og:locale\" content=\"it_IT\" \/>\n<meta property=\"og:type\" content=\"article\" \/>\n<meta property=\"og:title\" content=\"Settembre d&#039;Autore | Arte e Luoghi\" \/>\n<meta property=\"og:description\" content=\"Prosegue con successo anche a settembre la rassegna ideata da Alessandra Pizzi Un mare di libri&#8230; a Santa Cesarea Terme\" \/>\n<meta property=\"og:url\" content=\"https:\/\/arteeluoghi.it\/index.php\/2015\/09\/10\/settembre-d-autore\/\" \/>\n<meta property=\"og:site_name\" content=\"Arte e Luoghi\" \/>\n<meta property=\"article:publisher\" content=\"https:\/\/www.facebook.com\/ArteELuoghi\/\" \/>\n<meta property=\"article:published_time\" content=\"2015-09-10T20:08:04+00:00\" \/>\n<meta property=\"og:image\" content=\"https:\/\/arteeluoghi.it\/images\/Albergo%20Palazzo%20santa%20cesarea%20terme%20la%20terrazza.jpg\" \/>\n<meta name=\"twitter:card\" content=\"summary\" \/>\n<meta name=\"twitter:creator\" content=\"@arteeluoghi\" \/>\n<meta name=\"twitter:site\" content=\"@arteeluoghi\" \/>\n<meta name=\"twitter:label1\" content=\"Scritto da\" \/>\n\t<meta name=\"twitter:data1\" content=\"Staff\" \/>\n\t<meta name=\"twitter:label2\" content=\"Tempo di lettura stimato\" \/>\n\t<meta name=\"twitter:data2\" content=\"3 minuti\" \/>\n<script type=\"application\/ld+json\" class=\"yoast-schema-graph\">{\"@context\":\"https:\/\/schema.org\",\"@graph\":[{\"@type\":\"Organization\",\"@id\":\"https:\/\/arteeluoghi.it\/#organization\",\"name\":\"Arte e Luoghi\",\"url\":\"https:\/\/arteeluoghi.it\/\",\"sameAs\":[\"https:\/\/www.facebook.com\/ArteELuoghi\/\",\"https:\/\/www.instagram.com\/arteeluoghi\/?hl=it\",\"https:\/\/www.youtube.com\/channel\/UCuRVc4JW4-C5sg9rQB-srkw?view_as=subscriber\",\"https:\/\/twitter.com\/arteeluoghi\"],\"logo\":{\"@type\":\"ImageObject\",\"@id\":\"https:\/\/arteeluoghi.it\/#logo\",\"inLanguage\":\"it-IT\",\"url\":\"https:\/\/arteeluoghi.it\/wp-content\/uploads\/2018\/08\/logoinstagramarte.jpg\",\"contentUrl\":\"https:\/\/arteeluoghi.it\/wp-content\/uploads\/2018\/08\/logoinstagramarte.jpg\",\"width\":150,\"height\":150,\"caption\":\"Arte e Luoghi\"},\"image\":{\"@id\":\"https:\/\/arteeluoghi.it\/#logo\"}},{\"@type\":\"WebSite\",\"@id\":\"https:\/\/arteeluoghi.it\/#website\",\"url\":\"https:\/\/arteeluoghi.it\/\",\"name\":\"Arte e Luoghi\",\"description\":\"Mensile di arte, cultura, turismo e curiosit\u00e0\",\"publisher\":{\"@id\":\"https:\/\/arteeluoghi.it\/#organization\"},\"potentialAction\":[{\"@type\":\"SearchAction\",\"target\":{\"@type\":\"EntryPoint\",\"urlTemplate\":\"https:\/\/arteeluoghi.it\/?s={search_term_string}\"},\"query-input\":\"required name=search_term_string\"}],\"inLanguage\":\"it-IT\"},{\"@type\":\"ImageObject\",\"@id\":\"https:\/\/arteeluoghi.it\/index.php\/2015\/09\/10\/settembre-d-autore\/#primaryimage\",\"inLanguage\":\"it-IT\",\"url\":\"\/images\/Albergo%20Palazzo%20santa%20cesarea%20terme%20la%20terrazza.jpg\",\"contentUrl\":\"\/images\/Albergo%20Palazzo%20santa%20cesarea%20terme%20la%20terrazza.jpg\"},{\"@type\":\"WebPage\",\"@id\":\"https:\/\/arteeluoghi.it\/index.php\/2015\/09\/10\/settembre-d-autore\/#webpage\",\"url\":\"https:\/\/arteeluoghi.it\/index.php\/2015\/09\/10\/settembre-d-autore\/\",\"name\":\"Settembre d'Autore | Arte e Luoghi\",\"isPartOf\":{\"@id\":\"https:\/\/arteeluoghi.it\/#website\"},\"primaryImageOfPage\":{\"@id\":\"https:\/\/arteeluoghi.it\/index.php\/2015\/09\/10\/settembre-d-autore\/#primaryimage\"},\"datePublished\":\"2015-09-10T20:08:04+00:00\",\"dateModified\":\"2015-09-10T20:08:04+00:00\",\"breadcrumb\":{\"@id\":\"https:\/\/arteeluoghi.it\/index.php\/2015\/09\/10\/settembre-d-autore\/#breadcrumb\"},\"inLanguage\":\"it-IT\",\"potentialAction\":[{\"@type\":\"ReadAction\",\"target\":[\"https:\/\/arteeluoghi.it\/index.php\/2015\/09\/10\/settembre-d-autore\/\"]}]},{\"@type\":\"BreadcrumbList\",\"@id\":\"https:\/\/arteeluoghi.it\/index.php\/2015\/09\/10\/settembre-d-autore\/#breadcrumb\",\"itemListElement\":[{\"@type\":\"ListItem\",\"position\":1,\"name\":\"Home\",\"item\":\"https:\/\/arteeluoghi.it\/\"},{\"@type\":\"ListItem\",\"position\":2,\"name\":\"Settembre d&#8217;Autore\"}]},{\"@type\":\"Article\",\"@id\":\"https:\/\/arteeluoghi.it\/index.php\/2015\/09\/10\/settembre-d-autore\/#article\",\"isPartOf\":{\"@id\":\"https:\/\/arteeluoghi.it\/index.php\/2015\/09\/10\/settembre-d-autore\/#webpage\"},\"author\":{\"@id\":\"https:\/\/arteeluoghi.it\/#\/schema\/person\/f84e814e36e91e01448ee07eaadd41d4\"},\"headline\":\"Settembre d&#8217;Autore\",\"datePublished\":\"2015-09-10T20:08:04+00:00\",\"dateModified\":\"2015-09-10T20:08:04+00:00\",\"mainEntityOfPage\":{\"@id\":\"https:\/\/arteeluoghi.it\/index.php\/2015\/09\/10\/settembre-d-autore\/#webpage\"},\"wordCount\":505,\"commentCount\":0,\"publisher\":{\"@id\":\"https:\/\/arteeluoghi.it\/#organization\"},\"image\":{\"@id\":\"https:\/\/arteeluoghi.it\/index.php\/2015\/09\/10\/settembre-d-autore\/#primaryimage\"},\"thumbnailUrl\":\"\/images\/Albergo%20Palazzo%20santa%20cesarea%20terme%20la%20terrazza.jpg\",\"articleSection\":[\"I luoghi della parola\"],\"inLanguage\":\"it-IT\",\"potentialAction\":[{\"@type\":\"CommentAction\",\"name\":\"Comment\",\"target\":[\"https:\/\/arteeluoghi.it\/index.php\/2015\/09\/10\/settembre-d-autore\/#respond\"]}]},{\"@type\":\"Person\",\"@id\":\"https:\/\/arteeluoghi.it\/#\/schema\/person\/f84e814e36e91e01448ee07eaadd41d4\",\"name\":\"Staff\",\"image\":{\"@type\":\"ImageObject\",\"@id\":\"https:\/\/arteeluoghi.it\/#personlogo\",\"inLanguage\":\"it-IT\",\"url\":\"https:\/\/secure.gravatar.com\/avatar\/49d2f9e46271bb04e19cebfaf141313a?s=96&d=blank&r=g\",\"contentUrl\":\"https:\/\/secure.gravatar.com\/avatar\/49d2f9e46271bb04e19cebfaf141313a?s=96&d=blank&r=g\",\"caption\":\"Staff\"}}]}<\/script>\n<!-- \/ Yoast SEO plugin. -->","yoast_head_json":{"title":"Settembre d'Autore | Arte e Luoghi","robots":{"index":"index","follow":"follow","max-snippet":"max-snippet:-1","max-image-preview":"max-image-preview:large","max-video-preview":"max-video-preview:-1"},"canonical":"https:\/\/arteeluoghi.it\/index.php\/2015\/09\/10\/settembre-d-autore\/","og_locale":"it_IT","og_type":"article","og_title":"Settembre d'Autore | Arte e Luoghi","og_description":"Prosegue con successo anche a settembre la rassegna ideata da Alessandra Pizzi Un mare di libri&#8230; a Santa Cesarea Terme","og_url":"https:\/\/arteeluoghi.it\/index.php\/2015\/09\/10\/settembre-d-autore\/","og_site_name":"Arte e Luoghi","article_publisher":"https:\/\/www.facebook.com\/ArteELuoghi\/","article_published_time":"2015-09-10T20:08:04+00:00","og_image":[{"url":"https:\/\/arteeluoghi.it\/images\/Albergo%20Palazzo%20santa%20cesarea%20terme%20la%20terrazza.jpg"}],"twitter_card":"summary","twitter_creator":"@arteeluoghi","twitter_site":"@arteeluoghi","twitter_misc":{"Scritto da":"Staff","Tempo di lettura stimato":"3 minuti"},"schema":{"@context":"https:\/\/schema.org","@graph":[{"@type":"Organization","@id":"https:\/\/arteeluoghi.it\/#organization","name":"Arte e Luoghi","url":"https:\/\/arteeluoghi.it\/","sameAs":["https:\/\/www.facebook.com\/ArteELuoghi\/","https:\/\/www.instagram.com\/arteeluoghi\/?hl=it","https:\/\/www.youtube.com\/channel\/UCuRVc4JW4-C5sg9rQB-srkw?view_as=subscriber","https:\/\/twitter.com\/arteeluoghi"],"logo":{"@type":"ImageObject","@id":"https:\/\/arteeluoghi.it\/#logo","inLanguage":"it-IT","url":"https:\/\/arteeluoghi.it\/wp-content\/uploads\/2018\/08\/logoinstagramarte.jpg","contentUrl":"https:\/\/arteeluoghi.it\/wp-content\/uploads\/2018\/08\/logoinstagramarte.jpg","width":150,"height":150,"caption":"Arte e Luoghi"},"image":{"@id":"https:\/\/arteeluoghi.it\/#logo"}},{"@type":"WebSite","@id":"https:\/\/arteeluoghi.it\/#website","url":"https:\/\/arteeluoghi.it\/","name":"Arte e Luoghi","description":"Mensile di arte, cultura, turismo e curiosit\u00e0","publisher":{"@id":"https:\/\/arteeluoghi.it\/#organization"},"potentialAction":[{"@type":"SearchAction","target":{"@type":"EntryPoint","urlTemplate":"https:\/\/arteeluoghi.it\/?s={search_term_string}"},"query-input":"required name=search_term_string"}],"inLanguage":"it-IT"},{"@type":"ImageObject","@id":"https:\/\/arteeluoghi.it\/index.php\/2015\/09\/10\/settembre-d-autore\/#primaryimage","inLanguage":"it-IT","url":"\/images\/Albergo%20Palazzo%20santa%20cesarea%20terme%20la%20terrazza.jpg","contentUrl":"\/images\/Albergo%20Palazzo%20santa%20cesarea%20terme%20la%20terrazza.jpg"},{"@type":"WebPage","@id":"https:\/\/arteeluoghi.it\/index.php\/2015\/09\/10\/settembre-d-autore\/#webpage","url":"https:\/\/arteeluoghi.it\/index.php\/2015\/09\/10\/settembre-d-autore\/","name":"Settembre d'Autore | Arte e Luoghi","isPartOf":{"@id":"https:\/\/arteeluoghi.it\/#website"},"primaryImageOfPage":{"@id":"https:\/\/arteeluoghi.it\/index.php\/2015\/09\/10\/settembre-d-autore\/#primaryimage"},"datePublished":"2015-09-10T20:08:04+00:00","dateModified":"2015-09-10T20:08:04+00:00","breadcrumb":{"@id":"https:\/\/arteeluoghi.it\/index.php\/2015\/09\/10\/settembre-d-autore\/#breadcrumb"},"inLanguage":"it-IT","potentialAction":[{"@type":"ReadAction","target":["https:\/\/arteeluoghi.it\/index.php\/2015\/09\/10\/settembre-d-autore\/"]}]},{"@type":"BreadcrumbList","@id":"https:\/\/arteeluoghi.it\/index.php\/2015\/09\/10\/settembre-d-autore\/#breadcrumb","itemListElement":[{"@type":"ListItem","position":1,"name":"Home","item":"https:\/\/arteeluoghi.it\/"},{"@type":"ListItem","position":2,"name":"Settembre d&#8217;Autore"}]},{"@type":"Article","@id":"https:\/\/arteeluoghi.it\/index.php\/2015\/09\/10\/settembre-d-autore\/#article","isPartOf":{"@id":"https:\/\/arteeluoghi.it\/index.php\/2015\/09\/10\/settembre-d-autore\/#webpage"},"author":{"@id":"https:\/\/arteeluoghi.it\/#\/schema\/person\/f84e814e36e91e01448ee07eaadd41d4"},"headline":"Settembre d&#8217;Autore","datePublished":"2015-09-10T20:08:04+00:00","dateModified":"2015-09-10T20:08:04+00:00","mainEntityOfPage":{"@id":"https:\/\/arteeluoghi.it\/index.php\/2015\/09\/10\/settembre-d-autore\/#webpage"},"wordCount":505,"commentCount":0,"publisher":{"@id":"https:\/\/arteeluoghi.it\/#organization"},"image":{"@id":"https:\/\/arteeluoghi.it\/index.php\/2015\/09\/10\/settembre-d-autore\/#primaryimage"},"thumbnailUrl":"\/images\/Albergo%20Palazzo%20santa%20cesarea%20terme%20la%20terrazza.jpg","articleSection":["I luoghi della parola"],"inLanguage":"it-IT","potentialAction":[{"@type":"CommentAction","name":"Comment","target":["https:\/\/arteeluoghi.it\/index.php\/2015\/09\/10\/settembre-d-autore\/#respond"]}]},{"@type":"Person","@id":"https:\/\/arteeluoghi.it\/#\/schema\/person\/f84e814e36e91e01448ee07eaadd41d4","name":"Staff","image":{"@type":"ImageObject","@id":"https:\/\/arteeluoghi.it\/#personlogo","inLanguage":"it-IT","url":"https:\/\/secure.gravatar.com\/avatar\/49d2f9e46271bb04e19cebfaf141313a?s=96&d=blank&r=g","contentUrl":"https:\/\/secure.gravatar.com\/avatar\/49d2f9e46271bb04e19cebfaf141313a?s=96&d=blank&r=g","caption":"Staff"}}]}},"_links":{"self":[{"href":"https:\/\/arteeluoghi.it\/index.php\/wp-json\/wp\/v2\/posts\/2316"}],"collection":[{"href":"https:\/\/arteeluoghi.it\/index.php\/wp-json\/wp\/v2\/posts"}],"about":[{"href":"https:\/\/arteeluoghi.it\/index.php\/wp-json\/wp\/v2\/types\/post"}],"author":[{"embeddable":true,"href":"https:\/\/arteeluoghi.it\/index.php\/wp-json\/wp\/v2\/users\/1"}],"replies":[{"embeddable":true,"href":"https:\/\/arteeluoghi.it\/index.php\/wp-json\/wp\/v2\/comments?post=2316"}],"version-history":[{"count":0,"href":"https:\/\/arteeluoghi.it\/index.php\/wp-json\/wp\/v2\/posts\/2316\/revisions"}],"wp:attachment":[{"href":"https:\/\/arteeluoghi.it\/index.php\/wp-json\/wp\/v2\/media?parent=2316"}],"wp:term":[{"taxonomy":"category","embeddable":true,"href":"https:\/\/arteeluoghi.it\/index.php\/wp-json\/wp\/v2\/categories?post=2316"},{"taxonomy":"post_tag","embeddable":true,"href":"https:\/\/arteeluoghi.it\/index.php\/wp-json\/wp\/v2\/tags?post=2316"}],"curies":[{"name":"wp","href":"https:\/\/api.w.org\/{rel}","templated":true}]}}