{"id":2326,"date":"2015-09-26T08:55:54","date_gmt":"2015-09-26T06:55:54","guid":{"rendered":"http:\/\/arteeluoghi.it\/index.php\/2015\/09\/26\/i-bronzi-di-riace-all-expo-in-ultra-hd-4k\/"},"modified":"2015-09-26T08:55:54","modified_gmt":"2015-09-26T06:55:54","slug":"i-bronzi-di-riace-all-expo-in-ultra-hd-4k","status":"publish","type":"post","link":"https:\/\/arteeluoghi.it\/index.php\/2015\/09\/26\/i-bronzi-di-riace-all-expo-in-ultra-hd-4k\/","title":{"rendered":"I bronzi di Riace all&#8217;Expo.  In Ultra HD\/ 4K"},"content":{"rendered":"<p style=\"text-align: left;\" align=\"center\"><strong><em><img src=\"\/images\/bronzi-di-Riace02.jpg\" border=\"0\" title=\"I bronzi di Riace\" width=\"200\" style=\"margin: 21px; float: right;\" \/><\/em><\/strong><\/p>\n<p style=\"text-align: left;\" align=\"center\"><strong><em>\u00a0<\/em><\/strong><\/p>\n<p style=\"text-align: left;\" align=\"center\"><strong><em>SETTIMANA DEL PROTAGONISMO DELLA CALABRIA<\/em><\/strong><\/p>\n<p style=\"text-align: left;\" align=\"center\"><strong><em><strong><em>I BRONZI DI RIACE ALL&#8217;EXPO \u00a0DI MILANO<\/em><\/strong><\/em><\/strong><\/p>\n<p align=\"center\">\u00a0<\/p>\n<p class=\"xmsonormal\">\u00a0In Ultra HD\/ 4K vale a dire un filmato di altissima qualit\u00e0 i Bronzi di Riace saranno gli attori principali della Settimana del Protagonismo della Calabria. Ad illustrare nei dettagli l&#8217;iniziativa sono intervenuti ieri Salvatore Patamia, Segretario Regionale MIBACT e Commissario del Museo Archeologico Nazionale di Reggio Calabria; Patrizia Nardi, assessore alla Cultura del Comune di Reggio Calabria; Demetrio Crucitti, Direttore Generale della \u00a0RAI &#8211; Sede Regionale per la Calabria\u00a0e il regista Rai Luigi Ciorcioli. Nel corso\u00a0 della conferenza stampa \u00e8 stato illustrato l&#8217;Ultra HD\/4K la nuova televisione \u00a0con una definizione delle immagini quattro volte superiore rispetto al full HD. Si tratta di uno standard della televisione del futuro che presto rivoluzioner\u00e0 l\u2019esperienza di visione attraverso grandi schermi, anche curvi, capaci di avvolgere letteralmente lo spettatore.<\/p>\n<p class=\"xmsonormal\">Lo standard\u00a04k ha affermato il regista Luigi Ciorcioli della Rai\u00a0 \u00e8 la nuova sfida lanciata dalla tecnologia digitale: dare alla televisione la stessa definizione del cinema.<\/p>\n<p class=\"xmsonormal\">\u00a0<\/p>\n<p>  <!--more-->  <\/p>\n<p class=\"xmsonormal\">Non si tratta solo della fine dell&#8217;epoca della chimica il 4k cambia radicalmente anche il linguaggio televisivo. Maggiore definizione vuol dire maggiore capacit\u00e0 di dettagliare le cose, di moltiplicare il senso di profondit\u00e0 dell&#8217;immagine e di aumentare il senso di realt\u00e0.<\/p>\n<p class=\"xmsonormal\">La nuova definizione porta a riconsiderare la composizione delle immagini ridefinendo i rapporti interni dei volumi e dei colori.<\/p>\n<p class=\"xmsonormal\">red. Arte e Luoghi<\/p>\n","protected":false},"excerpt":{"rendered":"<p>\u00a0 SETTIMANA DEL PROTAGONISMO DELLA CALABRIA I BRONZI DI RIACE ALL&#8217;EXPO \u00a0DI MILANO \u00a0 \u00a0In Ultra HD\/ 4K vale a<\/p>\n","protected":false},"author":1,"featured_media":0,"comment_status":"open","ping_status":"open","sticky":false,"template":"","format":"standard","meta":[],"categories":[36],"tags":[],"yoast_head":"<!-- This site is optimized with the Yoast SEO plugin v18.0 - https:\/\/yoast.com\/wordpress\/plugins\/seo\/ -->\n<title>I bronzi di Riace all&#039;Expo. In Ultra HD\/ 4K | Arte e Luoghi<\/title>\n<meta name=\"robots\" content=\"index, follow, max-snippet:-1, max-image-preview:large, max-video-preview:-1\" \/>\n<link rel=\"canonical\" href=\"https:\/\/arteeluoghi.it\/index.php\/2015\/09\/26\/i-bronzi-di-riace-all-expo-in-ultra-hd-4k\/\" \/>\n<meta property=\"og:locale\" content=\"it_IT\" \/>\n<meta property=\"og:type\" content=\"article\" \/>\n<meta property=\"og:title\" content=\"I bronzi di Riace all&#039;Expo. In Ultra HD\/ 4K | Arte e Luoghi\" \/>\n<meta property=\"og:description\" content=\"\u00a0 SETTIMANA DEL PROTAGONISMO DELLA CALABRIA I BRONZI DI RIACE ALL&#8217;EXPO \u00a0DI MILANO \u00a0 \u00a0In Ultra HD\/ 4K vale a\" \/>\n<meta property=\"og:url\" content=\"https:\/\/arteeluoghi.it\/index.php\/2015\/09\/26\/i-bronzi-di-riace-all-expo-in-ultra-hd-4k\/\" \/>\n<meta property=\"og:site_name\" content=\"Arte e Luoghi\" \/>\n<meta property=\"article:publisher\" content=\"https:\/\/www.facebook.com\/ArteELuoghi\/\" \/>\n<meta property=\"article:published_time\" content=\"2015-09-26T06:55:54+00:00\" \/>\n<meta property=\"og:image\" content=\"https:\/\/arteeluoghi.it\/images\/bronzi-di-Riace02.jpg\" \/>\n<meta name=\"twitter:card\" content=\"summary\" \/>\n<meta name=\"twitter:creator\" content=\"@arteeluoghi\" \/>\n<meta name=\"twitter:site\" content=\"@arteeluoghi\" \/>\n<meta name=\"twitter:label1\" content=\"Scritto da\" \/>\n\t<meta name=\"twitter:data1\" content=\"Staff\" \/>\n\t<meta name=\"twitter:label2\" content=\"Tempo di lettura stimato\" \/>\n\t<meta name=\"twitter:data2\" content=\"1 minuto\" \/>\n<script type=\"application\/ld+json\" class=\"yoast-schema-graph\">{\"@context\":\"https:\/\/schema.org\",\"@graph\":[{\"@type\":\"Organization\",\"@id\":\"https:\/\/arteeluoghi.it\/#organization\",\"name\":\"Arte e Luoghi\",\"url\":\"https:\/\/arteeluoghi.it\/\",\"sameAs\":[\"https:\/\/www.facebook.com\/ArteELuoghi\/\",\"https:\/\/www.instagram.com\/arteeluoghi\/?hl=it\",\"https:\/\/www.youtube.com\/channel\/UCuRVc4JW4-C5sg9rQB-srkw?view_as=subscriber\",\"https:\/\/twitter.com\/arteeluoghi\"],\"logo\":{\"@type\":\"ImageObject\",\"@id\":\"https:\/\/arteeluoghi.it\/#logo\",\"inLanguage\":\"it-IT\",\"url\":\"https:\/\/arteeluoghi.it\/wp-content\/uploads\/2018\/08\/logoinstagramarte.jpg\",\"contentUrl\":\"https:\/\/arteeluoghi.it\/wp-content\/uploads\/2018\/08\/logoinstagramarte.jpg\",\"width\":150,\"height\":150,\"caption\":\"Arte e Luoghi\"},\"image\":{\"@id\":\"https:\/\/arteeluoghi.it\/#logo\"}},{\"@type\":\"WebSite\",\"@id\":\"https:\/\/arteeluoghi.it\/#website\",\"url\":\"https:\/\/arteeluoghi.it\/\",\"name\":\"Arte e Luoghi\",\"description\":\"Mensile di arte, cultura, turismo e curiosit\u00e0\",\"publisher\":{\"@id\":\"https:\/\/arteeluoghi.it\/#organization\"},\"potentialAction\":[{\"@type\":\"SearchAction\",\"target\":{\"@type\":\"EntryPoint\",\"urlTemplate\":\"https:\/\/arteeluoghi.it\/?s={search_term_string}\"},\"query-input\":\"required name=search_term_string\"}],\"inLanguage\":\"it-IT\"},{\"@type\":\"ImageObject\",\"@id\":\"https:\/\/arteeluoghi.it\/index.php\/2015\/09\/26\/i-bronzi-di-riace-all-expo-in-ultra-hd-4k\/#primaryimage\",\"inLanguage\":\"it-IT\",\"url\":\"\/images\/bronzi-di-Riace02.jpg\",\"contentUrl\":\"\/images\/bronzi-di-Riace02.jpg\"},{\"@type\":\"WebPage\",\"@id\":\"https:\/\/arteeluoghi.it\/index.php\/2015\/09\/26\/i-bronzi-di-riace-all-expo-in-ultra-hd-4k\/#webpage\",\"url\":\"https:\/\/arteeluoghi.it\/index.php\/2015\/09\/26\/i-bronzi-di-riace-all-expo-in-ultra-hd-4k\/\",\"name\":\"I bronzi di Riace all'Expo. In Ultra HD\/ 4K | Arte e Luoghi\",\"isPartOf\":{\"@id\":\"https:\/\/arteeluoghi.it\/#website\"},\"primaryImageOfPage\":{\"@id\":\"https:\/\/arteeluoghi.it\/index.php\/2015\/09\/26\/i-bronzi-di-riace-all-expo-in-ultra-hd-4k\/#primaryimage\"},\"datePublished\":\"2015-09-26T06:55:54+00:00\",\"dateModified\":\"2015-09-26T06:55:54+00:00\",\"breadcrumb\":{\"@id\":\"https:\/\/arteeluoghi.it\/index.php\/2015\/09\/26\/i-bronzi-di-riace-all-expo-in-ultra-hd-4k\/#breadcrumb\"},\"inLanguage\":\"it-IT\",\"potentialAction\":[{\"@type\":\"ReadAction\",\"target\":[\"https:\/\/arteeluoghi.it\/index.php\/2015\/09\/26\/i-bronzi-di-riace-all-expo-in-ultra-hd-4k\/\"]}]},{\"@type\":\"BreadcrumbList\",\"@id\":\"https:\/\/arteeluoghi.it\/index.php\/2015\/09\/26\/i-bronzi-di-riace-all-expo-in-ultra-hd-4k\/#breadcrumb\",\"itemListElement\":[{\"@type\":\"ListItem\",\"position\":1,\"name\":\"Home\",\"item\":\"https:\/\/arteeluoghi.it\/\"},{\"@type\":\"ListItem\",\"position\":2,\"name\":\"I bronzi di Riace all&#8217;Expo. In Ultra HD\/ 4K\"}]},{\"@type\":\"Article\",\"@id\":\"https:\/\/arteeluoghi.it\/index.php\/2015\/09\/26\/i-bronzi-di-riace-all-expo-in-ultra-hd-4k\/#article\",\"isPartOf\":{\"@id\":\"https:\/\/arteeluoghi.it\/index.php\/2015\/09\/26\/i-bronzi-di-riace-all-expo-in-ultra-hd-4k\/#webpage\"},\"author\":{\"@id\":\"https:\/\/arteeluoghi.it\/#\/schema\/person\/f84e814e36e91e01448ee07eaadd41d4\"},\"headline\":\"I bronzi di Riace all&#8217;Expo. In Ultra HD\/ 4K\",\"datePublished\":\"2015-09-26T06:55:54+00:00\",\"dateModified\":\"2015-09-26T06:55:54+00:00\",\"mainEntityOfPage\":{\"@id\":\"https:\/\/arteeluoghi.it\/index.php\/2015\/09\/26\/i-bronzi-di-riace-all-expo-in-ultra-hd-4k\/#webpage\"},\"wordCount\":239,\"commentCount\":0,\"publisher\":{\"@id\":\"https:\/\/arteeluoghi.it\/#organization\"},\"image\":{\"@id\":\"https:\/\/arteeluoghi.it\/index.php\/2015\/09\/26\/i-bronzi-di-riace-all-expo-in-ultra-hd-4k\/#primaryimage\"},\"thumbnailUrl\":\"\/images\/bronzi-di-Riace02.jpg\",\"articleSection\":[\"CuriosAr(t)e\"],\"inLanguage\":\"it-IT\",\"potentialAction\":[{\"@type\":\"CommentAction\",\"name\":\"Comment\",\"target\":[\"https:\/\/arteeluoghi.it\/index.php\/2015\/09\/26\/i-bronzi-di-riace-all-expo-in-ultra-hd-4k\/#respond\"]}]},{\"@type\":\"Person\",\"@id\":\"https:\/\/arteeluoghi.it\/#\/schema\/person\/f84e814e36e91e01448ee07eaadd41d4\",\"name\":\"Staff\",\"image\":{\"@type\":\"ImageObject\",\"@id\":\"https:\/\/arteeluoghi.it\/#personlogo\",\"inLanguage\":\"it-IT\",\"url\":\"https:\/\/secure.gravatar.com\/avatar\/49d2f9e46271bb04e19cebfaf141313a?s=96&d=blank&r=g\",\"contentUrl\":\"https:\/\/secure.gravatar.com\/avatar\/49d2f9e46271bb04e19cebfaf141313a?s=96&d=blank&r=g\",\"caption\":\"Staff\"}}]}<\/script>\n<!-- \/ Yoast SEO plugin. -->","yoast_head_json":{"title":"I bronzi di Riace all'Expo. In Ultra HD\/ 4K | Arte e Luoghi","robots":{"index":"index","follow":"follow","max-snippet":"max-snippet:-1","max-image-preview":"max-image-preview:large","max-video-preview":"max-video-preview:-1"},"canonical":"https:\/\/arteeluoghi.it\/index.php\/2015\/09\/26\/i-bronzi-di-riace-all-expo-in-ultra-hd-4k\/","og_locale":"it_IT","og_type":"article","og_title":"I bronzi di Riace all'Expo. In Ultra HD\/ 4K | Arte e Luoghi","og_description":"\u00a0 SETTIMANA DEL PROTAGONISMO DELLA CALABRIA I BRONZI DI RIACE ALL&#8217;EXPO \u00a0DI MILANO \u00a0 \u00a0In Ultra HD\/ 4K vale a","og_url":"https:\/\/arteeluoghi.it\/index.php\/2015\/09\/26\/i-bronzi-di-riace-all-expo-in-ultra-hd-4k\/","og_site_name":"Arte e Luoghi","article_publisher":"https:\/\/www.facebook.com\/ArteELuoghi\/","article_published_time":"2015-09-26T06:55:54+00:00","og_image":[{"url":"https:\/\/arteeluoghi.it\/images\/bronzi-di-Riace02.jpg"}],"twitter_card":"summary","twitter_creator":"@arteeluoghi","twitter_site":"@arteeluoghi","twitter_misc":{"Scritto da":"Staff","Tempo di lettura stimato":"1 minuto"},"schema":{"@context":"https:\/\/schema.org","@graph":[{"@type":"Organization","@id":"https:\/\/arteeluoghi.it\/#organization","name":"Arte e Luoghi","url":"https:\/\/arteeluoghi.it\/","sameAs":["https:\/\/www.facebook.com\/ArteELuoghi\/","https:\/\/www.instagram.com\/arteeluoghi\/?hl=it","https:\/\/www.youtube.com\/channel\/UCuRVc4JW4-C5sg9rQB-srkw?view_as=subscriber","https:\/\/twitter.com\/arteeluoghi"],"logo":{"@type":"ImageObject","@id":"https:\/\/arteeluoghi.it\/#logo","inLanguage":"it-IT","url":"https:\/\/arteeluoghi.it\/wp-content\/uploads\/2018\/08\/logoinstagramarte.jpg","contentUrl":"https:\/\/arteeluoghi.it\/wp-content\/uploads\/2018\/08\/logoinstagramarte.jpg","width":150,"height":150,"caption":"Arte e Luoghi"},"image":{"@id":"https:\/\/arteeluoghi.it\/#logo"}},{"@type":"WebSite","@id":"https:\/\/arteeluoghi.it\/#website","url":"https:\/\/arteeluoghi.it\/","name":"Arte e Luoghi","description":"Mensile di arte, cultura, turismo e curiosit\u00e0","publisher":{"@id":"https:\/\/arteeluoghi.it\/#organization"},"potentialAction":[{"@type":"SearchAction","target":{"@type":"EntryPoint","urlTemplate":"https:\/\/arteeluoghi.it\/?s={search_term_string}"},"query-input":"required name=search_term_string"}],"inLanguage":"it-IT"},{"@type":"ImageObject","@id":"https:\/\/arteeluoghi.it\/index.php\/2015\/09\/26\/i-bronzi-di-riace-all-expo-in-ultra-hd-4k\/#primaryimage","inLanguage":"it-IT","url":"\/images\/bronzi-di-Riace02.jpg","contentUrl":"\/images\/bronzi-di-Riace02.jpg"},{"@type":"WebPage","@id":"https:\/\/arteeluoghi.it\/index.php\/2015\/09\/26\/i-bronzi-di-riace-all-expo-in-ultra-hd-4k\/#webpage","url":"https:\/\/arteeluoghi.it\/index.php\/2015\/09\/26\/i-bronzi-di-riace-all-expo-in-ultra-hd-4k\/","name":"I bronzi di Riace all'Expo. In Ultra HD\/ 4K | Arte e Luoghi","isPartOf":{"@id":"https:\/\/arteeluoghi.it\/#website"},"primaryImageOfPage":{"@id":"https:\/\/arteeluoghi.it\/index.php\/2015\/09\/26\/i-bronzi-di-riace-all-expo-in-ultra-hd-4k\/#primaryimage"},"datePublished":"2015-09-26T06:55:54+00:00","dateModified":"2015-09-26T06:55:54+00:00","breadcrumb":{"@id":"https:\/\/arteeluoghi.it\/index.php\/2015\/09\/26\/i-bronzi-di-riace-all-expo-in-ultra-hd-4k\/#breadcrumb"},"inLanguage":"it-IT","potentialAction":[{"@type":"ReadAction","target":["https:\/\/arteeluoghi.it\/index.php\/2015\/09\/26\/i-bronzi-di-riace-all-expo-in-ultra-hd-4k\/"]}]},{"@type":"BreadcrumbList","@id":"https:\/\/arteeluoghi.it\/index.php\/2015\/09\/26\/i-bronzi-di-riace-all-expo-in-ultra-hd-4k\/#breadcrumb","itemListElement":[{"@type":"ListItem","position":1,"name":"Home","item":"https:\/\/arteeluoghi.it\/"},{"@type":"ListItem","position":2,"name":"I bronzi di Riace all&#8217;Expo. In Ultra HD\/ 4K"}]},{"@type":"Article","@id":"https:\/\/arteeluoghi.it\/index.php\/2015\/09\/26\/i-bronzi-di-riace-all-expo-in-ultra-hd-4k\/#article","isPartOf":{"@id":"https:\/\/arteeluoghi.it\/index.php\/2015\/09\/26\/i-bronzi-di-riace-all-expo-in-ultra-hd-4k\/#webpage"},"author":{"@id":"https:\/\/arteeluoghi.it\/#\/schema\/person\/f84e814e36e91e01448ee07eaadd41d4"},"headline":"I bronzi di Riace all&#8217;Expo. In Ultra HD\/ 4K","datePublished":"2015-09-26T06:55:54+00:00","dateModified":"2015-09-26T06:55:54+00:00","mainEntityOfPage":{"@id":"https:\/\/arteeluoghi.it\/index.php\/2015\/09\/26\/i-bronzi-di-riace-all-expo-in-ultra-hd-4k\/#webpage"},"wordCount":239,"commentCount":0,"publisher":{"@id":"https:\/\/arteeluoghi.it\/#organization"},"image":{"@id":"https:\/\/arteeluoghi.it\/index.php\/2015\/09\/26\/i-bronzi-di-riace-all-expo-in-ultra-hd-4k\/#primaryimage"},"thumbnailUrl":"\/images\/bronzi-di-Riace02.jpg","articleSection":["CuriosAr(t)e"],"inLanguage":"it-IT","potentialAction":[{"@type":"CommentAction","name":"Comment","target":["https:\/\/arteeluoghi.it\/index.php\/2015\/09\/26\/i-bronzi-di-riace-all-expo-in-ultra-hd-4k\/#respond"]}]},{"@type":"Person","@id":"https:\/\/arteeluoghi.it\/#\/schema\/person\/f84e814e36e91e01448ee07eaadd41d4","name":"Staff","image":{"@type":"ImageObject","@id":"https:\/\/arteeluoghi.it\/#personlogo","inLanguage":"it-IT","url":"https:\/\/secure.gravatar.com\/avatar\/49d2f9e46271bb04e19cebfaf141313a?s=96&d=blank&r=g","contentUrl":"https:\/\/secure.gravatar.com\/avatar\/49d2f9e46271bb04e19cebfaf141313a?s=96&d=blank&r=g","caption":"Staff"}}]}},"_links":{"self":[{"href":"https:\/\/arteeluoghi.it\/index.php\/wp-json\/wp\/v2\/posts\/2326"}],"collection":[{"href":"https:\/\/arteeluoghi.it\/index.php\/wp-json\/wp\/v2\/posts"}],"about":[{"href":"https:\/\/arteeluoghi.it\/index.php\/wp-json\/wp\/v2\/types\/post"}],"author":[{"embeddable":true,"href":"https:\/\/arteeluoghi.it\/index.php\/wp-json\/wp\/v2\/users\/1"}],"replies":[{"embeddable":true,"href":"https:\/\/arteeluoghi.it\/index.php\/wp-json\/wp\/v2\/comments?post=2326"}],"version-history":[{"count":0,"href":"https:\/\/arteeluoghi.it\/index.php\/wp-json\/wp\/v2\/posts\/2326\/revisions"}],"wp:attachment":[{"href":"https:\/\/arteeluoghi.it\/index.php\/wp-json\/wp\/v2\/media?parent=2326"}],"wp:term":[{"taxonomy":"category","embeddable":true,"href":"https:\/\/arteeluoghi.it\/index.php\/wp-json\/wp\/v2\/categories?post=2326"},{"taxonomy":"post_tag","embeddable":true,"href":"https:\/\/arteeluoghi.it\/index.php\/wp-json\/wp\/v2\/tags?post=2326"}],"curies":[{"name":"wp","href":"https:\/\/api.w.org\/{rel}","templated":true}]}}