{"id":233,"date":"2011-04-07T23:00:00","date_gmt":"2011-04-07T21:00:00","guid":{"rendered":"http:\/\/arteeluoghi.it\/index.php\/2011\/04\/07\/stasera-e-di-teatro-il-grigio-in-scena-a-campi\/"},"modified":"2011-04-07T23:00:00","modified_gmt":"2011-04-07T21:00:00","slug":"stasera-e-di-teatro-il-grigio-in-scena-a-campi","status":"publish","type":"post","link":"https:\/\/arteeluoghi.it\/index.php\/2011\/04\/07\/stasera-e-di-teatro-il-grigio-in-scena-a-campi\/","title":{"rendered":"STASERA E&#8217; DI TEATRO. IL GRIGIO IN SCENA A CAMPI"},"content":{"rendered":"<p><img src=\"\/images\/stories\/stasera.jpg\" border=\"0\" width=\"200\" style=\"margin: 10px; float: left;\" \/><strong>STASERA \u00e8 DI TEATRO<\/strong>. IL GRIGIO IN SCENA A CAMPI<\/p>\n<p>Partira\u2019 <strong>venerd\u00ec 15 aprile 2011<\/strong> la rassegna teatrale <strong>STASERA E\u2019 DI TEATRO<\/strong> organizzata da Teatro Mascaranu \u00a0e Il Teatraccio dei Villani con il patrocinio del Comune di Campi Salentina e della Fondazione Citt\u00e0 del Libro, che avr\u00e0 luogo nella Ex Biblioteca Comunale.<\/p>\n<p>Lo spettacolo che inaugurer\u00e0 la rassegna sar\u00e0 <strong>IL GRIGIO di Giorgio Gaber e Sandro Luporini con Salvatore Della Villa,<\/strong> che riporta in scena uno degli spettacoli pi\u00f9 applauditi di Gaber, oltre che un testo straordinario, parte ormai della storia del nostro teatro.<br \/> Disgustato dalla volgarit\u00e0 che lo circonda, un quarantacinquenne si rifugia in una nuova casa alla periferia della citt\u00e0 lasciandosi alle spalle i resti di una vita banale intrisa d&#8217;ipocrisie, un matrimonio finito, un&#8217;amante delusa, un figlio lontano per vivere in totale distacco dal mondo. La pace sognata deve per\u00f2 fare i conti con un ospite inatteso e indesiderato: appare il Grigio ad angustiare le sue giornate, i suoi pensieri, ma pi\u00f9 di tutto la sua coscienza. All&#8217;inizio si dimostra discreto, col tempo diventa sempre pi\u00f9 disinibito e scatena la collera del padrone di casa. Il Grigio lo metter\u00e0 alla prova nel profondo della sua esistenza tra trappole e inganni in un duello comico e paradossale che porter\u00e0 alla luce la solitudine e i sentimenti dell\u2019uomo.<\/p>\n<p>  <!--more-->  <\/p>\n<p><strong> <\/strong><\/p>\n<p>Il <strong>29 aprile<\/strong> il secondo appuntamento sar\u00e0 con gli <strong>SCHERZI DI SCENA<\/strong> degli <strong>Allievi Attori del maestro Della Villa<\/strong>. Un florilegio di commedie, gag e umanit\u00e0 che vi far\u00e0 commuovere e divertire. Gli \u2018scherzi\u201d, come li chiama \u010cechov, ruotano<\/p>\n<p>intorno a piccoli fatti precisi che servono da pretesto per mettere in funzione un meccanismo e svilupparlo in un cre\u00adscendo vorticoso. Prenderanno vita la poesia di<\/p>\n<p>Anton \u010cechov, la simpatia di Stefano Benni, la comicit\u00e0 di Antonio Amurri, l\u2019intelligente e sottile gioco di Achille Campanile, lo humor assurdo di Karl Valentin.<\/p>\n<p>I \u201cVillani\u201d protagonisti dello spettacolo saranno: Matteo Padula, Sofia Durante, Amalia Di Leo, Domingo Nisi, Maria Margherita Manco, Elisabetta Guerrieri, Domenico Carusi, Marco Tonti e Rebecca Metcalf.<\/p>\n<p>\u00a0<\/p>\n<p><strong>IL CARTELLONE<\/strong><\/p>\n<p>\u00a0<\/p>\n<p><strong>venerd\u00ec 15 APRILE 2011<\/strong><\/p>\n<p>IL GRIGIO di Giorgio Gaber e Sandro Luporini con Salvatore Della Villa<\/p>\n<p>Campi Salentina ore 20.30 Ex \u2013 Biblioteca Comunale Piazza Libert\u00e0<\/p>\n<p>\u00a0<\/p>\n<p><strong>venerd\u00ec 29 APRILE 2011<\/strong><\/p>\n<p>IL TEATRACCIO DEI VILLANI &#8220;SCHERZI DI SCENA&#8221;<br \/> Campi Salentina ore 20.30 Ex \u2013 Biblioteca Comunale Piazza Libert\u00e0<\/p>\n<p>\u00a0<\/p>\n<p><strong>venerd\u00ec 13 MAGGIO 2011<\/strong><\/p>\n<p>MI SONO FATTO\u2026A PEZZI con Salvatore Della Villa e Il Teatraccio dei Villani<\/p>\n<p>Campi Salentina ore 20.30 Ex \u2013 Biblioteca Comunale Piazza Libert\u00e0<\/p>\n<p>\u00a0<\/p>\n<p><strong>venerd\u00ec 27 MAGGIO 2011<\/strong><\/p>\n<p>Salvatore Della Villa<\/p>\n<p>BLUE GANG BANG<\/p>\n<p>Con<\/p>\n<p>Stefano Sergio Schiattone\u00a0 chitarra<\/p>\n<p>Carmine De Giorgi\u00a0 contrabbasso<\/p>\n<p>Regia di Salvatore Della Villa<\/p>\n<p>Campi Salentina ore 20.30 Ex \u2013 Biblioteca Comunale Piazza Libert\u00e0<\/p>\n<p>\u00a0<\/p>\n<p><strong>Posto unico 5 euro<\/strong><\/p>\n<p>\u00a0<\/p>\n<p><strong>Per Info e Prenotazioni <\/strong><\/p>\n<p>327.9860420<\/p>\n<p>(fonte: comunicato stampa)<\/p>\n<p><strong><span style=\"text-decoration: underline;\"> <\/span><\/strong><\/p>\n","protected":false},"excerpt":{"rendered":"<p>STASERA \u00e8 DI TEATRO. IL GRIGIO IN SCENA A CAMPI Partira\u2019 venerd\u00ec 15 aprile 2011 la rassegna teatrale STASERA E\u2019<\/p>\n","protected":false},"author":1,"featured_media":0,"comment_status":"open","ping_status":"open","sticky":false,"template":"","format":"standard","meta":[],"categories":[13],"tags":[],"yoast_head":"<!-- This site is optimized with the Yoast SEO plugin v18.0 - https:\/\/yoast.com\/wordpress\/plugins\/seo\/ -->\n<title>STASERA E&#039; DI TEATRO. IL GRIGIO IN SCENA A CAMPI | Arte e Luoghi<\/title>\n<meta name=\"robots\" content=\"index, follow, max-snippet:-1, max-image-preview:large, max-video-preview:-1\" \/>\n<link rel=\"canonical\" href=\"https:\/\/arteeluoghi.it\/index.php\/2011\/04\/07\/stasera-e-di-teatro-il-grigio-in-scena-a-campi\/\" \/>\n<meta property=\"og:locale\" content=\"it_IT\" \/>\n<meta property=\"og:type\" content=\"article\" \/>\n<meta property=\"og:title\" content=\"STASERA E&#039; DI TEATRO. IL GRIGIO IN SCENA A CAMPI | Arte e Luoghi\" \/>\n<meta property=\"og:description\" content=\"STASERA \u00e8 DI TEATRO. IL GRIGIO IN SCENA A CAMPI Partira\u2019 venerd\u00ec 15 aprile 2011 la rassegna teatrale STASERA E\u2019\" \/>\n<meta property=\"og:url\" content=\"https:\/\/arteeluoghi.it\/index.php\/2011\/04\/07\/stasera-e-di-teatro-il-grigio-in-scena-a-campi\/\" \/>\n<meta property=\"og:site_name\" content=\"Arte e Luoghi\" \/>\n<meta property=\"article:publisher\" content=\"https:\/\/www.facebook.com\/ArteELuoghi\/\" \/>\n<meta property=\"article:published_time\" content=\"2011-04-07T21:00:00+00:00\" \/>\n<meta property=\"og:image\" content=\"https:\/\/arteeluoghi.it\/images\/stories\/stasera.jpg\" \/>\n<meta name=\"twitter:card\" content=\"summary\" \/>\n<meta name=\"twitter:creator\" content=\"@arteeluoghi\" \/>\n<meta name=\"twitter:site\" content=\"@arteeluoghi\" \/>\n<meta name=\"twitter:label1\" content=\"Scritto da\" \/>\n\t<meta name=\"twitter:data1\" content=\"Staff\" \/>\n\t<meta name=\"twitter:label2\" content=\"Tempo di lettura stimato\" \/>\n\t<meta name=\"twitter:data2\" content=\"2 minuti\" \/>\n<script type=\"application\/ld+json\" class=\"yoast-schema-graph\">{\"@context\":\"https:\/\/schema.org\",\"@graph\":[{\"@type\":\"Organization\",\"@id\":\"https:\/\/arteeluoghi.it\/#organization\",\"name\":\"Arte e Luoghi\",\"url\":\"https:\/\/arteeluoghi.it\/\",\"sameAs\":[\"https:\/\/www.facebook.com\/ArteELuoghi\/\",\"https:\/\/www.instagram.com\/arteeluoghi\/?hl=it\",\"https:\/\/www.youtube.com\/channel\/UCuRVc4JW4-C5sg9rQB-srkw?view_as=subscriber\",\"https:\/\/twitter.com\/arteeluoghi\"],\"logo\":{\"@type\":\"ImageObject\",\"@id\":\"https:\/\/arteeluoghi.it\/#logo\",\"inLanguage\":\"it-IT\",\"url\":\"https:\/\/arteeluoghi.it\/wp-content\/uploads\/2018\/08\/logoinstagramarte.jpg\",\"contentUrl\":\"https:\/\/arteeluoghi.it\/wp-content\/uploads\/2018\/08\/logoinstagramarte.jpg\",\"width\":150,\"height\":150,\"caption\":\"Arte e Luoghi\"},\"image\":{\"@id\":\"https:\/\/arteeluoghi.it\/#logo\"}},{\"@type\":\"WebSite\",\"@id\":\"https:\/\/arteeluoghi.it\/#website\",\"url\":\"https:\/\/arteeluoghi.it\/\",\"name\":\"Arte e Luoghi\",\"description\":\"Mensile di arte, cultura, turismo e curiosit\u00e0\",\"publisher\":{\"@id\":\"https:\/\/arteeluoghi.it\/#organization\"},\"potentialAction\":[{\"@type\":\"SearchAction\",\"target\":{\"@type\":\"EntryPoint\",\"urlTemplate\":\"https:\/\/arteeluoghi.it\/?s={search_term_string}\"},\"query-input\":\"required name=search_term_string\"}],\"inLanguage\":\"it-IT\"},{\"@type\":\"ImageObject\",\"@id\":\"https:\/\/arteeluoghi.it\/index.php\/2011\/04\/07\/stasera-e-di-teatro-il-grigio-in-scena-a-campi\/#primaryimage\",\"inLanguage\":\"it-IT\",\"url\":\"\/images\/stories\/stasera.jpg\",\"contentUrl\":\"\/images\/stories\/stasera.jpg\"},{\"@type\":\"WebPage\",\"@id\":\"https:\/\/arteeluoghi.it\/index.php\/2011\/04\/07\/stasera-e-di-teatro-il-grigio-in-scena-a-campi\/#webpage\",\"url\":\"https:\/\/arteeluoghi.it\/index.php\/2011\/04\/07\/stasera-e-di-teatro-il-grigio-in-scena-a-campi\/\",\"name\":\"STASERA E' DI TEATRO. IL GRIGIO IN SCENA A CAMPI | Arte e Luoghi\",\"isPartOf\":{\"@id\":\"https:\/\/arteeluoghi.it\/#website\"},\"primaryImageOfPage\":{\"@id\":\"https:\/\/arteeluoghi.it\/index.php\/2011\/04\/07\/stasera-e-di-teatro-il-grigio-in-scena-a-campi\/#primaryimage\"},\"datePublished\":\"2011-04-07T21:00:00+00:00\",\"dateModified\":\"2011-04-07T21:00:00+00:00\",\"breadcrumb\":{\"@id\":\"https:\/\/arteeluoghi.it\/index.php\/2011\/04\/07\/stasera-e-di-teatro-il-grigio-in-scena-a-campi\/#breadcrumb\"},\"inLanguage\":\"it-IT\",\"potentialAction\":[{\"@type\":\"ReadAction\",\"target\":[\"https:\/\/arteeluoghi.it\/index.php\/2011\/04\/07\/stasera-e-di-teatro-il-grigio-in-scena-a-campi\/\"]}]},{\"@type\":\"BreadcrumbList\",\"@id\":\"https:\/\/arteeluoghi.it\/index.php\/2011\/04\/07\/stasera-e-di-teatro-il-grigio-in-scena-a-campi\/#breadcrumb\",\"itemListElement\":[{\"@type\":\"ListItem\",\"position\":1,\"name\":\"Home\",\"item\":\"https:\/\/arteeluoghi.it\/\"},{\"@type\":\"ListItem\",\"position\":2,\"name\":\"STASERA E&#8217; DI TEATRO. IL GRIGIO IN SCENA A CAMPI\"}]},{\"@type\":\"Article\",\"@id\":\"https:\/\/arteeluoghi.it\/index.php\/2011\/04\/07\/stasera-e-di-teatro-il-grigio-in-scena-a-campi\/#article\",\"isPartOf\":{\"@id\":\"https:\/\/arteeluoghi.it\/index.php\/2011\/04\/07\/stasera-e-di-teatro-il-grigio-in-scena-a-campi\/#webpage\"},\"author\":{\"@id\":\"https:\/\/arteeluoghi.it\/#\/schema\/person\/f84e814e36e91e01448ee07eaadd41d4\"},\"headline\":\"STASERA E&#8217; DI TEATRO. IL GRIGIO IN SCENA A CAMPI\",\"datePublished\":\"2011-04-07T21:00:00+00:00\",\"dateModified\":\"2011-04-07T21:00:00+00:00\",\"mainEntityOfPage\":{\"@id\":\"https:\/\/arteeluoghi.it\/index.php\/2011\/04\/07\/stasera-e-di-teatro-il-grigio-in-scena-a-campi\/#webpage\"},\"wordCount\":450,\"commentCount\":0,\"publisher\":{\"@id\":\"https:\/\/arteeluoghi.it\/#organization\"},\"image\":{\"@id\":\"https:\/\/arteeluoghi.it\/index.php\/2011\/04\/07\/stasera-e-di-teatro-il-grigio-in-scena-a-campi\/#primaryimage\"},\"thumbnailUrl\":\"\/images\/stories\/stasera.jpg\",\"articleSection\":[\"teatro\"],\"inLanguage\":\"it-IT\",\"potentialAction\":[{\"@type\":\"CommentAction\",\"name\":\"Comment\",\"target\":[\"https:\/\/arteeluoghi.it\/index.php\/2011\/04\/07\/stasera-e-di-teatro-il-grigio-in-scena-a-campi\/#respond\"]}]},{\"@type\":\"Person\",\"@id\":\"https:\/\/arteeluoghi.it\/#\/schema\/person\/f84e814e36e91e01448ee07eaadd41d4\",\"name\":\"Staff\",\"image\":{\"@type\":\"ImageObject\",\"@id\":\"https:\/\/arteeluoghi.it\/#personlogo\",\"inLanguage\":\"it-IT\",\"url\":\"https:\/\/secure.gravatar.com\/avatar\/49d2f9e46271bb04e19cebfaf141313a?s=96&d=blank&r=g\",\"contentUrl\":\"https:\/\/secure.gravatar.com\/avatar\/49d2f9e46271bb04e19cebfaf141313a?s=96&d=blank&r=g\",\"caption\":\"Staff\"}}]}<\/script>\n<!-- \/ Yoast SEO plugin. -->","yoast_head_json":{"title":"STASERA E' DI TEATRO. IL GRIGIO IN SCENA A CAMPI | Arte e Luoghi","robots":{"index":"index","follow":"follow","max-snippet":"max-snippet:-1","max-image-preview":"max-image-preview:large","max-video-preview":"max-video-preview:-1"},"canonical":"https:\/\/arteeluoghi.it\/index.php\/2011\/04\/07\/stasera-e-di-teatro-il-grigio-in-scena-a-campi\/","og_locale":"it_IT","og_type":"article","og_title":"STASERA E' DI TEATRO. IL GRIGIO IN SCENA A CAMPI | Arte e Luoghi","og_description":"STASERA \u00e8 DI TEATRO. IL GRIGIO IN SCENA A CAMPI Partira\u2019 venerd\u00ec 15 aprile 2011 la rassegna teatrale STASERA E\u2019","og_url":"https:\/\/arteeluoghi.it\/index.php\/2011\/04\/07\/stasera-e-di-teatro-il-grigio-in-scena-a-campi\/","og_site_name":"Arte e Luoghi","article_publisher":"https:\/\/www.facebook.com\/ArteELuoghi\/","article_published_time":"2011-04-07T21:00:00+00:00","og_image":[{"url":"https:\/\/arteeluoghi.it\/images\/stories\/stasera.jpg"}],"twitter_card":"summary","twitter_creator":"@arteeluoghi","twitter_site":"@arteeluoghi","twitter_misc":{"Scritto da":"Staff","Tempo di lettura stimato":"2 minuti"},"schema":{"@context":"https:\/\/schema.org","@graph":[{"@type":"Organization","@id":"https:\/\/arteeluoghi.it\/#organization","name":"Arte e Luoghi","url":"https:\/\/arteeluoghi.it\/","sameAs":["https:\/\/www.facebook.com\/ArteELuoghi\/","https:\/\/www.instagram.com\/arteeluoghi\/?hl=it","https:\/\/www.youtube.com\/channel\/UCuRVc4JW4-C5sg9rQB-srkw?view_as=subscriber","https:\/\/twitter.com\/arteeluoghi"],"logo":{"@type":"ImageObject","@id":"https:\/\/arteeluoghi.it\/#logo","inLanguage":"it-IT","url":"https:\/\/arteeluoghi.it\/wp-content\/uploads\/2018\/08\/logoinstagramarte.jpg","contentUrl":"https:\/\/arteeluoghi.it\/wp-content\/uploads\/2018\/08\/logoinstagramarte.jpg","width":150,"height":150,"caption":"Arte e Luoghi"},"image":{"@id":"https:\/\/arteeluoghi.it\/#logo"}},{"@type":"WebSite","@id":"https:\/\/arteeluoghi.it\/#website","url":"https:\/\/arteeluoghi.it\/","name":"Arte e Luoghi","description":"Mensile di arte, cultura, turismo e curiosit\u00e0","publisher":{"@id":"https:\/\/arteeluoghi.it\/#organization"},"potentialAction":[{"@type":"SearchAction","target":{"@type":"EntryPoint","urlTemplate":"https:\/\/arteeluoghi.it\/?s={search_term_string}"},"query-input":"required name=search_term_string"}],"inLanguage":"it-IT"},{"@type":"ImageObject","@id":"https:\/\/arteeluoghi.it\/index.php\/2011\/04\/07\/stasera-e-di-teatro-il-grigio-in-scena-a-campi\/#primaryimage","inLanguage":"it-IT","url":"\/images\/stories\/stasera.jpg","contentUrl":"\/images\/stories\/stasera.jpg"},{"@type":"WebPage","@id":"https:\/\/arteeluoghi.it\/index.php\/2011\/04\/07\/stasera-e-di-teatro-il-grigio-in-scena-a-campi\/#webpage","url":"https:\/\/arteeluoghi.it\/index.php\/2011\/04\/07\/stasera-e-di-teatro-il-grigio-in-scena-a-campi\/","name":"STASERA E' DI TEATRO. IL GRIGIO IN SCENA A CAMPI | Arte e Luoghi","isPartOf":{"@id":"https:\/\/arteeluoghi.it\/#website"},"primaryImageOfPage":{"@id":"https:\/\/arteeluoghi.it\/index.php\/2011\/04\/07\/stasera-e-di-teatro-il-grigio-in-scena-a-campi\/#primaryimage"},"datePublished":"2011-04-07T21:00:00+00:00","dateModified":"2011-04-07T21:00:00+00:00","breadcrumb":{"@id":"https:\/\/arteeluoghi.it\/index.php\/2011\/04\/07\/stasera-e-di-teatro-il-grigio-in-scena-a-campi\/#breadcrumb"},"inLanguage":"it-IT","potentialAction":[{"@type":"ReadAction","target":["https:\/\/arteeluoghi.it\/index.php\/2011\/04\/07\/stasera-e-di-teatro-il-grigio-in-scena-a-campi\/"]}]},{"@type":"BreadcrumbList","@id":"https:\/\/arteeluoghi.it\/index.php\/2011\/04\/07\/stasera-e-di-teatro-il-grigio-in-scena-a-campi\/#breadcrumb","itemListElement":[{"@type":"ListItem","position":1,"name":"Home","item":"https:\/\/arteeluoghi.it\/"},{"@type":"ListItem","position":2,"name":"STASERA E&#8217; DI TEATRO. IL GRIGIO IN SCENA A CAMPI"}]},{"@type":"Article","@id":"https:\/\/arteeluoghi.it\/index.php\/2011\/04\/07\/stasera-e-di-teatro-il-grigio-in-scena-a-campi\/#article","isPartOf":{"@id":"https:\/\/arteeluoghi.it\/index.php\/2011\/04\/07\/stasera-e-di-teatro-il-grigio-in-scena-a-campi\/#webpage"},"author":{"@id":"https:\/\/arteeluoghi.it\/#\/schema\/person\/f84e814e36e91e01448ee07eaadd41d4"},"headline":"STASERA E&#8217; DI TEATRO. IL GRIGIO IN SCENA A CAMPI","datePublished":"2011-04-07T21:00:00+00:00","dateModified":"2011-04-07T21:00:00+00:00","mainEntityOfPage":{"@id":"https:\/\/arteeluoghi.it\/index.php\/2011\/04\/07\/stasera-e-di-teatro-il-grigio-in-scena-a-campi\/#webpage"},"wordCount":450,"commentCount":0,"publisher":{"@id":"https:\/\/arteeluoghi.it\/#organization"},"image":{"@id":"https:\/\/arteeluoghi.it\/index.php\/2011\/04\/07\/stasera-e-di-teatro-il-grigio-in-scena-a-campi\/#primaryimage"},"thumbnailUrl":"\/images\/stories\/stasera.jpg","articleSection":["teatro"],"inLanguage":"it-IT","potentialAction":[{"@type":"CommentAction","name":"Comment","target":["https:\/\/arteeluoghi.it\/index.php\/2011\/04\/07\/stasera-e-di-teatro-il-grigio-in-scena-a-campi\/#respond"]}]},{"@type":"Person","@id":"https:\/\/arteeluoghi.it\/#\/schema\/person\/f84e814e36e91e01448ee07eaadd41d4","name":"Staff","image":{"@type":"ImageObject","@id":"https:\/\/arteeluoghi.it\/#personlogo","inLanguage":"it-IT","url":"https:\/\/secure.gravatar.com\/avatar\/49d2f9e46271bb04e19cebfaf141313a?s=96&d=blank&r=g","contentUrl":"https:\/\/secure.gravatar.com\/avatar\/49d2f9e46271bb04e19cebfaf141313a?s=96&d=blank&r=g","caption":"Staff"}}]}},"_links":{"self":[{"href":"https:\/\/arteeluoghi.it\/index.php\/wp-json\/wp\/v2\/posts\/233"}],"collection":[{"href":"https:\/\/arteeluoghi.it\/index.php\/wp-json\/wp\/v2\/posts"}],"about":[{"href":"https:\/\/arteeluoghi.it\/index.php\/wp-json\/wp\/v2\/types\/post"}],"author":[{"embeddable":true,"href":"https:\/\/arteeluoghi.it\/index.php\/wp-json\/wp\/v2\/users\/1"}],"replies":[{"embeddable":true,"href":"https:\/\/arteeluoghi.it\/index.php\/wp-json\/wp\/v2\/comments?post=233"}],"version-history":[{"count":0,"href":"https:\/\/arteeluoghi.it\/index.php\/wp-json\/wp\/v2\/posts\/233\/revisions"}],"wp:attachment":[{"href":"https:\/\/arteeluoghi.it\/index.php\/wp-json\/wp\/v2\/media?parent=233"}],"wp:term":[{"taxonomy":"category","embeddable":true,"href":"https:\/\/arteeluoghi.it\/index.php\/wp-json\/wp\/v2\/categories?post=233"},{"taxonomy":"post_tag","embeddable":true,"href":"https:\/\/arteeluoghi.it\/index.php\/wp-json\/wp\/v2\/tags?post=233"}],"curies":[{"name":"wp","href":"https:\/\/api.w.org\/{rel}","templated":true}]}}