{"id":2340,"date":"2015-10-12T16:11:23","date_gmt":"2015-10-12T14:11:23","guid":{"rendered":"http:\/\/arteeluoghi.it\/index.php\/2015\/10\/12\/francesco-zavattari-elevata-concezione-esordio-a-lecce\/"},"modified":"2017-08-06T03:26:06","modified_gmt":"2017-08-06T01:26:06","slug":"francesco-zavattari-elevata-concezione-esordio-a-lecce","status":"publish","type":"post","link":"https:\/\/arteeluoghi.it\/index.php\/2015\/10\/12\/francesco-zavattari-elevata-concezione-esordio-a-lecce\/","title":{"rendered":"Francesco Zavattari. Elevata Concezione, esordio a Lecce"},"content":{"rendered":"<p><img src=\"\/images\/elevata-concezione-francesco-zavattari-uno-di-voi.jpg\" border=\"0\" title=\"Elevata Concezione, Francesco Zavattri, Uno di noi, 2015\" width=\"300\" style=\"margin: 21px; float: left;\" \/>A Lecce dal 17 ottobre al 2 novembre 2015.<\/p>\n<p><strong>Dodici nuove opere dell&#8217;artista toscano all&#8217;Ex Conservatorio Sant\u2019Anna<\/strong><\/p>\n<p>Con\u00a0 &#8216;Elevata Concezione \u2013 Pietra. Carta. Luce&#8217;, l&#8217;ultima suite di opere firmate del noto artista e designer toscano Francesco Zavattari trova casa, dal 17 ottobre al 2 novembre, nelle sale dell&#8217;ex Conservatorio Sant&#8217;Anna a Lecce. Dodici opere, dieci tele e due sculture, per una nuova serie ricca di spiritualit\u00e0 che assorbe colori e luci della terra che ne ospita l&#8217;esordio.<\/p>\n<p>Parallelamente al fortunato svolgimento di esposizioni personali e numerose attivit\u00e0 oltre i confini nazionali, con diverse ulteriori mostre previste nei prossimi mesi, Zavattari torna a esporre in Italia. Dopo il grande successo di pubblico e critica tributato all&#8217;antologica &#8216;Poliedro&#8217; proposta nell&#8217;aprile scorso dalla prestigiosa Fondazione Lazzareschi di Lucca, ecco una nuova serie che lo vede approdare nel cuore della &#8216;Firenze del Sud&#8217;.<\/p>\n<p>  <!--more-->  <\/p>\n<p>\u00a0<\/p>\n<p>{AG rootFolder=&#8221;\/images\/sampledata&#8221; thumbWidth=&#8221;200&#8243; thumbHeight=&#8221;120&#8243; thumbAutoSize=&#8221;none&#8221; arrange=&#8221;priority&#8221; backgroundColor=&#8221;ffffff&#8221; foregroundColor=&#8221;808080&#8243; highliteColor=&#8221;fea804&#8243; frame_width=&#8221;500&#8243; frame_height=&#8221;300&#8243; newImageTag=&#8221;1&#8243; newImageTag_days=&#8221;7&#8243; paginUse=&#8221;1&#8243; paginImagesPerGallery=&#8221;10&#8243; albumUse=&#8221;1&#8243; showSignature=&#8221;1&#8243; plainTextCaptions=&#8221;1&#8243; ignoreError=&#8221;1&#8243; ignoreAllError=&#8221;0&#8243; template=&#8221;classic&#8221; popupEngine=&#8221;slimbox&#8221;}\/zavattari_lecce{\/AG}<\/p>\n<p>\u201cOgni tela trae ispirazione dalla terra incredibile che mi ospita e che fin da piccolo mi ha colpito per la sua bellezza. Ovviamente &#8216;a modo mio&#8217; \u2013 ha anticipato in un\u2019intervista per la nostra rivista. Non sono un paesaggista per cui il pubblico non si trover\u00e0 di fronte a qualcosa di cos\u00ec convenzionale. Quello che cerco di suggerire \u00e8 un concetto di spiritualit\u00e0 e, appunto, di elevatezza che in mezzo a quel fantastico Barocco e a quella pietra rilucente ho sempre respirato gi\u00e0 da bambino. Come ogni mia serie anche questa \u00e8 gi\u00e0 destinata a essere esposta in altre location italiane e straniere\u201d.<\/p>\n<p>Legatissimo da anni al capoluogo salentino, Zavattari ha realizzato ogni opera traendo un personale spunto, soprattutto in termini di cromie, dalle caratteristiche architettoniche e paesaggistiche del territorio.<\/p>\n<p>La pietra leccese, con la sua inconfondibile nuance, \u00e8 infatti madre tonale dell&#8217;intera serie, facendosi elemento fondante del teatro in cui l&#8217;artista inscrive ogni scena. Sono in particolare le Sacre Scritture di Antico e Nuovo Testamento a suggerire le tematiche fondanti di &#8216;Elevata Concezione&#8217;. Un viaggio tanto introspettivo quanto condiviso, attraverso la cifra Sacra che da sempre aleggia nell&#8217;opera di Zavattari e che trova appunto &#8216;elevazione&#8217; e compimento in questo percorso tra arte, storia e fede.<\/p>\n<p>\u00a0<\/p>\n<p>In questa personale curata da Antonietta Fulvio e Giusy Petracca per &#8216;Il Raggio Verde&#8217; e coordinata da Ambra Biscuso per l&#8217;associazione &#8216;Le Ali di Pandora&#8217;, si presenta tuttavia un lavoro universale che si rivolge a chiunque, credenti e non, attraverso il racconto di vicende umane prima ancora che divine. Ne \u00e8 un esempio su tutti la grande tela intitolata &#8216;Uno di Voi&#8217;, personale lettura dell&#8217;Ultima Cena ambientata da Zavattari in un contesto di ispirazione fortemente salentina, in cui i sentimenti e le violente reazioni umane dei personaggi restituiscono un&#8217;idea di realismo che va oltre alla pi\u00f9 convenzionale narrativa sacra.<\/p>\n<p>\u00a0<\/p>\n<p>Dopo il vernissage d&#8217;apertura che si terr\u00e0 sabato <strong>17 ottobre alle ore 18,<\/strong> <strong>luned\u00ec 19 ottobre<\/strong> l&#8217;artista incontrer\u00e0 presso la sede stessa della mostra alcune classi del Liceo Artistico di Lecce per cui realizzer\u00e0 un opera in live painting performance, una delle sue pi\u00f9 connotative attivit\u00e0. Prevista inoltre una lezione presso la prestigiosa Accademia delle Belle Arti di Lecce, durante la quale Zavattari avr\u00e0 modo di condividere con gli studenti le proprie esperienze negli ambiti artistici e di design.<\/p>\n<p>\u00a0<\/p>\n<p><strong><em>Scheda Biografica<\/em><\/strong><\/p>\n<p>Nato a Lucca nel 1983<em>,<\/em> <strong>Francesco Zavattari<\/strong> sin da piccolo scopre la passione per i taccuini, la scrittura il disegno. Intorno al 2000, sul finire del corso di studi presso il Liceo Artistico di Lucca, esordisce con due personali intitolate <strong>&#8216;Conversazioni disegnate&#8217;<\/strong> richiamando notevole attenzione mediatica e di pubblico in funzione di una particolarit\u00e0: ogni tela \u00e8 realizzata in tempo reale durante una &#8216;conversazione&#8217; (in realt\u00e0 pi\u00f9 una sorta di &#8216;auto-analisi&#8217;) con il soggetto cui \u00e8 intitolata. In quegli stessi anni, Zavattari firma due copertine dello storico magazine <strong>&#8216;Il giornale dei misteri&#8217;<\/strong> e continua l\u2019attivit\u00e0 espositiva parallelamente a quella di designer. Nel 2007 crea il brand <strong>Noteblack<\/strong>, una linea di taccuini di alto livello prodotta interamente in Italia. Dopo anni di professione sotto altro marchio, il 2008 vede la nascita ufficiale di <strong>&#8216;Studio Matitanera&#8217;<\/strong>, realt\u00e0 impegnata nell&#8217;ambito della grafica, della progettazione, della comunicazione e del marketing di cui \u00e8 direttore. Molteplici i racconti e i testi pubblicati, fra cui, nel 2001, il libro &#8216;Pulsioni&#8217; e, nel 2008, il racconto &#8216;Aurora&#8217; pubblicato da Giulio Perrone Editore nella raccolta &#8216;Nulla \u00e8 per sempre&#8217; a cura di Flavia Piccinni. Dal 2005 dirige la testata di cinema, teatro e arte &#8216;4rum.it&#8217; e dal 2010 \u00e8 direttore e graphic designer della rivista cartacea &#8216;FULL Magazine&#8217;. Testate per cui produce inoltre articoli e recensioni di varia natura, fra cui critica operistica di cui \u00e8 da sempre appassionato. Tra i principali eventi espositivi, nel 2010 la partecipazione al &#8216;Lu.C.C.A. Lucca Center of Contemporary Art&#8217; con <strong>&#8216;Graphic Night&#8217;<\/strong>, performance di oltre quattro ore durante la quale realizza per intero una tela di 210&#215;210 cm ispirata dai post-it scritti durante l&#8217;evento dai molti partecipanti presenti. Nel 2012 <strong>Indagine sull&#8217;ombra&#8217;<\/strong> (Fondazione Silvestro Marcucci di Massarosa, &#8216;Galleria La Marina&#8217; di Pietrasanta, La Spezia nell&#8217;ambito di &#8216;Artist Fair&#8217;); nel 2013, <strong>&#8216;Ubiqua&#8217;<\/strong> (personale itinerante Madrid, Malta, Roma, Firenze, Lecce e Lucca). Sempre dello stesso anno realizza un&#8217;opera di videoarte inedita dal titolo &#8216;Let&#8217;s clean it up&#8217; che \u00e8 stata proiettata dall&#8217;8 al 31 ottobre presso Ambasciate e Istituti Italiani di Cultura di capitali quali San Paolo, Chicago, Toronto, Tokyo, Pechino, New Delhi, Istanbul e San Pietroburgo, patrocinata dalla Camera di Commercio di Lucca. Nel 2014 firma la serie <strong>&#8216;Universo Instabile&#8217;<\/strong> (allegoria visiva dello spazio desolato e frenetico radicato in ogni individuo), <strong>Ambidexter &#8211; L&#8217;evoluzione dello spazio\/tempo&#8217; <\/strong>e, ultimo, il progetto <strong>Poliedro <\/strong>con il quale \u00e8 stato ospite dal 18 aprile \/ 17 maggio 2015 pressola <em>Fondazione Giuseppe Lazzareschi<\/em> di Porcari (Lucca).<\/p>\n<p>Particolarmente significativo in Portogallo, il progetto condiviso con l&#8217;associazione UMAR &#8216;<em>My<\/em> <em>Art is Female<\/em>&#8216; che ha visto la realizzazione di tre opere in live performance (Braga, coimbra e Porto) e una importante personale al Museo da Quinta de Santiago di Matosinhos. Di grande rilievo anche la sua attivit\u00e0 all&#8217;interno delle scuole. <strong>Francesco Zavattari, <\/strong>molto seguito dalla stampa nazionale, \u00e8 spesso ospite dell&#8217;Istituto d&#8217;Arte di Lucca ed \u00e8 stato ospite di altri Istituti fra cui il Liceo Cecioni di Livorno. Durante questi incontri, \u00e8 chiamato a discutere di arte, comunicazione, marketing e design.<\/p>\n<p>Numerose le attivit\u00e0 in programma e in corso fra cui nuove esposizioni in Portogallo e Olanda.<\/p>\n<p><strong>\u00a0<\/strong><\/p>\n<p><strong>Scheda tecnica della mostra<\/strong><\/p>\n<p><strong>\u00a0<\/strong><\/p>\n<p><strong>Francesco Zavattari<\/strong><\/p>\n<p><strong>&#8216;Elevata Concezione \u2013 Pietra. Carta. Luce&#8217;<\/strong><\/p>\n<p>\u00a0<\/p>\n<p><strong>Con il Patrocinio della Citt\u00e0 di Lecce e dell\u2019Accademia di Belle Arti di Lecce<\/strong><\/p>\n<p>\u00a0<\/p>\n<p>Ex Conservatorio S. Anna<\/p>\n<p>Via Giuseppe Libertini 1, Lecce<\/p>\n<p>Dal 17\/10 al 2\/11\/2015<\/p>\n<p>Vernissage \u2013 Ingresso Libero<\/p>\n<p>Sabato 17 ottobre 2015 ore 18<\/p>\n<p>Apertura: tutti i giorni con orario 10-13 e 17-20<\/p>\n<p>\u00a0<\/p>\n<p>A cura di Antonietta Fulvio e Giusy Petracca<\/p>\n<p>Coordinamento: Ambra Biscuso<\/p>\n<p>\u00a0<\/p>\n<p>Il Raggio Verde \u2013 Le Ali di Pandora<\/p>\n<p>\u00a0<\/p>\n<p>Advisor: Nico Maggi &#8211; Manuela Zavattari<\/p>\n<p>Fotografo ufficiale: Siro Tolomei<\/p>\n<p>Assistente: Jessica Lombardi<\/p>\n<p>Ufficio stampa dell&#8217;evento: Il Raggio Verde<\/p>\n<p>Ufficio stampa dell&#8217;artista: Studio Matitanera\u00ae &#8211; Silvia Cosentino<\/p>\n<p>Logistica e trasporti: &#8216;Posta Centrale&#8217; Lecce \u2013 Responsabile: Salvatore Manno<\/p>\n<p>Catalogo: Il Raggio Verde edizioni<\/p>\n<p>\u00a0<\/p>\n<p>www.zavattari.com<\/p>\n<p>facebook.com\/zavattari<\/p>\n<p>\u00a0<\/p>\n<p>red. Arte e Luoghi<\/p>\n","protected":false},"excerpt":{"rendered":"<p>A Lecce dal 17 ottobre al 2 novembre 2015. Dodici nuove opere dell&#8217;artista toscano all&#8217;Ex Conservatorio Sant\u2019Anna Con\u00a0 &#8216;Elevata Concezione<\/p>\n","protected":false},"author":1,"featured_media":0,"comment_status":"open","ping_status":"open","sticky":false,"template":"","format":"standard","meta":[],"categories":[27],"tags":[],"yoast_head":"<!-- This site is optimized with the Yoast SEO plugin v18.0 - https:\/\/yoast.com\/wordpress\/plugins\/seo\/ -->\n<title>Francesco Zavattari. Elevata Concezione, esordio a Lecce | Arte e Luoghi<\/title>\n<meta name=\"robots\" content=\"index, follow, max-snippet:-1, max-image-preview:large, max-video-preview:-1\" \/>\n<link rel=\"canonical\" href=\"https:\/\/arteeluoghi.it\/index.php\/2015\/10\/12\/francesco-zavattari-elevata-concezione-esordio-a-lecce\/\" \/>\n<meta property=\"og:locale\" content=\"it_IT\" \/>\n<meta property=\"og:type\" content=\"article\" \/>\n<meta property=\"og:title\" content=\"Francesco Zavattari. Elevata Concezione, esordio a Lecce | Arte e Luoghi\" \/>\n<meta property=\"og:description\" content=\"A Lecce dal 17 ottobre al 2 novembre 2015. Dodici nuove opere dell&#8217;artista toscano all&#8217;Ex Conservatorio Sant\u2019Anna Con\u00a0 &#8216;Elevata Concezione\" \/>\n<meta property=\"og:url\" content=\"https:\/\/arteeluoghi.it\/index.php\/2015\/10\/12\/francesco-zavattari-elevata-concezione-esordio-a-lecce\/\" \/>\n<meta property=\"og:site_name\" content=\"Arte e Luoghi\" \/>\n<meta property=\"article:publisher\" content=\"https:\/\/www.facebook.com\/ArteELuoghi\/\" \/>\n<meta property=\"article:published_time\" content=\"2015-10-12T14:11:23+00:00\" \/>\n<meta property=\"article:modified_time\" content=\"2017-08-06T01:26:06+00:00\" \/>\n<meta property=\"og:image\" content=\"https:\/\/arteeluoghi.it\/images\/elevata-concezione-francesco-zavattari-uno-di-voi.jpg\" \/>\n<meta name=\"twitter:card\" content=\"summary\" \/>\n<meta name=\"twitter:creator\" content=\"@arteeluoghi\" \/>\n<meta name=\"twitter:site\" content=\"@arteeluoghi\" \/>\n<meta name=\"twitter:label1\" content=\"Scritto da\" \/>\n\t<meta name=\"twitter:data1\" content=\"Staff\" \/>\n\t<meta name=\"twitter:label2\" content=\"Tempo di lettura stimato\" \/>\n\t<meta name=\"twitter:data2\" content=\"6 minuti\" \/>\n<script type=\"application\/ld+json\" class=\"yoast-schema-graph\">{\"@context\":\"https:\/\/schema.org\",\"@graph\":[{\"@type\":\"Organization\",\"@id\":\"https:\/\/arteeluoghi.it\/#organization\",\"name\":\"Arte e Luoghi\",\"url\":\"https:\/\/arteeluoghi.it\/\",\"sameAs\":[\"https:\/\/www.facebook.com\/ArteELuoghi\/\",\"https:\/\/www.instagram.com\/arteeluoghi\/?hl=it\",\"https:\/\/www.youtube.com\/channel\/UCuRVc4JW4-C5sg9rQB-srkw?view_as=subscriber\",\"https:\/\/twitter.com\/arteeluoghi\"],\"logo\":{\"@type\":\"ImageObject\",\"@id\":\"https:\/\/arteeluoghi.it\/#logo\",\"inLanguage\":\"it-IT\",\"url\":\"https:\/\/arteeluoghi.it\/wp-content\/uploads\/2018\/08\/logoinstagramarte.jpg\",\"contentUrl\":\"https:\/\/arteeluoghi.it\/wp-content\/uploads\/2018\/08\/logoinstagramarte.jpg\",\"width\":150,\"height\":150,\"caption\":\"Arte e Luoghi\"},\"image\":{\"@id\":\"https:\/\/arteeluoghi.it\/#logo\"}},{\"@type\":\"WebSite\",\"@id\":\"https:\/\/arteeluoghi.it\/#website\",\"url\":\"https:\/\/arteeluoghi.it\/\",\"name\":\"Arte e Luoghi\",\"description\":\"Mensile di arte, cultura, turismo e curiosit\u00e0\",\"publisher\":{\"@id\":\"https:\/\/arteeluoghi.it\/#organization\"},\"potentialAction\":[{\"@type\":\"SearchAction\",\"target\":{\"@type\":\"EntryPoint\",\"urlTemplate\":\"https:\/\/arteeluoghi.it\/?s={search_term_string}\"},\"query-input\":\"required name=search_term_string\"}],\"inLanguage\":\"it-IT\"},{\"@type\":\"ImageObject\",\"@id\":\"https:\/\/arteeluoghi.it\/index.php\/2015\/10\/12\/francesco-zavattari-elevata-concezione-esordio-a-lecce\/#primaryimage\",\"inLanguage\":\"it-IT\",\"url\":\"\/images\/elevata-concezione-francesco-zavattari-uno-di-voi.jpg\",\"contentUrl\":\"\/images\/elevata-concezione-francesco-zavattari-uno-di-voi.jpg\"},{\"@type\":\"WebPage\",\"@id\":\"https:\/\/arteeluoghi.it\/index.php\/2015\/10\/12\/francesco-zavattari-elevata-concezione-esordio-a-lecce\/#webpage\",\"url\":\"https:\/\/arteeluoghi.it\/index.php\/2015\/10\/12\/francesco-zavattari-elevata-concezione-esordio-a-lecce\/\",\"name\":\"Francesco Zavattari. Elevata Concezione, esordio a Lecce | Arte e Luoghi\",\"isPartOf\":{\"@id\":\"https:\/\/arteeluoghi.it\/#website\"},\"primaryImageOfPage\":{\"@id\":\"https:\/\/arteeluoghi.it\/index.php\/2015\/10\/12\/francesco-zavattari-elevata-concezione-esordio-a-lecce\/#primaryimage\"},\"datePublished\":\"2015-10-12T14:11:23+00:00\",\"dateModified\":\"2017-08-06T01:26:06+00:00\",\"breadcrumb\":{\"@id\":\"https:\/\/arteeluoghi.it\/index.php\/2015\/10\/12\/francesco-zavattari-elevata-concezione-esordio-a-lecce\/#breadcrumb\"},\"inLanguage\":\"it-IT\",\"potentialAction\":[{\"@type\":\"ReadAction\",\"target\":[\"https:\/\/arteeluoghi.it\/index.php\/2015\/10\/12\/francesco-zavattari-elevata-concezione-esordio-a-lecce\/\"]}]},{\"@type\":\"BreadcrumbList\",\"@id\":\"https:\/\/arteeluoghi.it\/index.php\/2015\/10\/12\/francesco-zavattari-elevata-concezione-esordio-a-lecce\/#breadcrumb\",\"itemListElement\":[{\"@type\":\"ListItem\",\"position\":1,\"name\":\"Home\",\"item\":\"https:\/\/arteeluoghi.it\/\"},{\"@type\":\"ListItem\",\"position\":2,\"name\":\"Francesco Zavattari. Elevata Concezione, esordio a Lecce\"}]},{\"@type\":\"Article\",\"@id\":\"https:\/\/arteeluoghi.it\/index.php\/2015\/10\/12\/francesco-zavattari-elevata-concezione-esordio-a-lecce\/#article\",\"isPartOf\":{\"@id\":\"https:\/\/arteeluoghi.it\/index.php\/2015\/10\/12\/francesco-zavattari-elevata-concezione-esordio-a-lecce\/#webpage\"},\"author\":{\"@id\":\"https:\/\/arteeluoghi.it\/#\/schema\/person\/f84e814e36e91e01448ee07eaadd41d4\"},\"headline\":\"Francesco Zavattari. Elevata Concezione, esordio a Lecce\",\"datePublished\":\"2015-10-12T14:11:23+00:00\",\"dateModified\":\"2017-08-06T01:26:06+00:00\",\"mainEntityOfPage\":{\"@id\":\"https:\/\/arteeluoghi.it\/index.php\/2015\/10\/12\/francesco-zavattari-elevata-concezione-esordio-a-lecce\/#webpage\"},\"wordCount\":1171,\"commentCount\":0,\"publisher\":{\"@id\":\"https:\/\/arteeluoghi.it\/#organization\"},\"image\":{\"@id\":\"https:\/\/arteeluoghi.it\/index.php\/2015\/10\/12\/francesco-zavattari-elevata-concezione-esordio-a-lecce\/#primaryimage\"},\"thumbnailUrl\":\"\/images\/elevata-concezione-francesco-zavattari-uno-di-voi.jpg\",\"articleSection\":[\"Arte\"],\"inLanguage\":\"it-IT\",\"potentialAction\":[{\"@type\":\"CommentAction\",\"name\":\"Comment\",\"target\":[\"https:\/\/arteeluoghi.it\/index.php\/2015\/10\/12\/francesco-zavattari-elevata-concezione-esordio-a-lecce\/#respond\"]}]},{\"@type\":\"Person\",\"@id\":\"https:\/\/arteeluoghi.it\/#\/schema\/person\/f84e814e36e91e01448ee07eaadd41d4\",\"name\":\"Staff\",\"image\":{\"@type\":\"ImageObject\",\"@id\":\"https:\/\/arteeluoghi.it\/#personlogo\",\"inLanguage\":\"it-IT\",\"url\":\"https:\/\/secure.gravatar.com\/avatar\/49d2f9e46271bb04e19cebfaf141313a?s=96&d=blank&r=g\",\"contentUrl\":\"https:\/\/secure.gravatar.com\/avatar\/49d2f9e46271bb04e19cebfaf141313a?s=96&d=blank&r=g\",\"caption\":\"Staff\"}}]}<\/script>\n<!-- \/ Yoast SEO plugin. -->","yoast_head_json":{"title":"Francesco Zavattari. Elevata Concezione, esordio a Lecce | Arte e Luoghi","robots":{"index":"index","follow":"follow","max-snippet":"max-snippet:-1","max-image-preview":"max-image-preview:large","max-video-preview":"max-video-preview:-1"},"canonical":"https:\/\/arteeluoghi.it\/index.php\/2015\/10\/12\/francesco-zavattari-elevata-concezione-esordio-a-lecce\/","og_locale":"it_IT","og_type":"article","og_title":"Francesco Zavattari. Elevata Concezione, esordio a Lecce | Arte e Luoghi","og_description":"A Lecce dal 17 ottobre al 2 novembre 2015. Dodici nuove opere dell&#8217;artista toscano all&#8217;Ex Conservatorio Sant\u2019Anna Con\u00a0 &#8216;Elevata Concezione","og_url":"https:\/\/arteeluoghi.it\/index.php\/2015\/10\/12\/francesco-zavattari-elevata-concezione-esordio-a-lecce\/","og_site_name":"Arte e Luoghi","article_publisher":"https:\/\/www.facebook.com\/ArteELuoghi\/","article_published_time":"2015-10-12T14:11:23+00:00","article_modified_time":"2017-08-06T01:26:06+00:00","og_image":[{"url":"https:\/\/arteeluoghi.it\/images\/elevata-concezione-francesco-zavattari-uno-di-voi.jpg"}],"twitter_card":"summary","twitter_creator":"@arteeluoghi","twitter_site":"@arteeluoghi","twitter_misc":{"Scritto da":"Staff","Tempo di lettura stimato":"6 minuti"},"schema":{"@context":"https:\/\/schema.org","@graph":[{"@type":"Organization","@id":"https:\/\/arteeluoghi.it\/#organization","name":"Arte e Luoghi","url":"https:\/\/arteeluoghi.it\/","sameAs":["https:\/\/www.facebook.com\/ArteELuoghi\/","https:\/\/www.instagram.com\/arteeluoghi\/?hl=it","https:\/\/www.youtube.com\/channel\/UCuRVc4JW4-C5sg9rQB-srkw?view_as=subscriber","https:\/\/twitter.com\/arteeluoghi"],"logo":{"@type":"ImageObject","@id":"https:\/\/arteeluoghi.it\/#logo","inLanguage":"it-IT","url":"https:\/\/arteeluoghi.it\/wp-content\/uploads\/2018\/08\/logoinstagramarte.jpg","contentUrl":"https:\/\/arteeluoghi.it\/wp-content\/uploads\/2018\/08\/logoinstagramarte.jpg","width":150,"height":150,"caption":"Arte e Luoghi"},"image":{"@id":"https:\/\/arteeluoghi.it\/#logo"}},{"@type":"WebSite","@id":"https:\/\/arteeluoghi.it\/#website","url":"https:\/\/arteeluoghi.it\/","name":"Arte e Luoghi","description":"Mensile di arte, cultura, turismo e curiosit\u00e0","publisher":{"@id":"https:\/\/arteeluoghi.it\/#organization"},"potentialAction":[{"@type":"SearchAction","target":{"@type":"EntryPoint","urlTemplate":"https:\/\/arteeluoghi.it\/?s={search_term_string}"},"query-input":"required name=search_term_string"}],"inLanguage":"it-IT"},{"@type":"ImageObject","@id":"https:\/\/arteeluoghi.it\/index.php\/2015\/10\/12\/francesco-zavattari-elevata-concezione-esordio-a-lecce\/#primaryimage","inLanguage":"it-IT","url":"\/images\/elevata-concezione-francesco-zavattari-uno-di-voi.jpg","contentUrl":"\/images\/elevata-concezione-francesco-zavattari-uno-di-voi.jpg"},{"@type":"WebPage","@id":"https:\/\/arteeluoghi.it\/index.php\/2015\/10\/12\/francesco-zavattari-elevata-concezione-esordio-a-lecce\/#webpage","url":"https:\/\/arteeluoghi.it\/index.php\/2015\/10\/12\/francesco-zavattari-elevata-concezione-esordio-a-lecce\/","name":"Francesco Zavattari. Elevata Concezione, esordio a Lecce | Arte e Luoghi","isPartOf":{"@id":"https:\/\/arteeluoghi.it\/#website"},"primaryImageOfPage":{"@id":"https:\/\/arteeluoghi.it\/index.php\/2015\/10\/12\/francesco-zavattari-elevata-concezione-esordio-a-lecce\/#primaryimage"},"datePublished":"2015-10-12T14:11:23+00:00","dateModified":"2017-08-06T01:26:06+00:00","breadcrumb":{"@id":"https:\/\/arteeluoghi.it\/index.php\/2015\/10\/12\/francesco-zavattari-elevata-concezione-esordio-a-lecce\/#breadcrumb"},"inLanguage":"it-IT","potentialAction":[{"@type":"ReadAction","target":["https:\/\/arteeluoghi.it\/index.php\/2015\/10\/12\/francesco-zavattari-elevata-concezione-esordio-a-lecce\/"]}]},{"@type":"BreadcrumbList","@id":"https:\/\/arteeluoghi.it\/index.php\/2015\/10\/12\/francesco-zavattari-elevata-concezione-esordio-a-lecce\/#breadcrumb","itemListElement":[{"@type":"ListItem","position":1,"name":"Home","item":"https:\/\/arteeluoghi.it\/"},{"@type":"ListItem","position":2,"name":"Francesco Zavattari. Elevata Concezione, esordio a Lecce"}]},{"@type":"Article","@id":"https:\/\/arteeluoghi.it\/index.php\/2015\/10\/12\/francesco-zavattari-elevata-concezione-esordio-a-lecce\/#article","isPartOf":{"@id":"https:\/\/arteeluoghi.it\/index.php\/2015\/10\/12\/francesco-zavattari-elevata-concezione-esordio-a-lecce\/#webpage"},"author":{"@id":"https:\/\/arteeluoghi.it\/#\/schema\/person\/f84e814e36e91e01448ee07eaadd41d4"},"headline":"Francesco Zavattari. Elevata Concezione, esordio a Lecce","datePublished":"2015-10-12T14:11:23+00:00","dateModified":"2017-08-06T01:26:06+00:00","mainEntityOfPage":{"@id":"https:\/\/arteeluoghi.it\/index.php\/2015\/10\/12\/francesco-zavattari-elevata-concezione-esordio-a-lecce\/#webpage"},"wordCount":1171,"commentCount":0,"publisher":{"@id":"https:\/\/arteeluoghi.it\/#organization"},"image":{"@id":"https:\/\/arteeluoghi.it\/index.php\/2015\/10\/12\/francesco-zavattari-elevata-concezione-esordio-a-lecce\/#primaryimage"},"thumbnailUrl":"\/images\/elevata-concezione-francesco-zavattari-uno-di-voi.jpg","articleSection":["Arte"],"inLanguage":"it-IT","potentialAction":[{"@type":"CommentAction","name":"Comment","target":["https:\/\/arteeluoghi.it\/index.php\/2015\/10\/12\/francesco-zavattari-elevata-concezione-esordio-a-lecce\/#respond"]}]},{"@type":"Person","@id":"https:\/\/arteeluoghi.it\/#\/schema\/person\/f84e814e36e91e01448ee07eaadd41d4","name":"Staff","image":{"@type":"ImageObject","@id":"https:\/\/arteeluoghi.it\/#personlogo","inLanguage":"it-IT","url":"https:\/\/secure.gravatar.com\/avatar\/49d2f9e46271bb04e19cebfaf141313a?s=96&d=blank&r=g","contentUrl":"https:\/\/secure.gravatar.com\/avatar\/49d2f9e46271bb04e19cebfaf141313a?s=96&d=blank&r=g","caption":"Staff"}}]}},"_links":{"self":[{"href":"https:\/\/arteeluoghi.it\/index.php\/wp-json\/wp\/v2\/posts\/2340"}],"collection":[{"href":"https:\/\/arteeluoghi.it\/index.php\/wp-json\/wp\/v2\/posts"}],"about":[{"href":"https:\/\/arteeluoghi.it\/index.php\/wp-json\/wp\/v2\/types\/post"}],"author":[{"embeddable":true,"href":"https:\/\/arteeluoghi.it\/index.php\/wp-json\/wp\/v2\/users\/1"}],"replies":[{"embeddable":true,"href":"https:\/\/arteeluoghi.it\/index.php\/wp-json\/wp\/v2\/comments?post=2340"}],"version-history":[{"count":1,"href":"https:\/\/arteeluoghi.it\/index.php\/wp-json\/wp\/v2\/posts\/2340\/revisions"}],"predecessor-version":[{"id":2909,"href":"https:\/\/arteeluoghi.it\/index.php\/wp-json\/wp\/v2\/posts\/2340\/revisions\/2909"}],"wp:attachment":[{"href":"https:\/\/arteeluoghi.it\/index.php\/wp-json\/wp\/v2\/media?parent=2340"}],"wp:term":[{"taxonomy":"category","embeddable":true,"href":"https:\/\/arteeluoghi.it\/index.php\/wp-json\/wp\/v2\/categories?post=2340"},{"taxonomy":"post_tag","embeddable":true,"href":"https:\/\/arteeluoghi.it\/index.php\/wp-json\/wp\/v2\/tags?post=2340"}],"curies":[{"name":"wp","href":"https:\/\/api.w.org\/{rel}","templated":true}]}}