{"id":2345,"date":"2015-10-14T10:38:53","date_gmt":"2015-10-14T08:38:53","guid":{"rendered":"http:\/\/arteeluoghi.it\/index.php\/2015\/10\/14\/l-arte-di-nutrire\/"},"modified":"2015-10-14T10:38:53","modified_gmt":"2015-10-14T08:38:53","slug":"l-arte-di-nutrire","status":"publish","type":"post","link":"https:\/\/arteeluoghi.it\/index.php\/2015\/10\/14\/l-arte-di-nutrire\/","title":{"rendered":"L\u2019Arte di Nutrire"},"content":{"rendered":"<p style=\"text-align: left;\" align=\"center\"><img src=\"\/images\/museovibo.jpg\" border=\"0\" title=\"Museo Archeologico Nazionale \u201cV. Capialbi\u201d di Vibo Valentia\" width=\"300\" style=\"margin: 21px; float: right;\" \/>Sabato 17 ottobre 2015 al <span style=\"font-size: small;\">Museo Archeologico Nazionale \u201cV. Capialbi\u201d di Vibo Valentia<\/span><\/p>\n<p style=\"text-align: left;\" align=\"center\"><span style=\"font-size: small;\"><strong>Gli aperitivi al museo<\/strong><\/span><\/p>\n<p align=\"center\">\u00a0<\/p>\n<p align=\"center\">\u00a0<\/p>\n<p>Prosegue con successo sabato 17 ottobre 2015 la rassegna <strong><em>L\u2019Arte di Nutrire <\/em><\/strong>&#8211;<em>Gli aperitivi al museo<\/em>, che propone nel Museo Archeologico Nazionale \u201cV. Capialbi\u201d di Vibo Valentia interessantissime iniziative dedicate alla musica, al teatro, all\u2019arte contemporanea e ovviamente al cibo.<\/p>\n<p>  <!--more-->  <\/p>\n<p><img src=\"\/images\/museovibo2.jpg\" border=\"0\" title=\"Museo Archeologico Nazionale \u201cV. Capialbi\u201d di Vibo Valentia, un momento della kermesse, foto Stefano Milazzo\" width=\"300\" style=\"margin: 21px; float: left;\" \/><\/p>\n<p>La kermesse, indetta dal dottor Salvatore Patamia, responsabile del Segretariato Regionale della Calabria\u00a0 con la stretta collaborazione del dottor Fabrizio Sudano nelle vesti di responsabile scientifico, si avvale dell\u2019attenta direzione artistica dell\u2019architetto Marilena Morabito.<\/p>\n<p>Nella serata di apertura, sabato 10 ottobre, gli intervenuti hanno apprezzato, palesando entusiasmo, la performance dell\u2019artista Costantino Rizzuti, il concerto acustico \u201c<em>in Milonga\u201d <\/em>di Sas\u00e0 Calabrese e Salvatore Cauteluccio e un concerto jazz, in collaborazione con il Conservatorio \u201cTorrefranca\u201d di Vibo Valentia, che ha mirabilmente accompagnato le degustazioni preparate, con i prodotti offerti dagli sponsor tecnici, dall\u2019Istituto alberghiero \u201cGagliardi\u201d di Vibo Valentia e dall\u2019Istituto \u201cSan Francesco di Paola\u201d.<\/p>\n<p>Sabato 17 ottobre 2015 certamente non deluderanno le attese i seguenti eventi in calendario. Ore 17:30: accoglienza multilingue a cura dell&#8217;Istituto Alberghiero &#8220;Gagliardi&#8221; di Vibo Valentia e installazione interattiva a cura di \u201cCollettivo LALA\u201d; ore18:30: degustazione birra artigianale e prodotti da forno; ore 19:30: <em>Le figlie del Sole<\/em> Vaudeville mitologico di Renato Nicolini (da Euripide, Apollonio Rodio e K\u00e1roly Ker\u00e9nyi). Regia di Maril\u00f9 Prati e Francesco Spinelli con Paolo Failla, Cristina Greco, Pasquale Pacil\u00e8, Adele Rombol\u00e0, Egizia Scopelliti, Lucia Spadafora, Francesco Spinelli; adattamento, Pasquale Pacil\u00e8 e Francesco Spinelli; organizzazione generale, Salvatore Vaccaro. A seguire il concerto dei Parafon\u00e8.<\/p>\n<p><img src=\"\/images\/museovibo3.jpg\" border=\"0\" title=\"Museo Archeologico Nazionale \u201cV. Capialbi\u201d di Vibo Valentia, un momento della kermesse, foto Stefano Milazzo\" width=\"300\" style=\"margin: 21px; float: left;\" \/>Si potr\u00e0, inoltre, continuare ad ammirare la mostra <em>Alimentazione e Archeologia<\/em>, curata dal responsabile del museo, dottor Fabrizio Sudano, con la collaborazione di archeologi vibonesi e di tutto il personale del museo, allestita in tre sale con reperti provenienti da scavi del territorio vibonese e disposti in sezioni: Alimenti per il rito, Alimenti dalla natura e Alimenti sulla mensa.<\/p>\n<p>Cos\u00ec pure si potranno ancora apprezzare le opere di Arte contemporanea degli artisti Antonio Schipani, Francesco Gabriele, Francesco Barilaro e Santo Caglioti nella collettiva <em>Materia<\/em>, curata dall\u2019architetto Marilena Morabito.<\/p>\n<p>Ad aumentare il valore artistico della manifestazione vi saranno alcune opere gentilmente concesse dall\u2019Accademia di Belle Arti \u201cFidia\u201d.<\/p>\n<p>L\u2019iniziativa \u00e8 stata concepita di comune intesa tra la Regione Calabria, il Segretariato Regionale MiBACT, retto dal dottor Salvatore Patamia, il Polo Museale della Calabria, guidato dalla dottoressa Angela Tecce e da Expo e Territori con il contributo dell\u2019amministrazione comunale vibonese.<\/p>\n<p>\u00a0<\/p>\n<p>In allegato: fotografie di Stefano Milazzo relative all\u2019iniziativa del 10 ottobre 2015<\/p>\n<p>&#8212;&#8212;&#8212;&#8212;&#8212;&#8212;&#8212;&#8212;&#8212;&#8212;&#8212;&#8212;&#8212;&#8212;&#8212;&#8212;&#8212;&#8212;&#8212;&#8212;&#8212;&#8212;&#8212;&#8212;&#8212;&#8212;&#8212;&#8212;&#8212;&#8212;&#8212;&#8212;&#8211;<\/p>\n<p>Expo e Territori<\/p>\n<p><strong><em>L\u2019Arte di Nutrire<\/em><\/strong><\/p>\n<p><em>Gli aperitivi al museo<\/em><\/p>\n<p>Museo Archeologico Nazionale \u201cV. Capialbi\u201d di Vibo Valentia<\/p>\n<p>Vibo Valentia &#8211;\u00a0 sabato 17 ottobre 2015<\/p>\n<p>Il Segretario Regionale: <strong>Salvatore Patamia<\/strong><\/p>\n<p>Responsabile Scientifico: <strong>Fabrizio Sudano<\/strong><\/p>\n<p>Direzione Artistica: <strong>Marilena Morabito<\/strong><\/p>\n<p><strong>\u00a0<\/strong><\/p>\n<p><strong>\u00a0<\/strong><\/p>\n","protected":false},"excerpt":{"rendered":"<p>Sabato 17 ottobre 2015 al Museo Archeologico Nazionale \u201cV. Capialbi\u201d di Vibo Valentia Gli aperitivi al museo \u00a0 \u00a0 Prosegue<\/p>\n","protected":false},"author":1,"featured_media":0,"comment_status":"open","ping_status":"open","sticky":false,"template":"","format":"standard","meta":[],"categories":[36],"tags":[],"yoast_head":"<!-- This site is optimized with the Yoast SEO plugin v18.0 - https:\/\/yoast.com\/wordpress\/plugins\/seo\/ -->\n<title>L\u2019Arte di Nutrire | Arte e Luoghi<\/title>\n<meta name=\"robots\" content=\"index, follow, max-snippet:-1, max-image-preview:large, max-video-preview:-1\" \/>\n<link rel=\"canonical\" href=\"https:\/\/arteeluoghi.it\/index.php\/2015\/10\/14\/l-arte-di-nutrire\/\" \/>\n<meta property=\"og:locale\" content=\"it_IT\" \/>\n<meta property=\"og:type\" content=\"article\" \/>\n<meta property=\"og:title\" content=\"L\u2019Arte di Nutrire | Arte e Luoghi\" \/>\n<meta property=\"og:description\" content=\"Sabato 17 ottobre 2015 al Museo Archeologico Nazionale \u201cV. Capialbi\u201d di Vibo Valentia Gli aperitivi al museo \u00a0 \u00a0 Prosegue\" \/>\n<meta property=\"og:url\" content=\"https:\/\/arteeluoghi.it\/index.php\/2015\/10\/14\/l-arte-di-nutrire\/\" \/>\n<meta property=\"og:site_name\" content=\"Arte e Luoghi\" \/>\n<meta property=\"article:publisher\" content=\"https:\/\/www.facebook.com\/ArteELuoghi\/\" \/>\n<meta property=\"article:published_time\" content=\"2015-10-14T08:38:53+00:00\" \/>\n<meta property=\"og:image\" content=\"https:\/\/arteeluoghi.it\/images\/museovibo.jpg\" \/>\n<meta name=\"twitter:card\" content=\"summary\" \/>\n<meta name=\"twitter:creator\" content=\"@arteeluoghi\" \/>\n<meta name=\"twitter:site\" content=\"@arteeluoghi\" \/>\n<meta name=\"twitter:label1\" content=\"Scritto da\" \/>\n\t<meta name=\"twitter:data1\" content=\"Staff\" \/>\n\t<meta name=\"twitter:label2\" content=\"Tempo di lettura stimato\" \/>\n\t<meta name=\"twitter:data2\" content=\"2 minuti\" \/>\n<script type=\"application\/ld+json\" class=\"yoast-schema-graph\">{\"@context\":\"https:\/\/schema.org\",\"@graph\":[{\"@type\":\"Organization\",\"@id\":\"https:\/\/arteeluoghi.it\/#organization\",\"name\":\"Arte e Luoghi\",\"url\":\"https:\/\/arteeluoghi.it\/\",\"sameAs\":[\"https:\/\/www.facebook.com\/ArteELuoghi\/\",\"https:\/\/www.instagram.com\/arteeluoghi\/?hl=it\",\"https:\/\/www.youtube.com\/channel\/UCuRVc4JW4-C5sg9rQB-srkw?view_as=subscriber\",\"https:\/\/twitter.com\/arteeluoghi\"],\"logo\":{\"@type\":\"ImageObject\",\"@id\":\"https:\/\/arteeluoghi.it\/#logo\",\"inLanguage\":\"it-IT\",\"url\":\"https:\/\/arteeluoghi.it\/wp-content\/uploads\/2018\/08\/logoinstagramarte.jpg\",\"contentUrl\":\"https:\/\/arteeluoghi.it\/wp-content\/uploads\/2018\/08\/logoinstagramarte.jpg\",\"width\":150,\"height\":150,\"caption\":\"Arte e Luoghi\"},\"image\":{\"@id\":\"https:\/\/arteeluoghi.it\/#logo\"}},{\"@type\":\"WebSite\",\"@id\":\"https:\/\/arteeluoghi.it\/#website\",\"url\":\"https:\/\/arteeluoghi.it\/\",\"name\":\"Arte e Luoghi\",\"description\":\"Mensile di arte, cultura, turismo e curiosit\u00e0\",\"publisher\":{\"@id\":\"https:\/\/arteeluoghi.it\/#organization\"},\"potentialAction\":[{\"@type\":\"SearchAction\",\"target\":{\"@type\":\"EntryPoint\",\"urlTemplate\":\"https:\/\/arteeluoghi.it\/?s={search_term_string}\"},\"query-input\":\"required name=search_term_string\"}],\"inLanguage\":\"it-IT\"},{\"@type\":\"ImageObject\",\"@id\":\"https:\/\/arteeluoghi.it\/index.php\/2015\/10\/14\/l-arte-di-nutrire\/#primaryimage\",\"inLanguage\":\"it-IT\",\"url\":\"\/images\/museovibo.jpg\",\"contentUrl\":\"\/images\/museovibo.jpg\"},{\"@type\":\"WebPage\",\"@id\":\"https:\/\/arteeluoghi.it\/index.php\/2015\/10\/14\/l-arte-di-nutrire\/#webpage\",\"url\":\"https:\/\/arteeluoghi.it\/index.php\/2015\/10\/14\/l-arte-di-nutrire\/\",\"name\":\"L\u2019Arte di Nutrire | Arte e Luoghi\",\"isPartOf\":{\"@id\":\"https:\/\/arteeluoghi.it\/#website\"},\"primaryImageOfPage\":{\"@id\":\"https:\/\/arteeluoghi.it\/index.php\/2015\/10\/14\/l-arte-di-nutrire\/#primaryimage\"},\"datePublished\":\"2015-10-14T08:38:53+00:00\",\"dateModified\":\"2015-10-14T08:38:53+00:00\",\"breadcrumb\":{\"@id\":\"https:\/\/arteeluoghi.it\/index.php\/2015\/10\/14\/l-arte-di-nutrire\/#breadcrumb\"},\"inLanguage\":\"it-IT\",\"potentialAction\":[{\"@type\":\"ReadAction\",\"target\":[\"https:\/\/arteeluoghi.it\/index.php\/2015\/10\/14\/l-arte-di-nutrire\/\"]}]},{\"@type\":\"BreadcrumbList\",\"@id\":\"https:\/\/arteeluoghi.it\/index.php\/2015\/10\/14\/l-arte-di-nutrire\/#breadcrumb\",\"itemListElement\":[{\"@type\":\"ListItem\",\"position\":1,\"name\":\"Home\",\"item\":\"https:\/\/arteeluoghi.it\/\"},{\"@type\":\"ListItem\",\"position\":2,\"name\":\"L\u2019Arte di Nutrire\"}]},{\"@type\":\"Article\",\"@id\":\"https:\/\/arteeluoghi.it\/index.php\/2015\/10\/14\/l-arte-di-nutrire\/#article\",\"isPartOf\":{\"@id\":\"https:\/\/arteeluoghi.it\/index.php\/2015\/10\/14\/l-arte-di-nutrire\/#webpage\"},\"author\":{\"@id\":\"https:\/\/arteeluoghi.it\/#\/schema\/person\/f84e814e36e91e01448ee07eaadd41d4\"},\"headline\":\"L\u2019Arte di Nutrire\",\"datePublished\":\"2015-10-14T08:38:53+00:00\",\"dateModified\":\"2015-10-14T08:38:53+00:00\",\"mainEntityOfPage\":{\"@id\":\"https:\/\/arteeluoghi.it\/index.php\/2015\/10\/14\/l-arte-di-nutrire\/#webpage\"},\"wordCount\":460,\"commentCount\":0,\"publisher\":{\"@id\":\"https:\/\/arteeluoghi.it\/#organization\"},\"image\":{\"@id\":\"https:\/\/arteeluoghi.it\/index.php\/2015\/10\/14\/l-arte-di-nutrire\/#primaryimage\"},\"thumbnailUrl\":\"\/images\/museovibo.jpg\",\"articleSection\":[\"CuriosAr(t)e\"],\"inLanguage\":\"it-IT\",\"potentialAction\":[{\"@type\":\"CommentAction\",\"name\":\"Comment\",\"target\":[\"https:\/\/arteeluoghi.it\/index.php\/2015\/10\/14\/l-arte-di-nutrire\/#respond\"]}]},{\"@type\":\"Person\",\"@id\":\"https:\/\/arteeluoghi.it\/#\/schema\/person\/f84e814e36e91e01448ee07eaadd41d4\",\"name\":\"Staff\",\"image\":{\"@type\":\"ImageObject\",\"@id\":\"https:\/\/arteeluoghi.it\/#personlogo\",\"inLanguage\":\"it-IT\",\"url\":\"https:\/\/secure.gravatar.com\/avatar\/49d2f9e46271bb04e19cebfaf141313a?s=96&d=blank&r=g\",\"contentUrl\":\"https:\/\/secure.gravatar.com\/avatar\/49d2f9e46271bb04e19cebfaf141313a?s=96&d=blank&r=g\",\"caption\":\"Staff\"}}]}<\/script>\n<!-- \/ Yoast SEO plugin. -->","yoast_head_json":{"title":"L\u2019Arte di Nutrire | Arte e Luoghi","robots":{"index":"index","follow":"follow","max-snippet":"max-snippet:-1","max-image-preview":"max-image-preview:large","max-video-preview":"max-video-preview:-1"},"canonical":"https:\/\/arteeluoghi.it\/index.php\/2015\/10\/14\/l-arte-di-nutrire\/","og_locale":"it_IT","og_type":"article","og_title":"L\u2019Arte di Nutrire | Arte e Luoghi","og_description":"Sabato 17 ottobre 2015 al Museo Archeologico Nazionale \u201cV. Capialbi\u201d di Vibo Valentia Gli aperitivi al museo \u00a0 \u00a0 Prosegue","og_url":"https:\/\/arteeluoghi.it\/index.php\/2015\/10\/14\/l-arte-di-nutrire\/","og_site_name":"Arte e Luoghi","article_publisher":"https:\/\/www.facebook.com\/ArteELuoghi\/","article_published_time":"2015-10-14T08:38:53+00:00","og_image":[{"url":"https:\/\/arteeluoghi.it\/images\/museovibo.jpg"}],"twitter_card":"summary","twitter_creator":"@arteeluoghi","twitter_site":"@arteeluoghi","twitter_misc":{"Scritto da":"Staff","Tempo di lettura stimato":"2 minuti"},"schema":{"@context":"https:\/\/schema.org","@graph":[{"@type":"Organization","@id":"https:\/\/arteeluoghi.it\/#organization","name":"Arte e Luoghi","url":"https:\/\/arteeluoghi.it\/","sameAs":["https:\/\/www.facebook.com\/ArteELuoghi\/","https:\/\/www.instagram.com\/arteeluoghi\/?hl=it","https:\/\/www.youtube.com\/channel\/UCuRVc4JW4-C5sg9rQB-srkw?view_as=subscriber","https:\/\/twitter.com\/arteeluoghi"],"logo":{"@type":"ImageObject","@id":"https:\/\/arteeluoghi.it\/#logo","inLanguage":"it-IT","url":"https:\/\/arteeluoghi.it\/wp-content\/uploads\/2018\/08\/logoinstagramarte.jpg","contentUrl":"https:\/\/arteeluoghi.it\/wp-content\/uploads\/2018\/08\/logoinstagramarte.jpg","width":150,"height":150,"caption":"Arte e Luoghi"},"image":{"@id":"https:\/\/arteeluoghi.it\/#logo"}},{"@type":"WebSite","@id":"https:\/\/arteeluoghi.it\/#website","url":"https:\/\/arteeluoghi.it\/","name":"Arte e Luoghi","description":"Mensile di arte, cultura, turismo e curiosit\u00e0","publisher":{"@id":"https:\/\/arteeluoghi.it\/#organization"},"potentialAction":[{"@type":"SearchAction","target":{"@type":"EntryPoint","urlTemplate":"https:\/\/arteeluoghi.it\/?s={search_term_string}"},"query-input":"required name=search_term_string"}],"inLanguage":"it-IT"},{"@type":"ImageObject","@id":"https:\/\/arteeluoghi.it\/index.php\/2015\/10\/14\/l-arte-di-nutrire\/#primaryimage","inLanguage":"it-IT","url":"\/images\/museovibo.jpg","contentUrl":"\/images\/museovibo.jpg"},{"@type":"WebPage","@id":"https:\/\/arteeluoghi.it\/index.php\/2015\/10\/14\/l-arte-di-nutrire\/#webpage","url":"https:\/\/arteeluoghi.it\/index.php\/2015\/10\/14\/l-arte-di-nutrire\/","name":"L\u2019Arte di Nutrire | Arte e Luoghi","isPartOf":{"@id":"https:\/\/arteeluoghi.it\/#website"},"primaryImageOfPage":{"@id":"https:\/\/arteeluoghi.it\/index.php\/2015\/10\/14\/l-arte-di-nutrire\/#primaryimage"},"datePublished":"2015-10-14T08:38:53+00:00","dateModified":"2015-10-14T08:38:53+00:00","breadcrumb":{"@id":"https:\/\/arteeluoghi.it\/index.php\/2015\/10\/14\/l-arte-di-nutrire\/#breadcrumb"},"inLanguage":"it-IT","potentialAction":[{"@type":"ReadAction","target":["https:\/\/arteeluoghi.it\/index.php\/2015\/10\/14\/l-arte-di-nutrire\/"]}]},{"@type":"BreadcrumbList","@id":"https:\/\/arteeluoghi.it\/index.php\/2015\/10\/14\/l-arte-di-nutrire\/#breadcrumb","itemListElement":[{"@type":"ListItem","position":1,"name":"Home","item":"https:\/\/arteeluoghi.it\/"},{"@type":"ListItem","position":2,"name":"L\u2019Arte di Nutrire"}]},{"@type":"Article","@id":"https:\/\/arteeluoghi.it\/index.php\/2015\/10\/14\/l-arte-di-nutrire\/#article","isPartOf":{"@id":"https:\/\/arteeluoghi.it\/index.php\/2015\/10\/14\/l-arte-di-nutrire\/#webpage"},"author":{"@id":"https:\/\/arteeluoghi.it\/#\/schema\/person\/f84e814e36e91e01448ee07eaadd41d4"},"headline":"L\u2019Arte di Nutrire","datePublished":"2015-10-14T08:38:53+00:00","dateModified":"2015-10-14T08:38:53+00:00","mainEntityOfPage":{"@id":"https:\/\/arteeluoghi.it\/index.php\/2015\/10\/14\/l-arte-di-nutrire\/#webpage"},"wordCount":460,"commentCount":0,"publisher":{"@id":"https:\/\/arteeluoghi.it\/#organization"},"image":{"@id":"https:\/\/arteeluoghi.it\/index.php\/2015\/10\/14\/l-arte-di-nutrire\/#primaryimage"},"thumbnailUrl":"\/images\/museovibo.jpg","articleSection":["CuriosAr(t)e"],"inLanguage":"it-IT","potentialAction":[{"@type":"CommentAction","name":"Comment","target":["https:\/\/arteeluoghi.it\/index.php\/2015\/10\/14\/l-arte-di-nutrire\/#respond"]}]},{"@type":"Person","@id":"https:\/\/arteeluoghi.it\/#\/schema\/person\/f84e814e36e91e01448ee07eaadd41d4","name":"Staff","image":{"@type":"ImageObject","@id":"https:\/\/arteeluoghi.it\/#personlogo","inLanguage":"it-IT","url":"https:\/\/secure.gravatar.com\/avatar\/49d2f9e46271bb04e19cebfaf141313a?s=96&d=blank&r=g","contentUrl":"https:\/\/secure.gravatar.com\/avatar\/49d2f9e46271bb04e19cebfaf141313a?s=96&d=blank&r=g","caption":"Staff"}}]}},"_links":{"self":[{"href":"https:\/\/arteeluoghi.it\/index.php\/wp-json\/wp\/v2\/posts\/2345"}],"collection":[{"href":"https:\/\/arteeluoghi.it\/index.php\/wp-json\/wp\/v2\/posts"}],"about":[{"href":"https:\/\/arteeluoghi.it\/index.php\/wp-json\/wp\/v2\/types\/post"}],"author":[{"embeddable":true,"href":"https:\/\/arteeluoghi.it\/index.php\/wp-json\/wp\/v2\/users\/1"}],"replies":[{"embeddable":true,"href":"https:\/\/arteeluoghi.it\/index.php\/wp-json\/wp\/v2\/comments?post=2345"}],"version-history":[{"count":0,"href":"https:\/\/arteeluoghi.it\/index.php\/wp-json\/wp\/v2\/posts\/2345\/revisions"}],"wp:attachment":[{"href":"https:\/\/arteeluoghi.it\/index.php\/wp-json\/wp\/v2\/media?parent=2345"}],"wp:term":[{"taxonomy":"category","embeddable":true,"href":"https:\/\/arteeluoghi.it\/index.php\/wp-json\/wp\/v2\/categories?post=2345"},{"taxonomy":"post_tag","embeddable":true,"href":"https:\/\/arteeluoghi.it\/index.php\/wp-json\/wp\/v2\/tags?post=2345"}],"curies":[{"name":"wp","href":"https:\/\/api.w.org\/{rel}","templated":true}]}}