{"id":2346,"date":"2015-10-14T11:33:47","date_gmt":"2015-10-14T09:33:47","guid":{"rendered":"http:\/\/arteeluoghi.it\/index.php\/2015\/10\/14\/fiera-degli-sposi-a-villa-vergine\/"},"modified":"2015-10-14T11:33:47","modified_gmt":"2015-10-14T09:33:47","slug":"fiera-degli-sposi-a-villa-vergine","status":"publish","type":"post","link":"https:\/\/arteeluoghi.it\/index.php\/2015\/10\/14\/fiera-degli-sposi-a-villa-vergine\/","title":{"rendered":"Fiera Salento Sposi. A Villa Vergine"},"content":{"rendered":"<p><img src=\"\/images\/wedding-villa-vergine.jpg\" border=\"0\" title=\"Sposi a Villa Vergine immagini d'archivio\" width=\"300\" style=\"margin: 21px; float: left;\" \/>Sabato 17 e domenica 18 a Cutrofiano la rassegna firmata Platinum Eventi<\/p>\n<p><span style=\"font-size: small;\"><strong>Per il giorno pi\u00f9 bello<\/strong><\/span><\/p>\n<p>Dedicato al giorno pi\u00f9 bello, alla magia dell&#8217;evento pi\u00f9 importante che segna l&#8217;inizio di una nuova vita. La quarta edizione della &#8220;Fiera Salento Sposi&#8221;\u00a0 nella bellissima Villa Vergine a Cutrofiano sar\u00e0 inaugurata sabato 17 ottobre, alle ore 16.00, con il taglio del nastro da parte delle autorit\u00e0, il sindaco di Cutrofiano Oriele Rosario Rolli e l&#8217;assessore regionale Salvatore Negro. Ospiti della due giorni saranno Giada Pezzaioli, top model internazionale, e Giovanni Conversano, noto showman e organizzatore di eventi.<\/p>\n<p>  <!--more-->  <\/p>\n<p>La manifestazione, organizzata e curata nei minimi particolari dalla Platinum Eventi, aprir\u00e0 i battenti per un fine settimana, sabato 17 e domenica 18 ottobre, ricco di anteprime, novit\u00e0 e sorprese riguardanti il mondo del wedding. Le coppie di futuri sposi troveranno tutto ci\u00f2 che pu\u00f2 contribuire a realizzare il matrimonio dei propri sogni nella Fiera Salento Sposi: dai meravigliosi abiti alle acconciature, dal make up alle bomboniere, dall&#8217;animazione all&#8217;allestimento dell&#8217;uscita degli sposi, e ancora viaggi di nozze, wedding planner, animazione, torte nuziali, servizio fotografico, lista nozze e molto altro. <\/p>\n<p>Ad attendere i visitatori in fiera, inoltre, uno speciale omaggio: le coppie di futuri sposi che si registreranno all&#8217;entrata della Fiera avranno infatti il diritto di prendere parte al sorteggio di un buono in denaro del valore di 500,00 euro. <\/p>\n<p>L&#8217;ingresso alla kermesse \u00e8 libero. <\/p>\n<p>Sar\u00e0 possibile visitare la fiera nei seguenti orari: <\/p>\n<p>Sabato 17 dalle ore 16 alle 20 <\/p>\n<p>Domenica 18 dalle 10 alle 20<\/p>\n<p>red. Arte e Luoghi<\/p>\n","protected":false},"excerpt":{"rendered":"<p>Sabato 17 e domenica 18 a Cutrofiano la rassegna firmata Platinum Eventi Per il giorno pi\u00f9 bello Dedicato al giorno<\/p>\n","protected":false},"author":1,"featured_media":0,"comment_status":"open","ping_status":"open","sticky":false,"template":"","format":"standard","meta":[],"categories":[36],"tags":[],"yoast_head":"<!-- This site is optimized with the Yoast SEO plugin v18.0 - https:\/\/yoast.com\/wordpress\/plugins\/seo\/ -->\n<title>Fiera Salento Sposi. A Villa Vergine | Arte e Luoghi<\/title>\n<meta name=\"robots\" content=\"index, follow, max-snippet:-1, max-image-preview:large, max-video-preview:-1\" \/>\n<link rel=\"canonical\" href=\"https:\/\/arteeluoghi.it\/index.php\/2015\/10\/14\/fiera-degli-sposi-a-villa-vergine\/\" \/>\n<meta property=\"og:locale\" content=\"it_IT\" \/>\n<meta property=\"og:type\" content=\"article\" \/>\n<meta property=\"og:title\" content=\"Fiera Salento Sposi. A Villa Vergine | Arte e Luoghi\" \/>\n<meta property=\"og:description\" content=\"Sabato 17 e domenica 18 a Cutrofiano la rassegna firmata Platinum Eventi Per il giorno pi\u00f9 bello Dedicato al giorno\" \/>\n<meta property=\"og:url\" content=\"https:\/\/arteeluoghi.it\/index.php\/2015\/10\/14\/fiera-degli-sposi-a-villa-vergine\/\" \/>\n<meta property=\"og:site_name\" content=\"Arte e Luoghi\" \/>\n<meta property=\"article:publisher\" content=\"https:\/\/www.facebook.com\/ArteELuoghi\/\" \/>\n<meta property=\"article:published_time\" content=\"2015-10-14T09:33:47+00:00\" \/>\n<meta property=\"og:image\" content=\"https:\/\/arteeluoghi.it\/images\/wedding-villa-vergine.jpg\" \/>\n<meta name=\"twitter:card\" content=\"summary\" \/>\n<meta name=\"twitter:creator\" content=\"@arteeluoghi\" \/>\n<meta name=\"twitter:site\" content=\"@arteeluoghi\" \/>\n<meta name=\"twitter:label1\" content=\"Scritto da\" \/>\n\t<meta name=\"twitter:data1\" content=\"Staff\" \/>\n\t<meta name=\"twitter:label2\" content=\"Tempo di lettura stimato\" \/>\n\t<meta name=\"twitter:data2\" content=\"1 minuto\" \/>\n<script type=\"application\/ld+json\" class=\"yoast-schema-graph\">{\"@context\":\"https:\/\/schema.org\",\"@graph\":[{\"@type\":\"Organization\",\"@id\":\"https:\/\/arteeluoghi.it\/#organization\",\"name\":\"Arte e Luoghi\",\"url\":\"https:\/\/arteeluoghi.it\/\",\"sameAs\":[\"https:\/\/www.facebook.com\/ArteELuoghi\/\",\"https:\/\/www.instagram.com\/arteeluoghi\/?hl=it\",\"https:\/\/www.youtube.com\/channel\/UCuRVc4JW4-C5sg9rQB-srkw?view_as=subscriber\",\"https:\/\/twitter.com\/arteeluoghi\"],\"logo\":{\"@type\":\"ImageObject\",\"@id\":\"https:\/\/arteeluoghi.it\/#logo\",\"inLanguage\":\"it-IT\",\"url\":\"https:\/\/arteeluoghi.it\/wp-content\/uploads\/2018\/08\/logoinstagramarte.jpg\",\"contentUrl\":\"https:\/\/arteeluoghi.it\/wp-content\/uploads\/2018\/08\/logoinstagramarte.jpg\",\"width\":150,\"height\":150,\"caption\":\"Arte e Luoghi\"},\"image\":{\"@id\":\"https:\/\/arteeluoghi.it\/#logo\"}},{\"@type\":\"WebSite\",\"@id\":\"https:\/\/arteeluoghi.it\/#website\",\"url\":\"https:\/\/arteeluoghi.it\/\",\"name\":\"Arte e Luoghi\",\"description\":\"Mensile di arte, cultura, turismo e curiosit\u00e0\",\"publisher\":{\"@id\":\"https:\/\/arteeluoghi.it\/#organization\"},\"potentialAction\":[{\"@type\":\"SearchAction\",\"target\":{\"@type\":\"EntryPoint\",\"urlTemplate\":\"https:\/\/arteeluoghi.it\/?s={search_term_string}\"},\"query-input\":\"required name=search_term_string\"}],\"inLanguage\":\"it-IT\"},{\"@type\":\"ImageObject\",\"@id\":\"https:\/\/arteeluoghi.it\/index.php\/2015\/10\/14\/fiera-degli-sposi-a-villa-vergine\/#primaryimage\",\"inLanguage\":\"it-IT\",\"url\":\"\/images\/wedding-villa-vergine.jpg\",\"contentUrl\":\"\/images\/wedding-villa-vergine.jpg\"},{\"@type\":\"WebPage\",\"@id\":\"https:\/\/arteeluoghi.it\/index.php\/2015\/10\/14\/fiera-degli-sposi-a-villa-vergine\/#webpage\",\"url\":\"https:\/\/arteeluoghi.it\/index.php\/2015\/10\/14\/fiera-degli-sposi-a-villa-vergine\/\",\"name\":\"Fiera Salento Sposi. A Villa Vergine | Arte e Luoghi\",\"isPartOf\":{\"@id\":\"https:\/\/arteeluoghi.it\/#website\"},\"primaryImageOfPage\":{\"@id\":\"https:\/\/arteeluoghi.it\/index.php\/2015\/10\/14\/fiera-degli-sposi-a-villa-vergine\/#primaryimage\"},\"datePublished\":\"2015-10-14T09:33:47+00:00\",\"dateModified\":\"2015-10-14T09:33:47+00:00\",\"breadcrumb\":{\"@id\":\"https:\/\/arteeluoghi.it\/index.php\/2015\/10\/14\/fiera-degli-sposi-a-villa-vergine\/#breadcrumb\"},\"inLanguage\":\"it-IT\",\"potentialAction\":[{\"@type\":\"ReadAction\",\"target\":[\"https:\/\/arteeluoghi.it\/index.php\/2015\/10\/14\/fiera-degli-sposi-a-villa-vergine\/\"]}]},{\"@type\":\"BreadcrumbList\",\"@id\":\"https:\/\/arteeluoghi.it\/index.php\/2015\/10\/14\/fiera-degli-sposi-a-villa-vergine\/#breadcrumb\",\"itemListElement\":[{\"@type\":\"ListItem\",\"position\":1,\"name\":\"Home\",\"item\":\"https:\/\/arteeluoghi.it\/\"},{\"@type\":\"ListItem\",\"position\":2,\"name\":\"Fiera Salento Sposi. A Villa Vergine\"}]},{\"@type\":\"Article\",\"@id\":\"https:\/\/arteeluoghi.it\/index.php\/2015\/10\/14\/fiera-degli-sposi-a-villa-vergine\/#article\",\"isPartOf\":{\"@id\":\"https:\/\/arteeluoghi.it\/index.php\/2015\/10\/14\/fiera-degli-sposi-a-villa-vergine\/#webpage\"},\"author\":{\"@id\":\"https:\/\/arteeluoghi.it\/#\/schema\/person\/f84e814e36e91e01448ee07eaadd41d4\"},\"headline\":\"Fiera Salento Sposi. A Villa Vergine\",\"datePublished\":\"2015-10-14T09:33:47+00:00\",\"dateModified\":\"2015-10-14T09:33:47+00:00\",\"mainEntityOfPage\":{\"@id\":\"https:\/\/arteeluoghi.it\/index.php\/2015\/10\/14\/fiera-degli-sposi-a-villa-vergine\/#webpage\"},\"wordCount\":246,\"commentCount\":0,\"publisher\":{\"@id\":\"https:\/\/arteeluoghi.it\/#organization\"},\"image\":{\"@id\":\"https:\/\/arteeluoghi.it\/index.php\/2015\/10\/14\/fiera-degli-sposi-a-villa-vergine\/#primaryimage\"},\"thumbnailUrl\":\"\/images\/wedding-villa-vergine.jpg\",\"articleSection\":[\"CuriosAr(t)e\"],\"inLanguage\":\"it-IT\",\"potentialAction\":[{\"@type\":\"CommentAction\",\"name\":\"Comment\",\"target\":[\"https:\/\/arteeluoghi.it\/index.php\/2015\/10\/14\/fiera-degli-sposi-a-villa-vergine\/#respond\"]}]},{\"@type\":\"Person\",\"@id\":\"https:\/\/arteeluoghi.it\/#\/schema\/person\/f84e814e36e91e01448ee07eaadd41d4\",\"name\":\"Staff\",\"image\":{\"@type\":\"ImageObject\",\"@id\":\"https:\/\/arteeluoghi.it\/#personlogo\",\"inLanguage\":\"it-IT\",\"url\":\"https:\/\/secure.gravatar.com\/avatar\/49d2f9e46271bb04e19cebfaf141313a?s=96&d=blank&r=g\",\"contentUrl\":\"https:\/\/secure.gravatar.com\/avatar\/49d2f9e46271bb04e19cebfaf141313a?s=96&d=blank&r=g\",\"caption\":\"Staff\"}}]}<\/script>\n<!-- \/ Yoast SEO plugin. -->","yoast_head_json":{"title":"Fiera Salento Sposi. A Villa Vergine | Arte e Luoghi","robots":{"index":"index","follow":"follow","max-snippet":"max-snippet:-1","max-image-preview":"max-image-preview:large","max-video-preview":"max-video-preview:-1"},"canonical":"https:\/\/arteeluoghi.it\/index.php\/2015\/10\/14\/fiera-degli-sposi-a-villa-vergine\/","og_locale":"it_IT","og_type":"article","og_title":"Fiera Salento Sposi. A Villa Vergine | Arte e Luoghi","og_description":"Sabato 17 e domenica 18 a Cutrofiano la rassegna firmata Platinum Eventi Per il giorno pi\u00f9 bello Dedicato al giorno","og_url":"https:\/\/arteeluoghi.it\/index.php\/2015\/10\/14\/fiera-degli-sposi-a-villa-vergine\/","og_site_name":"Arte e Luoghi","article_publisher":"https:\/\/www.facebook.com\/ArteELuoghi\/","article_published_time":"2015-10-14T09:33:47+00:00","og_image":[{"url":"https:\/\/arteeluoghi.it\/images\/wedding-villa-vergine.jpg"}],"twitter_card":"summary","twitter_creator":"@arteeluoghi","twitter_site":"@arteeluoghi","twitter_misc":{"Scritto da":"Staff","Tempo di lettura stimato":"1 minuto"},"schema":{"@context":"https:\/\/schema.org","@graph":[{"@type":"Organization","@id":"https:\/\/arteeluoghi.it\/#organization","name":"Arte e Luoghi","url":"https:\/\/arteeluoghi.it\/","sameAs":["https:\/\/www.facebook.com\/ArteELuoghi\/","https:\/\/www.instagram.com\/arteeluoghi\/?hl=it","https:\/\/www.youtube.com\/channel\/UCuRVc4JW4-C5sg9rQB-srkw?view_as=subscriber","https:\/\/twitter.com\/arteeluoghi"],"logo":{"@type":"ImageObject","@id":"https:\/\/arteeluoghi.it\/#logo","inLanguage":"it-IT","url":"https:\/\/arteeluoghi.it\/wp-content\/uploads\/2018\/08\/logoinstagramarte.jpg","contentUrl":"https:\/\/arteeluoghi.it\/wp-content\/uploads\/2018\/08\/logoinstagramarte.jpg","width":150,"height":150,"caption":"Arte e Luoghi"},"image":{"@id":"https:\/\/arteeluoghi.it\/#logo"}},{"@type":"WebSite","@id":"https:\/\/arteeluoghi.it\/#website","url":"https:\/\/arteeluoghi.it\/","name":"Arte e Luoghi","description":"Mensile di arte, cultura, turismo e curiosit\u00e0","publisher":{"@id":"https:\/\/arteeluoghi.it\/#organization"},"potentialAction":[{"@type":"SearchAction","target":{"@type":"EntryPoint","urlTemplate":"https:\/\/arteeluoghi.it\/?s={search_term_string}"},"query-input":"required name=search_term_string"}],"inLanguage":"it-IT"},{"@type":"ImageObject","@id":"https:\/\/arteeluoghi.it\/index.php\/2015\/10\/14\/fiera-degli-sposi-a-villa-vergine\/#primaryimage","inLanguage":"it-IT","url":"\/images\/wedding-villa-vergine.jpg","contentUrl":"\/images\/wedding-villa-vergine.jpg"},{"@type":"WebPage","@id":"https:\/\/arteeluoghi.it\/index.php\/2015\/10\/14\/fiera-degli-sposi-a-villa-vergine\/#webpage","url":"https:\/\/arteeluoghi.it\/index.php\/2015\/10\/14\/fiera-degli-sposi-a-villa-vergine\/","name":"Fiera Salento Sposi. A Villa Vergine | Arte e Luoghi","isPartOf":{"@id":"https:\/\/arteeluoghi.it\/#website"},"primaryImageOfPage":{"@id":"https:\/\/arteeluoghi.it\/index.php\/2015\/10\/14\/fiera-degli-sposi-a-villa-vergine\/#primaryimage"},"datePublished":"2015-10-14T09:33:47+00:00","dateModified":"2015-10-14T09:33:47+00:00","breadcrumb":{"@id":"https:\/\/arteeluoghi.it\/index.php\/2015\/10\/14\/fiera-degli-sposi-a-villa-vergine\/#breadcrumb"},"inLanguage":"it-IT","potentialAction":[{"@type":"ReadAction","target":["https:\/\/arteeluoghi.it\/index.php\/2015\/10\/14\/fiera-degli-sposi-a-villa-vergine\/"]}]},{"@type":"BreadcrumbList","@id":"https:\/\/arteeluoghi.it\/index.php\/2015\/10\/14\/fiera-degli-sposi-a-villa-vergine\/#breadcrumb","itemListElement":[{"@type":"ListItem","position":1,"name":"Home","item":"https:\/\/arteeluoghi.it\/"},{"@type":"ListItem","position":2,"name":"Fiera Salento Sposi. A Villa Vergine"}]},{"@type":"Article","@id":"https:\/\/arteeluoghi.it\/index.php\/2015\/10\/14\/fiera-degli-sposi-a-villa-vergine\/#article","isPartOf":{"@id":"https:\/\/arteeluoghi.it\/index.php\/2015\/10\/14\/fiera-degli-sposi-a-villa-vergine\/#webpage"},"author":{"@id":"https:\/\/arteeluoghi.it\/#\/schema\/person\/f84e814e36e91e01448ee07eaadd41d4"},"headline":"Fiera Salento Sposi. A Villa Vergine","datePublished":"2015-10-14T09:33:47+00:00","dateModified":"2015-10-14T09:33:47+00:00","mainEntityOfPage":{"@id":"https:\/\/arteeluoghi.it\/index.php\/2015\/10\/14\/fiera-degli-sposi-a-villa-vergine\/#webpage"},"wordCount":246,"commentCount":0,"publisher":{"@id":"https:\/\/arteeluoghi.it\/#organization"},"image":{"@id":"https:\/\/arteeluoghi.it\/index.php\/2015\/10\/14\/fiera-degli-sposi-a-villa-vergine\/#primaryimage"},"thumbnailUrl":"\/images\/wedding-villa-vergine.jpg","articleSection":["CuriosAr(t)e"],"inLanguage":"it-IT","potentialAction":[{"@type":"CommentAction","name":"Comment","target":["https:\/\/arteeluoghi.it\/index.php\/2015\/10\/14\/fiera-degli-sposi-a-villa-vergine\/#respond"]}]},{"@type":"Person","@id":"https:\/\/arteeluoghi.it\/#\/schema\/person\/f84e814e36e91e01448ee07eaadd41d4","name":"Staff","image":{"@type":"ImageObject","@id":"https:\/\/arteeluoghi.it\/#personlogo","inLanguage":"it-IT","url":"https:\/\/secure.gravatar.com\/avatar\/49d2f9e46271bb04e19cebfaf141313a?s=96&d=blank&r=g","contentUrl":"https:\/\/secure.gravatar.com\/avatar\/49d2f9e46271bb04e19cebfaf141313a?s=96&d=blank&r=g","caption":"Staff"}}]}},"_links":{"self":[{"href":"https:\/\/arteeluoghi.it\/index.php\/wp-json\/wp\/v2\/posts\/2346"}],"collection":[{"href":"https:\/\/arteeluoghi.it\/index.php\/wp-json\/wp\/v2\/posts"}],"about":[{"href":"https:\/\/arteeluoghi.it\/index.php\/wp-json\/wp\/v2\/types\/post"}],"author":[{"embeddable":true,"href":"https:\/\/arteeluoghi.it\/index.php\/wp-json\/wp\/v2\/users\/1"}],"replies":[{"embeddable":true,"href":"https:\/\/arteeluoghi.it\/index.php\/wp-json\/wp\/v2\/comments?post=2346"}],"version-history":[{"count":0,"href":"https:\/\/arteeluoghi.it\/index.php\/wp-json\/wp\/v2\/posts\/2346\/revisions"}],"wp:attachment":[{"href":"https:\/\/arteeluoghi.it\/index.php\/wp-json\/wp\/v2\/media?parent=2346"}],"wp:term":[{"taxonomy":"category","embeddable":true,"href":"https:\/\/arteeluoghi.it\/index.php\/wp-json\/wp\/v2\/categories?post=2346"},{"taxonomy":"post_tag","embeddable":true,"href":"https:\/\/arteeluoghi.it\/index.php\/wp-json\/wp\/v2\/tags?post=2346"}],"curies":[{"name":"wp","href":"https:\/\/api.w.org\/{rel}","templated":true}]}}