{"id":2356,"date":"2015-11-07T21:36:07","date_gmt":"2015-11-07T20:36:07","guid":{"rendered":"http:\/\/arteeluoghi.it\/index.php\/2015\/11\/07\/lughia-per-un-cambio-di-rotta\/"},"modified":"2015-11-07T21:36:07","modified_gmt":"2015-11-07T20:36:07","slug":"lughia-per-un-cambio-di-rotta","status":"publish","type":"post","link":"https:\/\/arteeluoghi.it\/index.php\/2015\/11\/07\/lughia-per-un-cambio-di-rotta\/","title":{"rendered":"Lughia per  un cambio di rotta"},"content":{"rendered":"<p><img src=\"\/images\/cambio%20di%20rotta.jpg\" border=\"0\" title=\"Lughia, cambio di rotta\" width=\"300\" style=\"margin: 21px; float: left;\" \/>A Fabriano dal 5-29 novembre 2015<\/p>\n<p><span style=\"font-size: small;\"><strong>\u201cLughia per un cambio di rotta\u201d<\/strong><\/span><\/p>\n<p>di Giuseppe Salerno<\/p>\n<p>Le catastrofi naturali e quelle provocate dall\u2019uomo, le barriere culturali e quelle religiose, le ideologie, le migrazioni, le persecuzioni, i razzismi, le malattie sociali, la paura del futuro, ma anche il volontariato, l\u2019incontro tra i popoli e la pace sono le tematiche affrontate da Lughia in opere prodotte nell\u2019ultimo decennio e raccolte in questa mostra.<\/p>\n<p>  <!--more-->  <\/p>\n<p>\u00a0<\/p>\n<p>Lughia, la cui poetica \u00e8 incentrata sulle dimensioni dell\u2019assoluto, l&#8217;eterno e l&#8217;infinito, al cui cospetto le vicende umane risultano essere piccola cosa, non si \u00e8 mai esentata dal calarsi nel quotidiano per denunciarne le pecche\u00a0 e sostenerne le speranze. Rappresentativa di questo suo impegno \u00e8 \u201cCambio di rotta\u201d, installazione del 2005 attraverso la quale l\u2019artista ci parla dei primi sbarchi di albanesi sulle nostre coste: obbediente al richiamo di un miraggio, una sequenza di scarpe affioranti dal mare si dirige verso un vecchio televisore.<\/p>\n<p>{AG rootFolder=&#8221;\/images\/sampledata&#8221; thumbWidth=&#8221;200&#8243; thumbHeight=&#8221;120&#8243; thumbAutoSize=&#8221;none&#8221; arrange=&#8221;priority&#8221; backgroundColor=&#8221;ffffff&#8221; foregroundColor=&#8221;808080&#8243; highliteColor=&#8221;fea804&#8243; frame_width=&#8221;500&#8243; frame_height=&#8221;300&#8243; newImageTag=&#8221;1&#8243; newImageTag_days=&#8221;7&#8243; paginUse=&#8221;1&#8243; paginImagesPerGallery=&#8221;10&#8243; albumUse=&#8221;1&#8243; showSignature=&#8221;1&#8243; plainTextCaptions=&#8221;1&#8243; ignoreError=&#8221;1&#8243; ignoreAllError=&#8221;0&#8243; template=&#8221;classic&#8221; popupEngine=&#8221;slimbox&#8221;}\/lughia{\/AG}A partire dalle effimere \u201cArchitetture di Sabbia\u201d (una esposizione permanente \u00e8 nel Borgo di Calcata dal 2002) Lughia sperimenta materiali, tecniche e attraversa le pi\u00f9 diverse modalit\u00e0 espressive.\u00a0 Gli scenari silenti di sabbie e sassi, le pitture evocatrici di atmosfere arcaiche, le ombre\/tracce dell\u2019assenza umana, le elaborazioni al computer, le opere su alluminio e plexiglass, le sculture di ferro e gli assemblaggi con i legni del mare si accompagnano\u00a0 a performances e installazioni nella natura che, nel confermare il rapporto simbiotico di questa artista con la madre terra, non la sottraggono ad una accorata partecipazione alle tematiche sociali. Particolare oggetto di indagine sono la memoria, la rappresentazione simbolica ed il rapporto dell\u2019uomo con la dimensione tempo. Nel 2009 \u00e8 prescelta dal Soprintendente al Polo Museale di Roma quale migliore artista del 2008 (Giornale dell\u2019Arte). Nel 2011 \u00e8 invitata alla 54\u00b0 Biennale di Venezia. Nel 2013 le viene assegnato il Premio Salvi. Nello stesso anno inaugura \u201cFabriano Second Floor\u201d, suo appartamento d\u2019arte<\/p>\n<p>Ha esposto in oltre 150 mostre di cui 18 personali.<\/p>\n<p>Di lei hanno scritto: Andrea Alessi, Cinzia Bossi Bollino, Lanfranca Braganza, Marcello Carriero, Vitaldo Conte, Alessandro D\u2019Ercole, Michele Greco, Giovanni Lauricella, Elisa Magri, Fiorenzo Mascagna, Stefania Missio, Caterina Nobiloni,\u00a0 Lorenzo Ostuni, Paolo Portoghesi, Bruno Regni, Giuseppe Salerno, Claudio Strinati, Rossella Vodret.<\/p>\n<p>Scheda della mostra<\/p>\n<p>Localit\u00e0:\u00a0\u00a0\u00a0\u00a0\u00a0\u00a0\u00a0\u00a0\u00a0\u00a0\u00a0\u00a0\u00a0\u00a0\u00a0\u00a0\u00a0\u00a0\u00a0\u00a0 Fabriano<\/p>\n<p>Spazio:\u00a0\u00a0\u00a0\u00a0\u00a0\u00a0\u00a0\u00a0\u00a0\u00a0\u00a0\u00a0\u00a0\u00a0\u00a0\u00a0\u00a0\u00a0\u00a0\u00a0\u00a0\u00a0 Nuova Galleria delle Arti<\/p>\n<p>Orario:\u00a0\u00a0\u00a0\u00a0\u00a0\u00a0\u00a0\u00a0\u00a0\u00a0\u00a0\u00a0\u00a0\u00a0\u00a0\u00a0\u00a0\u00a0\u00a0\u00a0\u00a0\u00a0\u00a0\u00a0\u00a0\u00a0\u00a0\u00a0\u00a0\u00a0\u00a0\u00a0\u00a0\u00a0 dal venerd\u00ec alla domenica dalle 17.00 alle 20.00<\/p>\n<p>Periodo: \u00a0\u00a0\u00a0\u00a0\u00a0\u00a0\u00a0\u00a0\u00a0\u00a0\u00a0\u00a0\u00a0\u00a0\u00a0\u00a0\u00a0\u00a0\u00a0\u00a0 5-29 novembre 2015<\/p>\n<p>Titolo:\u00a0\u00a0\u00a0\u00a0\u00a0\u00a0\u00a0\u00a0\u00a0\u00a0\u00a0\u00a0\u00a0\u00a0\u00a0\u00a0\u00a0\u00a0\u00a0\u00a0\u00a0\u00a0\u00a0 \u201cLughia per un cambio di rotta\u201d<\/p>\n<p>Artista:\u00a0\u00a0\u00a0\u00a0\u00a0\u00a0\u00a0\u00a0\u00a0\u00a0\u00a0\u00a0\u00a0\u00a0\u00a0\u00a0\u00a0\u00a0\u00a0\u00a0\u00a0\u00a0 Lughia<\/p>\n<p>Curatore:\u00a0\u00a0\u00a0\u00a0\u00a0\u00a0\u00a0\u00a0\u00a0\u00a0\u00a0\u00a0\u00a0\u00a0\u00a0\u00a0\u00a0\u00a0\u00a0 Giuseppe Salerno<\/p>\n<p>Organizzazione:\u00a0\u00a0\u00a0\u00a0\u00a0\u00a0\u00a0\u00a0 InArte<\/p>\n<p>Patrocini:\u00a0\u00a0\u00a0\u00a0\u00a0\u00a0\u00a0\u00a0\u00a0\u00a0\u00a0\u00a0\u00a0\u00a0\u00a0\u00a0\u00a0\u00a0\u00a0\u00a0 Comune di Fabriano,\u00a0 Assessorato alle Politiche Sociali\u00a0\u00a0\u00a0\u00a0\u00a0\u00a0\u00a0\u00a0\u00a0\u00a0\u00a0\u00a0\u00a0\u00a0\u00a0\u00a0\u00a0\u00a0\u00a0\u00a0\u00a0\u00a0\u00a0\u00a0\u00a0\u00a0\u00a0\u00a0\u00a0\u00a0\u00a0\u00a0\u00a0\u00a0\u00a0<\/p>\n<h4>Inaugurazione:\u00a0\u00a0\u00a0\u00a0\u00a0\u00a0\u00a0\u00a0 gioved\u00ec 5 novembre ore 18.00<\/h4>\n","protected":false},"excerpt":{"rendered":"<p>A Fabriano dal 5-29 novembre 2015 \u201cLughia per un cambio di rotta\u201d di Giuseppe Salerno Le catastrofi naturali e quelle<\/p>\n","protected":false},"author":1,"featured_media":0,"comment_status":"open","ping_status":"open","sticky":false,"template":"","format":"standard","meta":[],"categories":[27],"tags":[],"yoast_head":"<!-- This site is optimized with the Yoast SEO plugin v18.0 - https:\/\/yoast.com\/wordpress\/plugins\/seo\/ -->\n<title>Lughia per un cambio di rotta | Arte e Luoghi<\/title>\n<meta name=\"robots\" content=\"index, follow, max-snippet:-1, max-image-preview:large, max-video-preview:-1\" \/>\n<link rel=\"canonical\" href=\"https:\/\/arteeluoghi.it\/index.php\/2015\/11\/07\/lughia-per-un-cambio-di-rotta\/\" \/>\n<meta property=\"og:locale\" content=\"it_IT\" \/>\n<meta property=\"og:type\" content=\"article\" \/>\n<meta property=\"og:title\" content=\"Lughia per un cambio di rotta | Arte e Luoghi\" \/>\n<meta property=\"og:description\" content=\"A Fabriano dal 5-29 novembre 2015 \u201cLughia per un cambio di rotta\u201d di Giuseppe Salerno Le catastrofi naturali e quelle\" \/>\n<meta property=\"og:url\" content=\"https:\/\/arteeluoghi.it\/index.php\/2015\/11\/07\/lughia-per-un-cambio-di-rotta\/\" \/>\n<meta property=\"og:site_name\" content=\"Arte e Luoghi\" \/>\n<meta property=\"article:publisher\" content=\"https:\/\/www.facebook.com\/ArteELuoghi\/\" \/>\n<meta property=\"article:published_time\" content=\"2015-11-07T20:36:07+00:00\" \/>\n<meta property=\"og:image\" content=\"https:\/\/arteeluoghi.it\/images\/cambio%20di%20rotta.jpg\" \/>\n<meta name=\"twitter:card\" content=\"summary\" \/>\n<meta name=\"twitter:creator\" content=\"@arteeluoghi\" \/>\n<meta name=\"twitter:site\" content=\"@arteeluoghi\" \/>\n<meta name=\"twitter:label1\" content=\"Scritto da\" \/>\n\t<meta name=\"twitter:data1\" content=\"Staff\" \/>\n\t<meta name=\"twitter:label2\" content=\"Tempo di lettura stimato\" \/>\n\t<meta name=\"twitter:data2\" content=\"2 minuti\" \/>\n<script type=\"application\/ld+json\" class=\"yoast-schema-graph\">{\"@context\":\"https:\/\/schema.org\",\"@graph\":[{\"@type\":\"Organization\",\"@id\":\"https:\/\/arteeluoghi.it\/#organization\",\"name\":\"Arte e Luoghi\",\"url\":\"https:\/\/arteeluoghi.it\/\",\"sameAs\":[\"https:\/\/www.facebook.com\/ArteELuoghi\/\",\"https:\/\/www.instagram.com\/arteeluoghi\/?hl=it\",\"https:\/\/www.youtube.com\/channel\/UCuRVc4JW4-C5sg9rQB-srkw?view_as=subscriber\",\"https:\/\/twitter.com\/arteeluoghi\"],\"logo\":{\"@type\":\"ImageObject\",\"@id\":\"https:\/\/arteeluoghi.it\/#logo\",\"inLanguage\":\"it-IT\",\"url\":\"https:\/\/arteeluoghi.it\/wp-content\/uploads\/2018\/08\/logoinstagramarte.jpg\",\"contentUrl\":\"https:\/\/arteeluoghi.it\/wp-content\/uploads\/2018\/08\/logoinstagramarte.jpg\",\"width\":150,\"height\":150,\"caption\":\"Arte e Luoghi\"},\"image\":{\"@id\":\"https:\/\/arteeluoghi.it\/#logo\"}},{\"@type\":\"WebSite\",\"@id\":\"https:\/\/arteeluoghi.it\/#website\",\"url\":\"https:\/\/arteeluoghi.it\/\",\"name\":\"Arte e Luoghi\",\"description\":\"Mensile di arte, cultura, turismo e curiosit\u00e0\",\"publisher\":{\"@id\":\"https:\/\/arteeluoghi.it\/#organization\"},\"potentialAction\":[{\"@type\":\"SearchAction\",\"target\":{\"@type\":\"EntryPoint\",\"urlTemplate\":\"https:\/\/arteeluoghi.it\/?s={search_term_string}\"},\"query-input\":\"required name=search_term_string\"}],\"inLanguage\":\"it-IT\"},{\"@type\":\"ImageObject\",\"@id\":\"https:\/\/arteeluoghi.it\/index.php\/2015\/11\/07\/lughia-per-un-cambio-di-rotta\/#primaryimage\",\"inLanguage\":\"it-IT\",\"url\":\"\/images\/cambio%20di%20rotta.jpg\",\"contentUrl\":\"\/images\/cambio%20di%20rotta.jpg\"},{\"@type\":\"WebPage\",\"@id\":\"https:\/\/arteeluoghi.it\/index.php\/2015\/11\/07\/lughia-per-un-cambio-di-rotta\/#webpage\",\"url\":\"https:\/\/arteeluoghi.it\/index.php\/2015\/11\/07\/lughia-per-un-cambio-di-rotta\/\",\"name\":\"Lughia per un cambio di rotta | Arte e Luoghi\",\"isPartOf\":{\"@id\":\"https:\/\/arteeluoghi.it\/#website\"},\"primaryImageOfPage\":{\"@id\":\"https:\/\/arteeluoghi.it\/index.php\/2015\/11\/07\/lughia-per-un-cambio-di-rotta\/#primaryimage\"},\"datePublished\":\"2015-11-07T20:36:07+00:00\",\"dateModified\":\"2015-11-07T20:36:07+00:00\",\"breadcrumb\":{\"@id\":\"https:\/\/arteeluoghi.it\/index.php\/2015\/11\/07\/lughia-per-un-cambio-di-rotta\/#breadcrumb\"},\"inLanguage\":\"it-IT\",\"potentialAction\":[{\"@type\":\"ReadAction\",\"target\":[\"https:\/\/arteeluoghi.it\/index.php\/2015\/11\/07\/lughia-per-un-cambio-di-rotta\/\"]}]},{\"@type\":\"BreadcrumbList\",\"@id\":\"https:\/\/arteeluoghi.it\/index.php\/2015\/11\/07\/lughia-per-un-cambio-di-rotta\/#breadcrumb\",\"itemListElement\":[{\"@type\":\"ListItem\",\"position\":1,\"name\":\"Home\",\"item\":\"https:\/\/arteeluoghi.it\/\"},{\"@type\":\"ListItem\",\"position\":2,\"name\":\"Lughia per un cambio di rotta\"}]},{\"@type\":\"Article\",\"@id\":\"https:\/\/arteeluoghi.it\/index.php\/2015\/11\/07\/lughia-per-un-cambio-di-rotta\/#article\",\"isPartOf\":{\"@id\":\"https:\/\/arteeluoghi.it\/index.php\/2015\/11\/07\/lughia-per-un-cambio-di-rotta\/#webpage\"},\"author\":{\"@id\":\"https:\/\/arteeluoghi.it\/#\/schema\/person\/f84e814e36e91e01448ee07eaadd41d4\"},\"headline\":\"Lughia per un cambio di rotta\",\"datePublished\":\"2015-11-07T20:36:07+00:00\",\"dateModified\":\"2015-11-07T20:36:07+00:00\",\"mainEntityOfPage\":{\"@id\":\"https:\/\/arteeluoghi.it\/index.php\/2015\/11\/07\/lughia-per-un-cambio-di-rotta\/#webpage\"},\"wordCount\":448,\"commentCount\":0,\"publisher\":{\"@id\":\"https:\/\/arteeluoghi.it\/#organization\"},\"image\":{\"@id\":\"https:\/\/arteeluoghi.it\/index.php\/2015\/11\/07\/lughia-per-un-cambio-di-rotta\/#primaryimage\"},\"thumbnailUrl\":\"\/images\/cambio%20di%20rotta.jpg\",\"articleSection\":[\"Arte\"],\"inLanguage\":\"it-IT\",\"potentialAction\":[{\"@type\":\"CommentAction\",\"name\":\"Comment\",\"target\":[\"https:\/\/arteeluoghi.it\/index.php\/2015\/11\/07\/lughia-per-un-cambio-di-rotta\/#respond\"]}]},{\"@type\":\"Person\",\"@id\":\"https:\/\/arteeluoghi.it\/#\/schema\/person\/f84e814e36e91e01448ee07eaadd41d4\",\"name\":\"Staff\",\"image\":{\"@type\":\"ImageObject\",\"@id\":\"https:\/\/arteeluoghi.it\/#personlogo\",\"inLanguage\":\"it-IT\",\"url\":\"https:\/\/secure.gravatar.com\/avatar\/49d2f9e46271bb04e19cebfaf141313a?s=96&d=blank&r=g\",\"contentUrl\":\"https:\/\/secure.gravatar.com\/avatar\/49d2f9e46271bb04e19cebfaf141313a?s=96&d=blank&r=g\",\"caption\":\"Staff\"}}]}<\/script>\n<!-- \/ Yoast SEO plugin. -->","yoast_head_json":{"title":"Lughia per un cambio di rotta | Arte e Luoghi","robots":{"index":"index","follow":"follow","max-snippet":"max-snippet:-1","max-image-preview":"max-image-preview:large","max-video-preview":"max-video-preview:-1"},"canonical":"https:\/\/arteeluoghi.it\/index.php\/2015\/11\/07\/lughia-per-un-cambio-di-rotta\/","og_locale":"it_IT","og_type":"article","og_title":"Lughia per un cambio di rotta | Arte e Luoghi","og_description":"A Fabriano dal 5-29 novembre 2015 \u201cLughia per un cambio di rotta\u201d di Giuseppe Salerno Le catastrofi naturali e quelle","og_url":"https:\/\/arteeluoghi.it\/index.php\/2015\/11\/07\/lughia-per-un-cambio-di-rotta\/","og_site_name":"Arte e Luoghi","article_publisher":"https:\/\/www.facebook.com\/ArteELuoghi\/","article_published_time":"2015-11-07T20:36:07+00:00","og_image":[{"url":"https:\/\/arteeluoghi.it\/images\/cambio%20di%20rotta.jpg"}],"twitter_card":"summary","twitter_creator":"@arteeluoghi","twitter_site":"@arteeluoghi","twitter_misc":{"Scritto da":"Staff","Tempo di lettura stimato":"2 minuti"},"schema":{"@context":"https:\/\/schema.org","@graph":[{"@type":"Organization","@id":"https:\/\/arteeluoghi.it\/#organization","name":"Arte e Luoghi","url":"https:\/\/arteeluoghi.it\/","sameAs":["https:\/\/www.facebook.com\/ArteELuoghi\/","https:\/\/www.instagram.com\/arteeluoghi\/?hl=it","https:\/\/www.youtube.com\/channel\/UCuRVc4JW4-C5sg9rQB-srkw?view_as=subscriber","https:\/\/twitter.com\/arteeluoghi"],"logo":{"@type":"ImageObject","@id":"https:\/\/arteeluoghi.it\/#logo","inLanguage":"it-IT","url":"https:\/\/arteeluoghi.it\/wp-content\/uploads\/2018\/08\/logoinstagramarte.jpg","contentUrl":"https:\/\/arteeluoghi.it\/wp-content\/uploads\/2018\/08\/logoinstagramarte.jpg","width":150,"height":150,"caption":"Arte e Luoghi"},"image":{"@id":"https:\/\/arteeluoghi.it\/#logo"}},{"@type":"WebSite","@id":"https:\/\/arteeluoghi.it\/#website","url":"https:\/\/arteeluoghi.it\/","name":"Arte e Luoghi","description":"Mensile di arte, cultura, turismo e curiosit\u00e0","publisher":{"@id":"https:\/\/arteeluoghi.it\/#organization"},"potentialAction":[{"@type":"SearchAction","target":{"@type":"EntryPoint","urlTemplate":"https:\/\/arteeluoghi.it\/?s={search_term_string}"},"query-input":"required name=search_term_string"}],"inLanguage":"it-IT"},{"@type":"ImageObject","@id":"https:\/\/arteeluoghi.it\/index.php\/2015\/11\/07\/lughia-per-un-cambio-di-rotta\/#primaryimage","inLanguage":"it-IT","url":"\/images\/cambio%20di%20rotta.jpg","contentUrl":"\/images\/cambio%20di%20rotta.jpg"},{"@type":"WebPage","@id":"https:\/\/arteeluoghi.it\/index.php\/2015\/11\/07\/lughia-per-un-cambio-di-rotta\/#webpage","url":"https:\/\/arteeluoghi.it\/index.php\/2015\/11\/07\/lughia-per-un-cambio-di-rotta\/","name":"Lughia per un cambio di rotta | Arte e Luoghi","isPartOf":{"@id":"https:\/\/arteeluoghi.it\/#website"},"primaryImageOfPage":{"@id":"https:\/\/arteeluoghi.it\/index.php\/2015\/11\/07\/lughia-per-un-cambio-di-rotta\/#primaryimage"},"datePublished":"2015-11-07T20:36:07+00:00","dateModified":"2015-11-07T20:36:07+00:00","breadcrumb":{"@id":"https:\/\/arteeluoghi.it\/index.php\/2015\/11\/07\/lughia-per-un-cambio-di-rotta\/#breadcrumb"},"inLanguage":"it-IT","potentialAction":[{"@type":"ReadAction","target":["https:\/\/arteeluoghi.it\/index.php\/2015\/11\/07\/lughia-per-un-cambio-di-rotta\/"]}]},{"@type":"BreadcrumbList","@id":"https:\/\/arteeluoghi.it\/index.php\/2015\/11\/07\/lughia-per-un-cambio-di-rotta\/#breadcrumb","itemListElement":[{"@type":"ListItem","position":1,"name":"Home","item":"https:\/\/arteeluoghi.it\/"},{"@type":"ListItem","position":2,"name":"Lughia per un cambio di rotta"}]},{"@type":"Article","@id":"https:\/\/arteeluoghi.it\/index.php\/2015\/11\/07\/lughia-per-un-cambio-di-rotta\/#article","isPartOf":{"@id":"https:\/\/arteeluoghi.it\/index.php\/2015\/11\/07\/lughia-per-un-cambio-di-rotta\/#webpage"},"author":{"@id":"https:\/\/arteeluoghi.it\/#\/schema\/person\/f84e814e36e91e01448ee07eaadd41d4"},"headline":"Lughia per un cambio di rotta","datePublished":"2015-11-07T20:36:07+00:00","dateModified":"2015-11-07T20:36:07+00:00","mainEntityOfPage":{"@id":"https:\/\/arteeluoghi.it\/index.php\/2015\/11\/07\/lughia-per-un-cambio-di-rotta\/#webpage"},"wordCount":448,"commentCount":0,"publisher":{"@id":"https:\/\/arteeluoghi.it\/#organization"},"image":{"@id":"https:\/\/arteeluoghi.it\/index.php\/2015\/11\/07\/lughia-per-un-cambio-di-rotta\/#primaryimage"},"thumbnailUrl":"\/images\/cambio%20di%20rotta.jpg","articleSection":["Arte"],"inLanguage":"it-IT","potentialAction":[{"@type":"CommentAction","name":"Comment","target":["https:\/\/arteeluoghi.it\/index.php\/2015\/11\/07\/lughia-per-un-cambio-di-rotta\/#respond"]}]},{"@type":"Person","@id":"https:\/\/arteeluoghi.it\/#\/schema\/person\/f84e814e36e91e01448ee07eaadd41d4","name":"Staff","image":{"@type":"ImageObject","@id":"https:\/\/arteeluoghi.it\/#personlogo","inLanguage":"it-IT","url":"https:\/\/secure.gravatar.com\/avatar\/49d2f9e46271bb04e19cebfaf141313a?s=96&d=blank&r=g","contentUrl":"https:\/\/secure.gravatar.com\/avatar\/49d2f9e46271bb04e19cebfaf141313a?s=96&d=blank&r=g","caption":"Staff"}}]}},"_links":{"self":[{"href":"https:\/\/arteeluoghi.it\/index.php\/wp-json\/wp\/v2\/posts\/2356"}],"collection":[{"href":"https:\/\/arteeluoghi.it\/index.php\/wp-json\/wp\/v2\/posts"}],"about":[{"href":"https:\/\/arteeluoghi.it\/index.php\/wp-json\/wp\/v2\/types\/post"}],"author":[{"embeddable":true,"href":"https:\/\/arteeluoghi.it\/index.php\/wp-json\/wp\/v2\/users\/1"}],"replies":[{"embeddable":true,"href":"https:\/\/arteeluoghi.it\/index.php\/wp-json\/wp\/v2\/comments?post=2356"}],"version-history":[{"count":0,"href":"https:\/\/arteeluoghi.it\/index.php\/wp-json\/wp\/v2\/posts\/2356\/revisions"}],"wp:attachment":[{"href":"https:\/\/arteeluoghi.it\/index.php\/wp-json\/wp\/v2\/media?parent=2356"}],"wp:term":[{"taxonomy":"category","embeddable":true,"href":"https:\/\/arteeluoghi.it\/index.php\/wp-json\/wp\/v2\/categories?post=2356"},{"taxonomy":"post_tag","embeddable":true,"href":"https:\/\/arteeluoghi.it\/index.php\/wp-json\/wp\/v2\/tags?post=2356"}],"curies":[{"name":"wp","href":"https:\/\/api.w.org\/{rel}","templated":true}]}}