{"id":2358,"date":"2015-11-07T22:48:07","date_gmt":"2015-11-07T21:48:07","guid":{"rendered":"http:\/\/arteeluoghi.it\/index.php\/2015\/11\/07\/a-napoli-il-festival-del-cinema-dei-diritti-umani\/"},"modified":"2015-11-07T22:48:07","modified_gmt":"2015-11-07T21:48:07","slug":"a-napoli-il-festival-del-cinema-dei-diritti-umani","status":"publish","type":"post","link":"https:\/\/arteeluoghi.it\/index.php\/2015\/11\/07\/a-napoli-il-festival-del-cinema-dei-diritti-umani\/","title":{"rendered":"A Napoli il Festival del Cinema dei Diritti Umani"},"content":{"rendered":"<p><object width=\"425\" height=\"350\" align=\"left\" hspace=\"12\" vspace=\"12\" data=\"http:\/\/www.youtube.com\/embed\/OUjD_HqjTcE\" type=\"audio\/x-pn-realaudio-plugin\"><param name=\"src\" value=\"http:\/\/www.youtube.com\/embed\/OUjD_HqjTcE\" \/><param name=\"frameborder\" value=\"0\" \/><\/object>A Napoli dal 9 al 14 novembre 2015<\/p>\n<p><span class=\"text_exposed_show\">Portare il dibattito sui diritti umani tra i giovani e la gente comune, nelle periferie e nei luoghi dove il disagio e l\u2019emarginazione sono pi\u00f9 forti coniugando insieme cinema e diritti. E&#8217; il <strong>Festival del cinema dei diritti umani <\/strong><strong>che, giunto alla sua ottava edizione, si svolge a Napoli dal 9 al 14 novembre 2015 con ingresso libero.<\/strong><strong><br \/><\/strong><\/span><\/p>\n<p><span class=\"text_exposed_show\">Cinquanta film, di cui venticinque in concorso,\u00a0 presentazioni di libri e incontri con\u00a0 ospiti internazionali pronti ad accendere il dibattito perch\u00e9\u00a0 \u201cil cinema dalle gambe lunghe\u201d vuole essere occasione d&#8217;incontro con la gente che troppo spesso viene esclusa dai circuiti informativi e culturali dei grandi mezzi di informazione.<\/span><\/p>\n<p>Ricchissimo il programma della manifestazione presentata lo scorso 5 novembre, a Palazzo San Giacomo, e introdotta da una riflessione di Erri De Luca che ha abbracciato anche il diritto di parola e l&#8217;informazione. Vi riproponiamo il servizio realizzato dalla web tv del Comune di Napoli. Il Festival che vedr\u00e0 numerose attivit\u00e0 tra incontri e proiezioni in diversi quartieri della citt\u00e0 gode del sostegno di Amnesty International Italia, dello Human Rights Film Network e del Comune di Napoli. Il programma completo delle iniziative su www.cinenapolidiritti.it.<\/p>\n<p>  <!--more-->  <\/p>\n<p><span class=\"text_exposed_show\"><span class=\"text_exposed_show\"><span class=\"text_exposed_show\"><span class=\"text_exposed_show\"><span class=\"text_exposed_show\">Raccontare attraverso la forza delle immagini le condizioni di vita di popoli che percorrono il difficile cammino della democrazia e dell\u2019eguaglianza ma anche l<span class=\"text_exposed_show\">a condizione femminile, degli anziani e dei minori, dei carcerati e dei malati, lo stato in cui versa l\u2019ambiente e i rischi per la salute delle nostre comunit\u00e0, il diritto alla casa e al lavoro, la lotta alla povert\u00e0 e il diritto all\u2019istruzione, la necessit\u00e0 di ospitare gli immigrati in modo equo e civile, la convivenza pacifica<\/span>.<\/span><\/span><\/span><\/span><\/span><\/p>\n<p><span class=\"text_exposed_show\"><span class=\"text_exposed_show\">&#8220;Il festival del Cinema dei Diritti Umani di Napoli \u00e8 dedicato alle associazioni, al loro lavoro spesso silenzioso e nascosto che tiene la gente di Napoli al centro del Mondo, vicina alla societ\u00e0 civile italiana ed europea, perch\u00e9 non debba mai interrompersi quel filo di comunicazione che pu\u00f2 dar vita a solidariet\u00e0 e a lotte comuni che costituiscono la speranza in un mondo migliore e possibile&#8221; &#8211; spiegano gli organizzatori, l&#8217;associazione culturale no profit, &#8220;<span class=\"text_exposed_show\">Cinema e Diritti\u201d. Nata nel 2005 con l\u2019obiettivo di far conoscere nel Sud Italia e nei Sud del Mondo il \u201cCinema dei Diri tti Umani\u201d\u00a0 nel solco dell&#8217;esempio che viene dall&#8217;America Latina e dall&#8217;attivit\u00e0 in particolare <span class=\"text_exposed_show\">dell\u2019Instituto Multimedia DerHumALC di Buenos Aires e del suo presidente, Julio Santucho, che organizza dalla fine degli anni 90 il festival nella capitale argentina ed \u00e8 tra i promotori della Rete dei diritti umani del Sudamerica e del network internazionale degli Human Rights Festival <span class=\"text_exposed_show\"><span class=\"text_exposed_show\"><span class=\"text_exposed_show\"><span class=\"text_exposed_show\">(HRFF)<\/span><\/span><\/span><\/span>, alla quale appartiene anche la citt\u00e0 di Napoli dal 2009. <br \/><\/span><\/span><\/span><\/span><\/p>\n<p><span class=\"text_exposed_show\"><span class=\"text_exposed_show\"><span class=\"text_exposed_show\"><span class=\"text_exposed_show\">red. Arte e Luoghi<br \/><\/span><\/span><\/span><\/span><\/p>\n<p><span class=\"text_exposed_show\"><span class=\"text_exposed_show\"><span class=\"text_exposed_show\"><span class=\"text_exposed_show\"><a href=\"http:\/\/www.cinenapolidiritti.it\/web\/2015\/10\/25\/calendario-proiezioni-e-sinossi-dei-film-in-concorso-nelledizione-2015\/\">PROGRAMMA<\/a><br \/><\/span><\/span><\/span><\/span><\/p>\n<p><span class=\"text_exposed_show\"><span class=\"text_exposed_show\"><span class=\"text_exposed_show\"><span class=\"text_exposed_show\">I film in concorso, proiettati ogni sera alle 20 presso il <strong>Teatro dell\u2019Accademia di Belle Arti<\/strong> di<strong> Napoli<\/strong>, verranno riproposti il pomeriggio del giorno seguente allo <strong>SLASH Art\/Music<\/strong> (sito in via Bellini 45) dalle <strong>16.30 alle 19.<\/strong><\/span><\/span><\/span><\/span><\/p>\n<p style=\"text-align: left;\"><strong>AGENDA DELLE PROIEZIONI DEI FILM IN CONCORSO<\/strong><\/p>\n<p style=\"text-align: justify;\"><strong>9 NOVEMBRE, TEATRO DELL\u2019ACCADEMIA, ORE 20.00<\/strong><br \/> <strong>10 NOVEMBRE, SLASH ART\/MUSIC, ORE 16.30<\/strong><\/p>\n<p style=\"text-align: justify;\">\u2022 <strong>MY FATHER\u2019S LAND<\/strong> (Trinidad and Tobago, 2014, 62 min) di Miquel Galofre<br \/> \u2022 <strong>23 30 A CAPTIVE STORY<\/strong> (SPA, 2014, 70 min) di Sergio Garcia Locatelli<\/p>\n<p style=\"text-align: justify;\"><em>Cortometraggi<\/em><br \/> \u2022 <strong>THE CHICKEN<\/strong> (Germania, 2014, 15 min) di Francois Morisset<br \/> \u2022 <strong>SELFIE<\/strong> (Iran, 2015, 1,54 min) di Ali Erfan Farhadi<br \/> \u2022 <strong>DOGWOOD<\/strong> (Turchia, 2015, 6,02 min) di Hasan Gunduz<\/p>\n<p style=\"text-align: justify;\"><strong>10 NOVEMBRE, TEATRO DELL\u2019ACCADEMIA, ORE 20.00<\/strong><br \/> <strong>11 NOVEMBRE, SLASH ART\/MUSIC, ORE 16.30<\/strong><\/p>\n<p style=\"text-align: justify;\">\u2022 <strong>GENTE DEI BAGNI<\/strong> (ITA, 2014, 60 min) di Luigi Pepe<br \/> \u2022 <strong>NO PASARAN<\/strong> \u2013 A story of men and women who fought against Fascism (Germania, 2015, 73 min) di Daniel Burkholz<\/p>\n<p style=\"text-align: justify;\"><em>Cortometraggi<\/em><br \/> \u2022 <strong>ELMANDO<\/strong> (Romania, 2014, 3,23 min) di Anton Octavian<br \/> \u2022 <strong>LA SMORFIA<\/strong> (ITA, 2015, 16,30 min) di Emanuele Palamara<br \/> \u2022 <strong>RELIGATIO<\/strong> (Canada, 2014, 3,22 min) di Jaime Giraldo<\/p>\n<p style=\"text-align: justify;\"><strong>11 NOVEMBRE, TEATRO DELL\u2019ACCADEMIA, ORE 20.00<\/strong><br \/> <strong>12 NOVEMBRE, SLASH ART\/MUSIC, ORE 16.30.<\/strong><\/p>\n<p style=\"text-align: justify;\">\u2022 <strong>UN GIORNO A WAMBA<\/strong> (ITA, 2014, 70 min) di Francesco Mansutti<br \/> \u2022 <strong>FISHERMEN\u2019S CONVERSATION<\/strong> (UK, 2014, 68 min) di Bove Makiedo<\/p>\n<p style=\"text-align: justify;\"><em>Cortometraggi<\/em><br \/> \u2022 <strong>THE LIVES OF OTHERS<\/strong> (Iran, 2015, 1,40 min) di Ali Zare Ghanatnowi<br \/> \u2022 <strong>ELECTRIC CHAIR<\/strong> (Messico, 2015, 2,20 min) di David Munoz Velasco<br \/> \u2022 <strong>LAYLA<\/strong> (Egitto, 2015, 15 min) di Houzan Abdo<\/p>\n<p style=\"text-align: justify;\"><strong>12 NOVEMBRE, TEATRO DELL\u2019ACCADEMIA, ORE 20.00<\/strong><br \/> <strong>13 NOVEMBRE, SLASH ART\/MUSIC, ORE 16.30<\/strong><\/p>\n<p style=\"text-align: justify;\">\u2022 <strong>IL FUTURO \u00c8 TROPPO GRANDE<\/strong> (ITA, 2014, 80 min) di Michele Citoni<\/p>\n<p style=\"text-align: justify;\"><em>Cortometraggi<\/em><br \/> \u2022<strong> IF SHEEP WERE PINK<\/strong> (Serbia, 2015, 29,14 min) di Djurdjija Radivojevic<br \/> \u2022 <strong>WELCOME<\/strong> (Peru, 2015, 27,39 min) di Alicia Albares<br \/> \u2022 <strong>CANILE<\/strong> (Italia, 2014, 16, 20 min) di Massimiliano d\u2019Agostino<\/p>\n<p><span class=\"text_exposed_show\"><span class=\"text_exposed_show\"><span class=\"text_exposed_show\"><span class=\"text_exposed_show\">\u00a0<\/span><\/span><\/span><\/span><\/p>\n<p><span class=\"text_exposed_show\"><span class=\"text_exposed_show\"><span class=\"text_exposed_show\"><span class=\"text_exposed_show\">\u00a0<\/span><\/span><\/span><\/span><\/p>\n<p><span class=\"text_exposed_show\"><span class=\"text_exposed_show\"><span class=\"text_exposed_show\"><span class=\"text_exposed_show\">\u00a0<\/span><\/span><\/span><\/span><\/p>\n","protected":false},"excerpt":{"rendered":"<p>A Napoli dal 9 al 14 novembre 2015 Portare il dibattito sui diritti umani tra i giovani e la gente<\/p>\n","protected":false},"author":1,"featured_media":0,"comment_status":"open","ping_status":"open","sticky":false,"template":"","format":"standard","meta":[],"categories":[29],"tags":[],"yoast_head":"<!-- This site is optimized with the Yoast SEO plugin v18.0 - https:\/\/yoast.com\/wordpress\/plugins\/seo\/ -->\n<title>A Napoli il Festival del Cinema dei Diritti Umani | Arte e Luoghi<\/title>\n<meta name=\"robots\" content=\"index, follow, max-snippet:-1, max-image-preview:large, max-video-preview:-1\" \/>\n<link rel=\"canonical\" href=\"https:\/\/arteeluoghi.it\/index.php\/2015\/11\/07\/a-napoli-il-festival-del-cinema-dei-diritti-umani\/\" \/>\n<meta property=\"og:locale\" content=\"it_IT\" \/>\n<meta property=\"og:type\" content=\"article\" \/>\n<meta property=\"og:title\" content=\"A Napoli il Festival del Cinema dei Diritti Umani | Arte e Luoghi\" \/>\n<meta property=\"og:description\" content=\"A Napoli dal 9 al 14 novembre 2015 Portare il dibattito sui diritti umani tra i giovani e la gente\" \/>\n<meta property=\"og:url\" content=\"https:\/\/arteeluoghi.it\/index.php\/2015\/11\/07\/a-napoli-il-festival-del-cinema-dei-diritti-umani\/\" \/>\n<meta property=\"og:site_name\" content=\"Arte e Luoghi\" \/>\n<meta property=\"article:publisher\" content=\"https:\/\/www.facebook.com\/ArteELuoghi\/\" \/>\n<meta property=\"article:published_time\" content=\"2015-11-07T21:48:07+00:00\" \/>\n<meta name=\"twitter:card\" content=\"summary\" \/>\n<meta name=\"twitter:creator\" content=\"@arteeluoghi\" \/>\n<meta name=\"twitter:site\" content=\"@arteeluoghi\" \/>\n<meta name=\"twitter:label1\" content=\"Scritto da\" \/>\n\t<meta name=\"twitter:data1\" content=\"Staff\" \/>\n\t<meta name=\"twitter:label2\" content=\"Tempo di lettura stimato\" \/>\n\t<meta name=\"twitter:data2\" content=\"3 minuti\" \/>\n<script type=\"application\/ld+json\" class=\"yoast-schema-graph\">{\"@context\":\"https:\/\/schema.org\",\"@graph\":[{\"@type\":\"Organization\",\"@id\":\"https:\/\/arteeluoghi.it\/#organization\",\"name\":\"Arte e Luoghi\",\"url\":\"https:\/\/arteeluoghi.it\/\",\"sameAs\":[\"https:\/\/www.facebook.com\/ArteELuoghi\/\",\"https:\/\/www.instagram.com\/arteeluoghi\/?hl=it\",\"https:\/\/www.youtube.com\/channel\/UCuRVc4JW4-C5sg9rQB-srkw?view_as=subscriber\",\"https:\/\/twitter.com\/arteeluoghi\"],\"logo\":{\"@type\":\"ImageObject\",\"@id\":\"https:\/\/arteeluoghi.it\/#logo\",\"inLanguage\":\"it-IT\",\"url\":\"https:\/\/arteeluoghi.it\/wp-content\/uploads\/2018\/08\/logoinstagramarte.jpg\",\"contentUrl\":\"https:\/\/arteeluoghi.it\/wp-content\/uploads\/2018\/08\/logoinstagramarte.jpg\",\"width\":150,\"height\":150,\"caption\":\"Arte e Luoghi\"},\"image\":{\"@id\":\"https:\/\/arteeluoghi.it\/#logo\"}},{\"@type\":\"WebSite\",\"@id\":\"https:\/\/arteeluoghi.it\/#website\",\"url\":\"https:\/\/arteeluoghi.it\/\",\"name\":\"Arte e Luoghi\",\"description\":\"Mensile di arte, cultura, turismo e curiosit\u00e0\",\"publisher\":{\"@id\":\"https:\/\/arteeluoghi.it\/#organization\"},\"potentialAction\":[{\"@type\":\"SearchAction\",\"target\":{\"@type\":\"EntryPoint\",\"urlTemplate\":\"https:\/\/arteeluoghi.it\/?s={search_term_string}\"},\"query-input\":\"required name=search_term_string\"}],\"inLanguage\":\"it-IT\"},{\"@type\":\"WebPage\",\"@id\":\"https:\/\/arteeluoghi.it\/index.php\/2015\/11\/07\/a-napoli-il-festival-del-cinema-dei-diritti-umani\/#webpage\",\"url\":\"https:\/\/arteeluoghi.it\/index.php\/2015\/11\/07\/a-napoli-il-festival-del-cinema-dei-diritti-umani\/\",\"name\":\"A Napoli il Festival del Cinema dei Diritti Umani | Arte e Luoghi\",\"isPartOf\":{\"@id\":\"https:\/\/arteeluoghi.it\/#website\"},\"datePublished\":\"2015-11-07T21:48:07+00:00\",\"dateModified\":\"2015-11-07T21:48:07+00:00\",\"breadcrumb\":{\"@id\":\"https:\/\/arteeluoghi.it\/index.php\/2015\/11\/07\/a-napoli-il-festival-del-cinema-dei-diritti-umani\/#breadcrumb\"},\"inLanguage\":\"it-IT\",\"potentialAction\":[{\"@type\":\"ReadAction\",\"target\":[\"https:\/\/arteeluoghi.it\/index.php\/2015\/11\/07\/a-napoli-il-festival-del-cinema-dei-diritti-umani\/\"]}]},{\"@type\":\"BreadcrumbList\",\"@id\":\"https:\/\/arteeluoghi.it\/index.php\/2015\/11\/07\/a-napoli-il-festival-del-cinema-dei-diritti-umani\/#breadcrumb\",\"itemListElement\":[{\"@type\":\"ListItem\",\"position\":1,\"name\":\"Home\",\"item\":\"https:\/\/arteeluoghi.it\/\"},{\"@type\":\"ListItem\",\"position\":2,\"name\":\"A Napoli il Festival del Cinema dei Diritti Umani\"}]},{\"@type\":\"Article\",\"@id\":\"https:\/\/arteeluoghi.it\/index.php\/2015\/11\/07\/a-napoli-il-festival-del-cinema-dei-diritti-umani\/#article\",\"isPartOf\":{\"@id\":\"https:\/\/arteeluoghi.it\/index.php\/2015\/11\/07\/a-napoli-il-festival-del-cinema-dei-diritti-umani\/#webpage\"},\"author\":{\"@id\":\"https:\/\/arteeluoghi.it\/#\/schema\/person\/f84e814e36e91e01448ee07eaadd41d4\"},\"headline\":\"A Napoli il Festival del Cinema dei Diritti Umani\",\"datePublished\":\"2015-11-07T21:48:07+00:00\",\"dateModified\":\"2015-11-07T21:48:07+00:00\",\"mainEntityOfPage\":{\"@id\":\"https:\/\/arteeluoghi.it\/index.php\/2015\/11\/07\/a-napoli-il-festival-del-cinema-dei-diritti-umani\/#webpage\"},\"wordCount\":695,\"commentCount\":0,\"publisher\":{\"@id\":\"https:\/\/arteeluoghi.it\/#organization\"},\"articleSection\":[\"Cinema\"],\"inLanguage\":\"it-IT\",\"potentialAction\":[{\"@type\":\"CommentAction\",\"name\":\"Comment\",\"target\":[\"https:\/\/arteeluoghi.it\/index.php\/2015\/11\/07\/a-napoli-il-festival-del-cinema-dei-diritti-umani\/#respond\"]}]},{\"@type\":\"Person\",\"@id\":\"https:\/\/arteeluoghi.it\/#\/schema\/person\/f84e814e36e91e01448ee07eaadd41d4\",\"name\":\"Staff\",\"image\":{\"@type\":\"ImageObject\",\"@id\":\"https:\/\/arteeluoghi.it\/#personlogo\",\"inLanguage\":\"it-IT\",\"url\":\"https:\/\/secure.gravatar.com\/avatar\/49d2f9e46271bb04e19cebfaf141313a?s=96&d=blank&r=g\",\"contentUrl\":\"https:\/\/secure.gravatar.com\/avatar\/49d2f9e46271bb04e19cebfaf141313a?s=96&d=blank&r=g\",\"caption\":\"Staff\"}}]}<\/script>\n<!-- \/ Yoast SEO plugin. -->","yoast_head_json":{"title":"A Napoli il Festival del Cinema dei Diritti Umani | Arte e Luoghi","robots":{"index":"index","follow":"follow","max-snippet":"max-snippet:-1","max-image-preview":"max-image-preview:large","max-video-preview":"max-video-preview:-1"},"canonical":"https:\/\/arteeluoghi.it\/index.php\/2015\/11\/07\/a-napoli-il-festival-del-cinema-dei-diritti-umani\/","og_locale":"it_IT","og_type":"article","og_title":"A Napoli il Festival del Cinema dei Diritti Umani | Arte e Luoghi","og_description":"A Napoli dal 9 al 14 novembre 2015 Portare il dibattito sui diritti umani tra i giovani e la gente","og_url":"https:\/\/arteeluoghi.it\/index.php\/2015\/11\/07\/a-napoli-il-festival-del-cinema-dei-diritti-umani\/","og_site_name":"Arte e Luoghi","article_publisher":"https:\/\/www.facebook.com\/ArteELuoghi\/","article_published_time":"2015-11-07T21:48:07+00:00","twitter_card":"summary","twitter_creator":"@arteeluoghi","twitter_site":"@arteeluoghi","twitter_misc":{"Scritto da":"Staff","Tempo di lettura stimato":"3 minuti"},"schema":{"@context":"https:\/\/schema.org","@graph":[{"@type":"Organization","@id":"https:\/\/arteeluoghi.it\/#organization","name":"Arte e Luoghi","url":"https:\/\/arteeluoghi.it\/","sameAs":["https:\/\/www.facebook.com\/ArteELuoghi\/","https:\/\/www.instagram.com\/arteeluoghi\/?hl=it","https:\/\/www.youtube.com\/channel\/UCuRVc4JW4-C5sg9rQB-srkw?view_as=subscriber","https:\/\/twitter.com\/arteeluoghi"],"logo":{"@type":"ImageObject","@id":"https:\/\/arteeluoghi.it\/#logo","inLanguage":"it-IT","url":"https:\/\/arteeluoghi.it\/wp-content\/uploads\/2018\/08\/logoinstagramarte.jpg","contentUrl":"https:\/\/arteeluoghi.it\/wp-content\/uploads\/2018\/08\/logoinstagramarte.jpg","width":150,"height":150,"caption":"Arte e Luoghi"},"image":{"@id":"https:\/\/arteeluoghi.it\/#logo"}},{"@type":"WebSite","@id":"https:\/\/arteeluoghi.it\/#website","url":"https:\/\/arteeluoghi.it\/","name":"Arte e Luoghi","description":"Mensile di arte, cultura, turismo e curiosit\u00e0","publisher":{"@id":"https:\/\/arteeluoghi.it\/#organization"},"potentialAction":[{"@type":"SearchAction","target":{"@type":"EntryPoint","urlTemplate":"https:\/\/arteeluoghi.it\/?s={search_term_string}"},"query-input":"required name=search_term_string"}],"inLanguage":"it-IT"},{"@type":"WebPage","@id":"https:\/\/arteeluoghi.it\/index.php\/2015\/11\/07\/a-napoli-il-festival-del-cinema-dei-diritti-umani\/#webpage","url":"https:\/\/arteeluoghi.it\/index.php\/2015\/11\/07\/a-napoli-il-festival-del-cinema-dei-diritti-umani\/","name":"A Napoli il Festival del Cinema dei Diritti Umani | Arte e Luoghi","isPartOf":{"@id":"https:\/\/arteeluoghi.it\/#website"},"datePublished":"2015-11-07T21:48:07+00:00","dateModified":"2015-11-07T21:48:07+00:00","breadcrumb":{"@id":"https:\/\/arteeluoghi.it\/index.php\/2015\/11\/07\/a-napoli-il-festival-del-cinema-dei-diritti-umani\/#breadcrumb"},"inLanguage":"it-IT","potentialAction":[{"@type":"ReadAction","target":["https:\/\/arteeluoghi.it\/index.php\/2015\/11\/07\/a-napoli-il-festival-del-cinema-dei-diritti-umani\/"]}]},{"@type":"BreadcrumbList","@id":"https:\/\/arteeluoghi.it\/index.php\/2015\/11\/07\/a-napoli-il-festival-del-cinema-dei-diritti-umani\/#breadcrumb","itemListElement":[{"@type":"ListItem","position":1,"name":"Home","item":"https:\/\/arteeluoghi.it\/"},{"@type":"ListItem","position":2,"name":"A Napoli il Festival del Cinema dei Diritti Umani"}]},{"@type":"Article","@id":"https:\/\/arteeluoghi.it\/index.php\/2015\/11\/07\/a-napoli-il-festival-del-cinema-dei-diritti-umani\/#article","isPartOf":{"@id":"https:\/\/arteeluoghi.it\/index.php\/2015\/11\/07\/a-napoli-il-festival-del-cinema-dei-diritti-umani\/#webpage"},"author":{"@id":"https:\/\/arteeluoghi.it\/#\/schema\/person\/f84e814e36e91e01448ee07eaadd41d4"},"headline":"A Napoli il Festival del Cinema dei Diritti Umani","datePublished":"2015-11-07T21:48:07+00:00","dateModified":"2015-11-07T21:48:07+00:00","mainEntityOfPage":{"@id":"https:\/\/arteeluoghi.it\/index.php\/2015\/11\/07\/a-napoli-il-festival-del-cinema-dei-diritti-umani\/#webpage"},"wordCount":695,"commentCount":0,"publisher":{"@id":"https:\/\/arteeluoghi.it\/#organization"},"articleSection":["Cinema"],"inLanguage":"it-IT","potentialAction":[{"@type":"CommentAction","name":"Comment","target":["https:\/\/arteeluoghi.it\/index.php\/2015\/11\/07\/a-napoli-il-festival-del-cinema-dei-diritti-umani\/#respond"]}]},{"@type":"Person","@id":"https:\/\/arteeluoghi.it\/#\/schema\/person\/f84e814e36e91e01448ee07eaadd41d4","name":"Staff","image":{"@type":"ImageObject","@id":"https:\/\/arteeluoghi.it\/#personlogo","inLanguage":"it-IT","url":"https:\/\/secure.gravatar.com\/avatar\/49d2f9e46271bb04e19cebfaf141313a?s=96&d=blank&r=g","contentUrl":"https:\/\/secure.gravatar.com\/avatar\/49d2f9e46271bb04e19cebfaf141313a?s=96&d=blank&r=g","caption":"Staff"}}]}},"_links":{"self":[{"href":"https:\/\/arteeluoghi.it\/index.php\/wp-json\/wp\/v2\/posts\/2358"}],"collection":[{"href":"https:\/\/arteeluoghi.it\/index.php\/wp-json\/wp\/v2\/posts"}],"about":[{"href":"https:\/\/arteeluoghi.it\/index.php\/wp-json\/wp\/v2\/types\/post"}],"author":[{"embeddable":true,"href":"https:\/\/arteeluoghi.it\/index.php\/wp-json\/wp\/v2\/users\/1"}],"replies":[{"embeddable":true,"href":"https:\/\/arteeluoghi.it\/index.php\/wp-json\/wp\/v2\/comments?post=2358"}],"version-history":[{"count":0,"href":"https:\/\/arteeluoghi.it\/index.php\/wp-json\/wp\/v2\/posts\/2358\/revisions"}],"wp:attachment":[{"href":"https:\/\/arteeluoghi.it\/index.php\/wp-json\/wp\/v2\/media?parent=2358"}],"wp:term":[{"taxonomy":"category","embeddable":true,"href":"https:\/\/arteeluoghi.it\/index.php\/wp-json\/wp\/v2\/categories?post=2358"},{"taxonomy":"post_tag","embeddable":true,"href":"https:\/\/arteeluoghi.it\/index.php\/wp-json\/wp\/v2\/tags?post=2358"}],"curies":[{"name":"wp","href":"https:\/\/api.w.org\/{rel}","templated":true}]}}