{"id":2381,"date":"2015-12-02T12:02:38","date_gmt":"2015-12-02T11:02:38","guid":{"rendered":"http:\/\/arteeluoghi.it\/index.php\/2015\/12\/02\/cambiare-il-punto-di-vista-con-ergo-sum\/"},"modified":"2015-12-02T12:02:38","modified_gmt":"2015-12-02T11:02:38","slug":"cambiare-il-punto-di-vista-con-ergo-sum","status":"publish","type":"post","link":"https:\/\/arteeluoghi.it\/index.php\/2015\/12\/02\/cambiare-il-punto-di-vista-con-ergo-sum\/","title":{"rendered":"Cambiare il punto di vista. Con Ergo Sum"},"content":{"rendered":"<p style=\"text-align: left;\"><img loading=\"lazy\" src=\"\/images\/Festival1.jpg\" border=\"0\" title=\"il manifesto del festival\" width=\"300\" height=\"144\" style=\"margin: 21px; float: right;\" \/>Dal 3 al 6 dicembre 2015 a Cavallino. In arrivo ospiti di fama nazionale tra gli altri Paolo Crepet, Catena Fiorello,\u00a0<span>Gian Franco Svidercoschi<em>,<\/em><\/span> Roberto Gervaso, Luca Bianchini<\/p>\n<p style=\"text-align: left;\"><strong>Ergo Sum. Ritorna il festival della letteratura. Presentazioni, reading e dibattiti<\/strong><\/p>\n<p style=\"text-align: left;\" align=\"center\">&#8220;Se non cambi punto di vista non puoi sapere qual \u00e8 il tuo punto di vista&#8221;.\u00a0<span style=\"font-size: 12.16px; line-height: 1.3em;\">Con un concept rivoluzionario ritorna a <strong>Cavallino, dal 3 al 6 dicembre 2015,\u00a0<\/strong>\u00a0&#8220;<strong>Ergo Sum&#8221; il festival della letteratura<\/strong>, che taglia il nastro della ottava edizione. L&#8217;ideatrice e art director del festival, <strong>Alessandra Pizzi<\/strong>,\u00a0ha messo insieme un programma di imperdibili incontri. Autori di spicco e, soprattutto, tanti libri con le loro storie da ascoltare, i personaggi che animano le pagine proponendo insoliti e diversi sguardi che possono aiutarci<\/span><span style=\"font-size: 12.16px; line-height: 1.3em;\">\u00a0a comprendere le cose, magari riguardandole da un\u2019altra prospettiva. E perch\u00e9 no, a cambiare il punto di vista.<\/span><\/p>\n<p>  <!--more-->  <\/p>\n<p style=\"text-align: left;\" align=\"center\">\u00a0<\/p>\n<p style=\"text-align: left;\" align=\"center\"><span style=\"font-size: 12.16px; line-height: 1.3em;\"><img src=\"\/images\/paolocrepet.jpg\" border=\"0\" title=\"il sociologo e psichiatra Paolo Crepet\" width=\"300\" style=\"margin: 21px; float: right;\" \/>In arrivo \u00a0<\/span><strong style=\"font-size: 12.16px; line-height: 1.3em;\"><a href=\"http:\/\/www.ergosumfestival.it\/2015\/11\/04\/paolo-crepet\/\">Paolo Crepet<\/a>,\u00a0<\/strong><strong style=\"font-size: 12.16px; line-height: 1.3em;\"><a href=\"http:\/\/www.ergosumfestival.it\/2015\/11\/04\/catena-fiorello\/\">Catena Fiorello<\/a>,\u00a0<\/strong><strong style=\"font-size: 12.16px; line-height: 1.3em;\"><a href=\"http:\/\/www.ergosumfestival.it\/2015\/11\/04\/ivana-castoldi\/\">Ivana Castoldi<\/a>,\u00a0<\/strong><strong style=\"font-size: 12.16px; line-height: 1.3em;\"><a href=\"http:\/\/www.ergosumfestival.it\/2015\/11\/04\/gian-franco-svidercoschi\/\">Gian Franco Svidercoschi<\/a>,\u00a0<\/strong><strong style=\"font-size: 12.16px; line-height: 1.3em;\"><a href=\"http:\/\/www.ergosumfestival.it\/2015\/11\/04\/rino-maenza\/\">Rino Maenza<\/a>,\u00a0<\/strong><strong style=\"font-size: 12.16px; line-height: 1.3em;\"><a href=\"http:\/\/www.ergosumfestival.it\/2015\/11\/04\/marco-marsullo\/\">Marco Marsullo<\/a>,\u00a0<\/strong><strong style=\"font-size: 12.16px; line-height: 1.3em;\"><a href=\"http:\/\/www.ergosumfestival.it\/2015\/11\/04\/simona-toma\/\">Simona Toma<\/a>,\u00a0<\/strong><strong style=\"font-size: 12.16px; line-height: 1.3em;\"><a href=\"http:\/\/www.ergosumfestival.it\/2015\/11\/04\/stefano-centonze\/\">Stefano Centonze<\/a>, \u00a0<\/strong><strong style=\"font-size: 12.16px; line-height: 1.3em;\"><a href=\"http:\/\/www.ergosumfestival.it\/2015\/11\/05\/guido-rispoli\/\">Guido Rispoli<\/a>,\u00a0<\/strong><strong style=\"font-size: 12.16px; line-height: 1.3em;\"><a href=\"http:\/\/www.ergosumfestival.it\/2015\/11\/05\/giorgio-gavina\/\">Giorgio Gavina<\/a>,\u00a0<\/strong><strong style=\"font-size: 12.16px; line-height: 1.3em;\"><a href=\"http:\/\/www.ergosumfestival.it\/2015\/11\/05\/massimo-laghezza\/\">Massimo Laghezza<\/a>,\u00a0<\/strong><strong style=\"font-size: 12.16px; line-height: 1.3em;\"><a href=\"http:\/\/www.ergosumfestival.it\/2015\/11\/05\/roberto-gervaso\/\">Roberto Gervaso<\/a>,\u00a0<\/strong><strong style=\"font-size: 12.16px; line-height: 1.3em;\"><a href=\"http:\/\/www.ergosumfestival.it\/2015\/11\/05\/giuseppe-semeraro\/\">Giuseppe Semeraro<\/a>,\u00a0<\/strong><strong style=\"font-size: 12.16px; line-height: 1.3em;\"><a href=\"http:\/\/www.ergosumfestival.it\/2015\/11\/05\/matteo-greco\/\">Matteo Greco<\/a>,\u00a0<\/strong><strong style=\"font-size: 12.16px; line-height: 1.3em;\"><a href=\"http:\/\/www.ergosumfestival.it\/2015\/11\/05\/valeria-blanco\/\">Valeria Blanco<\/a>,\u00a0<\/strong><strong style=\"font-size: 12.16px; line-height: 1.3em;\"><a href=\"http:\/\/www.ergosumfestival.it\/2015\/11\/10\/rosario-priore-e-gabriele-paradisi\/\">Rosario Priore e Gabriele Paradisi<\/a>,\u00a0<\/strong><strong style=\"font-size: 12.16px; line-height: 1.3em;\"><a href=\"http:\/\/www.ergosumfestival.it\/2015\/11\/05\/luca-bianchini\/\">Luca Bianchini<\/a>,\u00a0<\/strong><strong style=\"font-size: 12.16px; line-height: 1.3em;\"><a href=\"http:\/\/www.ergosumfestival.it\/2015\/11\/24\/beppe-convertini\/\">Beppe Convertini<\/a>.\u00a0<\/strong><\/p>\n<p style=\"text-align: left;\" align=\"center\"><strong style=\"font-size: 12.16px; line-height: 1.3em;\">Per scoprire dove e quando ecco il <a href=\"http:\/\/www.ergosumfestival.it\/wp-content\/uploads\/2015\/11\/programma-ultimo-unico.pdf\">programma<\/a>\u00a0del festival<\/strong><\/p>\n<p>&#8220;Ci sono libri &#8216;dai quali non si torna indietro&#8217;, libri che attivano riflessioni, emozioni, che avviano domande, che facilitano risposte, che segnano percorsi, che aprono orizzonti, che chiudono porte, che segnano nuove strade, che aiutano ad andar via, che spiegano come e perch\u00e9 restare. &#8211; racconta la direttrice artistica del festival anticipando &#8211; \u00a0<span style=\"font-size: 12.16px; line-height: 1.3em;\">I libri dell\u2019VIII ed. del Festival Ergo Sum \u00a0presentano storie percepite attraverso diversi punti di vista: pensieri raccontati attraverso le immagini; un classico che diventa un fumetto; racconti a volte tristi a volte felici; storie rilette; grandi e piccole conversioni, ma soprattutto segnano il punto del nuovo cambiamento; nuove conoscenze; nuovi saperi; l\u2019ovvio mai detto e lo straordinario taciuto; il coraggio di essere nell\u2019istante dopo. Perch\u00e9 lo scopo di un libro \u00e8 di traghettare oltre, oltre i confini del proprio pensiero, alla scoperta di nuove Il verit\u00e0&#8221;.\u00a0<\/span><\/p>\n<p style=\"text-align: right;\" align=\"center\"><img loading=\"lazy\" src=\"\/images\/cop_ilcapitalepassione.jpg\" border=\"0\" title=\"Il Capitale Passione di Alessandra Pizzi, edizioni il Raggio Verde, illustrazione di Valentina D'Andrea\" width=\"200\" height=\"302\" style=\"margin: 21px; border: 1px solid black; float: right;\" \/><img loading=\"lazy\" src=\"\/images\/foto%20ale%20def.jpg\" border=\"0\" title=\"La giornalista e scrittrice Alessandra Pizzi\" width=\"200\" height=\"201\" style=\"margin: 21px; float: left;\" \/>Tra le tante novit\u00e0 di questa edizione la presentazione, in anteprima nazionale, del libro &#8220;<strong>Il Capitale Passione &#8211; come trasformare un&#8217;idea in un&#8217;impresa (di successo)&#8221;<\/strong> di\u00a0<span style=\"font-size: x-small; line-height: 1.3em;\"><big><strong><a href=\"http:\/\/www.ergosumfestival.it\/2015\/11\/07\/alessandra-pizzi\/\">Alessandra Pizzi<\/a><\/strong><\/big><\/span><span style=\"font-size: 12.16px; line-height: 1.3em;\">, un originale manuale per districarsi nel mondo della new economy. \u00a0In copertina una bellissima illustrazione di <strong>Valentina D&#8217;Andrea<\/strong> \u00a0e completa il volume, <span>edito da <strong>Il Raggio Verde<\/strong>,<\/span>\u00a0un approfondimento \u00a0sul mondo delle start up innovative e gli incubatori certificati a cura di <strong>Dario de Vitis<\/strong>.\u00a0<\/span><\/p>\n<p style=\"text-align: left;\" align=\"center\"><span style=\"font-size: 12.16px; line-height: 1.3em;\"><br \/>La presentazione del libro <strong>&#8220;Il Capitale Passione&#8221;<\/strong> si terr\u00e0\u00a0<strong>venerd\u00ec 4 dicembre alle ore 17:30<\/strong> nella <strong>sala consiliare Mario Gorgoni<\/strong>, l&#8217;incontro sar\u00e0 preceduto in mattinata per\u00f2 <strong>alle 10:00 <\/strong>nella sala conferenze<strong> Michele Paone, Centro polivalente ex Campo Bisanti<\/strong>,\u00a0<span>da un <span>road show<\/span>\u00a0esclusivo dedicato alle nuove imprese culturali e creative per condividere con i nuovi imprenditori (e aspiranti tali), la moderna visione d\u2019impresa incentrata sul capitale umano, sulle nuove concezioni di marketing e di comunicazione e sull&#8217;utilizzo degli strumenti fiscali e tributari con cui fare impresa nella societ\u00e0 4.0.<\/span><\/span><span style=\"font-size: 12.16px; line-height: 1.3em;\">\u00a0<\/span><\/p>\n<p style=\"text-align: left;\" align=\"center\"><span style=\"font-size: 12.16px; line-height: 1.3em;\"><img src=\"\/images\/coperitnamatteo.jpg\" border=\"0\" title=\"C'era infinite volte il Sud di Matteo Greco, il raggio verde edizioni, illustrazioni di Marco Cito\" width=\"200\" style=\"margin: 21px; float: right; border: 1px solid black;\" \/>Due le location degli eventi del festival, la\u00a0<\/span><strong style=\"font-size: 12.16px; line-height: 1.3em;\">sala conferenze Michele Paone, Centro Polivalente ex Campo Bisanti \u2013 Castromediano e la sala\u00a0<\/strong><strong style=\"font-size: 12.16px; line-height: 1.3em;\">consiliare Mario Gorgoni \u2013 Palazzo Ducale, <\/strong>naturalmente a<strong style=\"font-size: 12.16px; line-height: 1.3em;\"> Cavallino, <\/strong>la citt\u00e0 che dal 2012 ha adottato la kermesse perch\u00e9 in linea con il desiderio di cambiamento che deve necessariamente partire dal puntare tutto sulla cultura. Lo ha ribadito in conferenza stampa l&#8217;on. <strong>Gaetano Gorgoni<\/strong> e il sindaco <strong>Michele Lombardi<\/strong> insistendo sulla programmazione culturale perseguita dalla propria amministrazione che \u00e8 ben lieta di accogliere anche quest&#8217;anno gli autorevoli ospiti del festival. Un palmares che va arricchendosi sempre pi\u00f9, nelle passate edizioni sono arrivati, infatti, a Cavallino tra gli altri\u00a0<span><strong>Giancarlo De Cataldo, Mario Martone,\u00a0<span><strong>Enrico Vaime, Salvo Sottile,\u00a0<span><strong>Magdi Cristiano Allam, Franco di Mare.<\/strong><\/span><\/strong><\/span><\/strong> <\/span><\/p>\n<p>Sar\u00e0 il noto sociologo e psichiatra ad\u00a0<span style=\"font-size: 12.16px; line-height: 1.3em;\">aprire, <strong>gioved\u00ec 3 dicembre\u00a0<\/strong><\/span><span style=\"font-size: 12.16px; line-height: 1.3em;\"><strong>ore 17.00<\/strong>, <strong>Paolo Crepet<\/strong> con \u00a0<em>Il caso della donna che smise di mangiare<\/em> (Ed. Einaudi).\u00a0<\/span><span style=\"font-size: 12.16px; line-height: 1.3em;\">Dialogher\u00e0 con l\u2019autore <strong>Maria Grazia De Donatis<\/strong>.<\/span><\/p>\n<p><span style=\"font-size: 12.16px; line-height: 1.3em;\">A seguire\u00a0ore 18.30, la giornalista <strong>Daniela Pastore<\/strong> incontra l&#8217;autrice <strong>Simona Toma<\/strong> che presenter\u00e0 <em>Mi chiamano Ada<\/em>\u00a0(Ed. Sperling &amp; Kupfer) mentre per la sezione la rivoluzione dei creativi alle 19:15 il reading di <strong>Matteo Greco<\/strong> autore del libro <em>C&#8217;era infinite volte il Sud<\/em> con <strong>Elisa Maggio<\/strong>. Sar\u00e0 presente anche <strong>Marco Cito<\/strong> che ha realizzato le illustrazioni del volume, in doppia lingua, edito da <strong>Il Raggio Verde edizioni<\/strong>. Conclude la prima giornata del festival\u00a0<\/span><span style=\"font-size: 12.16px; line-height: 1.3em;\"><strong>Massimo Laghezza<\/strong> che presenter\u00e0 il suo libro<em> Tu Forse non ti immagini tutto il bene che ti\u00a0<\/em><\/span><span style=\"font-size: 12.16px; line-height: 1.3em;\"><em>voglio<\/em> (Ed. Lupo).\u00a0<\/span><span style=\"font-size: 12.16px; line-height: 1.3em;\">Dialogher\u00e0 con l\u2019autore <strong>Matteo Tangolo<\/strong>\u00a0<\/span><span style=\"font-size: 12.16px; line-height: 1.3em;\">(an.fu.)<\/span><\/p>\n<hr \/>\n<p style=\"text-align: left;\" align=\"center\"><span>Programma<\/span><\/p>\n<p style=\"text-align: left;\" align=\"center\"><strong style=\"font-size: 12.16px; line-height: 1.3em;\">\u00a0<\/strong><\/p>\n<p style=\"text-align: left;\" align=\"center\"><span style=\"font-size: 12.16px; line-height: 1.3em;\">\u00a0<\/span><\/p>\n","protected":false},"excerpt":{"rendered":"<p>Dal 3 al 6 dicembre 2015 a Cavallino. In arrivo ospiti di fama nazionale tra gli altri Paolo Crepet, Catena<\/p>\n","protected":false},"author":1,"featured_media":0,"comment_status":"open","ping_status":"open","sticky":false,"template":"","format":"standard","meta":[],"categories":[52],"tags":[],"yoast_head":"<!-- This site is optimized with the Yoast SEO plugin v18.0 - https:\/\/yoast.com\/wordpress\/plugins\/seo\/ -->\n<title>Cambiare il punto di vista. Con Ergo Sum | Arte e Luoghi<\/title>\n<meta name=\"robots\" content=\"index, follow, max-snippet:-1, max-image-preview:large, max-video-preview:-1\" \/>\n<link rel=\"canonical\" href=\"https:\/\/arteeluoghi.it\/index.php\/2015\/12\/02\/cambiare-il-punto-di-vista-con-ergo-sum\/\" \/>\n<meta property=\"og:locale\" content=\"it_IT\" \/>\n<meta property=\"og:type\" content=\"article\" \/>\n<meta property=\"og:title\" content=\"Cambiare il punto di vista. Con Ergo Sum | Arte e Luoghi\" \/>\n<meta property=\"og:description\" content=\"Dal 3 al 6 dicembre 2015 a Cavallino. In arrivo ospiti di fama nazionale tra gli altri Paolo Crepet, Catena\" \/>\n<meta property=\"og:url\" content=\"https:\/\/arteeluoghi.it\/index.php\/2015\/12\/02\/cambiare-il-punto-di-vista-con-ergo-sum\/\" \/>\n<meta property=\"og:site_name\" content=\"Arte e Luoghi\" \/>\n<meta property=\"article:publisher\" content=\"https:\/\/www.facebook.com\/ArteELuoghi\/\" \/>\n<meta property=\"article:published_time\" content=\"2015-12-02T11:02:38+00:00\" \/>\n<meta property=\"og:image\" content=\"https:\/\/arteeluoghi.it\/images\/Festival1.jpg\" \/>\n<meta name=\"twitter:card\" content=\"summary\" \/>\n<meta name=\"twitter:creator\" content=\"@arteeluoghi\" \/>\n<meta name=\"twitter:site\" content=\"@arteeluoghi\" \/>\n<meta name=\"twitter:label1\" content=\"Scritto da\" \/>\n\t<meta name=\"twitter:data1\" content=\"Staff\" \/>\n\t<meta name=\"twitter:label2\" content=\"Tempo di lettura stimato\" \/>\n\t<meta name=\"twitter:data2\" content=\"4 minuti\" \/>\n<script type=\"application\/ld+json\" class=\"yoast-schema-graph\">{\"@context\":\"https:\/\/schema.org\",\"@graph\":[{\"@type\":\"Organization\",\"@id\":\"https:\/\/arteeluoghi.it\/#organization\",\"name\":\"Arte e Luoghi\",\"url\":\"https:\/\/arteeluoghi.it\/\",\"sameAs\":[\"https:\/\/www.facebook.com\/ArteELuoghi\/\",\"https:\/\/www.instagram.com\/arteeluoghi\/?hl=it\",\"https:\/\/www.youtube.com\/channel\/UCuRVc4JW4-C5sg9rQB-srkw?view_as=subscriber\",\"https:\/\/twitter.com\/arteeluoghi\"],\"logo\":{\"@type\":\"ImageObject\",\"@id\":\"https:\/\/arteeluoghi.it\/#logo\",\"inLanguage\":\"it-IT\",\"url\":\"https:\/\/arteeluoghi.it\/wp-content\/uploads\/2018\/08\/logoinstagramarte.jpg\",\"contentUrl\":\"https:\/\/arteeluoghi.it\/wp-content\/uploads\/2018\/08\/logoinstagramarte.jpg\",\"width\":150,\"height\":150,\"caption\":\"Arte e Luoghi\"},\"image\":{\"@id\":\"https:\/\/arteeluoghi.it\/#logo\"}},{\"@type\":\"WebSite\",\"@id\":\"https:\/\/arteeluoghi.it\/#website\",\"url\":\"https:\/\/arteeluoghi.it\/\",\"name\":\"Arte e Luoghi\",\"description\":\"Mensile di arte, cultura, turismo e curiosit\u00e0\",\"publisher\":{\"@id\":\"https:\/\/arteeluoghi.it\/#organization\"},\"potentialAction\":[{\"@type\":\"SearchAction\",\"target\":{\"@type\":\"EntryPoint\",\"urlTemplate\":\"https:\/\/arteeluoghi.it\/?s={search_term_string}\"},\"query-input\":\"required name=search_term_string\"}],\"inLanguage\":\"it-IT\"},{\"@type\":\"ImageObject\",\"@id\":\"https:\/\/arteeluoghi.it\/index.php\/2015\/12\/02\/cambiare-il-punto-di-vista-con-ergo-sum\/#primaryimage\",\"inLanguage\":\"it-IT\",\"url\":\"\/images\/Festival1.jpg\",\"contentUrl\":\"\/images\/Festival1.jpg\"},{\"@type\":\"WebPage\",\"@id\":\"https:\/\/arteeluoghi.it\/index.php\/2015\/12\/02\/cambiare-il-punto-di-vista-con-ergo-sum\/#webpage\",\"url\":\"https:\/\/arteeluoghi.it\/index.php\/2015\/12\/02\/cambiare-il-punto-di-vista-con-ergo-sum\/\",\"name\":\"Cambiare il punto di vista. Con Ergo Sum | Arte e Luoghi\",\"isPartOf\":{\"@id\":\"https:\/\/arteeluoghi.it\/#website\"},\"primaryImageOfPage\":{\"@id\":\"https:\/\/arteeluoghi.it\/index.php\/2015\/12\/02\/cambiare-il-punto-di-vista-con-ergo-sum\/#primaryimage\"},\"datePublished\":\"2015-12-02T11:02:38+00:00\",\"dateModified\":\"2015-12-02T11:02:38+00:00\",\"breadcrumb\":{\"@id\":\"https:\/\/arteeluoghi.it\/index.php\/2015\/12\/02\/cambiare-il-punto-di-vista-con-ergo-sum\/#breadcrumb\"},\"inLanguage\":\"it-IT\",\"potentialAction\":[{\"@type\":\"ReadAction\",\"target\":[\"https:\/\/arteeluoghi.it\/index.php\/2015\/12\/02\/cambiare-il-punto-di-vista-con-ergo-sum\/\"]}]},{\"@type\":\"BreadcrumbList\",\"@id\":\"https:\/\/arteeluoghi.it\/index.php\/2015\/12\/02\/cambiare-il-punto-di-vista-con-ergo-sum\/#breadcrumb\",\"itemListElement\":[{\"@type\":\"ListItem\",\"position\":1,\"name\":\"Home\",\"item\":\"https:\/\/arteeluoghi.it\/\"},{\"@type\":\"ListItem\",\"position\":2,\"name\":\"Cambiare il punto di vista. Con Ergo Sum\"}]},{\"@type\":\"Article\",\"@id\":\"https:\/\/arteeluoghi.it\/index.php\/2015\/12\/02\/cambiare-il-punto-di-vista-con-ergo-sum\/#article\",\"isPartOf\":{\"@id\":\"https:\/\/arteeluoghi.it\/index.php\/2015\/12\/02\/cambiare-il-punto-di-vista-con-ergo-sum\/#webpage\"},\"author\":{\"@id\":\"https:\/\/arteeluoghi.it\/#\/schema\/person\/f84e814e36e91e01448ee07eaadd41d4\"},\"headline\":\"Cambiare il punto di vista. Con Ergo Sum\",\"datePublished\":\"2015-12-02T11:02:38+00:00\",\"dateModified\":\"2015-12-02T11:02:38+00:00\",\"mainEntityOfPage\":{\"@id\":\"https:\/\/arteeluoghi.it\/index.php\/2015\/12\/02\/cambiare-il-punto-di-vista-con-ergo-sum\/#webpage\"},\"wordCount\":751,\"commentCount\":0,\"publisher\":{\"@id\":\"https:\/\/arteeluoghi.it\/#organization\"},\"image\":{\"@id\":\"https:\/\/arteeluoghi.it\/index.php\/2015\/12\/02\/cambiare-il-punto-di-vista-con-ergo-sum\/#primaryimage\"},\"thumbnailUrl\":\"\/images\/Festival1.jpg\",\"articleSection\":[\"I luoghi della parola\"],\"inLanguage\":\"it-IT\",\"potentialAction\":[{\"@type\":\"CommentAction\",\"name\":\"Comment\",\"target\":[\"https:\/\/arteeluoghi.it\/index.php\/2015\/12\/02\/cambiare-il-punto-di-vista-con-ergo-sum\/#respond\"]}]},{\"@type\":\"Person\",\"@id\":\"https:\/\/arteeluoghi.it\/#\/schema\/person\/f84e814e36e91e01448ee07eaadd41d4\",\"name\":\"Staff\",\"image\":{\"@type\":\"ImageObject\",\"@id\":\"https:\/\/arteeluoghi.it\/#personlogo\",\"inLanguage\":\"it-IT\",\"url\":\"https:\/\/secure.gravatar.com\/avatar\/49d2f9e46271bb04e19cebfaf141313a?s=96&d=blank&r=g\",\"contentUrl\":\"https:\/\/secure.gravatar.com\/avatar\/49d2f9e46271bb04e19cebfaf141313a?s=96&d=blank&r=g\",\"caption\":\"Staff\"}}]}<\/script>\n<!-- \/ Yoast SEO plugin. -->","yoast_head_json":{"title":"Cambiare il punto di vista. Con Ergo Sum | Arte e Luoghi","robots":{"index":"index","follow":"follow","max-snippet":"max-snippet:-1","max-image-preview":"max-image-preview:large","max-video-preview":"max-video-preview:-1"},"canonical":"https:\/\/arteeluoghi.it\/index.php\/2015\/12\/02\/cambiare-il-punto-di-vista-con-ergo-sum\/","og_locale":"it_IT","og_type":"article","og_title":"Cambiare il punto di vista. Con Ergo Sum | Arte e Luoghi","og_description":"Dal 3 al 6 dicembre 2015 a Cavallino. In arrivo ospiti di fama nazionale tra gli altri Paolo Crepet, Catena","og_url":"https:\/\/arteeluoghi.it\/index.php\/2015\/12\/02\/cambiare-il-punto-di-vista-con-ergo-sum\/","og_site_name":"Arte e Luoghi","article_publisher":"https:\/\/www.facebook.com\/ArteELuoghi\/","article_published_time":"2015-12-02T11:02:38+00:00","og_image":[{"url":"https:\/\/arteeluoghi.it\/images\/Festival1.jpg"}],"twitter_card":"summary","twitter_creator":"@arteeluoghi","twitter_site":"@arteeluoghi","twitter_misc":{"Scritto da":"Staff","Tempo di lettura stimato":"4 minuti"},"schema":{"@context":"https:\/\/schema.org","@graph":[{"@type":"Organization","@id":"https:\/\/arteeluoghi.it\/#organization","name":"Arte e Luoghi","url":"https:\/\/arteeluoghi.it\/","sameAs":["https:\/\/www.facebook.com\/ArteELuoghi\/","https:\/\/www.instagram.com\/arteeluoghi\/?hl=it","https:\/\/www.youtube.com\/channel\/UCuRVc4JW4-C5sg9rQB-srkw?view_as=subscriber","https:\/\/twitter.com\/arteeluoghi"],"logo":{"@type":"ImageObject","@id":"https:\/\/arteeluoghi.it\/#logo","inLanguage":"it-IT","url":"https:\/\/arteeluoghi.it\/wp-content\/uploads\/2018\/08\/logoinstagramarte.jpg","contentUrl":"https:\/\/arteeluoghi.it\/wp-content\/uploads\/2018\/08\/logoinstagramarte.jpg","width":150,"height":150,"caption":"Arte e Luoghi"},"image":{"@id":"https:\/\/arteeluoghi.it\/#logo"}},{"@type":"WebSite","@id":"https:\/\/arteeluoghi.it\/#website","url":"https:\/\/arteeluoghi.it\/","name":"Arte e Luoghi","description":"Mensile di arte, cultura, turismo e curiosit\u00e0","publisher":{"@id":"https:\/\/arteeluoghi.it\/#organization"},"potentialAction":[{"@type":"SearchAction","target":{"@type":"EntryPoint","urlTemplate":"https:\/\/arteeluoghi.it\/?s={search_term_string}"},"query-input":"required name=search_term_string"}],"inLanguage":"it-IT"},{"@type":"ImageObject","@id":"https:\/\/arteeluoghi.it\/index.php\/2015\/12\/02\/cambiare-il-punto-di-vista-con-ergo-sum\/#primaryimage","inLanguage":"it-IT","url":"\/images\/Festival1.jpg","contentUrl":"\/images\/Festival1.jpg"},{"@type":"WebPage","@id":"https:\/\/arteeluoghi.it\/index.php\/2015\/12\/02\/cambiare-il-punto-di-vista-con-ergo-sum\/#webpage","url":"https:\/\/arteeluoghi.it\/index.php\/2015\/12\/02\/cambiare-il-punto-di-vista-con-ergo-sum\/","name":"Cambiare il punto di vista. Con Ergo Sum | Arte e Luoghi","isPartOf":{"@id":"https:\/\/arteeluoghi.it\/#website"},"primaryImageOfPage":{"@id":"https:\/\/arteeluoghi.it\/index.php\/2015\/12\/02\/cambiare-il-punto-di-vista-con-ergo-sum\/#primaryimage"},"datePublished":"2015-12-02T11:02:38+00:00","dateModified":"2015-12-02T11:02:38+00:00","breadcrumb":{"@id":"https:\/\/arteeluoghi.it\/index.php\/2015\/12\/02\/cambiare-il-punto-di-vista-con-ergo-sum\/#breadcrumb"},"inLanguage":"it-IT","potentialAction":[{"@type":"ReadAction","target":["https:\/\/arteeluoghi.it\/index.php\/2015\/12\/02\/cambiare-il-punto-di-vista-con-ergo-sum\/"]}]},{"@type":"BreadcrumbList","@id":"https:\/\/arteeluoghi.it\/index.php\/2015\/12\/02\/cambiare-il-punto-di-vista-con-ergo-sum\/#breadcrumb","itemListElement":[{"@type":"ListItem","position":1,"name":"Home","item":"https:\/\/arteeluoghi.it\/"},{"@type":"ListItem","position":2,"name":"Cambiare il punto di vista. Con Ergo Sum"}]},{"@type":"Article","@id":"https:\/\/arteeluoghi.it\/index.php\/2015\/12\/02\/cambiare-il-punto-di-vista-con-ergo-sum\/#article","isPartOf":{"@id":"https:\/\/arteeluoghi.it\/index.php\/2015\/12\/02\/cambiare-il-punto-di-vista-con-ergo-sum\/#webpage"},"author":{"@id":"https:\/\/arteeluoghi.it\/#\/schema\/person\/f84e814e36e91e01448ee07eaadd41d4"},"headline":"Cambiare il punto di vista. Con Ergo Sum","datePublished":"2015-12-02T11:02:38+00:00","dateModified":"2015-12-02T11:02:38+00:00","mainEntityOfPage":{"@id":"https:\/\/arteeluoghi.it\/index.php\/2015\/12\/02\/cambiare-il-punto-di-vista-con-ergo-sum\/#webpage"},"wordCount":751,"commentCount":0,"publisher":{"@id":"https:\/\/arteeluoghi.it\/#organization"},"image":{"@id":"https:\/\/arteeluoghi.it\/index.php\/2015\/12\/02\/cambiare-il-punto-di-vista-con-ergo-sum\/#primaryimage"},"thumbnailUrl":"\/images\/Festival1.jpg","articleSection":["I luoghi della parola"],"inLanguage":"it-IT","potentialAction":[{"@type":"CommentAction","name":"Comment","target":["https:\/\/arteeluoghi.it\/index.php\/2015\/12\/02\/cambiare-il-punto-di-vista-con-ergo-sum\/#respond"]}]},{"@type":"Person","@id":"https:\/\/arteeluoghi.it\/#\/schema\/person\/f84e814e36e91e01448ee07eaadd41d4","name":"Staff","image":{"@type":"ImageObject","@id":"https:\/\/arteeluoghi.it\/#personlogo","inLanguage":"it-IT","url":"https:\/\/secure.gravatar.com\/avatar\/49d2f9e46271bb04e19cebfaf141313a?s=96&d=blank&r=g","contentUrl":"https:\/\/secure.gravatar.com\/avatar\/49d2f9e46271bb04e19cebfaf141313a?s=96&d=blank&r=g","caption":"Staff"}}]}},"_links":{"self":[{"href":"https:\/\/arteeluoghi.it\/index.php\/wp-json\/wp\/v2\/posts\/2381"}],"collection":[{"href":"https:\/\/arteeluoghi.it\/index.php\/wp-json\/wp\/v2\/posts"}],"about":[{"href":"https:\/\/arteeluoghi.it\/index.php\/wp-json\/wp\/v2\/types\/post"}],"author":[{"embeddable":true,"href":"https:\/\/arteeluoghi.it\/index.php\/wp-json\/wp\/v2\/users\/1"}],"replies":[{"embeddable":true,"href":"https:\/\/arteeluoghi.it\/index.php\/wp-json\/wp\/v2\/comments?post=2381"}],"version-history":[{"count":0,"href":"https:\/\/arteeluoghi.it\/index.php\/wp-json\/wp\/v2\/posts\/2381\/revisions"}],"wp:attachment":[{"href":"https:\/\/arteeluoghi.it\/index.php\/wp-json\/wp\/v2\/media?parent=2381"}],"wp:term":[{"taxonomy":"category","embeddable":true,"href":"https:\/\/arteeluoghi.it\/index.php\/wp-json\/wp\/v2\/categories?post=2381"},{"taxonomy":"post_tag","embeddable":true,"href":"https:\/\/arteeluoghi.it\/index.php\/wp-json\/wp\/v2\/tags?post=2381"}],"curies":[{"name":"wp","href":"https:\/\/api.w.org\/{rel}","templated":true}]}}