{"id":2386,"date":"2015-12-04T13:23:18","date_gmt":"2015-12-04T12:23:18","guid":{"rendered":"http:\/\/arteeluoghi.it\/index.php\/2015\/12\/04\/premio-matroneo\/"},"modified":"2015-12-04T13:23:18","modified_gmt":"2015-12-04T12:23:18","slug":"premio-matroneo","status":"publish","type":"post","link":"https:\/\/arteeluoghi.it\/index.php\/2015\/12\/04\/premio-matroneo\/","title":{"rendered":"Premio Matroneo. Dedicato alla fotografia"},"content":{"rendered":"<p><strong><img src=\"\/images\/Castello_Caracciolo_Andrano.jpg\" border=\"0\" title=\"Castello di Andrano\" width=\"250\" style=\"margin: 21px; float: left;\" \/>Fotografia. Ad Andrano la seconda edizione del Premio Matroneo<\/strong><\/p>\n<p><strong>Workshop con i fotografi Bruno Barillari, Lorenzo Papadia, Mimmo Villani<\/strong><\/p>\n<p><strong>Tanti premi in palio per il concorso fotografico. Termine delle iscrizioni il 5 dicembre<br \/><\/strong><\/p>\n<p>Anima e corpo, memorie di pietra oltre ad un tema libero per il concorso fotografico Premio Matroneo promosso e organizzato dalla Pro Loco di Andrano. Ma il concorso fotografico \u00e8 solo un aspetto del Premio che ha il suo cuore nei workshop, rivolti ad appassionati ma anche ad operatori del settore, che si svolgeranno dal 28 al 29 dicembre, con autorevoli professionisti.<\/p>\n<p>  <!--more-->  <\/p>\n<p>\u00a0<\/p>\n<p><img src=\"\/images\/brunobarillari.jpg\" border=\"0\" title=\"il fotografo Bruno Barillari, (foto d'archivio, ph Antonino Di Leo)\" width=\"300\" style=\"margin: 21px; float: left;\" \/>Ritratto e post produzione con il fotografo Bruno Barillari \u00e8 il primo dei workshop che si svolger\u00e0 il 19 e 20 dicembre, dalle 17, ed \u00e8 \u00e8 rivolto a tutti coloro che hanno voglia di imparare o anche solo di approfondire le varie tecniche di scatto tipiche di un ritratto e della successiva post-produzione. Requisiti richiesti: conoscenza delle basi della Fotografia digitale e uso in manuale della macchina. I corsisti porteranno la propria macchina fotografica reflex digitale.<\/p>\n<p>&#8220;Paesaggio contemporaneo&#8221; \u00e8 il tema centrale del workshop tenuto dal fotografo Lorenzo Papadia. Il corso suddiviso in due giornate:28 dicembre 2015, dalle ore 16 alle ore 19, verranno analizzati in aula autori e libri fotografici e 29 dicembre 2015, dalle ore 9 alle ore 13, uscita pratica e dalle ore 15 alle ore 18, analisi dei lavori. Le lezioni prevedono un viaggio appassionante, che parte dall\u2019America ed arriva in Europa, nel quale saranno passati in rassegna gli autori che hanno indagato fotograficamente lo spazio naturale e quello urbano. Il gruppo di lavoro verr\u00e0 coinvolto nell\u2019 analisi e lettura delle numerose immagini proposte, a cui gli iscritti saranno attivamente invitati a partecipare. Questo processo aiuter\u00e0 a comprendere come e perch\u00e8 \u00e8 nata una fotografia di paesaggio, in che modo leggere lo spazio che ci circonda e come renderlo, apportando il nostro punto di vista, una fotografia.<\/p>\n<p>\u00a0 &#8220;Scrivere con la luce&#8221;, infine, \u00e8 il tema del workshop che terr\u00e0 il 28 e 29 dicembre,\u00a0dalle ore 10., Mimmo Villani &#8211; con Ass. Fotografica \u201cObiettivi\u201d . Info e costi rivolgersi alla Pro Loco di Andrano.<\/p>\n<p>Per il concorso fotografico invece c&#8217;\u00e8 tempo per iscriversi fino al 5 dicembre. Il concorso culminer\u00e0 con la premiazione dei vincitori che si terr\u00e0 il giorno 29\/12\/2015 presso il Castello Spinola-Caracciolo di Andrano con l&#8217;attribuzione dei premi scelti dalla giuria di qualit\u00e0 composta dal fotografo Bruno Barillari, l&#8217;artista Luigi De Giovanni e il fotografo Giuseppe Anglano.<\/p>\n<p>\u00a0<\/p>\n<p>Gli autori delle prime tre foto selezionate dei diversi tre temi riceveranno in premio: 150 \u20ac, attestato di partecipazione e manufatto artigianale in ferro battuto del Matroneo, realizzato da un artigiano locale; mentre quelli delle seconde tre foto selezionate dei diversi tre temi riceveranno in premio: zaino fotografico, medaglia e attestato di partecipazione; Gli autori delle terze tre foto selezionate dei diversi tre temi riceveranno in premio: medaglia, attestato di partecipazione.<\/p>\n<p>\u00a0<\/p>\n<p>Il concorso, e la relativa ricezione delle immagini, sar\u00e0 considerato aperto in data <strong>16\/09\/2015 dalle ore 8.00<\/strong> e si chiuder\u00e0 alle ore <strong>20.00<\/strong> del <strong>5 dicembre 2015<\/strong>. Tutte le opere non pervenute nel lasso di tempo indicato non saranno ammesse.<\/p>\n<p>Il concorso \u00e8 aperto a tutti.<\/p>\n<p>Per partecipare \u00e8 necessario nell\u2019ordine:<\/p>\n<ul>\n<li>compilare la scheda di iscrizione su <a href=\"https:\/\/goo.gl\/cPi9k4\">https:\/\/goo.gl\/cPi9k4<\/a>\u00a0;<\/li>\n<li>versare la quota di iscrizione di cui all\u2019art. 4;<\/li>\n<li>attendere la mail di conferma dell\u2019avvenuta iscrizione con la comunicazione del codice identificativo (garantita entro 7 giorni lavorativi, ma di norma inviata entro i 3 giorni);<\/li>\n<li>inviare le foto all\u2019indirizzo e-mail <span id=\"cloak46616\"><a href=\"mailto:premiomatroneoandrano@gmail.com\">premiomatroneoandrano@gmail.com<\/a><\/span> riportando nel campo oggetto: \u2018<strong>concorso fotografico \u2013 richiesta partecipazione di NOME COGNOME\u2019<\/strong> (con riferimento al nome e cognome del proponente) secondo le modalit\u00e0 di seguito indicate, aggiungendo un titolo e una breve descrizione per ogni fotografia inviata.<\/li>\n<\/ul>\n<p>Nello specifico le foto dovranno rientrare nelle seguenti sezioni:<\/p>\n<ul>\n<li><strong>\u201cAnima e Corpo\u201d<\/strong> : Il modo in cui lo spirito \u00e8 unito al corpo non pu\u00f2 essere compreso dall&#8217;uomo, e tuttavia in questa unione consiste l&#8217;uomo (Cit. S. Agostino); (Tema A)<\/li>\n<li><strong>\u201cMemorie di pietra\u201d<\/strong> : Un\u2019istantanea sulla stratificazione storico-architettonica susseguitasi nel corso dei secoli che ha reso il Salento un crocevia di culture, le quali ci hanno consegnato questa terra cos\u00ec com\u2019\u00e8 oggi; (Tema B)<\/li>\n<li><strong>Tema libero<\/strong>. (Tema C)<\/li>\n<li>Ogni partecipante potr\u00e0 presentare un numero massimo di <strong>3 fotografie<\/strong>, una per ogni tema, che non siano gi\u00e0 state premiate in altri concorsi fotografici, pena la squalifica. Ogni partecipante, inoltre, si assume la responsabilit\u00e0 dei soggetti ritratti. Per le fotografie in cui compaiono persone riconoscibili il concorrente dovr\u00e0 essere munito della liberatoria firmata dal\/i soggetto\/i fotografato\/i. Per ulteriori aspetti del regolamento o informazioni si rimanda al sito del <a href=\"http:\/\/premiomatroneo.it\">Premio Matroneo<\/a>.<\/li>\n<\/ul>\n<p>\u00a0<\/p>\n<div class=\" col-lg-4 col-md-4 col-sm-4 col-xs-12\">\n<div id=\"Mod183\" class=\"t3-module module \">\n<div class=\"module-inner\">\n<div class=\"module-ct\">\n<div class=\"custom\">\n<h4>Associazione Culturale ProLocoAndrano<\/h4>\n<h4>Piazza Castello, 2<\/h4>\n<h4>73032 Andrano<\/h4>\n<h4>Lecce &#8211; Italia<\/h4>\n<\/p><\/div>\n<\/p><\/div>\n<\/p><\/div>\n<\/p><\/div>\n<\/p><\/div>\n","protected":false},"excerpt":{"rendered":"<p>Fotografia. Ad Andrano la seconda edizione del Premio Matroneo Workshop con i fotografi Bruno Barillari, Lorenzo Papadia, Mimmo Villani Tanti<\/p>\n","protected":false},"author":1,"featured_media":0,"comment_status":"open","ping_status":"open","sticky":false,"template":"","format":"standard","meta":[],"categories":[36],"tags":[],"yoast_head":"<!-- This site is optimized with the Yoast SEO plugin v18.0 - https:\/\/yoast.com\/wordpress\/plugins\/seo\/ -->\n<title>Premio Matroneo. Dedicato alla fotografia | Arte e Luoghi<\/title>\n<meta name=\"robots\" content=\"index, follow, max-snippet:-1, max-image-preview:large, max-video-preview:-1\" \/>\n<link rel=\"canonical\" href=\"https:\/\/arteeluoghi.it\/index.php\/2015\/12\/04\/premio-matroneo\/\" \/>\n<meta property=\"og:locale\" content=\"it_IT\" \/>\n<meta property=\"og:type\" content=\"article\" \/>\n<meta property=\"og:title\" content=\"Premio Matroneo. Dedicato alla fotografia | Arte e Luoghi\" \/>\n<meta property=\"og:description\" content=\"Fotografia. Ad Andrano la seconda edizione del Premio Matroneo Workshop con i fotografi Bruno Barillari, Lorenzo Papadia, Mimmo Villani Tanti\" \/>\n<meta property=\"og:url\" content=\"https:\/\/arteeluoghi.it\/index.php\/2015\/12\/04\/premio-matroneo\/\" \/>\n<meta property=\"og:site_name\" content=\"Arte e Luoghi\" \/>\n<meta property=\"article:publisher\" content=\"https:\/\/www.facebook.com\/ArteELuoghi\/\" \/>\n<meta property=\"article:published_time\" content=\"2015-12-04T12:23:18+00:00\" \/>\n<meta property=\"og:image\" content=\"https:\/\/arteeluoghi.it\/images\/Castello_Caracciolo_Andrano.jpg\" \/>\n<meta name=\"twitter:card\" content=\"summary\" \/>\n<meta name=\"twitter:creator\" content=\"@arteeluoghi\" \/>\n<meta name=\"twitter:site\" content=\"@arteeluoghi\" \/>\n<meta name=\"twitter:label1\" content=\"Scritto da\" \/>\n\t<meta name=\"twitter:data1\" content=\"Staff\" \/>\n\t<meta name=\"twitter:label2\" content=\"Tempo di lettura stimato\" \/>\n\t<meta name=\"twitter:data2\" content=\"4 minuti\" \/>\n<script type=\"application\/ld+json\" class=\"yoast-schema-graph\">{\"@context\":\"https:\/\/schema.org\",\"@graph\":[{\"@type\":\"Organization\",\"@id\":\"https:\/\/arteeluoghi.it\/#organization\",\"name\":\"Arte e Luoghi\",\"url\":\"https:\/\/arteeluoghi.it\/\",\"sameAs\":[\"https:\/\/www.facebook.com\/ArteELuoghi\/\",\"https:\/\/www.instagram.com\/arteeluoghi\/?hl=it\",\"https:\/\/www.youtube.com\/channel\/UCuRVc4JW4-C5sg9rQB-srkw?view_as=subscriber\",\"https:\/\/twitter.com\/arteeluoghi\"],\"logo\":{\"@type\":\"ImageObject\",\"@id\":\"https:\/\/arteeluoghi.it\/#logo\",\"inLanguage\":\"it-IT\",\"url\":\"https:\/\/arteeluoghi.it\/wp-content\/uploads\/2018\/08\/logoinstagramarte.jpg\",\"contentUrl\":\"https:\/\/arteeluoghi.it\/wp-content\/uploads\/2018\/08\/logoinstagramarte.jpg\",\"width\":150,\"height\":150,\"caption\":\"Arte e Luoghi\"},\"image\":{\"@id\":\"https:\/\/arteeluoghi.it\/#logo\"}},{\"@type\":\"WebSite\",\"@id\":\"https:\/\/arteeluoghi.it\/#website\",\"url\":\"https:\/\/arteeluoghi.it\/\",\"name\":\"Arte e Luoghi\",\"description\":\"Mensile di arte, cultura, turismo e curiosit\u00e0\",\"publisher\":{\"@id\":\"https:\/\/arteeluoghi.it\/#organization\"},\"potentialAction\":[{\"@type\":\"SearchAction\",\"target\":{\"@type\":\"EntryPoint\",\"urlTemplate\":\"https:\/\/arteeluoghi.it\/?s={search_term_string}\"},\"query-input\":\"required name=search_term_string\"}],\"inLanguage\":\"it-IT\"},{\"@type\":\"ImageObject\",\"@id\":\"https:\/\/arteeluoghi.it\/index.php\/2015\/12\/04\/premio-matroneo\/#primaryimage\",\"inLanguage\":\"it-IT\",\"url\":\"\/images\/Castello_Caracciolo_Andrano.jpg\",\"contentUrl\":\"\/images\/Castello_Caracciolo_Andrano.jpg\"},{\"@type\":\"WebPage\",\"@id\":\"https:\/\/arteeluoghi.it\/index.php\/2015\/12\/04\/premio-matroneo\/#webpage\",\"url\":\"https:\/\/arteeluoghi.it\/index.php\/2015\/12\/04\/premio-matroneo\/\",\"name\":\"Premio Matroneo. Dedicato alla fotografia | Arte e Luoghi\",\"isPartOf\":{\"@id\":\"https:\/\/arteeluoghi.it\/#website\"},\"primaryImageOfPage\":{\"@id\":\"https:\/\/arteeluoghi.it\/index.php\/2015\/12\/04\/premio-matroneo\/#primaryimage\"},\"datePublished\":\"2015-12-04T12:23:18+00:00\",\"dateModified\":\"2015-12-04T12:23:18+00:00\",\"breadcrumb\":{\"@id\":\"https:\/\/arteeluoghi.it\/index.php\/2015\/12\/04\/premio-matroneo\/#breadcrumb\"},\"inLanguage\":\"it-IT\",\"potentialAction\":[{\"@type\":\"ReadAction\",\"target\":[\"https:\/\/arteeluoghi.it\/index.php\/2015\/12\/04\/premio-matroneo\/\"]}]},{\"@type\":\"BreadcrumbList\",\"@id\":\"https:\/\/arteeluoghi.it\/index.php\/2015\/12\/04\/premio-matroneo\/#breadcrumb\",\"itemListElement\":[{\"@type\":\"ListItem\",\"position\":1,\"name\":\"Home\",\"item\":\"https:\/\/arteeluoghi.it\/\"},{\"@type\":\"ListItem\",\"position\":2,\"name\":\"Premio Matroneo. Dedicato alla fotografia\"}]},{\"@type\":\"Article\",\"@id\":\"https:\/\/arteeluoghi.it\/index.php\/2015\/12\/04\/premio-matroneo\/#article\",\"isPartOf\":{\"@id\":\"https:\/\/arteeluoghi.it\/index.php\/2015\/12\/04\/premio-matroneo\/#webpage\"},\"author\":{\"@id\":\"https:\/\/arteeluoghi.it\/#\/schema\/person\/f84e814e36e91e01448ee07eaadd41d4\"},\"headline\":\"Premio Matroneo. Dedicato alla fotografia\",\"datePublished\":\"2015-12-04T12:23:18+00:00\",\"dateModified\":\"2015-12-04T12:23:18+00:00\",\"mainEntityOfPage\":{\"@id\":\"https:\/\/arteeluoghi.it\/index.php\/2015\/12\/04\/premio-matroneo\/#webpage\"},\"wordCount\":749,\"commentCount\":0,\"publisher\":{\"@id\":\"https:\/\/arteeluoghi.it\/#organization\"},\"image\":{\"@id\":\"https:\/\/arteeluoghi.it\/index.php\/2015\/12\/04\/premio-matroneo\/#primaryimage\"},\"thumbnailUrl\":\"\/images\/Castello_Caracciolo_Andrano.jpg\",\"articleSection\":[\"CuriosAr(t)e\"],\"inLanguage\":\"it-IT\",\"potentialAction\":[{\"@type\":\"CommentAction\",\"name\":\"Comment\",\"target\":[\"https:\/\/arteeluoghi.it\/index.php\/2015\/12\/04\/premio-matroneo\/#respond\"]}]},{\"@type\":\"Person\",\"@id\":\"https:\/\/arteeluoghi.it\/#\/schema\/person\/f84e814e36e91e01448ee07eaadd41d4\",\"name\":\"Staff\",\"image\":{\"@type\":\"ImageObject\",\"@id\":\"https:\/\/arteeluoghi.it\/#personlogo\",\"inLanguage\":\"it-IT\",\"url\":\"https:\/\/secure.gravatar.com\/avatar\/49d2f9e46271bb04e19cebfaf141313a?s=96&d=blank&r=g\",\"contentUrl\":\"https:\/\/secure.gravatar.com\/avatar\/49d2f9e46271bb04e19cebfaf141313a?s=96&d=blank&r=g\",\"caption\":\"Staff\"}}]}<\/script>\n<!-- \/ Yoast SEO plugin. -->","yoast_head_json":{"title":"Premio Matroneo. Dedicato alla fotografia | Arte e Luoghi","robots":{"index":"index","follow":"follow","max-snippet":"max-snippet:-1","max-image-preview":"max-image-preview:large","max-video-preview":"max-video-preview:-1"},"canonical":"https:\/\/arteeluoghi.it\/index.php\/2015\/12\/04\/premio-matroneo\/","og_locale":"it_IT","og_type":"article","og_title":"Premio Matroneo. Dedicato alla fotografia | Arte e Luoghi","og_description":"Fotografia. Ad Andrano la seconda edizione del Premio Matroneo Workshop con i fotografi Bruno Barillari, Lorenzo Papadia, Mimmo Villani Tanti","og_url":"https:\/\/arteeluoghi.it\/index.php\/2015\/12\/04\/premio-matroneo\/","og_site_name":"Arte e Luoghi","article_publisher":"https:\/\/www.facebook.com\/ArteELuoghi\/","article_published_time":"2015-12-04T12:23:18+00:00","og_image":[{"url":"https:\/\/arteeluoghi.it\/images\/Castello_Caracciolo_Andrano.jpg"}],"twitter_card":"summary","twitter_creator":"@arteeluoghi","twitter_site":"@arteeluoghi","twitter_misc":{"Scritto da":"Staff","Tempo di lettura stimato":"4 minuti"},"schema":{"@context":"https:\/\/schema.org","@graph":[{"@type":"Organization","@id":"https:\/\/arteeluoghi.it\/#organization","name":"Arte e Luoghi","url":"https:\/\/arteeluoghi.it\/","sameAs":["https:\/\/www.facebook.com\/ArteELuoghi\/","https:\/\/www.instagram.com\/arteeluoghi\/?hl=it","https:\/\/www.youtube.com\/channel\/UCuRVc4JW4-C5sg9rQB-srkw?view_as=subscriber","https:\/\/twitter.com\/arteeluoghi"],"logo":{"@type":"ImageObject","@id":"https:\/\/arteeluoghi.it\/#logo","inLanguage":"it-IT","url":"https:\/\/arteeluoghi.it\/wp-content\/uploads\/2018\/08\/logoinstagramarte.jpg","contentUrl":"https:\/\/arteeluoghi.it\/wp-content\/uploads\/2018\/08\/logoinstagramarte.jpg","width":150,"height":150,"caption":"Arte e Luoghi"},"image":{"@id":"https:\/\/arteeluoghi.it\/#logo"}},{"@type":"WebSite","@id":"https:\/\/arteeluoghi.it\/#website","url":"https:\/\/arteeluoghi.it\/","name":"Arte e Luoghi","description":"Mensile di arte, cultura, turismo e curiosit\u00e0","publisher":{"@id":"https:\/\/arteeluoghi.it\/#organization"},"potentialAction":[{"@type":"SearchAction","target":{"@type":"EntryPoint","urlTemplate":"https:\/\/arteeluoghi.it\/?s={search_term_string}"},"query-input":"required name=search_term_string"}],"inLanguage":"it-IT"},{"@type":"ImageObject","@id":"https:\/\/arteeluoghi.it\/index.php\/2015\/12\/04\/premio-matroneo\/#primaryimage","inLanguage":"it-IT","url":"\/images\/Castello_Caracciolo_Andrano.jpg","contentUrl":"\/images\/Castello_Caracciolo_Andrano.jpg"},{"@type":"WebPage","@id":"https:\/\/arteeluoghi.it\/index.php\/2015\/12\/04\/premio-matroneo\/#webpage","url":"https:\/\/arteeluoghi.it\/index.php\/2015\/12\/04\/premio-matroneo\/","name":"Premio Matroneo. Dedicato alla fotografia | Arte e Luoghi","isPartOf":{"@id":"https:\/\/arteeluoghi.it\/#website"},"primaryImageOfPage":{"@id":"https:\/\/arteeluoghi.it\/index.php\/2015\/12\/04\/premio-matroneo\/#primaryimage"},"datePublished":"2015-12-04T12:23:18+00:00","dateModified":"2015-12-04T12:23:18+00:00","breadcrumb":{"@id":"https:\/\/arteeluoghi.it\/index.php\/2015\/12\/04\/premio-matroneo\/#breadcrumb"},"inLanguage":"it-IT","potentialAction":[{"@type":"ReadAction","target":["https:\/\/arteeluoghi.it\/index.php\/2015\/12\/04\/premio-matroneo\/"]}]},{"@type":"BreadcrumbList","@id":"https:\/\/arteeluoghi.it\/index.php\/2015\/12\/04\/premio-matroneo\/#breadcrumb","itemListElement":[{"@type":"ListItem","position":1,"name":"Home","item":"https:\/\/arteeluoghi.it\/"},{"@type":"ListItem","position":2,"name":"Premio Matroneo. Dedicato alla fotografia"}]},{"@type":"Article","@id":"https:\/\/arteeluoghi.it\/index.php\/2015\/12\/04\/premio-matroneo\/#article","isPartOf":{"@id":"https:\/\/arteeluoghi.it\/index.php\/2015\/12\/04\/premio-matroneo\/#webpage"},"author":{"@id":"https:\/\/arteeluoghi.it\/#\/schema\/person\/f84e814e36e91e01448ee07eaadd41d4"},"headline":"Premio Matroneo. Dedicato alla fotografia","datePublished":"2015-12-04T12:23:18+00:00","dateModified":"2015-12-04T12:23:18+00:00","mainEntityOfPage":{"@id":"https:\/\/arteeluoghi.it\/index.php\/2015\/12\/04\/premio-matroneo\/#webpage"},"wordCount":749,"commentCount":0,"publisher":{"@id":"https:\/\/arteeluoghi.it\/#organization"},"image":{"@id":"https:\/\/arteeluoghi.it\/index.php\/2015\/12\/04\/premio-matroneo\/#primaryimage"},"thumbnailUrl":"\/images\/Castello_Caracciolo_Andrano.jpg","articleSection":["CuriosAr(t)e"],"inLanguage":"it-IT","potentialAction":[{"@type":"CommentAction","name":"Comment","target":["https:\/\/arteeluoghi.it\/index.php\/2015\/12\/04\/premio-matroneo\/#respond"]}]},{"@type":"Person","@id":"https:\/\/arteeluoghi.it\/#\/schema\/person\/f84e814e36e91e01448ee07eaadd41d4","name":"Staff","image":{"@type":"ImageObject","@id":"https:\/\/arteeluoghi.it\/#personlogo","inLanguage":"it-IT","url":"https:\/\/secure.gravatar.com\/avatar\/49d2f9e46271bb04e19cebfaf141313a?s=96&d=blank&r=g","contentUrl":"https:\/\/secure.gravatar.com\/avatar\/49d2f9e46271bb04e19cebfaf141313a?s=96&d=blank&r=g","caption":"Staff"}}]}},"_links":{"self":[{"href":"https:\/\/arteeluoghi.it\/index.php\/wp-json\/wp\/v2\/posts\/2386"}],"collection":[{"href":"https:\/\/arteeluoghi.it\/index.php\/wp-json\/wp\/v2\/posts"}],"about":[{"href":"https:\/\/arteeluoghi.it\/index.php\/wp-json\/wp\/v2\/types\/post"}],"author":[{"embeddable":true,"href":"https:\/\/arteeluoghi.it\/index.php\/wp-json\/wp\/v2\/users\/1"}],"replies":[{"embeddable":true,"href":"https:\/\/arteeluoghi.it\/index.php\/wp-json\/wp\/v2\/comments?post=2386"}],"version-history":[{"count":0,"href":"https:\/\/arteeluoghi.it\/index.php\/wp-json\/wp\/v2\/posts\/2386\/revisions"}],"wp:attachment":[{"href":"https:\/\/arteeluoghi.it\/index.php\/wp-json\/wp\/v2\/media?parent=2386"}],"wp:term":[{"taxonomy":"category","embeddable":true,"href":"https:\/\/arteeluoghi.it\/index.php\/wp-json\/wp\/v2\/categories?post=2386"},{"taxonomy":"post_tag","embeddable":true,"href":"https:\/\/arteeluoghi.it\/index.php\/wp-json\/wp\/v2\/tags?post=2386"}],"curies":[{"name":"wp","href":"https:\/\/api.w.org\/{rel}","templated":true}]}}